{"id":70485,"date":"2017-03-09T06:46:00","date_gmt":"2017-03-09T05:46:00","guid":{"rendered":"https:\/\/vosgesinfo.fr\/epinalinfo\/2017\/03\/centres-hospitaliers-epinal-remiremont-lancement-dun-comite-de-pilotage-strategique-resserre-legide-de-lars\/"},"modified":"2017-03-09T06:46:00","modified_gmt":"2017-03-09T05:46:00","slug":"centres-hospitaliers-epinal-remiremont-lancement-dun-comite-de-pilotage-strategique-resserre-legide-de-lars","status":"publish","type":"post","link":"https:\/\/vosgesinfo.fr\/epinalinfo\/2017\/03\/centres-hospitaliers-epinal-remiremont-lancement-dun-comite-de-pilotage-strategique-resserre-legide-de-lars\/","title":{"rendered":"Centres hospitaliers Epinal \/ Remiremont : lancement d\u2019un Comit\u00e9 de pilotage strat\u00e9gique resserr\u00e9 sous l\u2019\u00e9gide de l\u2019ARS"},"content":{"rendered":"<h4><a href=\"http:\/\/epinalinfos.fr\/2017\/03\/centres-hospitaliers-epinal-remiremont-lancement-dun-comite-de-pilotage-strategique-resserre-legide-de-lars\/centre-hospitalier-de-remiremont1\/\" rel=\"attachment wp-att-110076\"><img decoding=\"async\" class=\"aligncenter size-full wp-image-110076\" src=\"\/2017\/03\/Centre-hospitalier-de-Remiremont1.png\" alt=\"Centre-hospitalier-de-Remiremont1\" width=\"644\" height=\"381\" \/><\/a>Suite au report du Conseil de surveillance commun des centres hospitaliers de Remiremont et d\u2019Epinal pr\u00e9vu ce jour, le Directeur G\u00e9n\u00e9ral de l\u2019Agence R\u00e9gionale de Sant\u00e9 propose la constitution rapide d\u2019un Comit\u00e9 de pilotage afin de d\u00e9finir des engagements communs pour le redressement financier des deux \u00e9tablissements et pour la d\u00e9finition d\u2019une strat\u00e9gie territoriale commune s\u2019int\u00e9grant aux travaux entam\u00e9s notamment par le Groupement Hospitalier de Territoire des Vosges.<\/h4>\n<p>Ce comit\u00e9 de pilotage resserr\u00e9 sera constitu\u00e9 de l\u2019ARS, des deux pr\u00e9sidents des deux Conseils de surveillance, des deux Pr\u00e9sidents des commissions m\u00e9dicales d\u2019\u00e9tablissements et du Directeur.<\/p>\n<p>Depuis 2013, les \u00e9tablissements d\u2019Epinal et de Remiremont, \u0153uvrent \u00e0 mettre en place un partenariat renforc\u00e9 dans le but d\u2019optimiser les parcours de soins. Ces groupes de travail sont compos\u00e9s de bin\u00f4mes de professionnels de sant\u00e9 des deux Centres Hospitaliers (Epinal\/Remiremont).<\/p>\n<p>Cette coop\u00e9ration a connu une nouvelle dynamique dans le cadre de la mise en place du GHT des Vosges constitu\u00e9 le 1er juillet 2016. Les \u00e9tablissements parties ont entam\u00e9 l&rsquo;\u00e9laboration d&rsquo;un projet m\u00e9dical partag\u00e9 sur la base des objectifs m\u00e9dicaux valid\u00e9s par l&rsquo;ARS dans la convention constitutive en d\u00e9clinant les fili\u00e8res de prise en charge au plus pr\u00e8s des besoins de la population du GHT.<\/p>\n<p>Le projet m\u00e9dical commun des CH d&rsquo;Epinal et Remiremont, socle de la direction commune s&rsquo;inscrit dans ce projet m\u00e9dical partag\u00e9 \u00e9crit par les professionnels afin d&rsquo;aboutir \u00e0 une organisation structur\u00e9e et gradu\u00e9e du parcours patient dans les diff\u00e9rentes disciplines.<\/p>\n<p>A ce jour, force est de constater une situation de blocage dans ce processus de coop\u00e9ration, pourtant \u00e9labor\u00e9 par les professionnels de sant\u00e9 eux-m\u00eames. Le Directeur G\u00e9n\u00e9ral de l\u2019ARS, Christophe LANNELONGUE, apr\u00e8s avoir pris contact avec les deux pr\u00e9sidents des Conseils de Surveillance respectifs a pris acte du report conseil de surveillance commun qui devait se tenir ce jour.<\/p>\n<p>L&rsquo;ARS rappelle qu\u2019il n&rsquo;y a pas d&rsquo;autres alternatives que la coop\u00e9ration renforc\u00e9e des \u00e9tablissements tant pour le service rendu \u00e0 la population que pour assurer la p\u00e9rennit\u00e9 des activit\u00e9s. L\u2019\u00e9vocation r\u00e9p\u00e9t\u00e9e de fa\u00e7on inconsid\u00e9r\u00e9e de projets de fermeture, qui ne sont pas \u00e0 l\u2019ordre du jour, n\u2019a d\u2019autre effet que d\u2019alt\u00e9rer la confiance que les patients \u00e9prouvent l\u00e9gitimement \u00e0 l\u2019\u00e9gard de leurs structures hospitali\u00e8res. L\u2019ARS souhaite la manifestation d\u2019une mobilisation collective constructive au service de l\u2019int\u00e9r\u00eat g\u00e9n\u00e9ral.<\/p>\n","protected":false},"excerpt":{"rendered":"<p>Suite au report du Conseil de surveillance commun des centres hospitaliers de Remiremont et d\u2019Epinal pr\u00e9vu ce jour, le Directeur [&hellip;]<\/p>\n","protected":false},"author":52,"featured_media":70486,"comment_status":"open","ping_status":"open","sticky":false,"template":"","format":"standard","meta":{"footnotes":""},"categories":[14,5],"tags":[10046,10047,10048],"class_list":["post-70485","post","type-post","status-publish","format-standard","has-post-thumbnail","hentry","category-sante","category-vosges","tag-centres-hospitaliers-epinal-remiremont","tag-conseil-de-surveillance-commun-des-centres-hospitaliers-de-remiremont-et-depinal","tag-groupement-hospitalier-de-territoire-des-vosges"],"acf":[],"yoast_head":"<!-- This site is optimized with the Yoast SEO plugin v22.5 - https:\/\/yoast.com\/wordpress\/plugins\/seo\/ -->\n<title>Centres hospitaliers Epinal \/ Remiremont : lancement d\u2019un Comit\u00e9 de pilotage strat\u00e9gique resserr\u00e9 sous l\u2019\u00e9gide de l\u2019ARS - Epinal Info<\/title>\n<meta name=\"robots\" content=\"index, follow, max-snippet:-1, max-image-preview:large, max-video-preview:-1\" \/>\n<link rel=\"canonical\" href=\"https:\/\/vosgesinfo.fr\/epinalinfo\/2017\/03\/centres-hospitaliers-epinal-remiremont-lancement-dun-comite-de-pilotage-strategique-resserre-legide-de-lars\/\" \/>\n<meta name=\"twitter:card\" content=\"summary_large_image\" \/>\n<meta name=\"twitter:title\" content=\"Centres hospitaliers Epinal \/ Remiremont : lancement d\u2019un Comit\u00e9 de pilotage strat\u00e9gique resserr\u00e9 sous l\u2019\u00e9gide de l\u2019ARS - Epinal Info\" \/>\n<meta name=\"twitter:description\" content=\"Suite au report du Conseil de surveillance commun des centres hospitaliers de Remiremont et d\u2019Epinal pr\u00e9vu ce jour, le Directeur [&hellip;]\" \/>\n<meta name=\"twitter:image\" content=\"https:\/\/vosgesinfo.fr\/app\/uploads\/sites\/3\/2024\/08\/201703centre-hospitalier-de-remiremont1.png\" \/>\n<meta name=\"twitter:creator\" content=\"@VosgesInfo88\" \/>\n<meta name=\"twitter:site\" content=\"@VosgesInfo88\" \/>\n<meta name=\"twitter:label1\" content=\"\u00c9crit par\" \/>\n\t<meta name=\"twitter:data1\" content=\"C.K.\" \/>\n\t<meta name=\"twitter:label2\" content=\"Dur\u00e9e de lecture estim\u00e9e\" \/>\n\t<meta name=\"twitter:data2\" content=\"2 minutes\" \/>\n<script type=\"application\/ld+json\" class=\"yoast-schema-graph\">{\"@context\":\"https:\/\/schema.org\",\"@graph\":[{\"@type\":\"Article\",\"@id\":\"https:\/\/vosgesinfo.fr\/epinalinfo\/2017\/03\/centres-hospitaliers-epinal-remiremont-lancement-dun-comite-de-pilotage-strategique-resserre-legide-de-lars\/#article\",\"isPartOf\":{\"@id\":\"https:\/\/vosgesinfo.fr\/epinalinfo\/2017\/03\/centres-hospitaliers-epinal-remiremont-lancement-dun-comite-de-pilotage-strategique-resserre-legide-de-lars\/\"},\"author\":{\"name\":\"C.K.\",\"@id\":\"https:\/\/vosgesinfo.fr\/epinalinfo\/#\/schema\/person\/6f9a650eeea99d969b6c4ab78fccbe81\"},\"headline\":\"Centres hospitaliers Epinal \/ Remiremont : lancement d\u2019un Comit\u00e9 de pilotage strat\u00e9gique resserr\u00e9 sous l\u2019\u00e9gide de l\u2019ARS\",\"datePublished\":\"2017-03-09T05:46:00+00:00\",\"dateModified\":\"2017-03-09T05:46:00+00:00\",\"mainEntityOfPage\":{\"@id\":\"https:\/\/vosgesinfo.fr\/epinalinfo\/2017\/03\/centres-hospitaliers-epinal-remiremont-lancement-dun-comite-de-pilotage-strategique-resserre-legide-de-lars\/\"},\"wordCount\":467,\"commentCount\":0,\"publisher\":{\"@id\":\"https:\/\/vosgesinfo.fr\/epinalinfo\/#organization\"},\"image\":{\"@id\":\"https:\/\/vosgesinfo.fr\/epinalinfo\/2017\/03\/centres-hospitaliers-epinal-remiremont-lancement-dun-comite-de-pilotage-strategique-resserre-legide-de-lars\/#primaryimage\"},\"thumbnailUrl\":\"https:\/\/vosgesinfo.fr\/app\/uploads\/sites\/3\/2024\/08\/201703centre-hospitalier-de-remiremont1.png\",\"keywords\":[\"Centres hospitaliers Epinal \/ Remiremont\",\"Conseil de surveillance commun des centres hospitaliers de Remiremont et d\u2019Epinal\",\"Groupement Hospitalier de Territoire des Vosges\"],\"articleSection\":[\"Sant\u00e9\",\"Vosges\"],\"inLanguage\":\"fr-FR\",\"potentialAction\":[{\"@type\":\"CommentAction\",\"name\":\"Comment\",\"target\":[\"https:\/\/vosgesinfo.fr\/epinalinfo\/2017\/03\/centres-hospitaliers-epinal-remiremont-lancement-dun-comite-de-pilotage-strategique-resserre-legide-de-lars\/#respond\"]}]},{\"@type\":\"WebPage\",\"@id\":\"https:\/\/vosgesinfo.fr\/epinalinfo\/2017\/03\/centres-hospitaliers-epinal-remiremont-lancement-dun-comite-de-pilotage-strategique-resserre-legide-de-lars\/\",\"url\":\"https:\/\/vosgesinfo.fr\/epinalinfo\/2017\/03\/centres-hospitaliers-epinal-remiremont-lancement-dun-comite-de-pilotage-strategique-resserre-legide-de-lars\/\",\"name\":\"Centres hospitaliers Epinal \/ Remiremont : lancement d\u2019un Comit\u00e9 de pilotage strat\u00e9gique resserr\u00e9 sous l\u2019\u00e9gide de l\u2019ARS - Epinal Info\",\"isPartOf\":{\"@id\":\"https:\/\/vosgesinfo.fr\/epinalinfo\/#website\"},\"primaryImageOfPage\":{\"@id\":\"https:\/\/vosgesinfo.fr\/epinalinfo\/2017\/03\/centres-hospitaliers-epinal-remiremont-lancement-dun-comite-de-pilotage-strategique-resserre-legide-de-lars\/#primaryimage\"},\"image\":{\"@id\":\"https:\/\/vosgesinfo.fr\/epinalinfo\/2017\/03\/centres-hospitaliers-epinal-remiremont-lancement-dun-comite-de-pilotage-strategique-resserre-legide-de-lars\/#primaryimage\"},\"thumbnailUrl\":\"https:\/\/vosgesinfo.fr\/app\/uploads\/sites\/3\/2024\/08\/201703centre-hospitalier-de-remiremont1.png\",\"datePublished\":\"2017-03-09T05:46:00+00:00\",\"dateModified\":\"2017-03-09T05:46:00+00:00\",\"breadcrumb\":{\"@id\":\"https:\/\/vosgesinfo.fr\/epinalinfo\/2017\/03\/centres-hospitaliers-epinal-remiremont-lancement-dun-comite-de-pilotage-strategique-resserre-legide-de-lars\/#breadcrumb\"},\"inLanguage\":\"fr-FR\",\"potentialAction\":[{\"@type\":\"ReadAction\",\"target\":[\"https:\/\/vosgesinfo.fr\/epinalinfo\/2017\/03\/centres-hospitaliers-epinal-remiremont-lancement-dun-comite-de-pilotage-strategique-resserre-legide-de-lars\/\"]}]},{\"@type\":\"ImageObject\",\"inLanguage\":\"fr-FR\",\"@id\":\"https:\/\/vosgesinfo.fr\/epinalinfo\/2017\/03\/centres-hospitaliers-epinal-remiremont-lancement-dun-comite-de-pilotage-strategique-resserre-legide-de-lars\/#primaryimage\",\"url\":\"https:\/\/vosgesinfo.fr\/app\/uploads\/sites\/3\/2024\/08\/201703centre-hospitalier-de-remiremont1.png\",\"contentUrl\":\"https:\/\/vosgesinfo.fr\/app\/uploads\/sites\/3\/2024\/08\/201703centre-hospitalier-de-remiremont1.png\",\"width\":644,\"height\":381},{\"@type\":\"BreadcrumbList\",\"@id\":\"https:\/\/vosgesinfo.fr\/epinalinfo\/2017\/03\/centres-hospitaliers-epinal-remiremont-lancement-dun-comite-de-pilotage-strategique-resserre-legide-de-lars\/#breadcrumb\",\"itemListElement\":[{\"@type\":\"ListItem\",\"position\":1,\"name\":\"Home\",\"item\":\"https:\/\/vosgesinfo.fr\/epinalinfo\/\"},{\"@type\":\"ListItem\",\"position\":2,\"name\":\"Centres hospitaliers Epinal \/ Remiremont : lancement d\u2019un Comit\u00e9 de pilotage strat\u00e9gique resserr\u00e9 sous l\u2019\u00e9gide de l\u2019ARS\"}]},{\"@type\":\"WebSite\",\"@id\":\"https:\/\/vosgesinfo.fr\/epinalinfo\/#website\",\"url\":\"https:\/\/vosgesinfo.fr\/epinalinfo\/\",\"name\":\"Epinal Info\",\"description\":\"Toute l&#039;actualit\u00e9 d&#039;\u00c9pinal\",\"publisher\":{\"@id\":\"https:\/\/vosgesinfo.fr\/epinalinfo\/#organization\"},\"alternateName\":\"Toute l'actualit\u00e9 d'\u00c9pinal\",\"potentialAction\":[{\"@type\":\"SearchAction\",\"target\":{\"@type\":\"EntryPoint\",\"urlTemplate\":\"https:\/\/vosgesinfo.fr\/epinalinfo\/?s={search_term_string}\"},\"query-input\":\"required name=search_term_string\"}],\"inLanguage\":\"fr-FR\"},{\"@type\":\"Organization\",\"@id\":\"https:\/\/vosgesinfo.fr\/epinalinfo\/#organization\",\"name\":\"Epinal Info\",\"url\":\"https:\/\/vosgesinfo.fr\/epinalinfo\/\",\"logo\":{\"@type\":\"ImageObject\",\"inLanguage\":\"fr-FR\",\"@id\":\"https:\/\/vosgesinfo.fr\/epinalinfo\/#\/schema\/logo\/image\/\",\"url\":\"https:\/\/vosgesinfo.fr\/app\/uploads\/sites\/3\/2023\/08\/logo-epinalinfos.svg\",\"contentUrl\":\"https:\/\/vosgesinfo.fr\/app\/uploads\/sites\/3\/2023\/08\/logo-epinalinfos.svg\",\"width\":1,\"height\":1,\"caption\":\"Epinal Info\"},\"image\":{\"@id\":\"https:\/\/vosgesinfo.fr\/epinalinfo\/#\/schema\/logo\/image\/\"},\"sameAs\":[\"https:\/\/www.facebook.com\/Epinalinfos\",\"https:\/\/x.com\/VosgesInfo88\",\"https:\/\/www.youtube.com\/@vosgesinfo\"]},{\"@type\":\"Person\",\"@id\":\"https:\/\/vosgesinfo.fr\/epinalinfo\/#\/schema\/person\/6f9a650eeea99d969b6c4ab78fccbe81\",\"name\":\"C.K.\",\"image\":{\"@type\":\"ImageObject\",\"inLanguage\":\"fr-FR\",\"@id\":\"https:\/\/vosgesinfo.fr\/epinalinfo\/#\/schema\/person\/image\/\",\"url\":\"https:\/\/secure.gravatar.com\/avatar\/48e3fc7f8421ba8942be6b74a2b7f014ca39bc00dece156b7a8e098ae7dc87bf?s=96&d=mm&r=g\",\"contentUrl\":\"https:\/\/secure.gravatar.com\/avatar\/48e3fc7f8421ba8942be6b74a2b7f014ca39bc00dece156b7a8e098ae7dc87bf?s=96&d=mm&r=g\",\"caption\":\"C.K.\"},\"url\":\"https:\/\/vosgesinfo.fr\/epinalinfo\/author\/celia-k-n\/\"}]}<\/script>\n<!-- \/ Yoast SEO plugin. -->","yoast_head_json":{"title":"Centres hospitaliers Epinal \/ Remiremont : lancement d\u2019un Comit\u00e9 de pilotage strat\u00e9gique resserr\u00e9 sous l\u2019\u00e9gide de l\u2019ARS - Epinal Info","robots":{"index":"index","follow":"follow","max-snippet":"max-snippet:-1","max-image-preview":"max-image-preview:large","max-video-preview":"max-video-preview:-1"},"canonical":"https:\/\/vosgesinfo.fr\/epinalinfo\/2017\/03\/centres-hospitaliers-epinal-remiremont-lancement-dun-comite-de-pilotage-strategique-resserre-legide-de-lars\/","twitter_card":"summary_large_image","twitter_title":"Centres hospitaliers Epinal \/ Remiremont : lancement d\u2019un Comit\u00e9 de pilotage strat\u00e9gique resserr\u00e9 sous l\u2019\u00e9gide de l\u2019ARS - Epinal Info","twitter_description":"Suite au report du Conseil de surveillance commun des centres hospitaliers de Remiremont et d\u2019Epinal pr\u00e9vu ce jour, le Directeur [&hellip;]","twitter_image":"https:\/\/vosgesinfo.fr\/app\/uploads\/sites\/3\/2024\/08\/201703centre-hospitalier-de-remiremont1.png","twitter_creator":"@VosgesInfo88","twitter_site":"@VosgesInfo88","twitter_misc":{"\u00c9crit par":"C.K.","Dur\u00e9e de lecture estim\u00e9e":"2 minutes"},"schema":{"@context":"https:\/\/schema.org","@graph":[{"@type":"Article","@id":"https:\/\/vosgesinfo.fr\/epinalinfo\/2017\/03\/centres-hospitaliers-epinal-remiremont-lancement-dun-comite-de-pilotage-strategique-resserre-legide-de-lars\/#article","isPartOf":{"@id":"https:\/\/vosgesinfo.fr\/epinalinfo\/2017\/03\/centres-hospitaliers-epinal-remiremont-lancement-dun-comite-de-pilotage-strategique-resserre-legide-de-lars\/"},"author":{"name":"C.K.","@id":"https:\/\/vosgesinfo.fr\/epinalinfo\/#\/schema\/person\/6f9a650eeea99d969b6c4ab78fccbe81"},"headline":"Centres hospitaliers Epinal \/ Remiremont : lancement d\u2019un Comit\u00e9 de pilotage strat\u00e9gique resserr\u00e9 sous l\u2019\u00e9gide de l\u2019ARS","datePublished":"2017-03-09T05:46:00+00:00","dateModified":"2017-03-09T05:46:00+00:00","mainEntityOfPage":{"@id":"https:\/\/vosgesinfo.fr\/epinalinfo\/2017\/03\/centres-hospitaliers-epinal-remiremont-lancement-dun-comite-de-pilotage-strategique-resserre-legide-de-lars\/"},"wordCount":467,"commentCount":0,"publisher":{"@id":"https:\/\/vosgesinfo.fr\/epinalinfo\/#organization"},"image":{"@id":"https:\/\/vosgesinfo.fr\/epinalinfo\/2017\/03\/centres-hospitaliers-epinal-remiremont-lancement-dun-comite-de-pilotage-strategique-resserre-legide-de-lars\/#primaryimage"},"thumbnailUrl":"https:\/\/vosgesinfo.fr\/app\/uploads\/sites\/3\/2024\/08\/201703centre-hospitalier-de-remiremont1.png","keywords":["Centres hospitaliers Epinal \/ Remiremont","Conseil de surveillance commun des centres hospitaliers de Remiremont et d\u2019Epinal","Groupement Hospitalier de Territoire des Vosges"],"articleSection":["Sant\u00e9","Vosges"],"inLanguage":"fr-FR","potentialAction":[{"@type":"CommentAction","name":"Comment","target":["https:\/\/vosgesinfo.fr\/epinalinfo\/2017\/03\/centres-hospitaliers-epinal-remiremont-lancement-dun-comite-de-pilotage-strategique-resserre-legide-de-lars\/#respond"]}]},{"@type":"WebPage","@id":"https:\/\/vosgesinfo.fr\/epinalinfo\/2017\/03\/centres-hospitaliers-epinal-remiremont-lancement-dun-comite-de-pilotage-strategique-resserre-legide-de-lars\/","url":"https:\/\/vosgesinfo.fr\/epinalinfo\/2017\/03\/centres-hospitaliers-epinal-remiremont-lancement-dun-comite-de-pilotage-strategique-resserre-legide-de-lars\/","name":"Centres hospitaliers Epinal \/ Remiremont : lancement d\u2019un Comit\u00e9 de pilotage strat\u00e9gique resserr\u00e9 sous l\u2019\u00e9gide de l\u2019ARS - Epinal Info","isPartOf":{"@id":"https:\/\/vosgesinfo.fr\/epinalinfo\/#website"},"primaryImageOfPage":{"@id":"https:\/\/vosgesinfo.fr\/epinalinfo\/2017\/03\/centres-hospitaliers-epinal-remiremont-lancement-dun-comite-de-pilotage-strategique-resserre-legide-de-lars\/#primaryimage"},"image":{"@id":"https:\/\/vosgesinfo.fr\/epinalinfo\/2017\/03\/centres-hospitaliers-epinal-remiremont-lancement-dun-comite-de-pilotage-strategique-resserre-legide-de-lars\/#primaryimage"},"thumbnailUrl":"https:\/\/vosgesinfo.fr\/app\/uploads\/sites\/3\/2024\/08\/201703centre-hospitalier-de-remiremont1.png","datePublished":"2017-03-09T05:46:00+00:00","dateModified":"2017-03-09T05:46:00+00:00","breadcrumb":{"@id":"https:\/\/vosgesinfo.fr\/epinalinfo\/2017\/03\/centres-hospitaliers-epinal-remiremont-lancement-dun-comite-de-pilotage-strategique-resserre-legide-de-lars\/#breadcrumb"},"inLanguage":"fr-FR","potentialAction":[{"@type":"ReadAction","target":["https:\/\/vosgesinfo.fr\/epinalinfo\/2017\/03\/centres-hospitaliers-epinal-remiremont-lancement-dun-comite-de-pilotage-strategique-resserre-legide-de-lars\/"]}]},{"@type":"ImageObject","inLanguage":"fr-FR","@id":"https:\/\/vosgesinfo.fr\/epinalinfo\/2017\/03\/centres-hospitaliers-epinal-remiremont-lancement-dun-comite-de-pilotage-strategique-resserre-legide-de-lars\/#primaryimage","url":"https:\/\/vosgesinfo.fr\/app\/uploads\/sites\/3\/2024\/08\/201703centre-hospitalier-de-remiremont1.png","contentUrl":"https:\/\/vosgesinfo.fr\/app\/uploads\/sites\/3\/2024\/08\/201703centre-hospitalier-de-remiremont1.png","width":644,"height":381},{"@type":"BreadcrumbList","@id":"https:\/\/vosgesinfo.fr\/epinalinfo\/2017\/03\/centres-hospitaliers-epinal-remiremont-lancement-dun-comite-de-pilotage-strategique-resserre-legide-de-lars\/#breadcrumb","itemListElement":[{"@type":"ListItem","position":1,"name":"Home","item":"https:\/\/vosgesinfo.fr\/epinalinfo\/"},{"@type":"ListItem","position":2,"name":"Centres hospitaliers Epinal \/ Remiremont : lancement d\u2019un Comit\u00e9 de pilotage strat\u00e9gique resserr\u00e9 sous l\u2019\u00e9gide de l\u2019ARS"}]},{"@type":"WebSite","@id":"https:\/\/vosgesinfo.fr\/epinalinfo\/#website","url":"https:\/\/vosgesinfo.fr\/epinalinfo\/","name":"Epinal Info","description":"Toute l&#039;actualit\u00e9 d&#039;\u00c9pinal","publisher":{"@id":"https:\/\/vosgesinfo.fr\/epinalinfo\/#organization"},"alternateName":"Toute l'actualit\u00e9 d'\u00c9pinal","potentialAction":[{"@type":"SearchAction","target":{"@type":"EntryPoint","urlTemplate":"https:\/\/vosgesinfo.fr\/epinalinfo\/?s={search_term_string}"},"query-input":"required name=search_term_string"}],"inLanguage":"fr-FR"},{"@type":"Organization","@id":"https:\/\/vosgesinfo.fr\/epinalinfo\/#organization","name":"Epinal Info","url":"https:\/\/vosgesinfo.fr\/epinalinfo\/","logo":{"@type":"ImageObject","inLanguage":"fr-FR","@id":"https:\/\/vosgesinfo.fr\/epinalinfo\/#\/schema\/logo\/image\/","url":"https:\/\/vosgesinfo.fr\/app\/uploads\/sites\/3\/2023\/08\/logo-epinalinfos.svg","contentUrl":"https:\/\/vosgesinfo.fr\/app\/uploads\/sites\/3\/2023\/08\/logo-epinalinfos.svg","width":1,"height":1,"caption":"Epinal Info"},"image":{"@id":"https:\/\/vosgesinfo.fr\/epinalinfo\/#\/schema\/logo\/image\/"},"sameAs":["https:\/\/www.facebook.com\/Epinalinfos","https:\/\/x.com\/VosgesInfo88","https:\/\/www.youtube.com\/@vosgesinfo"]},{"@type":"Person","@id":"https:\/\/vosgesinfo.fr\/epinalinfo\/#\/schema\/person\/6f9a650eeea99d969b6c4ab78fccbe81","name":"C.K.","image":{"@type":"ImageObject","inLanguage":"fr-FR","@id":"https:\/\/vosgesinfo.fr\/epinalinfo\/#\/schema\/person\/image\/","url":"https:\/\/secure.gravatar.com\/avatar\/48e3fc7f8421ba8942be6b74a2b7f014ca39bc00dece156b7a8e098ae7dc87bf?s=96&d=mm&r=g","contentUrl":"https:\/\/secure.gravatar.com\/avatar\/48e3fc7f8421ba8942be6b74a2b7f014ca39bc00dece156b7a8e098ae7dc87bf?s=96&d=mm&r=g","caption":"C.K."},"url":"https:\/\/vosgesinfo.fr\/epinalinfo\/author\/celia-k-n\/"}]}},"_links":{"self":[{"href":"https:\/\/vosgesinfo.fr\/epinalinfo\/wp-json\/wp\/v2\/posts\/70485","targetHints":{"allow":["GET"]}}],"collection":[{"href":"https:\/\/vosgesinfo.fr\/epinalinfo\/wp-json\/wp\/v2\/posts"}],"about":[{"href":"https:\/\/vosgesinfo.fr\/epinalinfo\/wp-json\/wp\/v2\/types\/post"}],"author":[{"embeddable":true,"href":"https:\/\/vosgesinfo.fr\/epinalinfo\/wp-json\/wp\/v2\/users\/52"}],"replies":[{"embeddable":true,"href":"https:\/\/vosgesinfo.fr\/epinalinfo\/wp-json\/wp\/v2\/comments?post=70485"}],"version-history":[{"count":0,"href":"https:\/\/vosgesinfo.fr\/epinalinfo\/wp-json\/wp\/v2\/posts\/70485\/revisions"}],"wp:featuredmedia":[{"embeddable":true,"href":"https:\/\/vosgesinfo.fr\/epinalinfo\/wp-json\/wp\/v2\/media\/70486"}],"wp:attachment":[{"href":"https:\/\/vosgesinfo.fr\/epinalinfo\/wp-json\/wp\/v2\/media?parent=70485"}],"wp:term":[{"taxonomy":"category","embeddable":true,"href":"https:\/\/vosgesinfo.fr\/epinalinfo\/wp-json\/wp\/v2\/categories?post=70485"},{"taxonomy":"post_tag","embeddable":true,"href":"https:\/\/vosgesinfo.fr\/epinalinfo\/wp-json\/wp\/v2\/tags?post=70485"}],"curies":[{"name":"wp","href":"https:\/\/api.w.org\/{rel}","templated":true}]}}