{"id":70489,"date":"2017-03-09T17:00:21","date_gmt":"2017-03-09T16:00:21","guid":{"rendered":"https:\/\/vosgesinfo.fr\/epinalinfo\/2017\/03\/agriculteurs-de-fnsea-mobilises-defendre-lagriculture-valeurs\/"},"modified":"2017-03-09T17:00:21","modified_gmt":"2017-03-09T16:00:21","slug":"agriculteurs-de-fnsea-mobilises-defendre-lagriculture-valeurs","status":"publish","type":"post","link":"https:\/\/vosgesinfo.fr\/epinalinfo\/2017\/03\/agriculteurs-de-fnsea-mobilises-defendre-lagriculture-valeurs\/","title":{"rendered":"Les agriculteurs de la FNSEA mobilis\u00e9s pour d\u00e9fendre l&rsquo;agriculture et ses valeurs"},"content":{"rendered":"<p><a href=\"http:\/\/epinalinfos.fr\/2017\/03\/agriculteurs-de-fnsea-mobilises-defendre-lagriculture-valeurs\/p1260567\/\" rel=\"attachment wp-att-110086\"><img decoding=\"async\" class=\"aligncenter size-full wp-image-110086\" src=\"\/2017\/03\/P1260567.jpg\" alt=\"P1260567\" width=\"800\" height=\"600\" \/><\/a><\/p>\n<h4>Suite au d\u00e9c\u00e8s de Wavier Beulin, le pr\u00e9sident de la FNSEA, Christiane Lambert, la pr\u00e9sidente nationale par int\u00e9rim \u00e9tait dans les Vosges \u00e0 l\u2019occasion de l\u2019assembl\u00e9e g\u00e9n\u00e9rale du syndicat. C\u2019est \u00e0 la Rotonde de Capavenir Vosges Thaon qu\u2019a eu lieu cette nouvelle assembl\u00e9e g\u00e9n\u00e9rale du premier syndicat agricole de France.<\/h4>\n<p>Les prix trop bas restent encore la norme pour de nombreuses productions. De nombreux chantiers restent ouverts pour le syndicat agricole. L&rsquo;assembl\u00e9e g\u00e9n\u00e9rale de la FNSEA a eu lieu ce jeudi \u00e0 Capavenir Vosges Thaon.<\/p>\n<p>Christiane Lambert, la pr\u00e9sidente nationale par int\u00e9rim de la FNSEA a fait le d\u00e9placement. Ag\u00e9e de 55\u00a0ans, elle \u00e9l\u00e8ve des porcs avec son mari dans le Maine-et-Loire, au nord d&rsquo;Angers.Elle assumera la fonction jusqu\u2019au prochain congr\u00e8s du syndicat qui doit se r\u00e9unir \u00e0 Brest les 28, 29 et 30\u00a0mars. M.\u00a0Beulin s\u2019\u00e9tait d\u00e9clar\u00e9 candidat \u00e0 un troisi\u00e8me mandat \u00e0 cette occasion.<\/p>\n<p>La FNSEA veut d\u00e9fendre l\u2019agriculture et ses valeurs. Tous veulent passer le cap de ces temps difficiles et veulent voir l\u2019avenir du m\u00e9tier de producteur de lait. <em>\u00ab\u00a0Ce n\u2019est pas chose facile avec des industriels qui ont chacun une vision et surtout des objectifs de prix et volumes bien diff\u00e9rents malgr\u00e9 des valorisations, surtout fromag\u00e8res, au final assez semblables dans notre r\u00e9gion\u00a0\u00bb <\/em>commente Yves Grandemange, pr\u00e9sident de la section laiti\u00e8re.<\/p>\n<p>D\u2019ici quelques jours, le ministre de l\u2019agriculture St\u00e9phane Le Foll devrait venir dans les Vosges pour visiter la fromagerie l\u2019Ermitage.<\/p>\n<p>C.K.N.<\/p>\n\n","protected":false},"excerpt":{"rendered":"<p>Suite au d\u00e9c\u00e8s de Wavier Beulin, le pr\u00e9sident de la FNSEA, Christiane Lambert, la pr\u00e9sidente nationale par int\u00e9rim \u00e9tait dans [&hellip;]<\/p>\n","protected":false},"author":52,"featured_media":70490,"comment_status":"open","ping_status":"open","sticky":false,"template":"","format":"standard","meta":{"footnotes":""},"categories":[22,316,8,5],"tags":[],"class_list":["post-70489","post","type-post","status-publish","format-standard","has-post-thumbnail","hentry","category-a-la-une","category-agriculture","category-economie","category-vosges"],"acf":[],"yoast_head":"<!-- This site is optimized with the Yoast SEO plugin v22.5 - https:\/\/yoast.com\/wordpress\/plugins\/seo\/ -->\n<title>Les agriculteurs de la FNSEA mobilis\u00e9s pour d\u00e9fendre l&#039;agriculture et ses valeurs - Epinal Info<\/title>\n<meta name=\"robots\" content=\"index, follow, max-snippet:-1, max-image-preview:large, max-video-preview:-1\" \/>\n<link rel=\"canonical\" href=\"https:\/\/vosgesinfo.fr\/epinalinfo\/2017\/03\/agriculteurs-de-fnsea-mobilises-defendre-lagriculture-valeurs\/\" \/>\n<meta name=\"twitter:card\" content=\"summary_large_image\" \/>\n<meta name=\"twitter:title\" content=\"Les agriculteurs de la FNSEA mobilis\u00e9s pour d\u00e9fendre l&#039;agriculture et ses valeurs - Epinal Info\" \/>\n<meta name=\"twitter:description\" content=\"Suite au d\u00e9c\u00e8s de Wavier Beulin, le pr\u00e9sident de la FNSEA, Christiane Lambert, la pr\u00e9sidente nationale par int\u00e9rim \u00e9tait dans [&hellip;]\" \/>\n<meta name=\"twitter:image\" content=\"https:\/\/vosgesinfo.fr\/app\/uploads\/sites\/3\/2024\/08\/201703p1260567.jpg\" \/>\n<meta name=\"twitter:creator\" content=\"@VosgesInfo88\" \/>\n<meta name=\"twitter:site\" content=\"@VosgesInfo88\" \/>\n<meta name=\"twitter:label1\" content=\"\u00c9crit par\" \/>\n\t<meta name=\"twitter:data1\" content=\"C.K.\" \/>\n\t<meta name=\"twitter:label2\" content=\"Dur\u00e9e de lecture estim\u00e9e\" \/>\n\t<meta name=\"twitter:data2\" content=\"1 minute\" \/>\n<script type=\"application\/ld+json\" class=\"yoast-schema-graph\">{\"@context\":\"https:\/\/schema.org\",\"@graph\":[{\"@type\":\"Article\",\"@id\":\"https:\/\/vosgesinfo.fr\/epinalinfo\/2017\/03\/agriculteurs-de-fnsea-mobilises-defendre-lagriculture-valeurs\/#article\",\"isPartOf\":{\"@id\":\"https:\/\/vosgesinfo.fr\/epinalinfo\/2017\/03\/agriculteurs-de-fnsea-mobilises-defendre-lagriculture-valeurs\/\"},\"author\":{\"name\":\"C.K.\",\"@id\":\"https:\/\/vosgesinfo.fr\/epinalinfo\/#\/schema\/person\/6f9a650eeea99d969b6c4ab78fccbe81\"},\"headline\":\"Les agriculteurs de la FNSEA mobilis\u00e9s pour d\u00e9fendre l&rsquo;agriculture et ses valeurs\",\"datePublished\":\"2017-03-09T16:00:21+00:00\",\"dateModified\":\"2017-03-09T16:00:21+00:00\",\"mainEntityOfPage\":{\"@id\":\"https:\/\/vosgesinfo.fr\/epinalinfo\/2017\/03\/agriculteurs-de-fnsea-mobilises-defendre-lagriculture-valeurs\/\"},\"wordCount\":302,\"commentCount\":0,\"publisher\":{\"@id\":\"https:\/\/vosgesinfo.fr\/epinalinfo\/#organization\"},\"image\":{\"@id\":\"https:\/\/vosgesinfo.fr\/epinalinfo\/2017\/03\/agriculteurs-de-fnsea-mobilises-defendre-lagriculture-valeurs\/#primaryimage\"},\"thumbnailUrl\":\"https:\/\/vosgesinfo.fr\/app\/uploads\/sites\/3\/2024\/08\/201703p1260567.jpg\",\"articleSection\":[\"A la Une\",\"Agriculture\",\"\u00c9conomie\",\"Vosges\"],\"inLanguage\":\"fr-FR\",\"potentialAction\":[{\"@type\":\"CommentAction\",\"name\":\"Comment\",\"target\":[\"https:\/\/vosgesinfo.fr\/epinalinfo\/2017\/03\/agriculteurs-de-fnsea-mobilises-defendre-lagriculture-valeurs\/#respond\"]}]},{\"@type\":\"WebPage\",\"@id\":\"https:\/\/vosgesinfo.fr\/epinalinfo\/2017\/03\/agriculteurs-de-fnsea-mobilises-defendre-lagriculture-valeurs\/\",\"url\":\"https:\/\/vosgesinfo.fr\/epinalinfo\/2017\/03\/agriculteurs-de-fnsea-mobilises-defendre-lagriculture-valeurs\/\",\"name\":\"Les agriculteurs de la FNSEA mobilis\u00e9s pour d\u00e9fendre l'agriculture et ses valeurs - Epinal Info\",\"isPartOf\":{\"@id\":\"https:\/\/vosgesinfo.fr\/epinalinfo\/#website\"},\"primaryImageOfPage\":{\"@id\":\"https:\/\/vosgesinfo.fr\/epinalinfo\/2017\/03\/agriculteurs-de-fnsea-mobilises-defendre-lagriculture-valeurs\/#primaryimage\"},\"image\":{\"@id\":\"https:\/\/vosgesinfo.fr\/epinalinfo\/2017\/03\/agriculteurs-de-fnsea-mobilises-defendre-lagriculture-valeurs\/#primaryimage\"},\"thumbnailUrl\":\"https:\/\/vosgesinfo.fr\/app\/uploads\/sites\/3\/2024\/08\/201703p1260567.jpg\",\"datePublished\":\"2017-03-09T16:00:21+00:00\",\"dateModified\":\"2017-03-09T16:00:21+00:00\",\"breadcrumb\":{\"@id\":\"https:\/\/vosgesinfo.fr\/epinalinfo\/2017\/03\/agriculteurs-de-fnsea-mobilises-defendre-lagriculture-valeurs\/#breadcrumb\"},\"inLanguage\":\"fr-FR\",\"potentialAction\":[{\"@type\":\"ReadAction\",\"target\":[\"https:\/\/vosgesinfo.fr\/epinalinfo\/2017\/03\/agriculteurs-de-fnsea-mobilises-defendre-lagriculture-valeurs\/\"]}]},{\"@type\":\"ImageObject\",\"inLanguage\":\"fr-FR\",\"@id\":\"https:\/\/vosgesinfo.fr\/epinalinfo\/2017\/03\/agriculteurs-de-fnsea-mobilises-defendre-lagriculture-valeurs\/#primaryimage\",\"url\":\"https:\/\/vosgesinfo.fr\/app\/uploads\/sites\/3\/2024\/08\/201703p1260567.jpg\",\"contentUrl\":\"https:\/\/vosgesinfo.fr\/app\/uploads\/sites\/3\/2024\/08\/201703p1260567.jpg\",\"width\":800,\"height\":600},{\"@type\":\"BreadcrumbList\",\"@id\":\"https:\/\/vosgesinfo.fr\/epinalinfo\/2017\/03\/agriculteurs-de-fnsea-mobilises-defendre-lagriculture-valeurs\/#breadcrumb\",\"itemListElement\":[{\"@type\":\"ListItem\",\"position\":1,\"name\":\"Home\",\"item\":\"https:\/\/vosgesinfo.fr\/epinalinfo\/\"},{\"@type\":\"ListItem\",\"position\":2,\"name\":\"Les agriculteurs de la FNSEA mobilis\u00e9s pour d\u00e9fendre l&rsquo;agriculture et ses valeurs\"}]},{\"@type\":\"WebSite\",\"@id\":\"https:\/\/vosgesinfo.fr\/epinalinfo\/#website\",\"url\":\"https:\/\/vosgesinfo.fr\/epinalinfo\/\",\"name\":\"Epinal Info\",\"description\":\"Toute l&#039;actualit\u00e9 d&#039;\u00c9pinal\",\"publisher\":{\"@id\":\"https:\/\/vosgesinfo.fr\/epinalinfo\/#organization\"},\"alternateName\":\"Toute l'actualit\u00e9 d'\u00c9pinal\",\"potentialAction\":[{\"@type\":\"SearchAction\",\"target\":{\"@type\":\"EntryPoint\",\"urlTemplate\":\"https:\/\/vosgesinfo.fr\/epinalinfo\/?s={search_term_string}\"},\"query-input\":\"required name=search_term_string\"}],\"inLanguage\":\"fr-FR\"},{\"@type\":\"Organization\",\"@id\":\"https:\/\/vosgesinfo.fr\/epinalinfo\/#organization\",\"name\":\"Epinal Info\",\"url\":\"https:\/\/vosgesinfo.fr\/epinalinfo\/\",\"logo\":{\"@type\":\"ImageObject\",\"inLanguage\":\"fr-FR\",\"@id\":\"https:\/\/vosgesinfo.fr\/epinalinfo\/#\/schema\/logo\/image\/\",\"url\":\"https:\/\/vosgesinfo.fr\/app\/uploads\/sites\/3\/2023\/08\/logo-epinalinfos.svg\",\"contentUrl\":\"https:\/\/vosgesinfo.fr\/app\/uploads\/sites\/3\/2023\/08\/logo-epinalinfos.svg\",\"width\":1,\"height\":1,\"caption\":\"Epinal Info\"},\"image\":{\"@id\":\"https:\/\/vosgesinfo.fr\/epinalinfo\/#\/schema\/logo\/image\/\"},\"sameAs\":[\"https:\/\/www.facebook.com\/Epinalinfos\",\"https:\/\/x.com\/VosgesInfo88\",\"https:\/\/www.youtube.com\/@vosgesinfo\"]},{\"@type\":\"Person\",\"@id\":\"https:\/\/vosgesinfo.fr\/epinalinfo\/#\/schema\/person\/6f9a650eeea99d969b6c4ab78fccbe81\",\"name\":\"C.K.\",\"image\":{\"@type\":\"ImageObject\",\"inLanguage\":\"fr-FR\",\"@id\":\"https:\/\/vosgesinfo.fr\/epinalinfo\/#\/schema\/person\/image\/\",\"url\":\"https:\/\/secure.gravatar.com\/avatar\/48e3fc7f8421ba8942be6b74a2b7f014ca39bc00dece156b7a8e098ae7dc87bf?s=96&d=mm&r=g\",\"contentUrl\":\"https:\/\/secure.gravatar.com\/avatar\/48e3fc7f8421ba8942be6b74a2b7f014ca39bc00dece156b7a8e098ae7dc87bf?s=96&d=mm&r=g\",\"caption\":\"C.K.\"},\"url\":\"https:\/\/vosgesinfo.fr\/epinalinfo\/author\/celia-k-n\/\"}]}<\/script>\n<!-- \/ Yoast SEO plugin. -->","yoast_head_json":{"title":"Les agriculteurs de la FNSEA mobilis\u00e9s pour d\u00e9fendre l'agriculture et ses valeurs - Epinal Info","robots":{"index":"index","follow":"follow","max-snippet":"max-snippet:-1","max-image-preview":"max-image-preview:large","max-video-preview":"max-video-preview:-1"},"canonical":"https:\/\/vosgesinfo.fr\/epinalinfo\/2017\/03\/agriculteurs-de-fnsea-mobilises-defendre-lagriculture-valeurs\/","twitter_card":"summary_large_image","twitter_title":"Les agriculteurs de la FNSEA mobilis\u00e9s pour d\u00e9fendre l'agriculture et ses valeurs - Epinal Info","twitter_description":"Suite au d\u00e9c\u00e8s de Wavier Beulin, le pr\u00e9sident de la FNSEA, Christiane Lambert, la pr\u00e9sidente nationale par int\u00e9rim \u00e9tait dans [&hellip;]","twitter_image":"https:\/\/vosgesinfo.fr\/app\/uploads\/sites\/3\/2024\/08\/201703p1260567.jpg","twitter_creator":"@VosgesInfo88","twitter_site":"@VosgesInfo88","twitter_misc":{"\u00c9crit par":"C.K.","Dur\u00e9e de lecture estim\u00e9e":"1 minute"},"schema":{"@context":"https:\/\/schema.org","@graph":[{"@type":"Article","@id":"https:\/\/vosgesinfo.fr\/epinalinfo\/2017\/03\/agriculteurs-de-fnsea-mobilises-defendre-lagriculture-valeurs\/#article","isPartOf":{"@id":"https:\/\/vosgesinfo.fr\/epinalinfo\/2017\/03\/agriculteurs-de-fnsea-mobilises-defendre-lagriculture-valeurs\/"},"author":{"name":"C.K.","@id":"https:\/\/vosgesinfo.fr\/epinalinfo\/#\/schema\/person\/6f9a650eeea99d969b6c4ab78fccbe81"},"headline":"Les agriculteurs de la FNSEA mobilis\u00e9s pour d\u00e9fendre l&rsquo;agriculture et ses valeurs","datePublished":"2017-03-09T16:00:21+00:00","dateModified":"2017-03-09T16:00:21+00:00","mainEntityOfPage":{"@id":"https:\/\/vosgesinfo.fr\/epinalinfo\/2017\/03\/agriculteurs-de-fnsea-mobilises-defendre-lagriculture-valeurs\/"},"wordCount":302,"commentCount":0,"publisher":{"@id":"https:\/\/vosgesinfo.fr\/epinalinfo\/#organization"},"image":{"@id":"https:\/\/vosgesinfo.fr\/epinalinfo\/2017\/03\/agriculteurs-de-fnsea-mobilises-defendre-lagriculture-valeurs\/#primaryimage"},"thumbnailUrl":"https:\/\/vosgesinfo.fr\/app\/uploads\/sites\/3\/2024\/08\/201703p1260567.jpg","articleSection":["A la Une","Agriculture","\u00c9conomie","Vosges"],"inLanguage":"fr-FR","potentialAction":[{"@type":"CommentAction","name":"Comment","target":["https:\/\/vosgesinfo.fr\/epinalinfo\/2017\/03\/agriculteurs-de-fnsea-mobilises-defendre-lagriculture-valeurs\/#respond"]}]},{"@type":"WebPage","@id":"https:\/\/vosgesinfo.fr\/epinalinfo\/2017\/03\/agriculteurs-de-fnsea-mobilises-defendre-lagriculture-valeurs\/","url":"https:\/\/vosgesinfo.fr\/epinalinfo\/2017\/03\/agriculteurs-de-fnsea-mobilises-defendre-lagriculture-valeurs\/","name":"Les agriculteurs de la FNSEA mobilis\u00e9s pour d\u00e9fendre l'agriculture et ses valeurs - Epinal Info","isPartOf":{"@id":"https:\/\/vosgesinfo.fr\/epinalinfo\/#website"},"primaryImageOfPage":{"@id":"https:\/\/vosgesinfo.fr\/epinalinfo\/2017\/03\/agriculteurs-de-fnsea-mobilises-defendre-lagriculture-valeurs\/#primaryimage"},"image":{"@id":"https:\/\/vosgesinfo.fr\/epinalinfo\/2017\/03\/agriculteurs-de-fnsea-mobilises-defendre-lagriculture-valeurs\/#primaryimage"},"thumbnailUrl":"https:\/\/vosgesinfo.fr\/app\/uploads\/sites\/3\/2024\/08\/201703p1260567.jpg","datePublished":"2017-03-09T16:00:21+00:00","dateModified":"2017-03-09T16:00:21+00:00","breadcrumb":{"@id":"https:\/\/vosgesinfo.fr\/epinalinfo\/2017\/03\/agriculteurs-de-fnsea-mobilises-defendre-lagriculture-valeurs\/#breadcrumb"},"inLanguage":"fr-FR","potentialAction":[{"@type":"ReadAction","target":["https:\/\/vosgesinfo.fr\/epinalinfo\/2017\/03\/agriculteurs-de-fnsea-mobilises-defendre-lagriculture-valeurs\/"]}]},{"@type":"ImageObject","inLanguage":"fr-FR","@id":"https:\/\/vosgesinfo.fr\/epinalinfo\/2017\/03\/agriculteurs-de-fnsea-mobilises-defendre-lagriculture-valeurs\/#primaryimage","url":"https:\/\/vosgesinfo.fr\/app\/uploads\/sites\/3\/2024\/08\/201703p1260567.jpg","contentUrl":"https:\/\/vosgesinfo.fr\/app\/uploads\/sites\/3\/2024\/08\/201703p1260567.jpg","width":800,"height":600},{"@type":"BreadcrumbList","@id":"https:\/\/vosgesinfo.fr\/epinalinfo\/2017\/03\/agriculteurs-de-fnsea-mobilises-defendre-lagriculture-valeurs\/#breadcrumb","itemListElement":[{"@type":"ListItem","position":1,"name":"Home","item":"https:\/\/vosgesinfo.fr\/epinalinfo\/"},{"@type":"ListItem","position":2,"name":"Les agriculteurs de la FNSEA mobilis\u00e9s pour d\u00e9fendre l&rsquo;agriculture et ses valeurs"}]},{"@type":"WebSite","@id":"https:\/\/vosgesinfo.fr\/epinalinfo\/#website","url":"https:\/\/vosgesinfo.fr\/epinalinfo\/","name":"Epinal Info","description":"Toute l&#039;actualit\u00e9 d&#039;\u00c9pinal","publisher":{"@id":"https:\/\/vosgesinfo.fr\/epinalinfo\/#organization"},"alternateName":"Toute l'actualit\u00e9 d'\u00c9pinal","potentialAction":[{"@type":"SearchAction","target":{"@type":"EntryPoint","urlTemplate":"https:\/\/vosgesinfo.fr\/epinalinfo\/?s={search_term_string}"},"query-input":"required name=search_term_string"}],"inLanguage":"fr-FR"},{"@type":"Organization","@id":"https:\/\/vosgesinfo.fr\/epinalinfo\/#organization","name":"Epinal Info","url":"https:\/\/vosgesinfo.fr\/epinalinfo\/","logo":{"@type":"ImageObject","inLanguage":"fr-FR","@id":"https:\/\/vosgesinfo.fr\/epinalinfo\/#\/schema\/logo\/image\/","url":"https:\/\/vosgesinfo.fr\/app\/uploads\/sites\/3\/2023\/08\/logo-epinalinfos.svg","contentUrl":"https:\/\/vosgesinfo.fr\/app\/uploads\/sites\/3\/2023\/08\/logo-epinalinfos.svg","width":1,"height":1,"caption":"Epinal Info"},"image":{"@id":"https:\/\/vosgesinfo.fr\/epinalinfo\/#\/schema\/logo\/image\/"},"sameAs":["https:\/\/www.facebook.com\/Epinalinfos","https:\/\/x.com\/VosgesInfo88","https:\/\/www.youtube.com\/@vosgesinfo"]},{"@type":"Person","@id":"https:\/\/vosgesinfo.fr\/epinalinfo\/#\/schema\/person\/6f9a650eeea99d969b6c4ab78fccbe81","name":"C.K.","image":{"@type":"ImageObject","inLanguage":"fr-FR","@id":"https:\/\/vosgesinfo.fr\/epinalinfo\/#\/schema\/person\/image\/","url":"https:\/\/secure.gravatar.com\/avatar\/48e3fc7f8421ba8942be6b74a2b7f014ca39bc00dece156b7a8e098ae7dc87bf?s=96&d=mm&r=g","contentUrl":"https:\/\/secure.gravatar.com\/avatar\/48e3fc7f8421ba8942be6b74a2b7f014ca39bc00dece156b7a8e098ae7dc87bf?s=96&d=mm&r=g","caption":"C.K."},"url":"https:\/\/vosgesinfo.fr\/epinalinfo\/author\/celia-k-n\/"}]}},"_links":{"self":[{"href":"https:\/\/vosgesinfo.fr\/epinalinfo\/wp-json\/wp\/v2\/posts\/70489","targetHints":{"allow":["GET"]}}],"collection":[{"href":"https:\/\/vosgesinfo.fr\/epinalinfo\/wp-json\/wp\/v2\/posts"}],"about":[{"href":"https:\/\/vosgesinfo.fr\/epinalinfo\/wp-json\/wp\/v2\/types\/post"}],"author":[{"embeddable":true,"href":"https:\/\/vosgesinfo.fr\/epinalinfo\/wp-json\/wp\/v2\/users\/52"}],"replies":[{"embeddable":true,"href":"https:\/\/vosgesinfo.fr\/epinalinfo\/wp-json\/wp\/v2\/comments?post=70489"}],"version-history":[{"count":0,"href":"https:\/\/vosgesinfo.fr\/epinalinfo\/wp-json\/wp\/v2\/posts\/70489\/revisions"}],"wp:featuredmedia":[{"embeddable":true,"href":"https:\/\/vosgesinfo.fr\/epinalinfo\/wp-json\/wp\/v2\/media\/70490"}],"wp:attachment":[{"href":"https:\/\/vosgesinfo.fr\/epinalinfo\/wp-json\/wp\/v2\/media?parent=70489"}],"wp:term":[{"taxonomy":"category","embeddable":true,"href":"https:\/\/vosgesinfo.fr\/epinalinfo\/wp-json\/wp\/v2\/categories?post=70489"},{"taxonomy":"post_tag","embeddable":true,"href":"https:\/\/vosgesinfo.fr\/epinalinfo\/wp-json\/wp\/v2\/tags?post=70489"}],"curies":[{"name":"wp","href":"https:\/\/api.w.org\/{rel}","templated":true}]}}