{"id":70504,"date":"2017-03-10T08:17:15","date_gmt":"2017-03-10T07:17:15","guid":{"rendered":"https:\/\/vosgesinfo.fr\/epinalinfo\/2017\/03\/floreal-musical-depinal-avons-volonte-de-rapprocher-melomanes-spinaliens-vosgiens-autour-spectacle-vivant\/"},"modified":"2017-03-10T08:17:15","modified_gmt":"2017-03-10T07:17:15","slug":"floreal-musical-depinal-avons-volonte-de-rapprocher-melomanes-spinaliens-vosgiens-autour-spectacle-vivant","status":"publish","type":"post","link":"https:\/\/vosgesinfo.fr\/epinalinfo\/2017\/03\/floreal-musical-depinal-avons-volonte-de-rapprocher-melomanes-spinaliens-vosgiens-autour-spectacle-vivant\/","title":{"rendered":"Flor\u00e9al Musical d\u2019Epinal : \u00ab\u00a0Nous avons la volont\u00e9 de rapprocher les m\u00e9lomanes spinaliens et vosgiens autour du spectacle vivant\u00a0\u00bb"},"content":{"rendered":"\n\t\t<style type=\"text\/css\">\n\t\t\t#gallery-1 {\n\t\t\t\tmargin: auto;\n\t\t\t}\n\t\t\t#gallery-1 .gallery-item {\n\t\t\t\tfloat: left;\n\t\t\t\tmargin-top: 10px;\n\t\t\t\ttext-align: center;\n\t\t\t\twidth: 33%;\n\t\t\t}\n\t\t\t#gallery-1 img {\n\t\t\t\tborder: 2px solid #cfcfcf;\n\t\t\t}\n\t\t\t#gallery-1 .gallery-caption {\n\t\t\t\tmargin-left: 0;\n\t\t\t}\n\t\t\t\/* see gallery_shortcode() in wp-includes\/media.php *\/\n\t\t<\/style>\n\t\t<div id='gallery-1' class='gallery galleryid-70504 gallery-columns-3 gallery-size-medium'><dl class='gallery-item'>\n\t\t\t<dt class='gallery-icon landscape'>\n\t\t\t\t<a href='https:\/\/vosgesinfo.fr\/app\/uploads\/sites\/3\/2024\/08\/202106vosges-en-commun-departementales-2021.jpg'><img decoding=\"async\" width=\"300\" height=\"212\" src=\"https:\/\/vosgesinfo.fr\/app\/uploads\/sites\/3\/2024\/08\/202106vosges-en-commun-departementales-2021-300x212.jpg\" class=\"attachment-medium size-medium\" alt=\"\" srcset=\"https:\/\/vosgesinfo.fr\/app\/uploads\/sites\/3\/2024\/08\/202106vosges-en-commun-departementales-2021-300x212.jpg 300w, https:\/\/vosgesinfo.fr\/app\/uploads\/sites\/3\/2024\/08\/202106vosges-en-commun-departementales-2021-768x543.jpg 768w, https:\/\/vosgesinfo.fr\/app\/uploads\/sites\/3\/2024\/08\/202106vosges-en-commun-departementales-2021.jpg 800w\" sizes=\"(max-width: 300px) 100vw, 300px\" \/><\/a>\n\t\t\t<\/dt><\/dl><dl class='gallery-item'>\n\t\t\t<dt class='gallery-icon landscape'>\n\t\t\t\t<a href='https:\/\/vosgesinfo.fr\/app\/uploads\/sites\/3\/2024\/08\/202106vosges-en-commun-departementales-2021.jpg'><img decoding=\"async\" width=\"300\" height=\"212\" src=\"https:\/\/vosgesinfo.fr\/app\/uploads\/sites\/3\/2024\/08\/202106vosges-en-commun-departementales-2021-300x212.jpg\" class=\"attachment-medium size-medium\" alt=\"\" srcset=\"https:\/\/vosgesinfo.fr\/app\/uploads\/sites\/3\/2024\/08\/202106vosges-en-commun-departementales-2021-300x212.jpg 300w, https:\/\/vosgesinfo.fr\/app\/uploads\/sites\/3\/2024\/08\/202106vosges-en-commun-departementales-2021-768x543.jpg 768w, https:\/\/vosgesinfo.fr\/app\/uploads\/sites\/3\/2024\/08\/202106vosges-en-commun-departementales-2021.jpg 800w\" sizes=\"(max-width: 300px) 100vw, 300px\" \/><\/a>\n\t\t\t<\/dt><\/dl><dl class='gallery-item'>\n\t\t\t<dt class='gallery-icon landscape'>\n\t\t\t\t<a href='https:\/\/vosgesinfo.fr\/app\/uploads\/sites\/3\/2024\/08\/202106vosges-en-commun-departementales-2021.jpg'><img decoding=\"async\" width=\"300\" height=\"212\" src=\"https:\/\/vosgesinfo.fr\/app\/uploads\/sites\/3\/2024\/08\/202106vosges-en-commun-departementales-2021-300x212.jpg\" class=\"attachment-medium size-medium\" alt=\"\" srcset=\"https:\/\/vosgesinfo.fr\/app\/uploads\/sites\/3\/2024\/08\/202106vosges-en-commun-departementales-2021-300x212.jpg 300w, https:\/\/vosgesinfo.fr\/app\/uploads\/sites\/3\/2024\/08\/202106vosges-en-commun-departementales-2021-768x543.jpg 768w, https:\/\/vosgesinfo.fr\/app\/uploads\/sites\/3\/2024\/08\/202106vosges-en-commun-departementales-2021.jpg 800w\" sizes=\"(max-width: 300px) 100vw, 300px\" \/><\/a>\n\t\t\t<\/dt><\/dl><br style=\"clear: both\" \/><dl class='gallery-item'>\n\t\t\t<dt class='gallery-icon landscape'>\n\t\t\t\t<a href='https:\/\/vosgesinfo.fr\/app\/uploads\/sites\/3\/2024\/08\/202106vosges-en-commun-departementales-2021.jpg'><img decoding=\"async\" width=\"300\" height=\"212\" src=\"https:\/\/vosgesinfo.fr\/app\/uploads\/sites\/3\/2024\/08\/202106vosges-en-commun-departementales-2021-300x212.jpg\" class=\"attachment-medium size-medium\" alt=\"\" srcset=\"https:\/\/vosgesinfo.fr\/app\/uploads\/sites\/3\/2024\/08\/202106vosges-en-commun-departementales-2021-300x212.jpg 300w, https:\/\/vosgesinfo.fr\/app\/uploads\/sites\/3\/2024\/08\/202106vosges-en-commun-departementales-2021-768x543.jpg 768w, https:\/\/vosgesinfo.fr\/app\/uploads\/sites\/3\/2024\/08\/202106vosges-en-commun-departementales-2021.jpg 800w\" sizes=\"(max-width: 300px) 100vw, 300px\" \/><\/a>\n\t\t\t<\/dt><\/dl><dl class='gallery-item'>\n\t\t\t<dt class='gallery-icon landscape'>\n\t\t\t\t<a href='https:\/\/vosgesinfo.fr\/app\/uploads\/sites\/3\/2024\/08\/202106vosges-en-commun-departementales-2021.jpg'><img decoding=\"async\" width=\"300\" height=\"212\" src=\"https:\/\/vosgesinfo.fr\/app\/uploads\/sites\/3\/2024\/08\/202106vosges-en-commun-departementales-2021-300x212.jpg\" class=\"attachment-medium size-medium\" alt=\"\" srcset=\"https:\/\/vosgesinfo.fr\/app\/uploads\/sites\/3\/2024\/08\/202106vosges-en-commun-departementales-2021-300x212.jpg 300w, https:\/\/vosgesinfo.fr\/app\/uploads\/sites\/3\/2024\/08\/202106vosges-en-commun-departementales-2021-768x543.jpg 768w, https:\/\/vosgesinfo.fr\/app\/uploads\/sites\/3\/2024\/08\/202106vosges-en-commun-departementales-2021.jpg 800w\" sizes=\"(max-width: 300px) 100vw, 300px\" \/><\/a>\n\t\t\t<\/dt><\/dl><dl class='gallery-item'>\n\t\t\t<dt class='gallery-icon landscape'>\n\t\t\t\t<a href='https:\/\/vosgesinfo.fr\/app\/uploads\/sites\/3\/2024\/08\/202106vosges-en-commun-departementales-2021.jpg'><img decoding=\"async\" width=\"300\" height=\"212\" src=\"https:\/\/vosgesinfo.fr\/app\/uploads\/sites\/3\/2024\/08\/202106vosges-en-commun-departementales-2021-300x212.jpg\" class=\"attachment-medium size-medium\" alt=\"\" srcset=\"https:\/\/vosgesinfo.fr\/app\/uploads\/sites\/3\/2024\/08\/202106vosges-en-commun-departementales-2021-300x212.jpg 300w, https:\/\/vosgesinfo.fr\/app\/uploads\/sites\/3\/2024\/08\/202106vosges-en-commun-departementales-2021-768x543.jpg 768w, https:\/\/vosgesinfo.fr\/app\/uploads\/sites\/3\/2024\/08\/202106vosges-en-commun-departementales-2021.jpg 800w\" sizes=\"(max-width: 300px) 100vw, 300px\" \/><\/a>\n\t\t\t<\/dt><\/dl><br style=\"clear: both\" \/>\n\t\t<\/div>\n\n<h4>Le 34<sup>\u00e8me<\/sup> Festival du Flor\u00e9al Musical d\u2019Epinal sous la pr\u00e9sidence de Martine Odasso se place sous le signe de la jeunesse avec des tarifs sp\u00e9ciaux pour les moins de 18 ans (5 euros) et de 18 \u00e0 25 ans (10 euros). La programmation est vari\u00e9e et propose du classique et des incursions insolites \u00e0 travers la musique ou encore revisit\u00e9 par du rock.<\/h4>\n<p><em>\u00ab\u00a0Le programme est vari\u00e9, festif et joyeux, interpr\u00e9t\u00e9 par des jeunes artistes talentueux et prometteur ainsi que par des artistes d\u2019exception reconnus dans le monde entier. Nous avons la volont\u00e9 de rapprocher les m\u00e9lomanes spinaliens et vosgiens autour du spectacle vivant\u00a0!\u00a0\u00bb<\/em> explique la pr\u00e9sidente du festival.<\/p>\n<p>D\u2019autres changements sont \u00e0 noter comme le changement du visuel du Flor\u00e9al. Vous pourrez maintenant le retrouver avec une cl\u00e9 de sol fleurie tr\u00e8s printani\u00e8re\u00a0!<\/p>\n<p>Un festival Off a \u00e9t\u00e9 cr\u00e9\u00e9. Intitul\u00e9 \u00ab\u00a0Ptit Flor\u00e9al\u00a0\u00bb, il devrait permettre de faire intervenir des jeunes artistes de la r\u00e9gion.<\/p>\n<p>C.K.N.<\/p>\n<p>Photographies Michel Conraud<\/p>\n<p><a href=\"http:\/\/epinalinfos.fr\/2017\/03\/floreal-musical-depinal-avons-volonte-de-rapprocher-melomanes-spinaliens-vosgiens-autour-spectacle-vivant\/sans-titre-361\/\" rel=\"attachment wp-att-110110\"><img decoding=\"async\" class=\"aligncenter size-full wp-image-110110\" src=\"\/2017\/03\/Sans-titre5.jpg\" alt=\"Sans titre\" width=\"349\" height=\"414\" \/><\/a><\/p>\n","protected":false},"excerpt":{"rendered":"<p>Le 34\u00e8me Festival du Flor\u00e9al Musical d\u2019Epinal sous la pr\u00e9sidence de Martine Odasso se place sous le signe de la [&hellip;]<\/p>\n","protected":false},"author":52,"featured_media":70505,"comment_status":"open","ping_status":"open","sticky":false,"template":"","format":"standard","meta":{"footnotes":""},"categories":[22,12,24,28],"tags":[10050],"class_list":["post-70504","post","type-post","status-publish","format-standard","has-post-thumbnail","hentry","category-a-la-une","category-culture","category-epinal","category-musique","tag-festival-du-floreal-musical-depinal"],"acf":[],"yoast_head":"<!-- This site is optimized with the Yoast SEO plugin v22.5 - https:\/\/yoast.com\/wordpress\/plugins\/seo\/ -->\n<title>Flor\u00e9al Musical d\u2019Epinal : &quot;Nous avons la volont\u00e9 de rapprocher les m\u00e9lomanes spinaliens et vosgiens autour du spectacle vivant&quot; - Epinal Info<\/title>\n<meta name=\"robots\" content=\"index, follow, max-snippet:-1, max-image-preview:large, max-video-preview:-1\" \/>\n<link rel=\"canonical\" href=\"https:\/\/vosgesinfo.fr\/epinalinfo\/2017\/03\/floreal-musical-depinal-avons-volonte-de-rapprocher-melomanes-spinaliens-vosgiens-autour-spectacle-vivant\/\" \/>\n<meta name=\"twitter:card\" content=\"summary_large_image\" \/>\n<meta name=\"twitter:title\" content=\"Flor\u00e9al Musical d\u2019Epinal : &quot;Nous avons la volont\u00e9 de rapprocher les m\u00e9lomanes spinaliens et vosgiens autour du spectacle vivant&quot; - Epinal Info\" \/>\n<meta name=\"twitter:description\" content=\"Le 34\u00e8me Festival du Flor\u00e9al Musical d\u2019Epinal sous la pr\u00e9sidence de Martine Odasso se place sous le signe de la [&hellip;]\" \/>\n<meta name=\"twitter:image\" content=\"https:\/\/vosgesinfo.fr\/app\/uploads\/sites\/3\/2024\/08\/201703floreal-musical-epinal-1.jpg\" \/>\n<meta name=\"twitter:creator\" content=\"@VosgesInfo88\" \/>\n<meta name=\"twitter:site\" content=\"@VosgesInfo88\" \/>\n<meta name=\"twitter:label1\" content=\"\u00c9crit par\" \/>\n\t<meta name=\"twitter:data1\" content=\"C.K.\" \/>\n\t<meta name=\"twitter:label2\" content=\"Dur\u00e9e de lecture estim\u00e9e\" \/>\n\t<meta name=\"twitter:data2\" content=\"1 minute\" \/>\n<script type=\"application\/ld+json\" class=\"yoast-schema-graph\">{\"@context\":\"https:\/\/schema.org\",\"@graph\":[{\"@type\":\"Article\",\"@id\":\"https:\/\/vosgesinfo.fr\/epinalinfo\/2017\/03\/floreal-musical-depinal-avons-volonte-de-rapprocher-melomanes-spinaliens-vosgiens-autour-spectacle-vivant\/#article\",\"isPartOf\":{\"@id\":\"https:\/\/vosgesinfo.fr\/epinalinfo\/2017\/03\/floreal-musical-depinal-avons-volonte-de-rapprocher-melomanes-spinaliens-vosgiens-autour-spectacle-vivant\/\"},\"author\":{\"name\":\"C.K.\",\"@id\":\"https:\/\/vosgesinfo.fr\/epinalinfo\/#\/schema\/person\/6f9a650eeea99d969b6c4ab78fccbe81\"},\"headline\":\"Flor\u00e9al Musical d\u2019Epinal : \u00ab\u00a0Nous avons la volont\u00e9 de rapprocher les m\u00e9lomanes spinaliens et vosgiens autour du spectacle vivant\u00a0\u00bb\",\"datePublished\":\"2017-03-10T07:17:15+00:00\",\"dateModified\":\"2017-03-10T07:17:15+00:00\",\"mainEntityOfPage\":{\"@id\":\"https:\/\/vosgesinfo.fr\/epinalinfo\/2017\/03\/floreal-musical-depinal-avons-volonte-de-rapprocher-melomanes-spinaliens-vosgiens-autour-spectacle-vivant\/\"},\"wordCount\":199,\"commentCount\":0,\"publisher\":{\"@id\":\"https:\/\/vosgesinfo.fr\/epinalinfo\/#organization\"},\"image\":{\"@id\":\"https:\/\/vosgesinfo.fr\/epinalinfo\/2017\/03\/floreal-musical-depinal-avons-volonte-de-rapprocher-melomanes-spinaliens-vosgiens-autour-spectacle-vivant\/#primaryimage\"},\"thumbnailUrl\":\"https:\/\/vosgesinfo.fr\/app\/uploads\/sites\/3\/2024\/08\/201703floreal-musical-epinal-1.jpg\",\"keywords\":[\"Festival du Flor\u00e9al Musical d\u2019Epinal\"],\"articleSection\":[\"A la Une\",\"Culture\",\"Epinal\",\"Musique\"],\"inLanguage\":\"fr-FR\",\"potentialAction\":[{\"@type\":\"CommentAction\",\"name\":\"Comment\",\"target\":[\"https:\/\/vosgesinfo.fr\/epinalinfo\/2017\/03\/floreal-musical-depinal-avons-volonte-de-rapprocher-melomanes-spinaliens-vosgiens-autour-spectacle-vivant\/#respond\"]}]},{\"@type\":\"WebPage\",\"@id\":\"https:\/\/vosgesinfo.fr\/epinalinfo\/2017\/03\/floreal-musical-depinal-avons-volonte-de-rapprocher-melomanes-spinaliens-vosgiens-autour-spectacle-vivant\/\",\"url\":\"https:\/\/vosgesinfo.fr\/epinalinfo\/2017\/03\/floreal-musical-depinal-avons-volonte-de-rapprocher-melomanes-spinaliens-vosgiens-autour-spectacle-vivant\/\",\"name\":\"Flor\u00e9al Musical d\u2019Epinal : \\\"Nous avons la volont\u00e9 de rapprocher les m\u00e9lomanes spinaliens et vosgiens autour du spectacle vivant\\\" - Epinal Info\",\"isPartOf\":{\"@id\":\"https:\/\/vosgesinfo.fr\/epinalinfo\/#website\"},\"primaryImageOfPage\":{\"@id\":\"https:\/\/vosgesinfo.fr\/epinalinfo\/2017\/03\/floreal-musical-depinal-avons-volonte-de-rapprocher-melomanes-spinaliens-vosgiens-autour-spectacle-vivant\/#primaryimage\"},\"image\":{\"@id\":\"https:\/\/vosgesinfo.fr\/epinalinfo\/2017\/03\/floreal-musical-depinal-avons-volonte-de-rapprocher-melomanes-spinaliens-vosgiens-autour-spectacle-vivant\/#primaryimage\"},\"thumbnailUrl\":\"https:\/\/vosgesinfo.fr\/app\/uploads\/sites\/3\/2024\/08\/201703floreal-musical-epinal-1.jpg\",\"datePublished\":\"2017-03-10T07:17:15+00:00\",\"dateModified\":\"2017-03-10T07:17:15+00:00\",\"breadcrumb\":{\"@id\":\"https:\/\/vosgesinfo.fr\/epinalinfo\/2017\/03\/floreal-musical-depinal-avons-volonte-de-rapprocher-melomanes-spinaliens-vosgiens-autour-spectacle-vivant\/#breadcrumb\"},\"inLanguage\":\"fr-FR\",\"potentialAction\":[{\"@type\":\"ReadAction\",\"target\":[\"https:\/\/vosgesinfo.fr\/epinalinfo\/2017\/03\/floreal-musical-depinal-avons-volonte-de-rapprocher-melomanes-spinaliens-vosgiens-autour-spectacle-vivant\/\"]}]},{\"@type\":\"ImageObject\",\"inLanguage\":\"fr-FR\",\"@id\":\"https:\/\/vosgesinfo.fr\/epinalinfo\/2017\/03\/floreal-musical-depinal-avons-volonte-de-rapprocher-melomanes-spinaliens-vosgiens-autour-spectacle-vivant\/#primaryimage\",\"url\":\"https:\/\/vosgesinfo.fr\/app\/uploads\/sites\/3\/2024\/08\/201703floreal-musical-epinal-1.jpg\",\"contentUrl\":\"https:\/\/vosgesinfo.fr\/app\/uploads\/sites\/3\/2024\/08\/201703floreal-musical-epinal-1.jpg\",\"width\":800,\"height\":533},{\"@type\":\"BreadcrumbList\",\"@id\":\"https:\/\/vosgesinfo.fr\/epinalinfo\/2017\/03\/floreal-musical-depinal-avons-volonte-de-rapprocher-melomanes-spinaliens-vosgiens-autour-spectacle-vivant\/#breadcrumb\",\"itemListElement\":[{\"@type\":\"ListItem\",\"position\":1,\"name\":\"Home\",\"item\":\"https:\/\/vosgesinfo.fr\/epinalinfo\/\"},{\"@type\":\"ListItem\",\"position\":2,\"name\":\"Flor\u00e9al Musical d\u2019Epinal : \u00ab\u00a0Nous avons la volont\u00e9 de rapprocher les m\u00e9lomanes spinaliens et vosgiens autour du spectacle vivant\u00a0\u00bb\"}]},{\"@type\":\"WebSite\",\"@id\":\"https:\/\/vosgesinfo.fr\/epinalinfo\/#website\",\"url\":\"https:\/\/vosgesinfo.fr\/epinalinfo\/\",\"name\":\"Epinal Info\",\"description\":\"Toute l&#039;actualit\u00e9 d&#039;\u00c9pinal\",\"publisher\":{\"@id\":\"https:\/\/vosgesinfo.fr\/epinalinfo\/#organization\"},\"alternateName\":\"Toute l'actualit\u00e9 d'\u00c9pinal\",\"potentialAction\":[{\"@type\":\"SearchAction\",\"target\":{\"@type\":\"EntryPoint\",\"urlTemplate\":\"https:\/\/vosgesinfo.fr\/epinalinfo\/?s={search_term_string}\"},\"query-input\":\"required name=search_term_string\"}],\"inLanguage\":\"fr-FR\"},{\"@type\":\"Organization\",\"@id\":\"https:\/\/vosgesinfo.fr\/epinalinfo\/#organization\",\"name\":\"Epinal Info\",\"url\":\"https:\/\/vosgesinfo.fr\/epinalinfo\/\",\"logo\":{\"@type\":\"ImageObject\",\"inLanguage\":\"fr-FR\",\"@id\":\"https:\/\/vosgesinfo.fr\/epinalinfo\/#\/schema\/logo\/image\/\",\"url\":\"https:\/\/vosgesinfo.fr\/app\/uploads\/sites\/3\/2023\/08\/logo-epinalinfos.svg\",\"contentUrl\":\"https:\/\/vosgesinfo.fr\/app\/uploads\/sites\/3\/2023\/08\/logo-epinalinfos.svg\",\"width\":1,\"height\":1,\"caption\":\"Epinal Info\"},\"image\":{\"@id\":\"https:\/\/vosgesinfo.fr\/epinalinfo\/#\/schema\/logo\/image\/\"},\"sameAs\":[\"https:\/\/www.facebook.com\/Epinalinfos\",\"https:\/\/x.com\/VosgesInfo88\",\"https:\/\/www.youtube.com\/@vosgesinfo\"]},{\"@type\":\"Person\",\"@id\":\"https:\/\/vosgesinfo.fr\/epinalinfo\/#\/schema\/person\/6f9a650eeea99d969b6c4ab78fccbe81\",\"name\":\"C.K.\",\"image\":{\"@type\":\"ImageObject\",\"inLanguage\":\"fr-FR\",\"@id\":\"https:\/\/vosgesinfo.fr\/epinalinfo\/#\/schema\/person\/image\/\",\"url\":\"https:\/\/secure.gravatar.com\/avatar\/48e3fc7f8421ba8942be6b74a2b7f014ca39bc00dece156b7a8e098ae7dc87bf?s=96&d=mm&r=g\",\"contentUrl\":\"https:\/\/secure.gravatar.com\/avatar\/48e3fc7f8421ba8942be6b74a2b7f014ca39bc00dece156b7a8e098ae7dc87bf?s=96&d=mm&r=g\",\"caption\":\"C.K.\"},\"url\":\"https:\/\/vosgesinfo.fr\/epinalinfo\/author\/celia-k-n\/\"}]}<\/script>\n<!-- \/ Yoast SEO plugin. -->","yoast_head_json":{"title":"Flor\u00e9al Musical d\u2019Epinal : \"Nous avons la volont\u00e9 de rapprocher les m\u00e9lomanes spinaliens et vosgiens autour du spectacle vivant\" - Epinal Info","robots":{"index":"index","follow":"follow","max-snippet":"max-snippet:-1","max-image-preview":"max-image-preview:large","max-video-preview":"max-video-preview:-1"},"canonical":"https:\/\/vosgesinfo.fr\/epinalinfo\/2017\/03\/floreal-musical-depinal-avons-volonte-de-rapprocher-melomanes-spinaliens-vosgiens-autour-spectacle-vivant\/","twitter_card":"summary_large_image","twitter_title":"Flor\u00e9al Musical d\u2019Epinal : \"Nous avons la volont\u00e9 de rapprocher les m\u00e9lomanes spinaliens et vosgiens autour du spectacle vivant\" - Epinal Info","twitter_description":"Le 34\u00e8me Festival du Flor\u00e9al Musical d\u2019Epinal sous la pr\u00e9sidence de Martine Odasso se place sous le signe de la [&hellip;]","twitter_image":"https:\/\/vosgesinfo.fr\/app\/uploads\/sites\/3\/2024\/08\/201703floreal-musical-epinal-1.jpg","twitter_creator":"@VosgesInfo88","twitter_site":"@VosgesInfo88","twitter_misc":{"\u00c9crit par":"C.K.","Dur\u00e9e de lecture estim\u00e9e":"1 minute"},"schema":{"@context":"https:\/\/schema.org","@graph":[{"@type":"Article","@id":"https:\/\/vosgesinfo.fr\/epinalinfo\/2017\/03\/floreal-musical-depinal-avons-volonte-de-rapprocher-melomanes-spinaliens-vosgiens-autour-spectacle-vivant\/#article","isPartOf":{"@id":"https:\/\/vosgesinfo.fr\/epinalinfo\/2017\/03\/floreal-musical-depinal-avons-volonte-de-rapprocher-melomanes-spinaliens-vosgiens-autour-spectacle-vivant\/"},"author":{"name":"C.K.","@id":"https:\/\/vosgesinfo.fr\/epinalinfo\/#\/schema\/person\/6f9a650eeea99d969b6c4ab78fccbe81"},"headline":"Flor\u00e9al Musical d\u2019Epinal : \u00ab\u00a0Nous avons la volont\u00e9 de rapprocher les m\u00e9lomanes spinaliens et vosgiens autour du spectacle vivant\u00a0\u00bb","datePublished":"2017-03-10T07:17:15+00:00","dateModified":"2017-03-10T07:17:15+00:00","mainEntityOfPage":{"@id":"https:\/\/vosgesinfo.fr\/epinalinfo\/2017\/03\/floreal-musical-depinal-avons-volonte-de-rapprocher-melomanes-spinaliens-vosgiens-autour-spectacle-vivant\/"},"wordCount":199,"commentCount":0,"publisher":{"@id":"https:\/\/vosgesinfo.fr\/epinalinfo\/#organization"},"image":{"@id":"https:\/\/vosgesinfo.fr\/epinalinfo\/2017\/03\/floreal-musical-depinal-avons-volonte-de-rapprocher-melomanes-spinaliens-vosgiens-autour-spectacle-vivant\/#primaryimage"},"thumbnailUrl":"https:\/\/vosgesinfo.fr\/app\/uploads\/sites\/3\/2024\/08\/201703floreal-musical-epinal-1.jpg","keywords":["Festival du Flor\u00e9al Musical d\u2019Epinal"],"articleSection":["A la Une","Culture","Epinal","Musique"],"inLanguage":"fr-FR","potentialAction":[{"@type":"CommentAction","name":"Comment","target":["https:\/\/vosgesinfo.fr\/epinalinfo\/2017\/03\/floreal-musical-depinal-avons-volonte-de-rapprocher-melomanes-spinaliens-vosgiens-autour-spectacle-vivant\/#respond"]}]},{"@type":"WebPage","@id":"https:\/\/vosgesinfo.fr\/epinalinfo\/2017\/03\/floreal-musical-depinal-avons-volonte-de-rapprocher-melomanes-spinaliens-vosgiens-autour-spectacle-vivant\/","url":"https:\/\/vosgesinfo.fr\/epinalinfo\/2017\/03\/floreal-musical-depinal-avons-volonte-de-rapprocher-melomanes-spinaliens-vosgiens-autour-spectacle-vivant\/","name":"Flor\u00e9al Musical d\u2019Epinal : \"Nous avons la volont\u00e9 de rapprocher les m\u00e9lomanes spinaliens et vosgiens autour du spectacle vivant\" - Epinal Info","isPartOf":{"@id":"https:\/\/vosgesinfo.fr\/epinalinfo\/#website"},"primaryImageOfPage":{"@id":"https:\/\/vosgesinfo.fr\/epinalinfo\/2017\/03\/floreal-musical-depinal-avons-volonte-de-rapprocher-melomanes-spinaliens-vosgiens-autour-spectacle-vivant\/#primaryimage"},"image":{"@id":"https:\/\/vosgesinfo.fr\/epinalinfo\/2017\/03\/floreal-musical-depinal-avons-volonte-de-rapprocher-melomanes-spinaliens-vosgiens-autour-spectacle-vivant\/#primaryimage"},"thumbnailUrl":"https:\/\/vosgesinfo.fr\/app\/uploads\/sites\/3\/2024\/08\/201703floreal-musical-epinal-1.jpg","datePublished":"2017-03-10T07:17:15+00:00","dateModified":"2017-03-10T07:17:15+00:00","breadcrumb":{"@id":"https:\/\/vosgesinfo.fr\/epinalinfo\/2017\/03\/floreal-musical-depinal-avons-volonte-de-rapprocher-melomanes-spinaliens-vosgiens-autour-spectacle-vivant\/#breadcrumb"},"inLanguage":"fr-FR","potentialAction":[{"@type":"ReadAction","target":["https:\/\/vosgesinfo.fr\/epinalinfo\/2017\/03\/floreal-musical-depinal-avons-volonte-de-rapprocher-melomanes-spinaliens-vosgiens-autour-spectacle-vivant\/"]}]},{"@type":"ImageObject","inLanguage":"fr-FR","@id":"https:\/\/vosgesinfo.fr\/epinalinfo\/2017\/03\/floreal-musical-depinal-avons-volonte-de-rapprocher-melomanes-spinaliens-vosgiens-autour-spectacle-vivant\/#primaryimage","url":"https:\/\/vosgesinfo.fr\/app\/uploads\/sites\/3\/2024\/08\/201703floreal-musical-epinal-1.jpg","contentUrl":"https:\/\/vosgesinfo.fr\/app\/uploads\/sites\/3\/2024\/08\/201703floreal-musical-epinal-1.jpg","width":800,"height":533},{"@type":"BreadcrumbList","@id":"https:\/\/vosgesinfo.fr\/epinalinfo\/2017\/03\/floreal-musical-depinal-avons-volonte-de-rapprocher-melomanes-spinaliens-vosgiens-autour-spectacle-vivant\/#breadcrumb","itemListElement":[{"@type":"ListItem","position":1,"name":"Home","item":"https:\/\/vosgesinfo.fr\/epinalinfo\/"},{"@type":"ListItem","position":2,"name":"Flor\u00e9al Musical d\u2019Epinal : \u00ab\u00a0Nous avons la volont\u00e9 de rapprocher les m\u00e9lomanes spinaliens et vosgiens autour du spectacle vivant\u00a0\u00bb"}]},{"@type":"WebSite","@id":"https:\/\/vosgesinfo.fr\/epinalinfo\/#website","url":"https:\/\/vosgesinfo.fr\/epinalinfo\/","name":"Epinal Info","description":"Toute l&#039;actualit\u00e9 d&#039;\u00c9pinal","publisher":{"@id":"https:\/\/vosgesinfo.fr\/epinalinfo\/#organization"},"alternateName":"Toute l'actualit\u00e9 d'\u00c9pinal","potentialAction":[{"@type":"SearchAction","target":{"@type":"EntryPoint","urlTemplate":"https:\/\/vosgesinfo.fr\/epinalinfo\/?s={search_term_string}"},"query-input":"required name=search_term_string"}],"inLanguage":"fr-FR"},{"@type":"Organization","@id":"https:\/\/vosgesinfo.fr\/epinalinfo\/#organization","name":"Epinal Info","url":"https:\/\/vosgesinfo.fr\/epinalinfo\/","logo":{"@type":"ImageObject","inLanguage":"fr-FR","@id":"https:\/\/vosgesinfo.fr\/epinalinfo\/#\/schema\/logo\/image\/","url":"https:\/\/vosgesinfo.fr\/app\/uploads\/sites\/3\/2023\/08\/logo-epinalinfos.svg","contentUrl":"https:\/\/vosgesinfo.fr\/app\/uploads\/sites\/3\/2023\/08\/logo-epinalinfos.svg","width":1,"height":1,"caption":"Epinal Info"},"image":{"@id":"https:\/\/vosgesinfo.fr\/epinalinfo\/#\/schema\/logo\/image\/"},"sameAs":["https:\/\/www.facebook.com\/Epinalinfos","https:\/\/x.com\/VosgesInfo88","https:\/\/www.youtube.com\/@vosgesinfo"]},{"@type":"Person","@id":"https:\/\/vosgesinfo.fr\/epinalinfo\/#\/schema\/person\/6f9a650eeea99d969b6c4ab78fccbe81","name":"C.K.","image":{"@type":"ImageObject","inLanguage":"fr-FR","@id":"https:\/\/vosgesinfo.fr\/epinalinfo\/#\/schema\/person\/image\/","url":"https:\/\/secure.gravatar.com\/avatar\/48e3fc7f8421ba8942be6b74a2b7f014ca39bc00dece156b7a8e098ae7dc87bf?s=96&d=mm&r=g","contentUrl":"https:\/\/secure.gravatar.com\/avatar\/48e3fc7f8421ba8942be6b74a2b7f014ca39bc00dece156b7a8e098ae7dc87bf?s=96&d=mm&r=g","caption":"C.K."},"url":"https:\/\/vosgesinfo.fr\/epinalinfo\/author\/celia-k-n\/"}]}},"_links":{"self":[{"href":"https:\/\/vosgesinfo.fr\/epinalinfo\/wp-json\/wp\/v2\/posts\/70504","targetHints":{"allow":["GET"]}}],"collection":[{"href":"https:\/\/vosgesinfo.fr\/epinalinfo\/wp-json\/wp\/v2\/posts"}],"about":[{"href":"https:\/\/vosgesinfo.fr\/epinalinfo\/wp-json\/wp\/v2\/types\/post"}],"author":[{"embeddable":true,"href":"https:\/\/vosgesinfo.fr\/epinalinfo\/wp-json\/wp\/v2\/users\/52"}],"replies":[{"embeddable":true,"href":"https:\/\/vosgesinfo.fr\/epinalinfo\/wp-json\/wp\/v2\/comments?post=70504"}],"version-history":[{"count":0,"href":"https:\/\/vosgesinfo.fr\/epinalinfo\/wp-json\/wp\/v2\/posts\/70504\/revisions"}],"wp:featuredmedia":[{"embeddable":true,"href":"https:\/\/vosgesinfo.fr\/epinalinfo\/wp-json\/wp\/v2\/media\/70505"}],"wp:attachment":[{"href":"https:\/\/vosgesinfo.fr\/epinalinfo\/wp-json\/wp\/v2\/media?parent=70504"}],"wp:term":[{"taxonomy":"category","embeddable":true,"href":"https:\/\/vosgesinfo.fr\/epinalinfo\/wp-json\/wp\/v2\/categories?post=70504"},{"taxonomy":"post_tag","embeddable":true,"href":"https:\/\/vosgesinfo.fr\/epinalinfo\/wp-json\/wp\/v2\/tags?post=70504"}],"curies":[{"name":"wp","href":"https:\/\/api.w.org\/{rel}","templated":true}]}}