{"id":70529,"date":"2017-03-10T11:01:47","date_gmt":"2017-03-10T10:01:47","guid":{"rendered":"https:\/\/vosgesinfo.fr\/epinalinfo\/2017\/03\/lapprentissage-vosges-plus-de-130-metiers-differents\/"},"modified":"2017-03-10T11:01:47","modified_gmt":"2017-03-10T10:01:47","slug":"lapprentissage-vosges-plus-de-130-metiers-differents","status":"publish","type":"post","link":"https:\/\/vosgesinfo.fr\/epinalinfo\/2017\/03\/lapprentissage-vosges-plus-de-130-metiers-differents\/","title":{"rendered":"L\u2019apprentissage dans les Vosges : plus de 130 m\u00e9tiers diff\u00e9rents"},"content":{"rendered":"<div id=\"attachment_110133\" style=\"width: 810px\" class=\"wp-caption aligncenter\"><a href=\"http:\/\/epinalinfos.fr\/2017\/03\/lapprentissage-vosges-plus-de-130-metiers-differents\/p1260574\/\" rel=\"attachment wp-att-110133\"><img decoding=\"async\" aria-describedby=\"caption-attachment-110133\" class=\"wp-image-110133 size-full\" src=\"\/2017\/03\/P1260574.jpg\" alt=\"P1260574\" width=\"800\" height=\"600\" \/><\/a><p id=\"caption-attachment-110133\" class=\"wp-caption-text\">les repr\u00e9sentants des diff\u00e9rents CFA et le pr\u00e9sident des MFR vosgiennes \u00e9taient pr\u00e9sents ce jeudi pour rappeler la diversit\u00e9 des possibilit\u00e9s d\u2019apprentissage dans les Vosges<\/p><\/div>\n<h4>Dans les Vosges, 12 centres de formation d\u2019apprentis (CFA) et 3 maisons familiales rurales (MFR) proposent plus de 170 dipl\u00f4mes et formations ouvrant \u00e0 plus de 130 m\u00e9tiers diff\u00e9rents.<\/h4>\n<div id=\"attachment_110134\" style=\"width: 284px\" class=\"wp-caption alignleft\"><a href=\"http:\/\/epinalinfos.fr\/2017\/03\/lapprentissage-vosges-plus-de-130-metiers-differents\/p1260578-2\/\" rel=\"attachment wp-att-110134\"><img decoding=\"async\" aria-describedby=\"caption-attachment-110134\" class=\"wp-image-110134\" src=\"\/2017\/03\/P1260578.jpg\" alt=\"P1260578\" width=\"274\" height=\"365\" \/><\/a><p id=\"caption-attachment-110134\" class=\"wp-caption-text\">Christophe Richard, le pr\u00e9sident de la Chambre de m\u00e9tiers et de l\u2019artisanat des Vosges<\/p><\/div>\n<p>Dans de nombreux secteurs d\u2019activit\u00e9, la formation par l\u2019apprentissage est possible. La Chambre de M\u00e9tiers et de l\u2019artisanat des Vosges a souhait\u00e9 rappel\u00e9 ce jeudi les avantages de ces formations par l\u2019apprentissage. Les formations concernent de nombreux secteurs d\u2019activit\u00e9\u00a0: industrie, agriculture, restauration, m\u00e9tiers d\u2019art, services \u00e0 la personne, b\u00e2timent, commerce\u2026<\/p>\n<p><em>\u00ab\u00a0A l\u2019heure o\u00f9 les jeunes rencontrent de plus en plus de difficult\u00e9s pour s\u2019ins\u00e9rer dans la vie active, nous pensons que l\u2019apprentissage est une v\u00e9ritable opportunit\u00e9 pour entrer dans le monde de l\u2019entreprise, et que ce mode de formation doit \u00eatre mieux connu par tous\u00a0\u00bb<\/em> assure Christophe Richard, le pr\u00e9sident de la Chambre de m\u00e9tiers et de l\u2019artisanat des Vosges.<\/p>\n<h3>170 dipl\u00f4mes et formations<\/h3>\n<p>A quelques jours des portes ouvertes dans les \u00e9tablissements vosgiens, les repr\u00e9sentants des diff\u00e9rents CFA et le pr\u00e9sident des MFR vosgiennes \u00e9taient pr\u00e9sents ce jeudi pour rappeler la diversit\u00e9 des possibilit\u00e9s d\u2019apprentissage dans les Vosges. <em>\u00ab\u00a0Cette ann\u00e9e, on propose des portes ouvertes sur le th\u00e8me de la galerie de portraits. L\u2019id\u00e9e c\u2019est de faire des choses d\u00e9cal\u00e9es. Il y aura aussi de nombreuses d\u00e9monstrations et des d\u00e9gustations\u00a0\u00bb<\/em> explique Emilie Claudel, la directrice du CFA P\u00f4le des m\u00e9tiers d\u2019Epinal.<\/p>\n<h3><em>\u00ab\u00a0beaucoup de demandes d\u2019entreprises, mais peu de candidats\u00a0\u00bb<\/em><\/h3>\n<p>Tous \u00e9prouvent des difficult\u00e9s \u00e0 recruter des jeunes. <em>\u00ab\u00a0On a beaucoup de demandes d\u2019entreprises qui cherchent \u00e0 embaucher des jeunes en apprentissage, mais peu de candidats.\u00a0\u00bb<\/em> assure le proviseur du lyc\u00e9e des m\u00e9tiers, CFA Le Chesnois qui pr\u00e9pare aux m\u00e9tiers de la piscine, des \u00e9nergies renouvelables, du froid et de la maintenance agricole.<\/p>\n<p>Le CFA BTP Vosges bas\u00e9 \u00e0 Arches a m\u00eame r\u00e9alis\u00e9 un Mannequin Challenge qui circule sur Facebook pour tenter de s\u00e9duire les jeunes.<\/p>\n<p>Pourtant, les jeunes trouvent rapidement du travail apr\u00e8s leur formation.\u00a0<em>\u00ab\u00a0Tr\u00e8s peu d\u2019\u00e9tablissement proposent des formations aux m\u00e9tiers du papier-carton. Nos apprentis n\u2019ont pas de difficult\u00e9 \u00e0 trouver du travail. La plus grosse difficult\u00e9 c\u2019est de trouver des candidats \u00e0 l\u2019alternance\u00a0\u00bb<\/em> commente Olivier G\u00e9rard, le directeur du CFA papetier de G\u00e9rardmer.<\/p>\n<p>En 2016, une centaine d\u2019offres d\u2019apprentissage d\u2019entreprises vosgiennes ou du Grand Est, propos\u00e9es par les \u00e9tablissements, n\u2019ont pas trouv\u00e9 de candidats.<\/p>\n<h3>85% des apprentis trouvent un emploi dans les 6 mois<\/h3>\n<p>Pr\u00e8s de 85% des apprentis trouvent un emploi dans les 6 mois qui suivent la fin de leur formation.<\/p>\n<p>Les Olympiades Nationales des M\u00e9tiers se d\u00e9rouleront du 9 au 11 mars \u00e0 Bordeaux. Plusieurs apprentis des diff\u00e9rents CFA vosgiens vont d\u00e9fendre dans leur m\u00e9tier les couleurs du Grand Est.<\/p>\n<p>C.K.N.<\/p>\n","protected":false},"excerpt":{"rendered":"<p>Dans les Vosges, 12 centres de formation d\u2019apprentis (CFA) et 3 maisons familiales rurales (MFR) proposent plus de 170 dipl\u00f4mes [&hellip;]<\/p>\n","protected":false},"author":52,"featured_media":70530,"comment_status":"open","ping_status":"open","sticky":false,"template":"","format":"standard","meta":{"footnotes":""},"categories":[22,15,5],"tags":[],"class_list":["post-70529","post","type-post","status-publish","format-standard","has-post-thumbnail","hentry","category-a-la-une","category-education","category-vosges"],"acf":[],"yoast_head":"<!-- This site is optimized with the Yoast SEO plugin v22.5 - https:\/\/yoast.com\/wordpress\/plugins\/seo\/ -->\n<title>L\u2019apprentissage dans les Vosges : plus de 130 m\u00e9tiers diff\u00e9rents - Epinal Info<\/title>\n<meta name=\"robots\" content=\"index, follow, max-snippet:-1, max-image-preview:large, max-video-preview:-1\" \/>\n<link rel=\"canonical\" href=\"https:\/\/vosgesinfo.fr\/epinalinfo\/2017\/03\/lapprentissage-vosges-plus-de-130-metiers-differents\/\" \/>\n<meta name=\"twitter:card\" content=\"summary_large_image\" \/>\n<meta name=\"twitter:title\" content=\"L\u2019apprentissage dans les Vosges : plus de 130 m\u00e9tiers diff\u00e9rents - Epinal Info\" \/>\n<meta name=\"twitter:description\" content=\"Dans les Vosges, 12 centres de formation d\u2019apprentis (CFA) et 3 maisons familiales rurales (MFR) proposent plus de 170 dipl\u00f4mes [&hellip;]\" \/>\n<meta name=\"twitter:image\" content=\"https:\/\/vosgesinfo.fr\/app\/uploads\/sites\/3\/2024\/08\/201703p1260580.jpg\" \/>\n<meta name=\"twitter:creator\" content=\"@VosgesInfo88\" \/>\n<meta name=\"twitter:site\" content=\"@VosgesInfo88\" \/>\n<meta name=\"twitter:label1\" content=\"\u00c9crit par\" \/>\n\t<meta name=\"twitter:data1\" content=\"C.K.\" \/>\n\t<meta name=\"twitter:label2\" content=\"Dur\u00e9e de lecture estim\u00e9e\" \/>\n\t<meta name=\"twitter:data2\" content=\"3 minutes\" \/>\n<script type=\"application\/ld+json\" class=\"yoast-schema-graph\">{\"@context\":\"https:\/\/schema.org\",\"@graph\":[{\"@type\":\"Article\",\"@id\":\"https:\/\/vosgesinfo.fr\/epinalinfo\/2017\/03\/lapprentissage-vosges-plus-de-130-metiers-differents\/#article\",\"isPartOf\":{\"@id\":\"https:\/\/vosgesinfo.fr\/epinalinfo\/2017\/03\/lapprentissage-vosges-plus-de-130-metiers-differents\/\"},\"author\":{\"name\":\"C.K.\",\"@id\":\"https:\/\/vosgesinfo.fr\/epinalinfo\/#\/schema\/person\/6f9a650eeea99d969b6c4ab78fccbe81\"},\"headline\":\"L\u2019apprentissage dans les Vosges : plus de 130 m\u00e9tiers diff\u00e9rents\",\"datePublished\":\"2017-03-10T10:01:47+00:00\",\"dateModified\":\"2017-03-10T10:01:47+00:00\",\"mainEntityOfPage\":{\"@id\":\"https:\/\/vosgesinfo.fr\/epinalinfo\/2017\/03\/lapprentissage-vosges-plus-de-130-metiers-differents\/\"},\"wordCount\":564,\"commentCount\":0,\"publisher\":{\"@id\":\"https:\/\/vosgesinfo.fr\/epinalinfo\/#organization\"},\"image\":{\"@id\":\"https:\/\/vosgesinfo.fr\/epinalinfo\/2017\/03\/lapprentissage-vosges-plus-de-130-metiers-differents\/#primaryimage\"},\"thumbnailUrl\":\"https:\/\/vosgesinfo.fr\/app\/uploads\/sites\/3\/2024\/08\/201703p1260580.jpg\",\"articleSection\":[\"A la Une\",\"\u00c9ducation\",\"Vosges\"],\"inLanguage\":\"fr-FR\",\"potentialAction\":[{\"@type\":\"CommentAction\",\"name\":\"Comment\",\"target\":[\"https:\/\/vosgesinfo.fr\/epinalinfo\/2017\/03\/lapprentissage-vosges-plus-de-130-metiers-differents\/#respond\"]}]},{\"@type\":\"WebPage\",\"@id\":\"https:\/\/vosgesinfo.fr\/epinalinfo\/2017\/03\/lapprentissage-vosges-plus-de-130-metiers-differents\/\",\"url\":\"https:\/\/vosgesinfo.fr\/epinalinfo\/2017\/03\/lapprentissage-vosges-plus-de-130-metiers-differents\/\",\"name\":\"L\u2019apprentissage dans les Vosges : plus de 130 m\u00e9tiers diff\u00e9rents - Epinal Info\",\"isPartOf\":{\"@id\":\"https:\/\/vosgesinfo.fr\/epinalinfo\/#website\"},\"primaryImageOfPage\":{\"@id\":\"https:\/\/vosgesinfo.fr\/epinalinfo\/2017\/03\/lapprentissage-vosges-plus-de-130-metiers-differents\/#primaryimage\"},\"image\":{\"@id\":\"https:\/\/vosgesinfo.fr\/epinalinfo\/2017\/03\/lapprentissage-vosges-plus-de-130-metiers-differents\/#primaryimage\"},\"thumbnailUrl\":\"https:\/\/vosgesinfo.fr\/app\/uploads\/sites\/3\/2024\/08\/201703p1260580.jpg\",\"datePublished\":\"2017-03-10T10:01:47+00:00\",\"dateModified\":\"2017-03-10T10:01:47+00:00\",\"breadcrumb\":{\"@id\":\"https:\/\/vosgesinfo.fr\/epinalinfo\/2017\/03\/lapprentissage-vosges-plus-de-130-metiers-differents\/#breadcrumb\"},\"inLanguage\":\"fr-FR\",\"potentialAction\":[{\"@type\":\"ReadAction\",\"target\":[\"https:\/\/vosgesinfo.fr\/epinalinfo\/2017\/03\/lapprentissage-vosges-plus-de-130-metiers-differents\/\"]}]},{\"@type\":\"ImageObject\",\"inLanguage\":\"fr-FR\",\"@id\":\"https:\/\/vosgesinfo.fr\/epinalinfo\/2017\/03\/lapprentissage-vosges-plus-de-130-metiers-differents\/#primaryimage\",\"url\":\"https:\/\/vosgesinfo.fr\/app\/uploads\/sites\/3\/2024\/08\/201703p1260580.jpg\",\"contentUrl\":\"https:\/\/vosgesinfo.fr\/app\/uploads\/sites\/3\/2024\/08\/201703p1260580.jpg\",\"width\":800,\"height\":600},{\"@type\":\"BreadcrumbList\",\"@id\":\"https:\/\/vosgesinfo.fr\/epinalinfo\/2017\/03\/lapprentissage-vosges-plus-de-130-metiers-differents\/#breadcrumb\",\"itemListElement\":[{\"@type\":\"ListItem\",\"position\":1,\"name\":\"Home\",\"item\":\"https:\/\/vosgesinfo.fr\/epinalinfo\/\"},{\"@type\":\"ListItem\",\"position\":2,\"name\":\"L\u2019apprentissage dans les Vosges : plus de 130 m\u00e9tiers diff\u00e9rents\"}]},{\"@type\":\"WebSite\",\"@id\":\"https:\/\/vosgesinfo.fr\/epinalinfo\/#website\",\"url\":\"https:\/\/vosgesinfo.fr\/epinalinfo\/\",\"name\":\"Epinal Info\",\"description\":\"Toute l&#039;actualit\u00e9 d&#039;\u00c9pinal\",\"publisher\":{\"@id\":\"https:\/\/vosgesinfo.fr\/epinalinfo\/#organization\"},\"alternateName\":\"Toute l'actualit\u00e9 d'\u00c9pinal\",\"potentialAction\":[{\"@type\":\"SearchAction\",\"target\":{\"@type\":\"EntryPoint\",\"urlTemplate\":\"https:\/\/vosgesinfo.fr\/epinalinfo\/?s={search_term_string}\"},\"query-input\":\"required name=search_term_string\"}],\"inLanguage\":\"fr-FR\"},{\"@type\":\"Organization\",\"@id\":\"https:\/\/vosgesinfo.fr\/epinalinfo\/#organization\",\"name\":\"Epinal Info\",\"url\":\"https:\/\/vosgesinfo.fr\/epinalinfo\/\",\"logo\":{\"@type\":\"ImageObject\",\"inLanguage\":\"fr-FR\",\"@id\":\"https:\/\/vosgesinfo.fr\/epinalinfo\/#\/schema\/logo\/image\/\",\"url\":\"https:\/\/vosgesinfo.fr\/app\/uploads\/sites\/3\/2023\/08\/logo-epinalinfos.svg\",\"contentUrl\":\"https:\/\/vosgesinfo.fr\/app\/uploads\/sites\/3\/2023\/08\/logo-epinalinfos.svg\",\"width\":1,\"height\":1,\"caption\":\"Epinal Info\"},\"image\":{\"@id\":\"https:\/\/vosgesinfo.fr\/epinalinfo\/#\/schema\/logo\/image\/\"},\"sameAs\":[\"https:\/\/www.facebook.com\/Epinalinfos\",\"https:\/\/x.com\/VosgesInfo88\",\"https:\/\/www.youtube.com\/@vosgesinfo\"]},{\"@type\":\"Person\",\"@id\":\"https:\/\/vosgesinfo.fr\/epinalinfo\/#\/schema\/person\/6f9a650eeea99d969b6c4ab78fccbe81\",\"name\":\"C.K.\",\"image\":{\"@type\":\"ImageObject\",\"inLanguage\":\"fr-FR\",\"@id\":\"https:\/\/vosgesinfo.fr\/epinalinfo\/#\/schema\/person\/image\/\",\"url\":\"https:\/\/secure.gravatar.com\/avatar\/48e3fc7f8421ba8942be6b74a2b7f014ca39bc00dece156b7a8e098ae7dc87bf?s=96&d=mm&r=g\",\"contentUrl\":\"https:\/\/secure.gravatar.com\/avatar\/48e3fc7f8421ba8942be6b74a2b7f014ca39bc00dece156b7a8e098ae7dc87bf?s=96&d=mm&r=g\",\"caption\":\"C.K.\"},\"url\":\"https:\/\/vosgesinfo.fr\/epinalinfo\/author\/celia-k-n\/\"}]}<\/script>\n<!-- \/ Yoast SEO plugin. -->","yoast_head_json":{"title":"L\u2019apprentissage dans les Vosges : plus de 130 m\u00e9tiers diff\u00e9rents - Epinal Info","robots":{"index":"index","follow":"follow","max-snippet":"max-snippet:-1","max-image-preview":"max-image-preview:large","max-video-preview":"max-video-preview:-1"},"canonical":"https:\/\/vosgesinfo.fr\/epinalinfo\/2017\/03\/lapprentissage-vosges-plus-de-130-metiers-differents\/","twitter_card":"summary_large_image","twitter_title":"L\u2019apprentissage dans les Vosges : plus de 130 m\u00e9tiers diff\u00e9rents - Epinal Info","twitter_description":"Dans les Vosges, 12 centres de formation d\u2019apprentis (CFA) et 3 maisons familiales rurales (MFR) proposent plus de 170 dipl\u00f4mes [&hellip;]","twitter_image":"https:\/\/vosgesinfo.fr\/app\/uploads\/sites\/3\/2024\/08\/201703p1260580.jpg","twitter_creator":"@VosgesInfo88","twitter_site":"@VosgesInfo88","twitter_misc":{"\u00c9crit par":"C.K.","Dur\u00e9e de lecture estim\u00e9e":"3 minutes"},"schema":{"@context":"https:\/\/schema.org","@graph":[{"@type":"Article","@id":"https:\/\/vosgesinfo.fr\/epinalinfo\/2017\/03\/lapprentissage-vosges-plus-de-130-metiers-differents\/#article","isPartOf":{"@id":"https:\/\/vosgesinfo.fr\/epinalinfo\/2017\/03\/lapprentissage-vosges-plus-de-130-metiers-differents\/"},"author":{"name":"C.K.","@id":"https:\/\/vosgesinfo.fr\/epinalinfo\/#\/schema\/person\/6f9a650eeea99d969b6c4ab78fccbe81"},"headline":"L\u2019apprentissage dans les Vosges : plus de 130 m\u00e9tiers diff\u00e9rents","datePublished":"2017-03-10T10:01:47+00:00","dateModified":"2017-03-10T10:01:47+00:00","mainEntityOfPage":{"@id":"https:\/\/vosgesinfo.fr\/epinalinfo\/2017\/03\/lapprentissage-vosges-plus-de-130-metiers-differents\/"},"wordCount":564,"commentCount":0,"publisher":{"@id":"https:\/\/vosgesinfo.fr\/epinalinfo\/#organization"},"image":{"@id":"https:\/\/vosgesinfo.fr\/epinalinfo\/2017\/03\/lapprentissage-vosges-plus-de-130-metiers-differents\/#primaryimage"},"thumbnailUrl":"https:\/\/vosgesinfo.fr\/app\/uploads\/sites\/3\/2024\/08\/201703p1260580.jpg","articleSection":["A la Une","\u00c9ducation","Vosges"],"inLanguage":"fr-FR","potentialAction":[{"@type":"CommentAction","name":"Comment","target":["https:\/\/vosgesinfo.fr\/epinalinfo\/2017\/03\/lapprentissage-vosges-plus-de-130-metiers-differents\/#respond"]}]},{"@type":"WebPage","@id":"https:\/\/vosgesinfo.fr\/epinalinfo\/2017\/03\/lapprentissage-vosges-plus-de-130-metiers-differents\/","url":"https:\/\/vosgesinfo.fr\/epinalinfo\/2017\/03\/lapprentissage-vosges-plus-de-130-metiers-differents\/","name":"L\u2019apprentissage dans les Vosges : plus de 130 m\u00e9tiers diff\u00e9rents - Epinal Info","isPartOf":{"@id":"https:\/\/vosgesinfo.fr\/epinalinfo\/#website"},"primaryImageOfPage":{"@id":"https:\/\/vosgesinfo.fr\/epinalinfo\/2017\/03\/lapprentissage-vosges-plus-de-130-metiers-differents\/#primaryimage"},"image":{"@id":"https:\/\/vosgesinfo.fr\/epinalinfo\/2017\/03\/lapprentissage-vosges-plus-de-130-metiers-differents\/#primaryimage"},"thumbnailUrl":"https:\/\/vosgesinfo.fr\/app\/uploads\/sites\/3\/2024\/08\/201703p1260580.jpg","datePublished":"2017-03-10T10:01:47+00:00","dateModified":"2017-03-10T10:01:47+00:00","breadcrumb":{"@id":"https:\/\/vosgesinfo.fr\/epinalinfo\/2017\/03\/lapprentissage-vosges-plus-de-130-metiers-differents\/#breadcrumb"},"inLanguage":"fr-FR","potentialAction":[{"@type":"ReadAction","target":["https:\/\/vosgesinfo.fr\/epinalinfo\/2017\/03\/lapprentissage-vosges-plus-de-130-metiers-differents\/"]}]},{"@type":"ImageObject","inLanguage":"fr-FR","@id":"https:\/\/vosgesinfo.fr\/epinalinfo\/2017\/03\/lapprentissage-vosges-plus-de-130-metiers-differents\/#primaryimage","url":"https:\/\/vosgesinfo.fr\/app\/uploads\/sites\/3\/2024\/08\/201703p1260580.jpg","contentUrl":"https:\/\/vosgesinfo.fr\/app\/uploads\/sites\/3\/2024\/08\/201703p1260580.jpg","width":800,"height":600},{"@type":"BreadcrumbList","@id":"https:\/\/vosgesinfo.fr\/epinalinfo\/2017\/03\/lapprentissage-vosges-plus-de-130-metiers-differents\/#breadcrumb","itemListElement":[{"@type":"ListItem","position":1,"name":"Home","item":"https:\/\/vosgesinfo.fr\/epinalinfo\/"},{"@type":"ListItem","position":2,"name":"L\u2019apprentissage dans les Vosges : plus de 130 m\u00e9tiers diff\u00e9rents"}]},{"@type":"WebSite","@id":"https:\/\/vosgesinfo.fr\/epinalinfo\/#website","url":"https:\/\/vosgesinfo.fr\/epinalinfo\/","name":"Epinal Info","description":"Toute l&#039;actualit\u00e9 d&#039;\u00c9pinal","publisher":{"@id":"https:\/\/vosgesinfo.fr\/epinalinfo\/#organization"},"alternateName":"Toute l'actualit\u00e9 d'\u00c9pinal","potentialAction":[{"@type":"SearchAction","target":{"@type":"EntryPoint","urlTemplate":"https:\/\/vosgesinfo.fr\/epinalinfo\/?s={search_term_string}"},"query-input":"required name=search_term_string"}],"inLanguage":"fr-FR"},{"@type":"Organization","@id":"https:\/\/vosgesinfo.fr\/epinalinfo\/#organization","name":"Epinal Info","url":"https:\/\/vosgesinfo.fr\/epinalinfo\/","logo":{"@type":"ImageObject","inLanguage":"fr-FR","@id":"https:\/\/vosgesinfo.fr\/epinalinfo\/#\/schema\/logo\/image\/","url":"https:\/\/vosgesinfo.fr\/app\/uploads\/sites\/3\/2023\/08\/logo-epinalinfos.svg","contentUrl":"https:\/\/vosgesinfo.fr\/app\/uploads\/sites\/3\/2023\/08\/logo-epinalinfos.svg","width":1,"height":1,"caption":"Epinal Info"},"image":{"@id":"https:\/\/vosgesinfo.fr\/epinalinfo\/#\/schema\/logo\/image\/"},"sameAs":["https:\/\/www.facebook.com\/Epinalinfos","https:\/\/x.com\/VosgesInfo88","https:\/\/www.youtube.com\/@vosgesinfo"]},{"@type":"Person","@id":"https:\/\/vosgesinfo.fr\/epinalinfo\/#\/schema\/person\/6f9a650eeea99d969b6c4ab78fccbe81","name":"C.K.","image":{"@type":"ImageObject","inLanguage":"fr-FR","@id":"https:\/\/vosgesinfo.fr\/epinalinfo\/#\/schema\/person\/image\/","url":"https:\/\/secure.gravatar.com\/avatar\/48e3fc7f8421ba8942be6b74a2b7f014ca39bc00dece156b7a8e098ae7dc87bf?s=96&d=mm&r=g","contentUrl":"https:\/\/secure.gravatar.com\/avatar\/48e3fc7f8421ba8942be6b74a2b7f014ca39bc00dece156b7a8e098ae7dc87bf?s=96&d=mm&r=g","caption":"C.K."},"url":"https:\/\/vosgesinfo.fr\/epinalinfo\/author\/celia-k-n\/"}]}},"_links":{"self":[{"href":"https:\/\/vosgesinfo.fr\/epinalinfo\/wp-json\/wp\/v2\/posts\/70529","targetHints":{"allow":["GET"]}}],"collection":[{"href":"https:\/\/vosgesinfo.fr\/epinalinfo\/wp-json\/wp\/v2\/posts"}],"about":[{"href":"https:\/\/vosgesinfo.fr\/epinalinfo\/wp-json\/wp\/v2\/types\/post"}],"author":[{"embeddable":true,"href":"https:\/\/vosgesinfo.fr\/epinalinfo\/wp-json\/wp\/v2\/users\/52"}],"replies":[{"embeddable":true,"href":"https:\/\/vosgesinfo.fr\/epinalinfo\/wp-json\/wp\/v2\/comments?post=70529"}],"version-history":[{"count":0,"href":"https:\/\/vosgesinfo.fr\/epinalinfo\/wp-json\/wp\/v2\/posts\/70529\/revisions"}],"wp:featuredmedia":[{"embeddable":true,"href":"https:\/\/vosgesinfo.fr\/epinalinfo\/wp-json\/wp\/v2\/media\/70530"}],"wp:attachment":[{"href":"https:\/\/vosgesinfo.fr\/epinalinfo\/wp-json\/wp\/v2\/media?parent=70529"}],"wp:term":[{"taxonomy":"category","embeddable":true,"href":"https:\/\/vosgesinfo.fr\/epinalinfo\/wp-json\/wp\/v2\/categories?post=70529"},{"taxonomy":"post_tag","embeddable":true,"href":"https:\/\/vosgesinfo.fr\/epinalinfo\/wp-json\/wp\/v2\/tags?post=70529"}],"curies":[{"name":"wp","href":"https:\/\/api.w.org\/{rel}","templated":true}]}}