{"id":70533,"date":"2017-03-10T06:00:52","date_gmt":"2017-03-10T05:00:52","guid":{"rendered":"https:\/\/vosgesinfo.fr\/epinalinfo\/2017\/03\/region-accompagne-lequipe-grand-aux-44es-finales-nationales-olympiades-metiers\/"},"modified":"2017-03-10T06:00:52","modified_gmt":"2017-03-10T05:00:52","slug":"region-accompagne-lequipe-grand-aux-44es-finales-nationales-olympiades-metiers","status":"publish","type":"post","link":"https:\/\/vosgesinfo.fr\/epinalinfo\/2017\/03\/region-accompagne-lequipe-grand-aux-44es-finales-nationales-olympiades-metiers\/","title":{"rendered":"La R\u00e9gion accompagne l\u2019\u00e9quipe du Grand Est aux 44es Finales Nationales des Olympiades des M\u00e9tiers"},"content":{"rendered":"<div id=\"attachment_110154\" style=\"width: 779px\" class=\"wp-caption aligncenter\"><a href=\"http:\/\/epinalinfos.fr\/2017\/03\/region-accompagne-lequipe-grand-aux-44es-finales-nationales-olympiades-metiers\/sans-titre-362\/\" rel=\"attachment wp-att-110154\"><img decoding=\"async\" aria-describedby=\"caption-attachment-110154\" class=\"size-full wp-image-110154\" src=\"\/2017\/03\/Sans-titre6.jpg\" alt=\"\u00a9 R\u00e9gion Grand Est\" width=\"769\" height=\"606\" \/><\/a><p id=\"caption-attachment-110154\" class=\"wp-caption-text\">\u00a9 R\u00e9gion Grand Est<\/p><\/div>\n<h4>V\u00e9ronique Marchet, Pr\u00e9sidente de la Commission en charge de la Formation Professionnelle, et Atissar Hibour, Pr\u00e9sidente de la Commission en charge des Lyc\u00e9es et de l\u2019Apprentissage, accompagnent l\u2019\u00e9quipe du Grand Est aux finales nationales des Olympiades des M\u00e9tiers, du 9 au 11 mars 2017 au Parc des Expositions de Bordeaux.<\/h4>\n<p>La 44e \u00e9dition des Olympiades des M\u00e9tiers a d\u00e9but\u00e9 en Alsace Champagne-Ardenne Lorraine \u00e0 la fin de l\u2019ann\u00e9e 2015 par l\u2019inscription aux s\u00e9lections r\u00e9gionales de plus de 600 jeunes filles et gar\u00e7ons, \u00e2g\u00e9s de moins de 23 ans. Des \u00e9preuves de pr\u00e9-s\u00e9lection ont \u00e9t\u00e9 organis\u00e9es en Alsace, en Champagne-Ardenne et en Lorraine au premier trimestre 2016. Au cours de ces pr\u00e9-s\u00e9lections, 230 candidats se sont qualifi\u00e9s pour les finales r\u00e9gionales Grand Est, organis\u00e9es d\u2019avril \u00e0 juillet 2016 dans toute la r\u00e9gion. Les 57 m\u00e9daill\u00e9(e)s d\u2019or ont int\u00e9gr\u00e9 l\u2019\u00e9quipe r\u00e9gionale des M\u00e9tiers et forment l\u2019\u00e9quipe du Grand Est qui participera aux finales nationales des Olympiades \u00e0 Bordeaux.<\/p>\n<p>Les finales nationales des 44es Olympiades des M\u00e9tiers sont organis\u00e9es par l\u2019association WorldSkills France et la R\u00e9gion Nouvelle Aquitaine. La comp\u00e9tition aura lieu au Parc des Expositions de Bordeaux Lac, sur plus de 40 000 m\u00b2, et durera deux jours et demi : les journ\u00e9es des 9,10, et la matin\u00e9e du 11 mars 2017. La c\u00e9r\u00e9monie de r\u00e9v\u00e9lation des r\u00e9sultats et remise des m\u00e9dailles aura lieu le samedi 11 mars au soir, \u00e9galement sur le site de Bordeaux Lac.<\/p>\n<p>\u00c0 l\u2019issue de ces finales nationales, les meilleurs repr\u00e9sentants de chaque m\u00e9tier int\u00e9greront l\u2019\u00c9quipe de France et participeront \u00e0 la comp\u00e9tition internationale (WorldSkills Competition), qui se d\u00e9roulera en octobre prochain \u00e0 Abou Dabi, aux \u00c9mirats Arabes Unis ou \u00e0 la comp\u00e9tition europ\u00e9enne (EuroSkills), qui aura lieu en septembre 2018 \u00e0 Budapest, en Hongrie.<\/p>\n<p>Organis\u00e9es tous les deux ans, les finales nationales des Olympiades des M\u00e9tiers r\u00e9unissent durant deux jours et demi de comp\u00e9tition les meilleurs jeunes professionnels dans plus de 50 m\u00e9tiers r\u00e9partis en 8 p\u00f4les : agriculture, alimentation, automobile, b\u00e2timent et travaux publics, industrie, nouvelles technologies, services et maintenance. La s\u00e9lection de ces jeunes se fait \u00e0 l\u2019\u00e9chelon r\u00e9gional, puis national pour d\u00e9signer le meilleur repr\u00e9sentant de chaque m\u00e9tier qui int\u00e9grera l\u2019Equipe de France et qui participera \u00e0 la comp\u00e9tition internationale (WorldSkills Competition) ou \u00e0 la comp\u00e9tition europ\u00e9enne (EuroSkills).<\/p>\n<p><strong>En quelques chiffres :<\/strong> &#8211; 50 m\u00e9tiers en comp\u00e9tition &#8211; 9 m\u00e9tiers en d\u00e9monstration &#8211; 15 R\u00e9gions participantes (13 r\u00e9gions m\u00e9tropolitaines et 2 r\u00e9gions d\u2019Outre-Mer) &#8211; Plus de 600 comp\u00e9titeurs<\/p>\n","protected":false},"excerpt":{"rendered":"<p>V\u00e9ronique Marchet, Pr\u00e9sidente de la Commission en charge de la Formation Professionnelle, et Atissar Hibour, Pr\u00e9sidente de la Commission en [&hellip;]<\/p>\n","protected":false},"author":52,"featured_media":989,"comment_status":"open","ping_status":"open","sticky":false,"template":"","format":"standard","meta":{"footnotes":""},"categories":[22,144,10],"tags":[],"class_list":["post-70533","post","type-post","status-publish","format-standard","has-post-thumbnail","hentry","category-a-la-une","category-region","category-societe"],"acf":[],"yoast_head":"<!-- This site is optimized with the Yoast SEO plugin v22.5 - https:\/\/yoast.com\/wordpress\/plugins\/seo\/ -->\n<title>La R\u00e9gion accompagne l\u2019\u00e9quipe du Grand Est aux 44es Finales Nationales des Olympiades des M\u00e9tiers - Epinal Info<\/title>\n<meta name=\"robots\" content=\"index, follow, max-snippet:-1, max-image-preview:large, max-video-preview:-1\" \/>\n<link rel=\"canonical\" href=\"https:\/\/vosgesinfo.fr\/epinalinfo\/2017\/03\/region-accompagne-lequipe-grand-aux-44es-finales-nationales-olympiades-metiers\/\" \/>\n<meta name=\"twitter:card\" content=\"summary_large_image\" \/>\n<meta name=\"twitter:title\" content=\"La R\u00e9gion accompagne l\u2019\u00e9quipe du Grand Est aux 44es Finales Nationales des Olympiades des M\u00e9tiers - Epinal Info\" \/>\n<meta name=\"twitter:description\" content=\"V\u00e9ronique Marchet, Pr\u00e9sidente de la Commission en charge de la Formation Professionnelle, et Atissar Hibour, Pr\u00e9sidente de la Commission en [&hellip;]\" \/>\n<meta name=\"twitter:image\" content=\"https:\/\/vosgesinfo.fr\/app\/uploads\/sites\/3\/2023\/09\/sans-titre6.jpg\" \/>\n<meta name=\"twitter:creator\" content=\"@VosgesInfo88\" \/>\n<meta name=\"twitter:site\" content=\"@VosgesInfo88\" \/>\n<meta name=\"twitter:label1\" content=\"\u00c9crit par\" \/>\n\t<meta name=\"twitter:data1\" content=\"C.K.\" \/>\n\t<meta name=\"twitter:label2\" content=\"Dur\u00e9e de lecture estim\u00e9e\" \/>\n\t<meta name=\"twitter:data2\" content=\"2 minutes\" \/>\n<script type=\"application\/ld+json\" class=\"yoast-schema-graph\">{\"@context\":\"https:\/\/schema.org\",\"@graph\":[{\"@type\":\"Article\",\"@id\":\"https:\/\/vosgesinfo.fr\/epinalinfo\/2017\/03\/region-accompagne-lequipe-grand-aux-44es-finales-nationales-olympiades-metiers\/#article\",\"isPartOf\":{\"@id\":\"https:\/\/vosgesinfo.fr\/epinalinfo\/2017\/03\/region-accompagne-lequipe-grand-aux-44es-finales-nationales-olympiades-metiers\/\"},\"author\":{\"name\":\"C.K.\",\"@id\":\"https:\/\/vosgesinfo.fr\/epinalinfo\/#\/schema\/person\/6f9a650eeea99d969b6c4ab78fccbe81\"},\"headline\":\"La R\u00e9gion accompagne l\u2019\u00e9quipe du Grand Est aux 44es Finales Nationales des Olympiades des M\u00e9tiers\",\"datePublished\":\"2017-03-10T05:00:52+00:00\",\"dateModified\":\"2017-03-10T05:00:52+00:00\",\"mainEntityOfPage\":{\"@id\":\"https:\/\/vosgesinfo.fr\/epinalinfo\/2017\/03\/region-accompagne-lequipe-grand-aux-44es-finales-nationales-olympiades-metiers\/\"},\"wordCount\":481,\"commentCount\":0,\"publisher\":{\"@id\":\"https:\/\/vosgesinfo.fr\/epinalinfo\/#organization\"},\"image\":{\"@id\":\"https:\/\/vosgesinfo.fr\/epinalinfo\/2017\/03\/region-accompagne-lequipe-grand-aux-44es-finales-nationales-olympiades-metiers\/#primaryimage\"},\"thumbnailUrl\":\"https:\/\/vosgesinfo.fr\/app\/uploads\/sites\/3\/2023\/09\/sans-titre6.jpg\",\"articleSection\":[\"A la Une\",\"R\u00e9gion\",\"Soci\u00e9t\u00e9\"],\"inLanguage\":\"fr-FR\",\"potentialAction\":[{\"@type\":\"CommentAction\",\"name\":\"Comment\",\"target\":[\"https:\/\/vosgesinfo.fr\/epinalinfo\/2017\/03\/region-accompagne-lequipe-grand-aux-44es-finales-nationales-olympiades-metiers\/#respond\"]}]},{\"@type\":\"WebPage\",\"@id\":\"https:\/\/vosgesinfo.fr\/epinalinfo\/2017\/03\/region-accompagne-lequipe-grand-aux-44es-finales-nationales-olympiades-metiers\/\",\"url\":\"https:\/\/vosgesinfo.fr\/epinalinfo\/2017\/03\/region-accompagne-lequipe-grand-aux-44es-finales-nationales-olympiades-metiers\/\",\"name\":\"La R\u00e9gion accompagne l\u2019\u00e9quipe du Grand Est aux 44es Finales Nationales des Olympiades des M\u00e9tiers - Epinal Info\",\"isPartOf\":{\"@id\":\"https:\/\/vosgesinfo.fr\/epinalinfo\/#website\"},\"primaryImageOfPage\":{\"@id\":\"https:\/\/vosgesinfo.fr\/epinalinfo\/2017\/03\/region-accompagne-lequipe-grand-aux-44es-finales-nationales-olympiades-metiers\/#primaryimage\"},\"image\":{\"@id\":\"https:\/\/vosgesinfo.fr\/epinalinfo\/2017\/03\/region-accompagne-lequipe-grand-aux-44es-finales-nationales-olympiades-metiers\/#primaryimage\"},\"thumbnailUrl\":\"https:\/\/vosgesinfo.fr\/app\/uploads\/sites\/3\/2023\/09\/sans-titre6.jpg\",\"datePublished\":\"2017-03-10T05:00:52+00:00\",\"dateModified\":\"2017-03-10T05:00:52+00:00\",\"breadcrumb\":{\"@id\":\"https:\/\/vosgesinfo.fr\/epinalinfo\/2017\/03\/region-accompagne-lequipe-grand-aux-44es-finales-nationales-olympiades-metiers\/#breadcrumb\"},\"inLanguage\":\"fr-FR\",\"potentialAction\":[{\"@type\":\"ReadAction\",\"target\":[\"https:\/\/vosgesinfo.fr\/epinalinfo\/2017\/03\/region-accompagne-lequipe-grand-aux-44es-finales-nationales-olympiades-metiers\/\"]}]},{\"@type\":\"ImageObject\",\"inLanguage\":\"fr-FR\",\"@id\":\"https:\/\/vosgesinfo.fr\/epinalinfo\/2017\/03\/region-accompagne-lequipe-grand-aux-44es-finales-nationales-olympiades-metiers\/#primaryimage\",\"url\":\"https:\/\/vosgesinfo.fr\/app\/uploads\/sites\/3\/2023\/09\/sans-titre6.jpg\",\"contentUrl\":\"https:\/\/vosgesinfo.fr\/app\/uploads\/sites\/3\/2023\/09\/sans-titre6.jpg\",\"width\":375,\"height\":344},{\"@type\":\"BreadcrumbList\",\"@id\":\"https:\/\/vosgesinfo.fr\/epinalinfo\/2017\/03\/region-accompagne-lequipe-grand-aux-44es-finales-nationales-olympiades-metiers\/#breadcrumb\",\"itemListElement\":[{\"@type\":\"ListItem\",\"position\":1,\"name\":\"Home\",\"item\":\"https:\/\/vosgesinfo.fr\/epinalinfo\/\"},{\"@type\":\"ListItem\",\"position\":2,\"name\":\"La R\u00e9gion accompagne l\u2019\u00e9quipe du Grand Est aux 44es Finales Nationales des Olympiades des M\u00e9tiers\"}]},{\"@type\":\"WebSite\",\"@id\":\"https:\/\/vosgesinfo.fr\/epinalinfo\/#website\",\"url\":\"https:\/\/vosgesinfo.fr\/epinalinfo\/\",\"name\":\"Epinal Info\",\"description\":\"Toute l&#039;actualit\u00e9 d&#039;\u00c9pinal\",\"publisher\":{\"@id\":\"https:\/\/vosgesinfo.fr\/epinalinfo\/#organization\"},\"alternateName\":\"Toute l'actualit\u00e9 d'\u00c9pinal\",\"potentialAction\":[{\"@type\":\"SearchAction\",\"target\":{\"@type\":\"EntryPoint\",\"urlTemplate\":\"https:\/\/vosgesinfo.fr\/epinalinfo\/?s={search_term_string}\"},\"query-input\":\"required name=search_term_string\"}],\"inLanguage\":\"fr-FR\"},{\"@type\":\"Organization\",\"@id\":\"https:\/\/vosgesinfo.fr\/epinalinfo\/#organization\",\"name\":\"Epinal Info\",\"url\":\"https:\/\/vosgesinfo.fr\/epinalinfo\/\",\"logo\":{\"@type\":\"ImageObject\",\"inLanguage\":\"fr-FR\",\"@id\":\"https:\/\/vosgesinfo.fr\/epinalinfo\/#\/schema\/logo\/image\/\",\"url\":\"https:\/\/vosgesinfo.fr\/app\/uploads\/sites\/3\/2023\/08\/logo-epinalinfos.svg\",\"contentUrl\":\"https:\/\/vosgesinfo.fr\/app\/uploads\/sites\/3\/2023\/08\/logo-epinalinfos.svg\",\"width\":1,\"height\":1,\"caption\":\"Epinal Info\"},\"image\":{\"@id\":\"https:\/\/vosgesinfo.fr\/epinalinfo\/#\/schema\/logo\/image\/\"},\"sameAs\":[\"https:\/\/www.facebook.com\/Epinalinfos\",\"https:\/\/x.com\/VosgesInfo88\",\"https:\/\/www.youtube.com\/@vosgesinfo\"]},{\"@type\":\"Person\",\"@id\":\"https:\/\/vosgesinfo.fr\/epinalinfo\/#\/schema\/person\/6f9a650eeea99d969b6c4ab78fccbe81\",\"name\":\"C.K.\",\"image\":{\"@type\":\"ImageObject\",\"inLanguage\":\"fr-FR\",\"@id\":\"https:\/\/vosgesinfo.fr\/epinalinfo\/#\/schema\/person\/image\/\",\"url\":\"https:\/\/secure.gravatar.com\/avatar\/48e3fc7f8421ba8942be6b74a2b7f014ca39bc00dece156b7a8e098ae7dc87bf?s=96&d=mm&r=g\",\"contentUrl\":\"https:\/\/secure.gravatar.com\/avatar\/48e3fc7f8421ba8942be6b74a2b7f014ca39bc00dece156b7a8e098ae7dc87bf?s=96&d=mm&r=g\",\"caption\":\"C.K.\"},\"url\":\"https:\/\/vosgesinfo.fr\/epinalinfo\/author\/celia-k-n\/\"}]}<\/script>\n<!-- \/ Yoast SEO plugin. -->","yoast_head_json":{"title":"La R\u00e9gion accompagne l\u2019\u00e9quipe du Grand Est aux 44es Finales Nationales des Olympiades des M\u00e9tiers - Epinal Info","robots":{"index":"index","follow":"follow","max-snippet":"max-snippet:-1","max-image-preview":"max-image-preview:large","max-video-preview":"max-video-preview:-1"},"canonical":"https:\/\/vosgesinfo.fr\/epinalinfo\/2017\/03\/region-accompagne-lequipe-grand-aux-44es-finales-nationales-olympiades-metiers\/","twitter_card":"summary_large_image","twitter_title":"La R\u00e9gion accompagne l\u2019\u00e9quipe du Grand Est aux 44es Finales Nationales des Olympiades des M\u00e9tiers - Epinal Info","twitter_description":"V\u00e9ronique Marchet, Pr\u00e9sidente de la Commission en charge de la Formation Professionnelle, et Atissar Hibour, Pr\u00e9sidente de la Commission en [&hellip;]","twitter_image":"https:\/\/vosgesinfo.fr\/app\/uploads\/sites\/3\/2023\/09\/sans-titre6.jpg","twitter_creator":"@VosgesInfo88","twitter_site":"@VosgesInfo88","twitter_misc":{"\u00c9crit par":"C.K.","Dur\u00e9e de lecture estim\u00e9e":"2 minutes"},"schema":{"@context":"https:\/\/schema.org","@graph":[{"@type":"Article","@id":"https:\/\/vosgesinfo.fr\/epinalinfo\/2017\/03\/region-accompagne-lequipe-grand-aux-44es-finales-nationales-olympiades-metiers\/#article","isPartOf":{"@id":"https:\/\/vosgesinfo.fr\/epinalinfo\/2017\/03\/region-accompagne-lequipe-grand-aux-44es-finales-nationales-olympiades-metiers\/"},"author":{"name":"C.K.","@id":"https:\/\/vosgesinfo.fr\/epinalinfo\/#\/schema\/person\/6f9a650eeea99d969b6c4ab78fccbe81"},"headline":"La R\u00e9gion accompagne l\u2019\u00e9quipe du Grand Est aux 44es Finales Nationales des Olympiades des M\u00e9tiers","datePublished":"2017-03-10T05:00:52+00:00","dateModified":"2017-03-10T05:00:52+00:00","mainEntityOfPage":{"@id":"https:\/\/vosgesinfo.fr\/epinalinfo\/2017\/03\/region-accompagne-lequipe-grand-aux-44es-finales-nationales-olympiades-metiers\/"},"wordCount":481,"commentCount":0,"publisher":{"@id":"https:\/\/vosgesinfo.fr\/epinalinfo\/#organization"},"image":{"@id":"https:\/\/vosgesinfo.fr\/epinalinfo\/2017\/03\/region-accompagne-lequipe-grand-aux-44es-finales-nationales-olympiades-metiers\/#primaryimage"},"thumbnailUrl":"https:\/\/vosgesinfo.fr\/app\/uploads\/sites\/3\/2023\/09\/sans-titre6.jpg","articleSection":["A la Une","R\u00e9gion","Soci\u00e9t\u00e9"],"inLanguage":"fr-FR","potentialAction":[{"@type":"CommentAction","name":"Comment","target":["https:\/\/vosgesinfo.fr\/epinalinfo\/2017\/03\/region-accompagne-lequipe-grand-aux-44es-finales-nationales-olympiades-metiers\/#respond"]}]},{"@type":"WebPage","@id":"https:\/\/vosgesinfo.fr\/epinalinfo\/2017\/03\/region-accompagne-lequipe-grand-aux-44es-finales-nationales-olympiades-metiers\/","url":"https:\/\/vosgesinfo.fr\/epinalinfo\/2017\/03\/region-accompagne-lequipe-grand-aux-44es-finales-nationales-olympiades-metiers\/","name":"La R\u00e9gion accompagne l\u2019\u00e9quipe du Grand Est aux 44es Finales Nationales des Olympiades des M\u00e9tiers - Epinal Info","isPartOf":{"@id":"https:\/\/vosgesinfo.fr\/epinalinfo\/#website"},"primaryImageOfPage":{"@id":"https:\/\/vosgesinfo.fr\/epinalinfo\/2017\/03\/region-accompagne-lequipe-grand-aux-44es-finales-nationales-olympiades-metiers\/#primaryimage"},"image":{"@id":"https:\/\/vosgesinfo.fr\/epinalinfo\/2017\/03\/region-accompagne-lequipe-grand-aux-44es-finales-nationales-olympiades-metiers\/#primaryimage"},"thumbnailUrl":"https:\/\/vosgesinfo.fr\/app\/uploads\/sites\/3\/2023\/09\/sans-titre6.jpg","datePublished":"2017-03-10T05:00:52+00:00","dateModified":"2017-03-10T05:00:52+00:00","breadcrumb":{"@id":"https:\/\/vosgesinfo.fr\/epinalinfo\/2017\/03\/region-accompagne-lequipe-grand-aux-44es-finales-nationales-olympiades-metiers\/#breadcrumb"},"inLanguage":"fr-FR","potentialAction":[{"@type":"ReadAction","target":["https:\/\/vosgesinfo.fr\/epinalinfo\/2017\/03\/region-accompagne-lequipe-grand-aux-44es-finales-nationales-olympiades-metiers\/"]}]},{"@type":"ImageObject","inLanguage":"fr-FR","@id":"https:\/\/vosgesinfo.fr\/epinalinfo\/2017\/03\/region-accompagne-lequipe-grand-aux-44es-finales-nationales-olympiades-metiers\/#primaryimage","url":"https:\/\/vosgesinfo.fr\/app\/uploads\/sites\/3\/2023\/09\/sans-titre6.jpg","contentUrl":"https:\/\/vosgesinfo.fr\/app\/uploads\/sites\/3\/2023\/09\/sans-titre6.jpg","width":375,"height":344},{"@type":"BreadcrumbList","@id":"https:\/\/vosgesinfo.fr\/epinalinfo\/2017\/03\/region-accompagne-lequipe-grand-aux-44es-finales-nationales-olympiades-metiers\/#breadcrumb","itemListElement":[{"@type":"ListItem","position":1,"name":"Home","item":"https:\/\/vosgesinfo.fr\/epinalinfo\/"},{"@type":"ListItem","position":2,"name":"La R\u00e9gion accompagne l\u2019\u00e9quipe du Grand Est aux 44es Finales Nationales des Olympiades des M\u00e9tiers"}]},{"@type":"WebSite","@id":"https:\/\/vosgesinfo.fr\/epinalinfo\/#website","url":"https:\/\/vosgesinfo.fr\/epinalinfo\/","name":"Epinal Info","description":"Toute l&#039;actualit\u00e9 d&#039;\u00c9pinal","publisher":{"@id":"https:\/\/vosgesinfo.fr\/epinalinfo\/#organization"},"alternateName":"Toute l'actualit\u00e9 d'\u00c9pinal","potentialAction":[{"@type":"SearchAction","target":{"@type":"EntryPoint","urlTemplate":"https:\/\/vosgesinfo.fr\/epinalinfo\/?s={search_term_string}"},"query-input":"required name=search_term_string"}],"inLanguage":"fr-FR"},{"@type":"Organization","@id":"https:\/\/vosgesinfo.fr\/epinalinfo\/#organization","name":"Epinal Info","url":"https:\/\/vosgesinfo.fr\/epinalinfo\/","logo":{"@type":"ImageObject","inLanguage":"fr-FR","@id":"https:\/\/vosgesinfo.fr\/epinalinfo\/#\/schema\/logo\/image\/","url":"https:\/\/vosgesinfo.fr\/app\/uploads\/sites\/3\/2023\/08\/logo-epinalinfos.svg","contentUrl":"https:\/\/vosgesinfo.fr\/app\/uploads\/sites\/3\/2023\/08\/logo-epinalinfos.svg","width":1,"height":1,"caption":"Epinal Info"},"image":{"@id":"https:\/\/vosgesinfo.fr\/epinalinfo\/#\/schema\/logo\/image\/"},"sameAs":["https:\/\/www.facebook.com\/Epinalinfos","https:\/\/x.com\/VosgesInfo88","https:\/\/www.youtube.com\/@vosgesinfo"]},{"@type":"Person","@id":"https:\/\/vosgesinfo.fr\/epinalinfo\/#\/schema\/person\/6f9a650eeea99d969b6c4ab78fccbe81","name":"C.K.","image":{"@type":"ImageObject","inLanguage":"fr-FR","@id":"https:\/\/vosgesinfo.fr\/epinalinfo\/#\/schema\/person\/image\/","url":"https:\/\/secure.gravatar.com\/avatar\/48e3fc7f8421ba8942be6b74a2b7f014ca39bc00dece156b7a8e098ae7dc87bf?s=96&d=mm&r=g","contentUrl":"https:\/\/secure.gravatar.com\/avatar\/48e3fc7f8421ba8942be6b74a2b7f014ca39bc00dece156b7a8e098ae7dc87bf?s=96&d=mm&r=g","caption":"C.K."},"url":"https:\/\/vosgesinfo.fr\/epinalinfo\/author\/celia-k-n\/"}]}},"_links":{"self":[{"href":"https:\/\/vosgesinfo.fr\/epinalinfo\/wp-json\/wp\/v2\/posts\/70533","targetHints":{"allow":["GET"]}}],"collection":[{"href":"https:\/\/vosgesinfo.fr\/epinalinfo\/wp-json\/wp\/v2\/posts"}],"about":[{"href":"https:\/\/vosgesinfo.fr\/epinalinfo\/wp-json\/wp\/v2\/types\/post"}],"author":[{"embeddable":true,"href":"https:\/\/vosgesinfo.fr\/epinalinfo\/wp-json\/wp\/v2\/users\/52"}],"replies":[{"embeddable":true,"href":"https:\/\/vosgesinfo.fr\/epinalinfo\/wp-json\/wp\/v2\/comments?post=70533"}],"version-history":[{"count":0,"href":"https:\/\/vosgesinfo.fr\/epinalinfo\/wp-json\/wp\/v2\/posts\/70533\/revisions"}],"wp:featuredmedia":[{"embeddable":true,"href":"https:\/\/vosgesinfo.fr\/epinalinfo\/wp-json\/wp\/v2\/media\/989"}],"wp:attachment":[{"href":"https:\/\/vosgesinfo.fr\/epinalinfo\/wp-json\/wp\/v2\/media?parent=70533"}],"wp:term":[{"taxonomy":"category","embeddable":true,"href":"https:\/\/vosgesinfo.fr\/epinalinfo\/wp-json\/wp\/v2\/categories?post=70533"},{"taxonomy":"post_tag","embeddable":true,"href":"https:\/\/vosgesinfo.fr\/epinalinfo\/wp-json\/wp\/v2\/tags?post=70533"}],"curies":[{"name":"wp","href":"https:\/\/api.w.org\/{rel}","templated":true}]}}