{"id":70551,"date":"2017-03-11T10:36:46","date_gmt":"2017-03-11T09:36:46","guid":{"rendered":"https:\/\/vosgesinfo.fr\/epinalinfo\/2017\/03\/191eme-section-anciens-forces-francaises-allemagne-autriche-vosges-perpetue-souvenir\/"},"modified":"2017-03-11T10:36:46","modified_gmt":"2017-03-11T09:36:46","slug":"191eme-section-anciens-forces-francaises-allemagne-autriche-vosges-perpetue-souvenir","status":"publish","type":"post","link":"https:\/\/vosgesinfo.fr\/epinalinfo\/2017\/03\/191eme-section-anciens-forces-francaises-allemagne-autriche-vosges-perpetue-souvenir\/","title":{"rendered":"La 191\u00e8me section des anciens des forces fran\u00e7aises en Allemagne et en Autriche des Vosges perp\u00e9tue le souvenir"},"content":{"rendered":"<h4><a href=\"http:\/\/epinalinfos.fr\/2017\/03\/191eme-section-anciens-forces-francaises-allemagne-autriche-vosges-perpetue-souvenir\/p1260618\/\" rel=\"attachment wp-att-110182\"><img decoding=\"async\" class=\"aligncenter size-full wp-image-110182\" src=\"\/2017\/03\/P1260618.jpg\" alt=\"P1260618\" width=\"800\" height=\"600\" \/><\/a><\/h4>\n<h4>La 191<sup>\u00e8me<\/sup> section des anciens des forces fran\u00e7aises en Allemagne et en Autriche des Vosges a tenu sa 26<sup>\u00e8me<\/sup> assembl\u00e9e g\u00e9n\u00e9rale d\u00e9partementale au restaurant du centre des congr\u00e8s \u00e0 Epinal.<\/h4>\n<p><a href=\"http:\/\/epinalinfos.fr\/2017\/03\/191eme-section-anciens-forces-francaises-allemagne-autriche-vosges-perpetue-souvenir\/p1260613\/\" rel=\"attachment wp-att-110184\"><img decoding=\"async\" class=\" wp-image-110184 alignleft\" src=\"\/2017\/03\/P1260613.jpg\" alt=\"P1260613\" width=\"474\" height=\"355\" \/><\/a>La section compte pr\u00e8s de 110 adh\u00e9rents de tout le d\u00e9partement, de d\u00e9partements ext\u00e9rieurs et d\u2019Allemagne. Elle r\u00e9unit tous ceux qui ont servi en Allemagne de 1945 \u00e0 nos jours. Elle perp\u00e9tue le souvenir et le patrimoine moral communs \u00e0 tous ceux qui ont travaill\u00e9 par ma pr\u00e9sence fran\u00e7aise au maintien ou au r\u00e9tablissement de la paix en favorisant la compr\u00e9hension entre les peuples. Les anciens des forces fran\u00e7aises en Allemagne et en Autriche entretiennent tout au long de l\u2019ann\u00e9e leur participation active, avec leurs drapeaux, aux diverses c\u00e9r\u00e9monies patriotiques.<\/p>\n<p>Le pr\u00e9sident Christian Collin a pr\u00e9sent\u00e9 les rapports moral et financier \u00e0 l\u2019ensemble des adh\u00e9rents ainsi que les festivit\u00e9s \u00e0 venir pour l\u2019ann\u00e9e 2017\u00a0: outre les rencontres conviviales, une visite dans le Haut Doubs en juin, un voyage en Haute-Savoie et le congr\u00e8s national de la f\u00e9d\u00e9ration \u00e0 Nice (Alpes-Maritimes) en septembre et un d\u00e9jeuner d\u2019automne en octobre.<\/p>\n<p>Les personnalit\u00e9s pr\u00e9sentes ont pris la parole puis une d\u00e9l\u00e9gation s\u2019est rendue au monument aux morts, place Foch \u00e0 Epinal pour un d\u00e9p\u00f4t de gerbe.<\/p>\n<p>Tous les participants se sont retrouv\u00e9s \u00e0 l\u2019issue pour la remise de m\u00e9dailles\u00a0: la m\u00e9daille des AFFAA \u00e0 Thierry Hoffmann, la m\u00e9daille des 60 ans de fraternit\u00e9 franco-allemande \u00e0 Albert Sonrier, un troph\u00e9e d\u2019honneur \u00e0 Roland Vincent et la m\u00e9daille d\u2019honneur de la section des Vosges \u00e0 Jean Metzger et Odile Claude.<\/p>\n<p>Toute personne ayant servi en Allemagne ou Autriche peut venir rejoindre la 191<sup>\u00e8me<\/sup> section vosgienne afin de partager ses souvenirs en toute amiti\u00e9 et la renforcer ainsi dans sojn devoir de m\u00e9moire.<\/p>\n<p>Contact peut-\u00eatre pris aupr\u00e8s de son pr\u00e9sident Christian Collin au 03.29.67.43.71 ou sur le site <a href=\"http:\/\/www.affaa.fr\">www.affaa.fr<\/a><\/p>\n<p>C.K.N.<\/p>\n<p>&nbsp;<\/p>\n","protected":false},"excerpt":{"rendered":"<p>La 191\u00e8me section des anciens des forces fran\u00e7aises en Allemagne et en Autriche des Vosges a tenu sa 26\u00e8me assembl\u00e9e [&hellip;]<\/p>\n","protected":false},"author":52,"featured_media":70552,"comment_status":"open","ping_status":"open","sticky":false,"template":"","format":"standard","meta":{"footnotes":""},"categories":[22,5],"tags":[],"class_list":["post-70551","post","type-post","status-publish","format-standard","has-post-thumbnail","hentry","category-a-la-une","category-vosges"],"acf":[],"yoast_head":"<!-- This site is optimized with the Yoast SEO plugin v22.5 - https:\/\/yoast.com\/wordpress\/plugins\/seo\/ -->\n<title>La 191\u00e8me section des anciens des forces fran\u00e7aises en Allemagne et en Autriche des Vosges perp\u00e9tue le souvenir - Epinal Info<\/title>\n<meta name=\"robots\" content=\"index, follow, max-snippet:-1, max-image-preview:large, max-video-preview:-1\" \/>\n<link rel=\"canonical\" href=\"https:\/\/vosgesinfo.fr\/epinalinfo\/2017\/03\/191eme-section-anciens-forces-francaises-allemagne-autriche-vosges-perpetue-souvenir\/\" \/>\n<meta name=\"twitter:card\" content=\"summary_large_image\" \/>\n<meta name=\"twitter:title\" content=\"La 191\u00e8me section des anciens des forces fran\u00e7aises en Allemagne et en Autriche des Vosges perp\u00e9tue le souvenir - Epinal Info\" \/>\n<meta name=\"twitter:description\" content=\"La 191\u00e8me section des anciens des forces fran\u00e7aises en Allemagne et en Autriche des Vosges a tenu sa 26\u00e8me assembl\u00e9e [&hellip;]\" \/>\n<meta name=\"twitter:image\" content=\"https:\/\/vosgesinfo.fr\/app\/uploads\/sites\/3\/2024\/08\/201703p1260613.jpg\" \/>\n<meta name=\"twitter:creator\" content=\"@VosgesInfo88\" \/>\n<meta name=\"twitter:site\" content=\"@VosgesInfo88\" \/>\n<meta name=\"twitter:label1\" content=\"\u00c9crit par\" \/>\n\t<meta name=\"twitter:data1\" content=\"C.K.\" \/>\n\t<meta name=\"twitter:label2\" content=\"Dur\u00e9e de lecture estim\u00e9e\" \/>\n\t<meta name=\"twitter:data2\" content=\"2 minutes\" \/>\n<script type=\"application\/ld+json\" class=\"yoast-schema-graph\">{\"@context\":\"https:\/\/schema.org\",\"@graph\":[{\"@type\":\"Article\",\"@id\":\"https:\/\/vosgesinfo.fr\/epinalinfo\/2017\/03\/191eme-section-anciens-forces-francaises-allemagne-autriche-vosges-perpetue-souvenir\/#article\",\"isPartOf\":{\"@id\":\"https:\/\/vosgesinfo.fr\/epinalinfo\/2017\/03\/191eme-section-anciens-forces-francaises-allemagne-autriche-vosges-perpetue-souvenir\/\"},\"author\":{\"name\":\"C.K.\",\"@id\":\"https:\/\/vosgesinfo.fr\/epinalinfo\/#\/schema\/person\/6f9a650eeea99d969b6c4ab78fccbe81\"},\"headline\":\"La 191\u00e8me section des anciens des forces fran\u00e7aises en Allemagne et en Autriche des Vosges perp\u00e9tue le souvenir\",\"datePublished\":\"2017-03-11T09:36:46+00:00\",\"dateModified\":\"2017-03-11T09:36:46+00:00\",\"mainEntityOfPage\":{\"@id\":\"https:\/\/vosgesinfo.fr\/epinalinfo\/2017\/03\/191eme-section-anciens-forces-francaises-allemagne-autriche-vosges-perpetue-souvenir\/\"},\"wordCount\":367,\"commentCount\":0,\"publisher\":{\"@id\":\"https:\/\/vosgesinfo.fr\/epinalinfo\/#organization\"},\"image\":{\"@id\":\"https:\/\/vosgesinfo.fr\/epinalinfo\/2017\/03\/191eme-section-anciens-forces-francaises-allemagne-autriche-vosges-perpetue-souvenir\/#primaryimage\"},\"thumbnailUrl\":\"https:\/\/vosgesinfo.fr\/app\/uploads\/sites\/3\/2024\/08\/201703p1260613.jpg\",\"articleSection\":[\"A la Une\",\"Vosges\"],\"inLanguage\":\"fr-FR\",\"potentialAction\":[{\"@type\":\"CommentAction\",\"name\":\"Comment\",\"target\":[\"https:\/\/vosgesinfo.fr\/epinalinfo\/2017\/03\/191eme-section-anciens-forces-francaises-allemagne-autriche-vosges-perpetue-souvenir\/#respond\"]}]},{\"@type\":\"WebPage\",\"@id\":\"https:\/\/vosgesinfo.fr\/epinalinfo\/2017\/03\/191eme-section-anciens-forces-francaises-allemagne-autriche-vosges-perpetue-souvenir\/\",\"url\":\"https:\/\/vosgesinfo.fr\/epinalinfo\/2017\/03\/191eme-section-anciens-forces-francaises-allemagne-autriche-vosges-perpetue-souvenir\/\",\"name\":\"La 191\u00e8me section des anciens des forces fran\u00e7aises en Allemagne et en Autriche des Vosges perp\u00e9tue le souvenir - Epinal Info\",\"isPartOf\":{\"@id\":\"https:\/\/vosgesinfo.fr\/epinalinfo\/#website\"},\"primaryImageOfPage\":{\"@id\":\"https:\/\/vosgesinfo.fr\/epinalinfo\/2017\/03\/191eme-section-anciens-forces-francaises-allemagne-autriche-vosges-perpetue-souvenir\/#primaryimage\"},\"image\":{\"@id\":\"https:\/\/vosgesinfo.fr\/epinalinfo\/2017\/03\/191eme-section-anciens-forces-francaises-allemagne-autriche-vosges-perpetue-souvenir\/#primaryimage\"},\"thumbnailUrl\":\"https:\/\/vosgesinfo.fr\/app\/uploads\/sites\/3\/2024\/08\/201703p1260613.jpg\",\"datePublished\":\"2017-03-11T09:36:46+00:00\",\"dateModified\":\"2017-03-11T09:36:46+00:00\",\"breadcrumb\":{\"@id\":\"https:\/\/vosgesinfo.fr\/epinalinfo\/2017\/03\/191eme-section-anciens-forces-francaises-allemagne-autriche-vosges-perpetue-souvenir\/#breadcrumb\"},\"inLanguage\":\"fr-FR\",\"potentialAction\":[{\"@type\":\"ReadAction\",\"target\":[\"https:\/\/vosgesinfo.fr\/epinalinfo\/2017\/03\/191eme-section-anciens-forces-francaises-allemagne-autriche-vosges-perpetue-souvenir\/\"]}]},{\"@type\":\"ImageObject\",\"inLanguage\":\"fr-FR\",\"@id\":\"https:\/\/vosgesinfo.fr\/epinalinfo\/2017\/03\/191eme-section-anciens-forces-francaises-allemagne-autriche-vosges-perpetue-souvenir\/#primaryimage\",\"url\":\"https:\/\/vosgesinfo.fr\/app\/uploads\/sites\/3\/2024\/08\/201703p1260613.jpg\",\"contentUrl\":\"https:\/\/vosgesinfo.fr\/app\/uploads\/sites\/3\/2024\/08\/201703p1260613.jpg\",\"width\":800,\"height\":600},{\"@type\":\"BreadcrumbList\",\"@id\":\"https:\/\/vosgesinfo.fr\/epinalinfo\/2017\/03\/191eme-section-anciens-forces-francaises-allemagne-autriche-vosges-perpetue-souvenir\/#breadcrumb\",\"itemListElement\":[{\"@type\":\"ListItem\",\"position\":1,\"name\":\"Home\",\"item\":\"https:\/\/vosgesinfo.fr\/epinalinfo\/\"},{\"@type\":\"ListItem\",\"position\":2,\"name\":\"La 191\u00e8me section des anciens des forces fran\u00e7aises en Allemagne et en Autriche des Vosges perp\u00e9tue le souvenir\"}]},{\"@type\":\"WebSite\",\"@id\":\"https:\/\/vosgesinfo.fr\/epinalinfo\/#website\",\"url\":\"https:\/\/vosgesinfo.fr\/epinalinfo\/\",\"name\":\"Epinal Info\",\"description\":\"Toute l&#039;actualit\u00e9 d&#039;\u00c9pinal\",\"publisher\":{\"@id\":\"https:\/\/vosgesinfo.fr\/epinalinfo\/#organization\"},\"alternateName\":\"Toute l'actualit\u00e9 d'\u00c9pinal\",\"potentialAction\":[{\"@type\":\"SearchAction\",\"target\":{\"@type\":\"EntryPoint\",\"urlTemplate\":\"https:\/\/vosgesinfo.fr\/epinalinfo\/?s={search_term_string}\"},\"query-input\":\"required name=search_term_string\"}],\"inLanguage\":\"fr-FR\"},{\"@type\":\"Organization\",\"@id\":\"https:\/\/vosgesinfo.fr\/epinalinfo\/#organization\",\"name\":\"Epinal Info\",\"url\":\"https:\/\/vosgesinfo.fr\/epinalinfo\/\",\"logo\":{\"@type\":\"ImageObject\",\"inLanguage\":\"fr-FR\",\"@id\":\"https:\/\/vosgesinfo.fr\/epinalinfo\/#\/schema\/logo\/image\/\",\"url\":\"https:\/\/vosgesinfo.fr\/app\/uploads\/sites\/3\/2023\/08\/logo-epinalinfos.svg\",\"contentUrl\":\"https:\/\/vosgesinfo.fr\/app\/uploads\/sites\/3\/2023\/08\/logo-epinalinfos.svg\",\"width\":1,\"height\":1,\"caption\":\"Epinal Info\"},\"image\":{\"@id\":\"https:\/\/vosgesinfo.fr\/epinalinfo\/#\/schema\/logo\/image\/\"},\"sameAs\":[\"https:\/\/www.facebook.com\/Epinalinfos\",\"https:\/\/x.com\/VosgesInfo88\",\"https:\/\/www.youtube.com\/@vosgesinfo\"]},{\"@type\":\"Person\",\"@id\":\"https:\/\/vosgesinfo.fr\/epinalinfo\/#\/schema\/person\/6f9a650eeea99d969b6c4ab78fccbe81\",\"name\":\"C.K.\",\"image\":{\"@type\":\"ImageObject\",\"inLanguage\":\"fr-FR\",\"@id\":\"https:\/\/vosgesinfo.fr\/epinalinfo\/#\/schema\/person\/image\/\",\"url\":\"https:\/\/secure.gravatar.com\/avatar\/48e3fc7f8421ba8942be6b74a2b7f014ca39bc00dece156b7a8e098ae7dc87bf?s=96&d=mm&r=g\",\"contentUrl\":\"https:\/\/secure.gravatar.com\/avatar\/48e3fc7f8421ba8942be6b74a2b7f014ca39bc00dece156b7a8e098ae7dc87bf?s=96&d=mm&r=g\",\"caption\":\"C.K.\"},\"url\":\"https:\/\/vosgesinfo.fr\/epinalinfo\/author\/celia-k-n\/\"}]}<\/script>\n<!-- \/ Yoast SEO plugin. -->","yoast_head_json":{"title":"La 191\u00e8me section des anciens des forces fran\u00e7aises en Allemagne et en Autriche des Vosges perp\u00e9tue le souvenir - Epinal Info","robots":{"index":"index","follow":"follow","max-snippet":"max-snippet:-1","max-image-preview":"max-image-preview:large","max-video-preview":"max-video-preview:-1"},"canonical":"https:\/\/vosgesinfo.fr\/epinalinfo\/2017\/03\/191eme-section-anciens-forces-francaises-allemagne-autriche-vosges-perpetue-souvenir\/","twitter_card":"summary_large_image","twitter_title":"La 191\u00e8me section des anciens des forces fran\u00e7aises en Allemagne et en Autriche des Vosges perp\u00e9tue le souvenir - Epinal Info","twitter_description":"La 191\u00e8me section des anciens des forces fran\u00e7aises en Allemagne et en Autriche des Vosges a tenu sa 26\u00e8me assembl\u00e9e [&hellip;]","twitter_image":"https:\/\/vosgesinfo.fr\/app\/uploads\/sites\/3\/2024\/08\/201703p1260613.jpg","twitter_creator":"@VosgesInfo88","twitter_site":"@VosgesInfo88","twitter_misc":{"\u00c9crit par":"C.K.","Dur\u00e9e de lecture estim\u00e9e":"2 minutes"},"schema":{"@context":"https:\/\/schema.org","@graph":[{"@type":"Article","@id":"https:\/\/vosgesinfo.fr\/epinalinfo\/2017\/03\/191eme-section-anciens-forces-francaises-allemagne-autriche-vosges-perpetue-souvenir\/#article","isPartOf":{"@id":"https:\/\/vosgesinfo.fr\/epinalinfo\/2017\/03\/191eme-section-anciens-forces-francaises-allemagne-autriche-vosges-perpetue-souvenir\/"},"author":{"name":"C.K.","@id":"https:\/\/vosgesinfo.fr\/epinalinfo\/#\/schema\/person\/6f9a650eeea99d969b6c4ab78fccbe81"},"headline":"La 191\u00e8me section des anciens des forces fran\u00e7aises en Allemagne et en Autriche des Vosges perp\u00e9tue le souvenir","datePublished":"2017-03-11T09:36:46+00:00","dateModified":"2017-03-11T09:36:46+00:00","mainEntityOfPage":{"@id":"https:\/\/vosgesinfo.fr\/epinalinfo\/2017\/03\/191eme-section-anciens-forces-francaises-allemagne-autriche-vosges-perpetue-souvenir\/"},"wordCount":367,"commentCount":0,"publisher":{"@id":"https:\/\/vosgesinfo.fr\/epinalinfo\/#organization"},"image":{"@id":"https:\/\/vosgesinfo.fr\/epinalinfo\/2017\/03\/191eme-section-anciens-forces-francaises-allemagne-autriche-vosges-perpetue-souvenir\/#primaryimage"},"thumbnailUrl":"https:\/\/vosgesinfo.fr\/app\/uploads\/sites\/3\/2024\/08\/201703p1260613.jpg","articleSection":["A la Une","Vosges"],"inLanguage":"fr-FR","potentialAction":[{"@type":"CommentAction","name":"Comment","target":["https:\/\/vosgesinfo.fr\/epinalinfo\/2017\/03\/191eme-section-anciens-forces-francaises-allemagne-autriche-vosges-perpetue-souvenir\/#respond"]}]},{"@type":"WebPage","@id":"https:\/\/vosgesinfo.fr\/epinalinfo\/2017\/03\/191eme-section-anciens-forces-francaises-allemagne-autriche-vosges-perpetue-souvenir\/","url":"https:\/\/vosgesinfo.fr\/epinalinfo\/2017\/03\/191eme-section-anciens-forces-francaises-allemagne-autriche-vosges-perpetue-souvenir\/","name":"La 191\u00e8me section des anciens des forces fran\u00e7aises en Allemagne et en Autriche des Vosges perp\u00e9tue le souvenir - Epinal Info","isPartOf":{"@id":"https:\/\/vosgesinfo.fr\/epinalinfo\/#website"},"primaryImageOfPage":{"@id":"https:\/\/vosgesinfo.fr\/epinalinfo\/2017\/03\/191eme-section-anciens-forces-francaises-allemagne-autriche-vosges-perpetue-souvenir\/#primaryimage"},"image":{"@id":"https:\/\/vosgesinfo.fr\/epinalinfo\/2017\/03\/191eme-section-anciens-forces-francaises-allemagne-autriche-vosges-perpetue-souvenir\/#primaryimage"},"thumbnailUrl":"https:\/\/vosgesinfo.fr\/app\/uploads\/sites\/3\/2024\/08\/201703p1260613.jpg","datePublished":"2017-03-11T09:36:46+00:00","dateModified":"2017-03-11T09:36:46+00:00","breadcrumb":{"@id":"https:\/\/vosgesinfo.fr\/epinalinfo\/2017\/03\/191eme-section-anciens-forces-francaises-allemagne-autriche-vosges-perpetue-souvenir\/#breadcrumb"},"inLanguage":"fr-FR","potentialAction":[{"@type":"ReadAction","target":["https:\/\/vosgesinfo.fr\/epinalinfo\/2017\/03\/191eme-section-anciens-forces-francaises-allemagne-autriche-vosges-perpetue-souvenir\/"]}]},{"@type":"ImageObject","inLanguage":"fr-FR","@id":"https:\/\/vosgesinfo.fr\/epinalinfo\/2017\/03\/191eme-section-anciens-forces-francaises-allemagne-autriche-vosges-perpetue-souvenir\/#primaryimage","url":"https:\/\/vosgesinfo.fr\/app\/uploads\/sites\/3\/2024\/08\/201703p1260613.jpg","contentUrl":"https:\/\/vosgesinfo.fr\/app\/uploads\/sites\/3\/2024\/08\/201703p1260613.jpg","width":800,"height":600},{"@type":"BreadcrumbList","@id":"https:\/\/vosgesinfo.fr\/epinalinfo\/2017\/03\/191eme-section-anciens-forces-francaises-allemagne-autriche-vosges-perpetue-souvenir\/#breadcrumb","itemListElement":[{"@type":"ListItem","position":1,"name":"Home","item":"https:\/\/vosgesinfo.fr\/epinalinfo\/"},{"@type":"ListItem","position":2,"name":"La 191\u00e8me section des anciens des forces fran\u00e7aises en Allemagne et en Autriche des Vosges perp\u00e9tue le souvenir"}]},{"@type":"WebSite","@id":"https:\/\/vosgesinfo.fr\/epinalinfo\/#website","url":"https:\/\/vosgesinfo.fr\/epinalinfo\/","name":"Epinal Info","description":"Toute l&#039;actualit\u00e9 d&#039;\u00c9pinal","publisher":{"@id":"https:\/\/vosgesinfo.fr\/epinalinfo\/#organization"},"alternateName":"Toute l'actualit\u00e9 d'\u00c9pinal","potentialAction":[{"@type":"SearchAction","target":{"@type":"EntryPoint","urlTemplate":"https:\/\/vosgesinfo.fr\/epinalinfo\/?s={search_term_string}"},"query-input":"required name=search_term_string"}],"inLanguage":"fr-FR"},{"@type":"Organization","@id":"https:\/\/vosgesinfo.fr\/epinalinfo\/#organization","name":"Epinal Info","url":"https:\/\/vosgesinfo.fr\/epinalinfo\/","logo":{"@type":"ImageObject","inLanguage":"fr-FR","@id":"https:\/\/vosgesinfo.fr\/epinalinfo\/#\/schema\/logo\/image\/","url":"https:\/\/vosgesinfo.fr\/app\/uploads\/sites\/3\/2023\/08\/logo-epinalinfos.svg","contentUrl":"https:\/\/vosgesinfo.fr\/app\/uploads\/sites\/3\/2023\/08\/logo-epinalinfos.svg","width":1,"height":1,"caption":"Epinal Info"},"image":{"@id":"https:\/\/vosgesinfo.fr\/epinalinfo\/#\/schema\/logo\/image\/"},"sameAs":["https:\/\/www.facebook.com\/Epinalinfos","https:\/\/x.com\/VosgesInfo88","https:\/\/www.youtube.com\/@vosgesinfo"]},{"@type":"Person","@id":"https:\/\/vosgesinfo.fr\/epinalinfo\/#\/schema\/person\/6f9a650eeea99d969b6c4ab78fccbe81","name":"C.K.","image":{"@type":"ImageObject","inLanguage":"fr-FR","@id":"https:\/\/vosgesinfo.fr\/epinalinfo\/#\/schema\/person\/image\/","url":"https:\/\/secure.gravatar.com\/avatar\/48e3fc7f8421ba8942be6b74a2b7f014ca39bc00dece156b7a8e098ae7dc87bf?s=96&d=mm&r=g","contentUrl":"https:\/\/secure.gravatar.com\/avatar\/48e3fc7f8421ba8942be6b74a2b7f014ca39bc00dece156b7a8e098ae7dc87bf?s=96&d=mm&r=g","caption":"C.K."},"url":"https:\/\/vosgesinfo.fr\/epinalinfo\/author\/celia-k-n\/"}]}},"_links":{"self":[{"href":"https:\/\/vosgesinfo.fr\/epinalinfo\/wp-json\/wp\/v2\/posts\/70551","targetHints":{"allow":["GET"]}}],"collection":[{"href":"https:\/\/vosgesinfo.fr\/epinalinfo\/wp-json\/wp\/v2\/posts"}],"about":[{"href":"https:\/\/vosgesinfo.fr\/epinalinfo\/wp-json\/wp\/v2\/types\/post"}],"author":[{"embeddable":true,"href":"https:\/\/vosgesinfo.fr\/epinalinfo\/wp-json\/wp\/v2\/users\/52"}],"replies":[{"embeddable":true,"href":"https:\/\/vosgesinfo.fr\/epinalinfo\/wp-json\/wp\/v2\/comments?post=70551"}],"version-history":[{"count":0,"href":"https:\/\/vosgesinfo.fr\/epinalinfo\/wp-json\/wp\/v2\/posts\/70551\/revisions"}],"wp:featuredmedia":[{"embeddable":true,"href":"https:\/\/vosgesinfo.fr\/epinalinfo\/wp-json\/wp\/v2\/media\/70552"}],"wp:attachment":[{"href":"https:\/\/vosgesinfo.fr\/epinalinfo\/wp-json\/wp\/v2\/media?parent=70551"}],"wp:term":[{"taxonomy":"category","embeddable":true,"href":"https:\/\/vosgesinfo.fr\/epinalinfo\/wp-json\/wp\/v2\/categories?post=70551"},{"taxonomy":"post_tag","embeddable":true,"href":"https:\/\/vosgesinfo.fr\/epinalinfo\/wp-json\/wp\/v2\/tags?post=70551"}],"curies":[{"name":"wp","href":"https:\/\/api.w.org\/{rel}","templated":true}]}}