{"id":70564,"date":"2017-03-11T12:28:46","date_gmt":"2017-03-11T11:28:46","guid":{"rendered":"https:\/\/vosgesinfo.fr\/epinalinfo\/2017\/03\/semaine-de-lartisanat-miss-vosges-2016-apprentie-patissiere-peche-mignon\/"},"modified":"2017-03-11T12:28:46","modified_gmt":"2017-03-11T11:28:46","slug":"semaine-de-lartisanat-miss-vosges-2016-apprentie-patissiere-peche-mignon","status":"publish","type":"post","link":"https:\/\/vosgesinfo.fr\/epinalinfo\/2017\/03\/semaine-de-lartisanat-miss-vosges-2016-apprentie-patissiere-peche-mignon\/","title":{"rendered":"Semaine de l\u2019artisanat : Miss Vosges 2016 apprentie p\u00e2tissi\u00e8re au P\u00e9ch\u00e9 Mignon"},"content":{"rendered":"<h4><a href=\"http:\/\/epinalinfos.fr\/2017\/03\/semaine-de-lartisanat-miss-vosges-2016-apprentie-patissiere-peche-mignon\/p1260642-2\/\" rel=\"attachment wp-att-110200\"><img decoding=\"async\" class=\"aligncenter size-full wp-image-110200\" src=\"\/2017\/03\/P1260642.jpg\" alt=\"P1260642\" width=\"800\" height=\"600\" \/><\/a>Du 11 au 16 mars, c\u2019est la Semaine nationale de l\u2019artisanat. Pour mettre en valeur le savoir-faire des artisans vosgiens, la Chambre de m\u00e9tiers et de l\u2019artisanat des Vosges a eu l\u2019id\u00e9e de faire participer six personnalit\u00e9s vosgiennes.<\/h4>\n<p>Ce samedi, Oph\u00e9lie Protin, Miss Vosges 2016 a pu apprendre \u00e0 manier la poche \u00e0 douille pour faire de la p\u00e2tisserie avec Francis Vaxelaire, au sein de son enseigne Le P\u00e9ch\u00e9 Mignon \u00e0 Epinal. Oph\u00e9lie Protin nous confie qu\u2019elle aime bien la p\u00e2tisserie. <em>\u00ab\u00a0J\u2019aime bien manger\u00a0! Il faut se faire plaisir de temps en temps, m\u00eame quand on est miss. Apr\u00e8s on fait du sport pour compenser\u00a0\u00bb<\/em> commente-t-elle.<\/p>\n<p>La miss est arriv\u00e9e \u00e0 8h ce samedi matin dans le laboratoire du p\u00e2tissier pour se mettre dans la peau d\u2019une apprentie p\u00e2tissi\u00e8re. Un r\u00f4le qu\u2019elle prend tr\u00e8s \u00e0 c\u0153ur. <em>\u00ab\u00a0J\u2019avais tr\u00e8s envie de d\u00e9couvrir l\u2019univers de l\u2019artisanat. J\u2019ai pu apprendre \u00e0 r\u00e9aliser des macarons \u00e0 la mirabelle et \u00e0 la fraise et confectionner quelques roses qui serviront de d\u00e9cors pour les g\u00e2teaux.\u00a0\u00bb<\/em> poursuit-elle alors qu\u2019elle garnit les coques des macarons d\u2019une ganache au fruit d\u2019or du verger Lorrain.<\/p>\n<p>Pour le p\u00e2tissier spinalien, Francis Vaxelaire, cette semaine de l\u2019artisanat lui permet aussi de faire d\u00e9couvrir le m\u00e9tier<em>. \u00ab\u00a0Le m\u00e9tier de p\u00e2tissier s\u00e9duit, mais malgr\u00e9 tout il faut sans cesse communiquer\u00a0\u00bb <\/em>explique l\u2019artisan vosgien. Un m\u00e9tier qui s\u2019ouvre d\u2019ailleurs petit \u00e0 petit avec de plus en plus de femmes. <em>\u00ab\u00a0On a \u00e9norm\u00e9ment de demandes de jeunes femmes alors qu\u2019il y a 15-20 ans il n\u2019y avait quasiment pas de filles\u00a0\u00bb<\/em> poursuit Francis Vaxelaire, form\u00e9 au CFA d\u2019Epinal et p\u00e2tissier depuis pr\u00e8s de 40 ans. Pour lui c&rsquo;est un m\u00e9tier passionnant, o\u00f9 on apprend tout au long de la vie. <em>\u00ab\u00a0Il faut toujours \u00e9voluer et se former pour apprendre de nouvelles techniques\u00a0\u00bb<\/em>. Parmi les sp\u00e9cialit\u00e9s de la p\u00e2tisserie spinalienne, les macarons et les g\u00e2teaux comme celui \u00e0 la cr\u00e8me de yuzu et \u00e0 l&rsquo;huile d&rsquo;olive au lieu du beurre.<\/p>\n<p>Cinq autres rendez-vous sont programm\u00e9s avec des VIP vosgiens qui joueront les apprentis. L\u2019ultra-trailer St\u00e9phane Brogniard sera apprenti \u00e0 la Menuiserie le Bois \u00e0 c\u0153ur de Granges-sur-Vologne, ce lundi, le cycliste professionnel Steve Chainel d\u00e9couvrira la fabrication et la pose de proth\u00e8ses dentaires au Laboratoire d\u2019Alguerre \u00e0 Epinal mardi prochain, la journaliste Sophie Sap rejoindra l\u2019Atelier de lutherie spinalien, le Manager g\u00e9n\u00e9ral des Gamyo, Anthony Maurice, roulera des m\u00e9caniques chez un garagiste f\u00e9ru d\u2019anglaises et le duo d\u2019artistes musicaux Fergessen, abandonnera quelques instants l\u2019enregistrement de son nouvel album pour aller planter des clous chez un tapissier en si\u00e8ge \u00e0 Saint-Di\u00e9-des-Vosges.<\/p>\n<p>C.K.N.<\/p>\n\n\t\t<style type=\"text\/css\">\n\t\t\t#gallery-1 {\n\t\t\t\tmargin: auto;\n\t\t\t}\n\t\t\t#gallery-1 .gallery-item {\n\t\t\t\tfloat: left;\n\t\t\t\tmargin-top: 10px;\n\t\t\t\ttext-align: center;\n\t\t\t\twidth: 33%;\n\t\t\t}\n\t\t\t#gallery-1 img {\n\t\t\t\tborder: 2px solid #cfcfcf;\n\t\t\t}\n\t\t\t#gallery-1 .gallery-caption {\n\t\t\t\tmargin-left: 0;\n\t\t\t}\n\t\t\t\/* see gallery_shortcode() in wp-includes\/media.php *\/\n\t\t<\/style>\n\t\t<div id='gallery-1' class='gallery galleryid-70564 gallery-columns-3 gallery-size-medium'><dl class='gallery-item'>\n\t\t\t<dt class='gallery-icon landscape'>\n\t\t\t\t<a href='https:\/\/vosgesinfo.fr\/app\/uploads\/sites\/3\/2024\/08\/202106ben-mo2-3.jpg'><img decoding=\"async\" width=\"300\" height=\"200\" src=\"https:\/\/vosgesinfo.fr\/app\/uploads\/sites\/3\/2024\/08\/202106ben-mo2-3-300x200.jpg\" class=\"attachment-medium size-medium\" alt=\"\" srcset=\"https:\/\/vosgesinfo.fr\/app\/uploads\/sites\/3\/2024\/08\/202106ben-mo2-3-300x200.jpg 300w, https:\/\/vosgesinfo.fr\/app\/uploads\/sites\/3\/2024\/08\/202106ben-mo2-3-768x512.jpg 768w, https:\/\/vosgesinfo.fr\/app\/uploads\/sites\/3\/2024\/08\/202106ben-mo2-3.jpg 800w\" sizes=\"(max-width: 300px) 100vw, 300px\" \/><\/a>\n\t\t\t<\/dt><\/dl><dl class='gallery-item'>\n\t\t\t<dt class='gallery-icon landscape'>\n\t\t\t\t<a href='https:\/\/vosgesinfo.fr\/app\/uploads\/sites\/3\/2024\/08\/202106vosges-en-commun-departementales-2021-9.jpg'><img decoding=\"async\" width=\"300\" height=\"212\" src=\"https:\/\/vosgesinfo.fr\/app\/uploads\/sites\/3\/2024\/08\/202106vosges-en-commun-departementales-2021-9-300x212.jpg\" class=\"attachment-medium size-medium\" alt=\"\" srcset=\"https:\/\/vosgesinfo.fr\/app\/uploads\/sites\/3\/2024\/08\/202106vosges-en-commun-departementales-2021-9-300x212.jpg 300w, https:\/\/vosgesinfo.fr\/app\/uploads\/sites\/3\/2024\/08\/202106vosges-en-commun-departementales-2021-9-768x543.jpg 768w, https:\/\/vosgesinfo.fr\/app\/uploads\/sites\/3\/2024\/08\/202106vosges-en-commun-departementales-2021-9.jpg 800w\" sizes=\"(max-width: 300px) 100vw, 300px\" \/><\/a>\n\t\t\t<\/dt><\/dl>\n\t\t\t<br style='clear: both' \/>\n\t\t<\/div>\n\n<p>&nbsp;<\/p>\n","protected":false},"excerpt":{"rendered":"<p>Du 11 au 16 mars, c\u2019est la Semaine nationale de l\u2019artisanat. Pour mettre en valeur le savoir-faire des artisans vosgiens, [&hellip;]<\/p>\n","protected":false},"author":52,"featured_media":70565,"comment_status":"open","ping_status":"open","sticky":false,"template":"","format":"standard","meta":{"footnotes":""},"categories":[22,24,10],"tags":[],"class_list":["post-70564","post","type-post","status-publish","format-standard","has-post-thumbnail","hentry","category-a-la-une","category-epinal","category-societe"],"acf":[],"yoast_head":"<!-- This site is optimized with the Yoast SEO plugin v22.5 - https:\/\/yoast.com\/wordpress\/plugins\/seo\/ -->\n<title>Semaine de l\u2019artisanat : Miss Vosges 2016 apprentie p\u00e2tissi\u00e8re au P\u00e9ch\u00e9 Mignon - Epinal Info<\/title>\n<meta name=\"robots\" content=\"index, follow, max-snippet:-1, max-image-preview:large, max-video-preview:-1\" \/>\n<link rel=\"canonical\" href=\"https:\/\/vosgesinfo.fr\/epinalinfo\/2017\/03\/semaine-de-lartisanat-miss-vosges-2016-apprentie-patissiere-peche-mignon\/\" \/>\n<meta name=\"twitter:card\" content=\"summary_large_image\" \/>\n<meta name=\"twitter:title\" content=\"Semaine de l\u2019artisanat : Miss Vosges 2016 apprentie p\u00e2tissi\u00e8re au P\u00e9ch\u00e9 Mignon - Epinal Info\" \/>\n<meta name=\"twitter:description\" content=\"Du 11 au 16 mars, c\u2019est la Semaine nationale de l\u2019artisanat. Pour mettre en valeur le savoir-faire des artisans vosgiens, [&hellip;]\" \/>\n<meta name=\"twitter:image\" content=\"https:\/\/vosgesinfo.fr\/app\/uploads\/sites\/3\/2024\/08\/201703p1260642.jpg\" \/>\n<meta name=\"twitter:creator\" content=\"@VosgesInfo88\" \/>\n<meta name=\"twitter:site\" content=\"@VosgesInfo88\" \/>\n<meta name=\"twitter:label1\" content=\"\u00c9crit par\" \/>\n\t<meta name=\"twitter:data1\" content=\"C.K.\" \/>\n\t<meta name=\"twitter:label2\" content=\"Dur\u00e9e de lecture estim\u00e9e\" \/>\n\t<meta name=\"twitter:data2\" content=\"2 minutes\" \/>\n<script type=\"application\/ld+json\" class=\"yoast-schema-graph\">{\"@context\":\"https:\/\/schema.org\",\"@graph\":[{\"@type\":\"Article\",\"@id\":\"https:\/\/vosgesinfo.fr\/epinalinfo\/2017\/03\/semaine-de-lartisanat-miss-vosges-2016-apprentie-patissiere-peche-mignon\/#article\",\"isPartOf\":{\"@id\":\"https:\/\/vosgesinfo.fr\/epinalinfo\/2017\/03\/semaine-de-lartisanat-miss-vosges-2016-apprentie-patissiere-peche-mignon\/\"},\"author\":{\"name\":\"C.K.\",\"@id\":\"https:\/\/vosgesinfo.fr\/epinalinfo\/#\/schema\/person\/6f9a650eeea99d969b6c4ab78fccbe81\"},\"headline\":\"Semaine de l\u2019artisanat : Miss Vosges 2016 apprentie p\u00e2tissi\u00e8re au P\u00e9ch\u00e9 Mignon\",\"datePublished\":\"2017-03-11T11:28:46+00:00\",\"dateModified\":\"2017-03-11T11:28:46+00:00\",\"mainEntityOfPage\":{\"@id\":\"https:\/\/vosgesinfo.fr\/epinalinfo\/2017\/03\/semaine-de-lartisanat-miss-vosges-2016-apprentie-patissiere-peche-mignon\/\"},\"wordCount\":512,\"commentCount\":0,\"publisher\":{\"@id\":\"https:\/\/vosgesinfo.fr\/epinalinfo\/#organization\"},\"image\":{\"@id\":\"https:\/\/vosgesinfo.fr\/epinalinfo\/2017\/03\/semaine-de-lartisanat-miss-vosges-2016-apprentie-patissiere-peche-mignon\/#primaryimage\"},\"thumbnailUrl\":\"https:\/\/vosgesinfo.fr\/app\/uploads\/sites\/3\/2024\/08\/201703p1260642.jpg\",\"articleSection\":[\"A la Une\",\"Epinal\",\"Soci\u00e9t\u00e9\"],\"inLanguage\":\"fr-FR\",\"potentialAction\":[{\"@type\":\"CommentAction\",\"name\":\"Comment\",\"target\":[\"https:\/\/vosgesinfo.fr\/epinalinfo\/2017\/03\/semaine-de-lartisanat-miss-vosges-2016-apprentie-patissiere-peche-mignon\/#respond\"]}]},{\"@type\":\"WebPage\",\"@id\":\"https:\/\/vosgesinfo.fr\/epinalinfo\/2017\/03\/semaine-de-lartisanat-miss-vosges-2016-apprentie-patissiere-peche-mignon\/\",\"url\":\"https:\/\/vosgesinfo.fr\/epinalinfo\/2017\/03\/semaine-de-lartisanat-miss-vosges-2016-apprentie-patissiere-peche-mignon\/\",\"name\":\"Semaine de l\u2019artisanat : Miss Vosges 2016 apprentie p\u00e2tissi\u00e8re au P\u00e9ch\u00e9 Mignon - Epinal Info\",\"isPartOf\":{\"@id\":\"https:\/\/vosgesinfo.fr\/epinalinfo\/#website\"},\"primaryImageOfPage\":{\"@id\":\"https:\/\/vosgesinfo.fr\/epinalinfo\/2017\/03\/semaine-de-lartisanat-miss-vosges-2016-apprentie-patissiere-peche-mignon\/#primaryimage\"},\"image\":{\"@id\":\"https:\/\/vosgesinfo.fr\/epinalinfo\/2017\/03\/semaine-de-lartisanat-miss-vosges-2016-apprentie-patissiere-peche-mignon\/#primaryimage\"},\"thumbnailUrl\":\"https:\/\/vosgesinfo.fr\/app\/uploads\/sites\/3\/2024\/08\/201703p1260642.jpg\",\"datePublished\":\"2017-03-11T11:28:46+00:00\",\"dateModified\":\"2017-03-11T11:28:46+00:00\",\"breadcrumb\":{\"@id\":\"https:\/\/vosgesinfo.fr\/epinalinfo\/2017\/03\/semaine-de-lartisanat-miss-vosges-2016-apprentie-patissiere-peche-mignon\/#breadcrumb\"},\"inLanguage\":\"fr-FR\",\"potentialAction\":[{\"@type\":\"ReadAction\",\"target\":[\"https:\/\/vosgesinfo.fr\/epinalinfo\/2017\/03\/semaine-de-lartisanat-miss-vosges-2016-apprentie-patissiere-peche-mignon\/\"]}]},{\"@type\":\"ImageObject\",\"inLanguage\":\"fr-FR\",\"@id\":\"https:\/\/vosgesinfo.fr\/epinalinfo\/2017\/03\/semaine-de-lartisanat-miss-vosges-2016-apprentie-patissiere-peche-mignon\/#primaryimage\",\"url\":\"https:\/\/vosgesinfo.fr\/app\/uploads\/sites\/3\/2024\/08\/201703p1260642.jpg\",\"contentUrl\":\"https:\/\/vosgesinfo.fr\/app\/uploads\/sites\/3\/2024\/08\/201703p1260642.jpg\",\"width\":800,\"height\":600},{\"@type\":\"BreadcrumbList\",\"@id\":\"https:\/\/vosgesinfo.fr\/epinalinfo\/2017\/03\/semaine-de-lartisanat-miss-vosges-2016-apprentie-patissiere-peche-mignon\/#breadcrumb\",\"itemListElement\":[{\"@type\":\"ListItem\",\"position\":1,\"name\":\"Home\",\"item\":\"https:\/\/vosgesinfo.fr\/epinalinfo\/\"},{\"@type\":\"ListItem\",\"position\":2,\"name\":\"Semaine de l\u2019artisanat : Miss Vosges 2016 apprentie p\u00e2tissi\u00e8re au P\u00e9ch\u00e9 Mignon\"}]},{\"@type\":\"WebSite\",\"@id\":\"https:\/\/vosgesinfo.fr\/epinalinfo\/#website\",\"url\":\"https:\/\/vosgesinfo.fr\/epinalinfo\/\",\"name\":\"Epinal Info\",\"description\":\"Toute l&#039;actualit\u00e9 d&#039;\u00c9pinal\",\"publisher\":{\"@id\":\"https:\/\/vosgesinfo.fr\/epinalinfo\/#organization\"},\"alternateName\":\"Toute l'actualit\u00e9 d'\u00c9pinal\",\"potentialAction\":[{\"@type\":\"SearchAction\",\"target\":{\"@type\":\"EntryPoint\",\"urlTemplate\":\"https:\/\/vosgesinfo.fr\/epinalinfo\/?s={search_term_string}\"},\"query-input\":\"required name=search_term_string\"}],\"inLanguage\":\"fr-FR\"},{\"@type\":\"Organization\",\"@id\":\"https:\/\/vosgesinfo.fr\/epinalinfo\/#organization\",\"name\":\"Epinal Info\",\"url\":\"https:\/\/vosgesinfo.fr\/epinalinfo\/\",\"logo\":{\"@type\":\"ImageObject\",\"inLanguage\":\"fr-FR\",\"@id\":\"https:\/\/vosgesinfo.fr\/epinalinfo\/#\/schema\/logo\/image\/\",\"url\":\"https:\/\/vosgesinfo.fr\/app\/uploads\/sites\/3\/2023\/08\/logo-epinalinfos.svg\",\"contentUrl\":\"https:\/\/vosgesinfo.fr\/app\/uploads\/sites\/3\/2023\/08\/logo-epinalinfos.svg\",\"width\":1,\"height\":1,\"caption\":\"Epinal Info\"},\"image\":{\"@id\":\"https:\/\/vosgesinfo.fr\/epinalinfo\/#\/schema\/logo\/image\/\"},\"sameAs\":[\"https:\/\/www.facebook.com\/Epinalinfos\",\"https:\/\/x.com\/VosgesInfo88\",\"https:\/\/www.youtube.com\/@vosgesinfo\"]},{\"@type\":\"Person\",\"@id\":\"https:\/\/vosgesinfo.fr\/epinalinfo\/#\/schema\/person\/6f9a650eeea99d969b6c4ab78fccbe81\",\"name\":\"C.K.\",\"image\":{\"@type\":\"ImageObject\",\"inLanguage\":\"fr-FR\",\"@id\":\"https:\/\/vosgesinfo.fr\/epinalinfo\/#\/schema\/person\/image\/\",\"url\":\"https:\/\/secure.gravatar.com\/avatar\/48e3fc7f8421ba8942be6b74a2b7f014ca39bc00dece156b7a8e098ae7dc87bf?s=96&d=mm&r=g\",\"contentUrl\":\"https:\/\/secure.gravatar.com\/avatar\/48e3fc7f8421ba8942be6b74a2b7f014ca39bc00dece156b7a8e098ae7dc87bf?s=96&d=mm&r=g\",\"caption\":\"C.K.\"},\"url\":\"https:\/\/vosgesinfo.fr\/epinalinfo\/author\/celia-k-n\/\"}]}<\/script>\n<!-- \/ Yoast SEO plugin. -->","yoast_head_json":{"title":"Semaine de l\u2019artisanat : Miss Vosges 2016 apprentie p\u00e2tissi\u00e8re au P\u00e9ch\u00e9 Mignon - Epinal Info","robots":{"index":"index","follow":"follow","max-snippet":"max-snippet:-1","max-image-preview":"max-image-preview:large","max-video-preview":"max-video-preview:-1"},"canonical":"https:\/\/vosgesinfo.fr\/epinalinfo\/2017\/03\/semaine-de-lartisanat-miss-vosges-2016-apprentie-patissiere-peche-mignon\/","twitter_card":"summary_large_image","twitter_title":"Semaine de l\u2019artisanat : Miss Vosges 2016 apprentie p\u00e2tissi\u00e8re au P\u00e9ch\u00e9 Mignon - Epinal Info","twitter_description":"Du 11 au 16 mars, c\u2019est la Semaine nationale de l\u2019artisanat. Pour mettre en valeur le savoir-faire des artisans vosgiens, [&hellip;]","twitter_image":"https:\/\/vosgesinfo.fr\/app\/uploads\/sites\/3\/2024\/08\/201703p1260642.jpg","twitter_creator":"@VosgesInfo88","twitter_site":"@VosgesInfo88","twitter_misc":{"\u00c9crit par":"C.K.","Dur\u00e9e de lecture estim\u00e9e":"2 minutes"},"schema":{"@context":"https:\/\/schema.org","@graph":[{"@type":"Article","@id":"https:\/\/vosgesinfo.fr\/epinalinfo\/2017\/03\/semaine-de-lartisanat-miss-vosges-2016-apprentie-patissiere-peche-mignon\/#article","isPartOf":{"@id":"https:\/\/vosgesinfo.fr\/epinalinfo\/2017\/03\/semaine-de-lartisanat-miss-vosges-2016-apprentie-patissiere-peche-mignon\/"},"author":{"name":"C.K.","@id":"https:\/\/vosgesinfo.fr\/epinalinfo\/#\/schema\/person\/6f9a650eeea99d969b6c4ab78fccbe81"},"headline":"Semaine de l\u2019artisanat : Miss Vosges 2016 apprentie p\u00e2tissi\u00e8re au P\u00e9ch\u00e9 Mignon","datePublished":"2017-03-11T11:28:46+00:00","dateModified":"2017-03-11T11:28:46+00:00","mainEntityOfPage":{"@id":"https:\/\/vosgesinfo.fr\/epinalinfo\/2017\/03\/semaine-de-lartisanat-miss-vosges-2016-apprentie-patissiere-peche-mignon\/"},"wordCount":512,"commentCount":0,"publisher":{"@id":"https:\/\/vosgesinfo.fr\/epinalinfo\/#organization"},"image":{"@id":"https:\/\/vosgesinfo.fr\/epinalinfo\/2017\/03\/semaine-de-lartisanat-miss-vosges-2016-apprentie-patissiere-peche-mignon\/#primaryimage"},"thumbnailUrl":"https:\/\/vosgesinfo.fr\/app\/uploads\/sites\/3\/2024\/08\/201703p1260642.jpg","articleSection":["A la Une","Epinal","Soci\u00e9t\u00e9"],"inLanguage":"fr-FR","potentialAction":[{"@type":"CommentAction","name":"Comment","target":["https:\/\/vosgesinfo.fr\/epinalinfo\/2017\/03\/semaine-de-lartisanat-miss-vosges-2016-apprentie-patissiere-peche-mignon\/#respond"]}]},{"@type":"WebPage","@id":"https:\/\/vosgesinfo.fr\/epinalinfo\/2017\/03\/semaine-de-lartisanat-miss-vosges-2016-apprentie-patissiere-peche-mignon\/","url":"https:\/\/vosgesinfo.fr\/epinalinfo\/2017\/03\/semaine-de-lartisanat-miss-vosges-2016-apprentie-patissiere-peche-mignon\/","name":"Semaine de l\u2019artisanat : Miss Vosges 2016 apprentie p\u00e2tissi\u00e8re au P\u00e9ch\u00e9 Mignon - Epinal Info","isPartOf":{"@id":"https:\/\/vosgesinfo.fr\/epinalinfo\/#website"},"primaryImageOfPage":{"@id":"https:\/\/vosgesinfo.fr\/epinalinfo\/2017\/03\/semaine-de-lartisanat-miss-vosges-2016-apprentie-patissiere-peche-mignon\/#primaryimage"},"image":{"@id":"https:\/\/vosgesinfo.fr\/epinalinfo\/2017\/03\/semaine-de-lartisanat-miss-vosges-2016-apprentie-patissiere-peche-mignon\/#primaryimage"},"thumbnailUrl":"https:\/\/vosgesinfo.fr\/app\/uploads\/sites\/3\/2024\/08\/201703p1260642.jpg","datePublished":"2017-03-11T11:28:46+00:00","dateModified":"2017-03-11T11:28:46+00:00","breadcrumb":{"@id":"https:\/\/vosgesinfo.fr\/epinalinfo\/2017\/03\/semaine-de-lartisanat-miss-vosges-2016-apprentie-patissiere-peche-mignon\/#breadcrumb"},"inLanguage":"fr-FR","potentialAction":[{"@type":"ReadAction","target":["https:\/\/vosgesinfo.fr\/epinalinfo\/2017\/03\/semaine-de-lartisanat-miss-vosges-2016-apprentie-patissiere-peche-mignon\/"]}]},{"@type":"ImageObject","inLanguage":"fr-FR","@id":"https:\/\/vosgesinfo.fr\/epinalinfo\/2017\/03\/semaine-de-lartisanat-miss-vosges-2016-apprentie-patissiere-peche-mignon\/#primaryimage","url":"https:\/\/vosgesinfo.fr\/app\/uploads\/sites\/3\/2024\/08\/201703p1260642.jpg","contentUrl":"https:\/\/vosgesinfo.fr\/app\/uploads\/sites\/3\/2024\/08\/201703p1260642.jpg","width":800,"height":600},{"@type":"BreadcrumbList","@id":"https:\/\/vosgesinfo.fr\/epinalinfo\/2017\/03\/semaine-de-lartisanat-miss-vosges-2016-apprentie-patissiere-peche-mignon\/#breadcrumb","itemListElement":[{"@type":"ListItem","position":1,"name":"Home","item":"https:\/\/vosgesinfo.fr\/epinalinfo\/"},{"@type":"ListItem","position":2,"name":"Semaine de l\u2019artisanat : Miss Vosges 2016 apprentie p\u00e2tissi\u00e8re au P\u00e9ch\u00e9 Mignon"}]},{"@type":"WebSite","@id":"https:\/\/vosgesinfo.fr\/epinalinfo\/#website","url":"https:\/\/vosgesinfo.fr\/epinalinfo\/","name":"Epinal Info","description":"Toute l&#039;actualit\u00e9 d&#039;\u00c9pinal","publisher":{"@id":"https:\/\/vosgesinfo.fr\/epinalinfo\/#organization"},"alternateName":"Toute l'actualit\u00e9 d'\u00c9pinal","potentialAction":[{"@type":"SearchAction","target":{"@type":"EntryPoint","urlTemplate":"https:\/\/vosgesinfo.fr\/epinalinfo\/?s={search_term_string}"},"query-input":"required name=search_term_string"}],"inLanguage":"fr-FR"},{"@type":"Organization","@id":"https:\/\/vosgesinfo.fr\/epinalinfo\/#organization","name":"Epinal Info","url":"https:\/\/vosgesinfo.fr\/epinalinfo\/","logo":{"@type":"ImageObject","inLanguage":"fr-FR","@id":"https:\/\/vosgesinfo.fr\/epinalinfo\/#\/schema\/logo\/image\/","url":"https:\/\/vosgesinfo.fr\/app\/uploads\/sites\/3\/2023\/08\/logo-epinalinfos.svg","contentUrl":"https:\/\/vosgesinfo.fr\/app\/uploads\/sites\/3\/2023\/08\/logo-epinalinfos.svg","width":1,"height":1,"caption":"Epinal Info"},"image":{"@id":"https:\/\/vosgesinfo.fr\/epinalinfo\/#\/schema\/logo\/image\/"},"sameAs":["https:\/\/www.facebook.com\/Epinalinfos","https:\/\/x.com\/VosgesInfo88","https:\/\/www.youtube.com\/@vosgesinfo"]},{"@type":"Person","@id":"https:\/\/vosgesinfo.fr\/epinalinfo\/#\/schema\/person\/6f9a650eeea99d969b6c4ab78fccbe81","name":"C.K.","image":{"@type":"ImageObject","inLanguage":"fr-FR","@id":"https:\/\/vosgesinfo.fr\/epinalinfo\/#\/schema\/person\/image\/","url":"https:\/\/secure.gravatar.com\/avatar\/48e3fc7f8421ba8942be6b74a2b7f014ca39bc00dece156b7a8e098ae7dc87bf?s=96&d=mm&r=g","contentUrl":"https:\/\/secure.gravatar.com\/avatar\/48e3fc7f8421ba8942be6b74a2b7f014ca39bc00dece156b7a8e098ae7dc87bf?s=96&d=mm&r=g","caption":"C.K."},"url":"https:\/\/vosgesinfo.fr\/epinalinfo\/author\/celia-k-n\/"}]}},"_links":{"self":[{"href":"https:\/\/vosgesinfo.fr\/epinalinfo\/wp-json\/wp\/v2\/posts\/70564","targetHints":{"allow":["GET"]}}],"collection":[{"href":"https:\/\/vosgesinfo.fr\/epinalinfo\/wp-json\/wp\/v2\/posts"}],"about":[{"href":"https:\/\/vosgesinfo.fr\/epinalinfo\/wp-json\/wp\/v2\/types\/post"}],"author":[{"embeddable":true,"href":"https:\/\/vosgesinfo.fr\/epinalinfo\/wp-json\/wp\/v2\/users\/52"}],"replies":[{"embeddable":true,"href":"https:\/\/vosgesinfo.fr\/epinalinfo\/wp-json\/wp\/v2\/comments?post=70564"}],"version-history":[{"count":0,"href":"https:\/\/vosgesinfo.fr\/epinalinfo\/wp-json\/wp\/v2\/posts\/70564\/revisions"}],"wp:featuredmedia":[{"embeddable":true,"href":"https:\/\/vosgesinfo.fr\/epinalinfo\/wp-json\/wp\/v2\/media\/70565"}],"wp:attachment":[{"href":"https:\/\/vosgesinfo.fr\/epinalinfo\/wp-json\/wp\/v2\/media?parent=70564"}],"wp:term":[{"taxonomy":"category","embeddable":true,"href":"https:\/\/vosgesinfo.fr\/epinalinfo\/wp-json\/wp\/v2\/categories?post=70564"},{"taxonomy":"post_tag","embeddable":true,"href":"https:\/\/vosgesinfo.fr\/epinalinfo\/wp-json\/wp\/v2\/tags?post=70564"}],"curies":[{"name":"wp","href":"https:\/\/api.w.org\/{rel}","templated":true}]}}