{"id":70580,"date":"2017-03-12T09:46:55","date_gmt":"2017-03-12T08:46:55","guid":{"rendered":"https:\/\/vosgesinfo.fr\/epinalinfo\/2017\/03\/44emes-finales-nationales-desolympiades-metiers-7-candidats-grand-medailles-dor\/"},"modified":"2017-03-12T09:46:55","modified_gmt":"2017-03-12T08:46:55","slug":"44emes-finales-nationales-desolympiades-metiers-7-candidats-grand-medailles-dor","status":"publish","type":"post","link":"https:\/\/vosgesinfo.fr\/epinalinfo\/2017\/03\/44emes-finales-nationales-desolympiades-metiers-7-candidats-grand-medailles-dor\/","title":{"rendered":"44\u00e8mes Finales Nationales desOlympiades des M\u00e9tiers : 7 candidats du Grand Est m\u00e9daill\u00e9s d\u2019or !"},"content":{"rendered":"<div id=\"attachment_110223\" style=\"width: 501px\" class=\"wp-caption aligncenter\"><a href=\"http:\/\/epinalinfos.fr\/2017\/03\/44emes-finales-nationales-desolympiades-metiers-7-candidats-grand-medailles-dor\/sans-titre-363\/\" rel=\"attachment wp-att-110223\"><img decoding=\"async\" aria-describedby=\"caption-attachment-110223\" class=\"size-full wp-image-110223\" src=\"\/2017\/03\/Sans-titre7.jpg\" alt=\"\u00a9R\u00e9gionGrandEst\" width=\"491\" height=\"326\" \/><\/a><p id=\"caption-attachment-110223\" class=\"wp-caption-text\">\u00a9 R\u00e9gion Grand Est<\/p><\/div>\n<h4>Au terme de trois jours de comp\u00e9tition qui ont accueilli plus de 60 000 visiteurs, l\u2019\u00e9quipe du Grand Est a remport\u00e9 16 m\u00e9dailles : 7 m\u00e9dailles d\u2019or, 5 m\u00e9dailles d\u2019argent et 4 m\u00e9dailles de bronze.<\/h4>\n<p>\u00c0 l\u2019occasion de ces finales, pr\u00e8s de 700 jeunes originaires de 15 r\u00e9gions de France (13 r\u00e9gions m\u00e9tropolitaines et 2 d\u2019Outre-mer) se sont affront\u00e9s parmi 50 m\u00e9tiers repr\u00e9sent\u00e9s. \u00c0 travers ces Olympiades, la R\u00e9gion s\u2019engage aux c\u00f4t\u00e9s de ses partenaires professionnels et acad\u00e9miques \u00e0 promouvoir les m\u00e9tiers et la formation professionnelle, l\u2019excellence et la qualification. Cette dynamique unanimement partag\u00e9e et port\u00e9e depuis de nombreuses ann\u00e9es avec les r\u00e9seaux Olympiades des territoires alsacien, champardennais et lorrain, s\u2019inscrit pleinement dans les priorit\u00e9s d\u00e9finies par la politique r\u00e9gionale en faveur de l\u2019\u00e9ducation et de la formation professionnelle : la valorisation de la jeunesse et des m\u00e9tiers et la promotion des formations professionnelles.<\/p>\n<h3><strong>Les laur\u00e9ats du Grand Est sont les suivants :<\/strong><\/h3>\n<p><span style=\"text-decoration: underline;\"><strong>M\u00e9dailles d\u2019or : <\/strong><\/span><\/p>\n<p>&#8211; jardiniers-paysagistes : C\u00e9dric Clauss, Lucas Meyer,<\/p>\n<p>&#8211; \u00e9b\u00e9nisterie: Romain Kauffman,<\/p>\n<p>&#8211; menuiserie: Anthony Chatelain,<\/p>\n<p>&#8211; mode et cr\u00e9ation, Tahsin-Kerim Ibis,<\/p>\n<p>&#8211; M\u00e9catronique, Florian Long, Antonin Romano,<\/p>\n<p>&#8211; Robotique mobile, J\u00e9r\u00e9my Grass, Louis Paris,<\/p>\n<p>&#8211; production industrielle : Julien Heyer, Th\u00e9o Marchandeau, Aur\u00e9lien Siat.<\/p>\n<p><span style=\"text-decoration: underline;\"><strong>M\u00e9dailles d\u2019argent :<\/strong><\/span><\/p>\n<p>&#8211; taille de pierre : Quentin Wollenschneider,<\/p>\n<p>&#8211; couverture m\u00e9tallique : Kevin Chappard,<\/p>\n<p>&#8211; construction b\u00e9ton arm\u00e9: Kenny G\u00e9rard et Maverick Gridel,<\/p>\n<p>&#8211; sommelier, Maxime Blaise,<\/p>\n<p>&#8211; m\u00e9tallerie, Lucien Cordreaux.<\/p>\n<p><span style=\"text-decoration: underline;\"><strong>M\u00e9daille de bronze : <\/strong><\/span><\/p>\n<p>&#8211; horticulture : S\u00e9bastien Guillaume,<\/p>\n<p>&#8211; peinture et d\u00e9coration: Yann Miller,<\/p>\n<p>&#8211; solier: Justine Gu\u00e9risse,<\/p>\n<p>&#8211; maintenance des mat\u00e9riels, Vincent Schaub.<\/p>\n<p>Parmi ces m\u00e9daill\u00e9s se trouvent les futurs membres qui constitueront l\u2019\u00e9quipe de France des M\u00e9tiers. Celle-ci s\u2019envolera pour Abou Dabi aux \u00c9mirats Arabes Unis en octobre 2017, d\u00e9fendre les couleurs de la France lors des Finales Internationales des 44\u00e8mes Olympiades des M\u00e9tiers.<\/p>\n<p>Cr\u00e9\u00e9es \u00e0 l&rsquo;image des Jeux Olympiques, les Olympiades des M\u00e9tiers repr\u00e9sentent un \u00e9v\u00e9nement mondial de mise en valeur de l\u2019excellence dans les m\u00e9tiers. Il permet aux meilleurs jeunes professionnels du monde entier, \u00e2g\u00e9s de moins de 23 ans, de se mesurer lors d\u2019une comp\u00e9tition internationale. Ils r\u00e9alisent face au public, en un temps limit\u00e9, une d\u00e9monstration technique d\u2019un m\u00e9tier. Le concours pr\u00e9sente ainsi une vision concr\u00e8te des m\u00e9tiers et comp\u00e9tences d\u2019aujourd\u2019hui dans tous les secteurs de l\u2019\u00e9conomie.<\/p>\n","protected":false},"excerpt":{"rendered":"<p>Au terme de trois jours de comp\u00e9tition qui ont accueilli plus de 60 000 visiteurs, l\u2019\u00e9quipe du Grand Est a [&hellip;]<\/p>\n","protected":false},"author":52,"featured_media":1141,"comment_status":"open","ping_status":"open","sticky":false,"template":"","format":"standard","meta":{"footnotes":""},"categories":[22,144],"tags":[],"class_list":["post-70580","post","type-post","status-publish","format-standard","has-post-thumbnail","hentry","category-a-la-une","category-region"],"acf":[],"yoast_head":"<!-- This site is optimized with the Yoast SEO plugin v22.5 - https:\/\/yoast.com\/wordpress\/plugins\/seo\/ -->\n<title>44\u00e8mes Finales Nationales desOlympiades des M\u00e9tiers : 7 candidats du Grand Est m\u00e9daill\u00e9s d\u2019or ! - Epinal Info<\/title>\n<meta name=\"robots\" content=\"index, follow, max-snippet:-1, max-image-preview:large, max-video-preview:-1\" \/>\n<link rel=\"canonical\" href=\"https:\/\/vosgesinfo.fr\/epinalinfo\/2017\/03\/44emes-finales-nationales-desolympiades-metiers-7-candidats-grand-medailles-dor\/\" \/>\n<meta name=\"twitter:card\" content=\"summary_large_image\" \/>\n<meta name=\"twitter:title\" content=\"44\u00e8mes Finales Nationales desOlympiades des M\u00e9tiers : 7 candidats du Grand Est m\u00e9daill\u00e9s d\u2019or ! - Epinal Info\" \/>\n<meta name=\"twitter:description\" content=\"Au terme de trois jours de comp\u00e9tition qui ont accueilli plus de 60 000 visiteurs, l\u2019\u00e9quipe du Grand Est a [&hellip;]\" \/>\n<meta name=\"twitter:image\" content=\"https:\/\/vosgesinfo.fr\/app\/uploads\/sites\/3\/2023\/09\/sans-titre7.jpg\" \/>\n<meta name=\"twitter:creator\" content=\"@VosgesInfo88\" \/>\n<meta name=\"twitter:site\" content=\"@VosgesInfo88\" \/>\n<meta name=\"twitter:label1\" content=\"\u00c9crit par\" \/>\n\t<meta name=\"twitter:data1\" content=\"C.K.\" \/>\n\t<meta name=\"twitter:label2\" content=\"Dur\u00e9e de lecture estim\u00e9e\" \/>\n\t<meta name=\"twitter:data2\" content=\"2 minutes\" \/>\n<script type=\"application\/ld+json\" class=\"yoast-schema-graph\">{\"@context\":\"https:\/\/schema.org\",\"@graph\":[{\"@type\":\"Article\",\"@id\":\"https:\/\/vosgesinfo.fr\/epinalinfo\/2017\/03\/44emes-finales-nationales-desolympiades-metiers-7-candidats-grand-medailles-dor\/#article\",\"isPartOf\":{\"@id\":\"https:\/\/vosgesinfo.fr\/epinalinfo\/2017\/03\/44emes-finales-nationales-desolympiades-metiers-7-candidats-grand-medailles-dor\/\"},\"author\":{\"name\":\"C.K.\",\"@id\":\"https:\/\/vosgesinfo.fr\/epinalinfo\/#\/schema\/person\/6f9a650eeea99d969b6c4ab78fccbe81\"},\"headline\":\"44\u00e8mes Finales Nationales desOlympiades des M\u00e9tiers : 7 candidats du Grand Est m\u00e9daill\u00e9s d\u2019or !\",\"datePublished\":\"2017-03-12T08:46:55+00:00\",\"dateModified\":\"2017-03-12T08:46:55+00:00\",\"mainEntityOfPage\":{\"@id\":\"https:\/\/vosgesinfo.fr\/epinalinfo\/2017\/03\/44emes-finales-nationales-desolympiades-metiers-7-candidats-grand-medailles-dor\/\"},\"wordCount\":461,\"commentCount\":0,\"publisher\":{\"@id\":\"https:\/\/vosgesinfo.fr\/epinalinfo\/#organization\"},\"image\":{\"@id\":\"https:\/\/vosgesinfo.fr\/epinalinfo\/2017\/03\/44emes-finales-nationales-desolympiades-metiers-7-candidats-grand-medailles-dor\/#primaryimage\"},\"thumbnailUrl\":\"https:\/\/vosgesinfo.fr\/app\/uploads\/sites\/3\/2023\/09\/sans-titre7.jpg\",\"articleSection\":[\"A la Une\",\"R\u00e9gion\"],\"inLanguage\":\"fr-FR\",\"potentialAction\":[{\"@type\":\"CommentAction\",\"name\":\"Comment\",\"target\":[\"https:\/\/vosgesinfo.fr\/epinalinfo\/2017\/03\/44emes-finales-nationales-desolympiades-metiers-7-candidats-grand-medailles-dor\/#respond\"]}]},{\"@type\":\"WebPage\",\"@id\":\"https:\/\/vosgesinfo.fr\/epinalinfo\/2017\/03\/44emes-finales-nationales-desolympiades-metiers-7-candidats-grand-medailles-dor\/\",\"url\":\"https:\/\/vosgesinfo.fr\/epinalinfo\/2017\/03\/44emes-finales-nationales-desolympiades-metiers-7-candidats-grand-medailles-dor\/\",\"name\":\"44\u00e8mes Finales Nationales desOlympiades des M\u00e9tiers : 7 candidats du Grand Est m\u00e9daill\u00e9s d\u2019or ! - Epinal Info\",\"isPartOf\":{\"@id\":\"https:\/\/vosgesinfo.fr\/epinalinfo\/#website\"},\"primaryImageOfPage\":{\"@id\":\"https:\/\/vosgesinfo.fr\/epinalinfo\/2017\/03\/44emes-finales-nationales-desolympiades-metiers-7-candidats-grand-medailles-dor\/#primaryimage\"},\"image\":{\"@id\":\"https:\/\/vosgesinfo.fr\/epinalinfo\/2017\/03\/44emes-finales-nationales-desolympiades-metiers-7-candidats-grand-medailles-dor\/#primaryimage\"},\"thumbnailUrl\":\"https:\/\/vosgesinfo.fr\/app\/uploads\/sites\/3\/2023\/09\/sans-titre7.jpg\",\"datePublished\":\"2017-03-12T08:46:55+00:00\",\"dateModified\":\"2017-03-12T08:46:55+00:00\",\"breadcrumb\":{\"@id\":\"https:\/\/vosgesinfo.fr\/epinalinfo\/2017\/03\/44emes-finales-nationales-desolympiades-metiers-7-candidats-grand-medailles-dor\/#breadcrumb\"},\"inLanguage\":\"fr-FR\",\"potentialAction\":[{\"@type\":\"ReadAction\",\"target\":[\"https:\/\/vosgesinfo.fr\/epinalinfo\/2017\/03\/44emes-finales-nationales-desolympiades-metiers-7-candidats-grand-medailles-dor\/\"]}]},{\"@type\":\"ImageObject\",\"inLanguage\":\"fr-FR\",\"@id\":\"https:\/\/vosgesinfo.fr\/epinalinfo\/2017\/03\/44emes-finales-nationales-desolympiades-metiers-7-candidats-grand-medailles-dor\/#primaryimage\",\"url\":\"https:\/\/vosgesinfo.fr\/app\/uploads\/sites\/3\/2023\/09\/sans-titre7.jpg\",\"contentUrl\":\"https:\/\/vosgesinfo.fr\/app\/uploads\/sites\/3\/2023\/09\/sans-titre7.jpg\",\"width\":800,\"height\":221},{\"@type\":\"BreadcrumbList\",\"@id\":\"https:\/\/vosgesinfo.fr\/epinalinfo\/2017\/03\/44emes-finales-nationales-desolympiades-metiers-7-candidats-grand-medailles-dor\/#breadcrumb\",\"itemListElement\":[{\"@type\":\"ListItem\",\"position\":1,\"name\":\"Home\",\"item\":\"https:\/\/vosgesinfo.fr\/epinalinfo\/\"},{\"@type\":\"ListItem\",\"position\":2,\"name\":\"44\u00e8mes Finales Nationales desOlympiades des M\u00e9tiers : 7 candidats du Grand Est m\u00e9daill\u00e9s d\u2019or !\"}]},{\"@type\":\"WebSite\",\"@id\":\"https:\/\/vosgesinfo.fr\/epinalinfo\/#website\",\"url\":\"https:\/\/vosgesinfo.fr\/epinalinfo\/\",\"name\":\"Epinal Info\",\"description\":\"Toute l&#039;actualit\u00e9 d&#039;\u00c9pinal\",\"publisher\":{\"@id\":\"https:\/\/vosgesinfo.fr\/epinalinfo\/#organization\"},\"alternateName\":\"Toute l'actualit\u00e9 d'\u00c9pinal\",\"potentialAction\":[{\"@type\":\"SearchAction\",\"target\":{\"@type\":\"EntryPoint\",\"urlTemplate\":\"https:\/\/vosgesinfo.fr\/epinalinfo\/?s={search_term_string}\"},\"query-input\":\"required name=search_term_string\"}],\"inLanguage\":\"fr-FR\"},{\"@type\":\"Organization\",\"@id\":\"https:\/\/vosgesinfo.fr\/epinalinfo\/#organization\",\"name\":\"Epinal Info\",\"url\":\"https:\/\/vosgesinfo.fr\/epinalinfo\/\",\"logo\":{\"@type\":\"ImageObject\",\"inLanguage\":\"fr-FR\",\"@id\":\"https:\/\/vosgesinfo.fr\/epinalinfo\/#\/schema\/logo\/image\/\",\"url\":\"https:\/\/vosgesinfo.fr\/app\/uploads\/sites\/3\/2023\/08\/logo-epinalinfos.svg\",\"contentUrl\":\"https:\/\/vosgesinfo.fr\/app\/uploads\/sites\/3\/2023\/08\/logo-epinalinfos.svg\",\"width\":1,\"height\":1,\"caption\":\"Epinal Info\"},\"image\":{\"@id\":\"https:\/\/vosgesinfo.fr\/epinalinfo\/#\/schema\/logo\/image\/\"},\"sameAs\":[\"https:\/\/www.facebook.com\/Epinalinfos\",\"https:\/\/x.com\/VosgesInfo88\",\"https:\/\/www.youtube.com\/@vosgesinfo\"]},{\"@type\":\"Person\",\"@id\":\"https:\/\/vosgesinfo.fr\/epinalinfo\/#\/schema\/person\/6f9a650eeea99d969b6c4ab78fccbe81\",\"name\":\"C.K.\",\"image\":{\"@type\":\"ImageObject\",\"inLanguage\":\"fr-FR\",\"@id\":\"https:\/\/vosgesinfo.fr\/epinalinfo\/#\/schema\/person\/image\/\",\"url\":\"https:\/\/secure.gravatar.com\/avatar\/48e3fc7f8421ba8942be6b74a2b7f014ca39bc00dece156b7a8e098ae7dc87bf?s=96&d=mm&r=g\",\"contentUrl\":\"https:\/\/secure.gravatar.com\/avatar\/48e3fc7f8421ba8942be6b74a2b7f014ca39bc00dece156b7a8e098ae7dc87bf?s=96&d=mm&r=g\",\"caption\":\"C.K.\"},\"url\":\"https:\/\/vosgesinfo.fr\/epinalinfo\/author\/celia-k-n\/\"}]}<\/script>\n<!-- \/ Yoast SEO plugin. -->","yoast_head_json":{"title":"44\u00e8mes Finales Nationales desOlympiades des M\u00e9tiers : 7 candidats du Grand Est m\u00e9daill\u00e9s d\u2019or ! - Epinal Info","robots":{"index":"index","follow":"follow","max-snippet":"max-snippet:-1","max-image-preview":"max-image-preview:large","max-video-preview":"max-video-preview:-1"},"canonical":"https:\/\/vosgesinfo.fr\/epinalinfo\/2017\/03\/44emes-finales-nationales-desolympiades-metiers-7-candidats-grand-medailles-dor\/","twitter_card":"summary_large_image","twitter_title":"44\u00e8mes Finales Nationales desOlympiades des M\u00e9tiers : 7 candidats du Grand Est m\u00e9daill\u00e9s d\u2019or ! - Epinal Info","twitter_description":"Au terme de trois jours de comp\u00e9tition qui ont accueilli plus de 60 000 visiteurs, l\u2019\u00e9quipe du Grand Est a [&hellip;]","twitter_image":"https:\/\/vosgesinfo.fr\/app\/uploads\/sites\/3\/2023\/09\/sans-titre7.jpg","twitter_creator":"@VosgesInfo88","twitter_site":"@VosgesInfo88","twitter_misc":{"\u00c9crit par":"C.K.","Dur\u00e9e de lecture estim\u00e9e":"2 minutes"},"schema":{"@context":"https:\/\/schema.org","@graph":[{"@type":"Article","@id":"https:\/\/vosgesinfo.fr\/epinalinfo\/2017\/03\/44emes-finales-nationales-desolympiades-metiers-7-candidats-grand-medailles-dor\/#article","isPartOf":{"@id":"https:\/\/vosgesinfo.fr\/epinalinfo\/2017\/03\/44emes-finales-nationales-desolympiades-metiers-7-candidats-grand-medailles-dor\/"},"author":{"name":"C.K.","@id":"https:\/\/vosgesinfo.fr\/epinalinfo\/#\/schema\/person\/6f9a650eeea99d969b6c4ab78fccbe81"},"headline":"44\u00e8mes Finales Nationales desOlympiades des M\u00e9tiers : 7 candidats du Grand Est m\u00e9daill\u00e9s d\u2019or !","datePublished":"2017-03-12T08:46:55+00:00","dateModified":"2017-03-12T08:46:55+00:00","mainEntityOfPage":{"@id":"https:\/\/vosgesinfo.fr\/epinalinfo\/2017\/03\/44emes-finales-nationales-desolympiades-metiers-7-candidats-grand-medailles-dor\/"},"wordCount":461,"commentCount":0,"publisher":{"@id":"https:\/\/vosgesinfo.fr\/epinalinfo\/#organization"},"image":{"@id":"https:\/\/vosgesinfo.fr\/epinalinfo\/2017\/03\/44emes-finales-nationales-desolympiades-metiers-7-candidats-grand-medailles-dor\/#primaryimage"},"thumbnailUrl":"https:\/\/vosgesinfo.fr\/app\/uploads\/sites\/3\/2023\/09\/sans-titre7.jpg","articleSection":["A la Une","R\u00e9gion"],"inLanguage":"fr-FR","potentialAction":[{"@type":"CommentAction","name":"Comment","target":["https:\/\/vosgesinfo.fr\/epinalinfo\/2017\/03\/44emes-finales-nationales-desolympiades-metiers-7-candidats-grand-medailles-dor\/#respond"]}]},{"@type":"WebPage","@id":"https:\/\/vosgesinfo.fr\/epinalinfo\/2017\/03\/44emes-finales-nationales-desolympiades-metiers-7-candidats-grand-medailles-dor\/","url":"https:\/\/vosgesinfo.fr\/epinalinfo\/2017\/03\/44emes-finales-nationales-desolympiades-metiers-7-candidats-grand-medailles-dor\/","name":"44\u00e8mes Finales Nationales desOlympiades des M\u00e9tiers : 7 candidats du Grand Est m\u00e9daill\u00e9s d\u2019or ! - Epinal Info","isPartOf":{"@id":"https:\/\/vosgesinfo.fr\/epinalinfo\/#website"},"primaryImageOfPage":{"@id":"https:\/\/vosgesinfo.fr\/epinalinfo\/2017\/03\/44emes-finales-nationales-desolympiades-metiers-7-candidats-grand-medailles-dor\/#primaryimage"},"image":{"@id":"https:\/\/vosgesinfo.fr\/epinalinfo\/2017\/03\/44emes-finales-nationales-desolympiades-metiers-7-candidats-grand-medailles-dor\/#primaryimage"},"thumbnailUrl":"https:\/\/vosgesinfo.fr\/app\/uploads\/sites\/3\/2023\/09\/sans-titre7.jpg","datePublished":"2017-03-12T08:46:55+00:00","dateModified":"2017-03-12T08:46:55+00:00","breadcrumb":{"@id":"https:\/\/vosgesinfo.fr\/epinalinfo\/2017\/03\/44emes-finales-nationales-desolympiades-metiers-7-candidats-grand-medailles-dor\/#breadcrumb"},"inLanguage":"fr-FR","potentialAction":[{"@type":"ReadAction","target":["https:\/\/vosgesinfo.fr\/epinalinfo\/2017\/03\/44emes-finales-nationales-desolympiades-metiers-7-candidats-grand-medailles-dor\/"]}]},{"@type":"ImageObject","inLanguage":"fr-FR","@id":"https:\/\/vosgesinfo.fr\/epinalinfo\/2017\/03\/44emes-finales-nationales-desolympiades-metiers-7-candidats-grand-medailles-dor\/#primaryimage","url":"https:\/\/vosgesinfo.fr\/app\/uploads\/sites\/3\/2023\/09\/sans-titre7.jpg","contentUrl":"https:\/\/vosgesinfo.fr\/app\/uploads\/sites\/3\/2023\/09\/sans-titre7.jpg","width":800,"height":221},{"@type":"BreadcrumbList","@id":"https:\/\/vosgesinfo.fr\/epinalinfo\/2017\/03\/44emes-finales-nationales-desolympiades-metiers-7-candidats-grand-medailles-dor\/#breadcrumb","itemListElement":[{"@type":"ListItem","position":1,"name":"Home","item":"https:\/\/vosgesinfo.fr\/epinalinfo\/"},{"@type":"ListItem","position":2,"name":"44\u00e8mes Finales Nationales desOlympiades des M\u00e9tiers : 7 candidats du Grand Est m\u00e9daill\u00e9s d\u2019or !"}]},{"@type":"WebSite","@id":"https:\/\/vosgesinfo.fr\/epinalinfo\/#website","url":"https:\/\/vosgesinfo.fr\/epinalinfo\/","name":"Epinal Info","description":"Toute l&#039;actualit\u00e9 d&#039;\u00c9pinal","publisher":{"@id":"https:\/\/vosgesinfo.fr\/epinalinfo\/#organization"},"alternateName":"Toute l'actualit\u00e9 d'\u00c9pinal","potentialAction":[{"@type":"SearchAction","target":{"@type":"EntryPoint","urlTemplate":"https:\/\/vosgesinfo.fr\/epinalinfo\/?s={search_term_string}"},"query-input":"required name=search_term_string"}],"inLanguage":"fr-FR"},{"@type":"Organization","@id":"https:\/\/vosgesinfo.fr\/epinalinfo\/#organization","name":"Epinal Info","url":"https:\/\/vosgesinfo.fr\/epinalinfo\/","logo":{"@type":"ImageObject","inLanguage":"fr-FR","@id":"https:\/\/vosgesinfo.fr\/epinalinfo\/#\/schema\/logo\/image\/","url":"https:\/\/vosgesinfo.fr\/app\/uploads\/sites\/3\/2023\/08\/logo-epinalinfos.svg","contentUrl":"https:\/\/vosgesinfo.fr\/app\/uploads\/sites\/3\/2023\/08\/logo-epinalinfos.svg","width":1,"height":1,"caption":"Epinal Info"},"image":{"@id":"https:\/\/vosgesinfo.fr\/epinalinfo\/#\/schema\/logo\/image\/"},"sameAs":["https:\/\/www.facebook.com\/Epinalinfos","https:\/\/x.com\/VosgesInfo88","https:\/\/www.youtube.com\/@vosgesinfo"]},{"@type":"Person","@id":"https:\/\/vosgesinfo.fr\/epinalinfo\/#\/schema\/person\/6f9a650eeea99d969b6c4ab78fccbe81","name":"C.K.","image":{"@type":"ImageObject","inLanguage":"fr-FR","@id":"https:\/\/vosgesinfo.fr\/epinalinfo\/#\/schema\/person\/image\/","url":"https:\/\/secure.gravatar.com\/avatar\/48e3fc7f8421ba8942be6b74a2b7f014ca39bc00dece156b7a8e098ae7dc87bf?s=96&d=mm&r=g","contentUrl":"https:\/\/secure.gravatar.com\/avatar\/48e3fc7f8421ba8942be6b74a2b7f014ca39bc00dece156b7a8e098ae7dc87bf?s=96&d=mm&r=g","caption":"C.K."},"url":"https:\/\/vosgesinfo.fr\/epinalinfo\/author\/celia-k-n\/"}]}},"_links":{"self":[{"href":"https:\/\/vosgesinfo.fr\/epinalinfo\/wp-json\/wp\/v2\/posts\/70580","targetHints":{"allow":["GET"]}}],"collection":[{"href":"https:\/\/vosgesinfo.fr\/epinalinfo\/wp-json\/wp\/v2\/posts"}],"about":[{"href":"https:\/\/vosgesinfo.fr\/epinalinfo\/wp-json\/wp\/v2\/types\/post"}],"author":[{"embeddable":true,"href":"https:\/\/vosgesinfo.fr\/epinalinfo\/wp-json\/wp\/v2\/users\/52"}],"replies":[{"embeddable":true,"href":"https:\/\/vosgesinfo.fr\/epinalinfo\/wp-json\/wp\/v2\/comments?post=70580"}],"version-history":[{"count":0,"href":"https:\/\/vosgesinfo.fr\/epinalinfo\/wp-json\/wp\/v2\/posts\/70580\/revisions"}],"wp:featuredmedia":[{"embeddable":true,"href":"https:\/\/vosgesinfo.fr\/epinalinfo\/wp-json\/wp\/v2\/media\/1141"}],"wp:attachment":[{"href":"https:\/\/vosgesinfo.fr\/epinalinfo\/wp-json\/wp\/v2\/media?parent=70580"}],"wp:term":[{"taxonomy":"category","embeddable":true,"href":"https:\/\/vosgesinfo.fr\/epinalinfo\/wp-json\/wp\/v2\/categories?post=70580"},{"taxonomy":"post_tag","embeddable":true,"href":"https:\/\/vosgesinfo.fr\/epinalinfo\/wp-json\/wp\/v2\/tags?post=70580"}],"curies":[{"name":"wp","href":"https:\/\/api.w.org\/{rel}","templated":true}]}}