{"id":70583,"date":"2017-03-13T11:00:49","date_gmt":"2017-03-13T10:00:49","guid":{"rendered":"https:\/\/vosgesinfo.fr\/epinalinfo\/2017\/03\/lacte-davocat-plus-grande-securite-juridique\/"},"modified":"2017-03-13T11:00:49","modified_gmt":"2017-03-13T10:00:49","slug":"lacte-davocat-plus-grande-securite-juridique","status":"publish","type":"post","link":"https:\/\/vosgesinfo.fr\/epinalinfo\/2017\/03\/lacte-davocat-plus-grande-securite-juridique\/","title":{"rendered":"L&rsquo;acte d&rsquo;Avocat : une plus grande s\u00e9curit\u00e9 juridique"},"content":{"rendered":"<div id=\"attachment_110231\" style=\"width: 810px\" class=\"wp-caption aligncenter\"><a href=\"http:\/\/epinalinfos.fr\/?attachment_id=110231\" rel=\"attachment wp-att-110231\"><img decoding=\"async\" aria-describedby=\"caption-attachment-110231\" class=\"size-full wp-image-110231\" src=\"\/2017\/03\/P1060403.jpg\" alt=\"(photographie d'archives)\" width=\"800\" height=\"600\" \/><\/a><p id=\"caption-attachment-110231\" class=\"wp-caption-text\">(photographie d&rsquo;archives)<\/p><\/div>\n<h4>L\u2019acte d\u2019avocat est un acte sous seing priv\u00e9 qui est contresign\u00e9 par les avocats de chacune des parties ou par l\u2019avocat de toutes les parties.\u00a0Ce lundi le barreau d&rsquo;Epinal a souhait\u00e9 informer le public sur l\u2019existence\u00a0de l&rsquo;acte d&rsquo;avocat.<\/h4>\n<p>Alors que particuliers et entreprises sont en permanence confront\u00e9s \u00e0 des situations contractuelles qui marquent des \u00e9tapes cl\u00e9s de leur vie quotidienne, ces derniers prennent dans la tr\u00e8s grande majorit\u00e9 des cas des engagements qui peuvent \u00eatre lourds de cons\u00e9quences sans avoir pris conseil et en ayant recours \u00e0 des formulaires pr\u00e9-imprim\u00e9s, inadapt\u00e9s \u00e0 leur cas particulier. Une situation source d&rsquo;ins\u00e9curit\u00e9 et de nombreux contentieux.<\/p>\n<p>De nombreux actes de la vie priv\u00e9e quotidienne sont concern\u00e9s : les reconnaissances de dette, les baux d&rsquo;habitations, les donations, le cautionnement, les ventes de meubles, ou encore les pr\u00eats mobiliers etc.. Et l\u2019acte d\u2019Avocat peut \u00eatre le r\u00e9ceptacle d&rsquo;une convention du nouveau divorce par consentement mutuel. Du c\u00f4t\u00e9 des entreprises ce sera plut\u00f4t pour lesventes de fonds de commerce, les cessions de parts d&rsquo;entreprises, la cession d&rsquo;un droit au bail commercial<\/p>\n<p>\u00ab\u00a0Le recours \u00e0 l&rsquo;acte d&rsquo;avocat offre une garantie de s\u00e9curit\u00e9 et de qualit\u00e9. Forte de ses garanties d\u00e9ontologiques et professionnelles &#8211; notamment au regard des \u00e9ventuels conflits d&rsquo;int\u00e9r\u00eats qui pourraient surgir lors de l&rsquo;\u00e9laboration d&rsquo;un acte &#8211; de ses qualit\u00e9s de r\u00e9dacteur d&rsquo;actes et de sa responsabilit\u00e9 professionnelle consacr\u00e9e et r\u00e9affirm\u00e9e par la jurisprudence, l&rsquo;avocat est un interlocuteur naturel \u00e0 m\u00eame d&rsquo;offrir une plus grande s\u00e9curit\u00e9 juridique en permettant aux particuliers et aux entreprises lors de la n\u00e9gociation, de la r\u00e9daction et de la signature d&rsquo;un acte sous seing priv\u00e9 de b\u00e9n\u00e9ficier des conseils d&rsquo;un ou de plusieurs avocats.\u00a0\u00bb<\/p>\n","protected":false},"excerpt":{"rendered":"<p>L\u2019acte d\u2019avocat est un acte sous seing priv\u00e9 qui est contresign\u00e9 par les avocats de chacune des parties ou par [&hellip;]<\/p>\n","protected":false},"author":52,"featured_media":70584,"comment_status":"open","ping_status":"open","sticky":false,"template":"","format":"standard","meta":{"footnotes":""},"categories":[22,24,64],"tags":[],"class_list":["post-70583","post","type-post","status-publish","format-standard","has-post-thumbnail","hentry","category-a-la-une","category-epinal","category-justice"],"acf":[],"yoast_head":"<!-- This site is optimized with the Yoast SEO plugin v22.5 - https:\/\/yoast.com\/wordpress\/plugins\/seo\/ -->\n<title>L&#039;acte d&#039;Avocat : une plus grande s\u00e9curit\u00e9 juridique - Epinal Info<\/title>\n<meta name=\"robots\" content=\"index, follow, max-snippet:-1, max-image-preview:large, max-video-preview:-1\" \/>\n<link rel=\"canonical\" href=\"https:\/\/vosgesinfo.fr\/epinalinfo\/2017\/03\/lacte-davocat-plus-grande-securite-juridique\/\" \/>\n<meta name=\"twitter:card\" content=\"summary_large_image\" \/>\n<meta name=\"twitter:title\" content=\"L&#039;acte d&#039;Avocat : une plus grande s\u00e9curit\u00e9 juridique - Epinal Info\" \/>\n<meta name=\"twitter:description\" content=\"L\u2019acte d\u2019avocat est un acte sous seing priv\u00e9 qui est contresign\u00e9 par les avocats de chacune des parties ou par [&hellip;]\" \/>\n<meta name=\"twitter:image\" content=\"https:\/\/vosgesinfo.fr\/app\/uploads\/sites\/3\/2024\/08\/201703p1060403.jpg\" \/>\n<meta name=\"twitter:creator\" content=\"@VosgesInfo88\" \/>\n<meta name=\"twitter:site\" content=\"@VosgesInfo88\" \/>\n<meta name=\"twitter:label1\" content=\"\u00c9crit par\" \/>\n\t<meta name=\"twitter:data1\" content=\"C.K.\" \/>\n\t<meta name=\"twitter:label2\" content=\"Dur\u00e9e de lecture estim\u00e9e\" \/>\n\t<meta name=\"twitter:data2\" content=\"2 minutes\" \/>\n<script type=\"application\/ld+json\" class=\"yoast-schema-graph\">{\"@context\":\"https:\/\/schema.org\",\"@graph\":[{\"@type\":\"Article\",\"@id\":\"https:\/\/vosgesinfo.fr\/epinalinfo\/2017\/03\/lacte-davocat-plus-grande-securite-juridique\/#article\",\"isPartOf\":{\"@id\":\"https:\/\/vosgesinfo.fr\/epinalinfo\/2017\/03\/lacte-davocat-plus-grande-securite-juridique\/\"},\"author\":{\"name\":\"C.K.\",\"@id\":\"https:\/\/vosgesinfo.fr\/epinalinfo\/#\/schema\/person\/6f9a650eeea99d969b6c4ab78fccbe81\"},\"headline\":\"L&rsquo;acte d&rsquo;Avocat : une plus grande s\u00e9curit\u00e9 juridique\",\"datePublished\":\"2017-03-13T10:00:49+00:00\",\"dateModified\":\"2017-03-13T10:00:49+00:00\",\"mainEntityOfPage\":{\"@id\":\"https:\/\/vosgesinfo.fr\/epinalinfo\/2017\/03\/lacte-davocat-plus-grande-securite-juridique\/\"},\"wordCount\":343,\"commentCount\":0,\"publisher\":{\"@id\":\"https:\/\/vosgesinfo.fr\/epinalinfo\/#organization\"},\"image\":{\"@id\":\"https:\/\/vosgesinfo.fr\/epinalinfo\/2017\/03\/lacte-davocat-plus-grande-securite-juridique\/#primaryimage\"},\"thumbnailUrl\":\"https:\/\/vosgesinfo.fr\/app\/uploads\/sites\/3\/2024\/08\/201703p1060403.jpg\",\"articleSection\":[\"A la Une\",\"Epinal\",\"Justice\"],\"inLanguage\":\"fr-FR\",\"potentialAction\":[{\"@type\":\"CommentAction\",\"name\":\"Comment\",\"target\":[\"https:\/\/vosgesinfo.fr\/epinalinfo\/2017\/03\/lacte-davocat-plus-grande-securite-juridique\/#respond\"]}]},{\"@type\":\"WebPage\",\"@id\":\"https:\/\/vosgesinfo.fr\/epinalinfo\/2017\/03\/lacte-davocat-plus-grande-securite-juridique\/\",\"url\":\"https:\/\/vosgesinfo.fr\/epinalinfo\/2017\/03\/lacte-davocat-plus-grande-securite-juridique\/\",\"name\":\"L'acte d'Avocat : une plus grande s\u00e9curit\u00e9 juridique - Epinal Info\",\"isPartOf\":{\"@id\":\"https:\/\/vosgesinfo.fr\/epinalinfo\/#website\"},\"primaryImageOfPage\":{\"@id\":\"https:\/\/vosgesinfo.fr\/epinalinfo\/2017\/03\/lacte-davocat-plus-grande-securite-juridique\/#primaryimage\"},\"image\":{\"@id\":\"https:\/\/vosgesinfo.fr\/epinalinfo\/2017\/03\/lacte-davocat-plus-grande-securite-juridique\/#primaryimage\"},\"thumbnailUrl\":\"https:\/\/vosgesinfo.fr\/app\/uploads\/sites\/3\/2024\/08\/201703p1060403.jpg\",\"datePublished\":\"2017-03-13T10:00:49+00:00\",\"dateModified\":\"2017-03-13T10:00:49+00:00\",\"breadcrumb\":{\"@id\":\"https:\/\/vosgesinfo.fr\/epinalinfo\/2017\/03\/lacte-davocat-plus-grande-securite-juridique\/#breadcrumb\"},\"inLanguage\":\"fr-FR\",\"potentialAction\":[{\"@type\":\"ReadAction\",\"target\":[\"https:\/\/vosgesinfo.fr\/epinalinfo\/2017\/03\/lacte-davocat-plus-grande-securite-juridique\/\"]}]},{\"@type\":\"ImageObject\",\"inLanguage\":\"fr-FR\",\"@id\":\"https:\/\/vosgesinfo.fr\/epinalinfo\/2017\/03\/lacte-davocat-plus-grande-securite-juridique\/#primaryimage\",\"url\":\"https:\/\/vosgesinfo.fr\/app\/uploads\/sites\/3\/2024\/08\/201703p1060403.jpg\",\"contentUrl\":\"https:\/\/vosgesinfo.fr\/app\/uploads\/sites\/3\/2024\/08\/201703p1060403.jpg\",\"width\":800,\"height\":600},{\"@type\":\"BreadcrumbList\",\"@id\":\"https:\/\/vosgesinfo.fr\/epinalinfo\/2017\/03\/lacte-davocat-plus-grande-securite-juridique\/#breadcrumb\",\"itemListElement\":[{\"@type\":\"ListItem\",\"position\":1,\"name\":\"Home\",\"item\":\"https:\/\/vosgesinfo.fr\/epinalinfo\/\"},{\"@type\":\"ListItem\",\"position\":2,\"name\":\"L&rsquo;acte d&rsquo;Avocat : une plus grande s\u00e9curit\u00e9 juridique\"}]},{\"@type\":\"WebSite\",\"@id\":\"https:\/\/vosgesinfo.fr\/epinalinfo\/#website\",\"url\":\"https:\/\/vosgesinfo.fr\/epinalinfo\/\",\"name\":\"Epinal Info\",\"description\":\"Toute l&#039;actualit\u00e9 d&#039;\u00c9pinal\",\"publisher\":{\"@id\":\"https:\/\/vosgesinfo.fr\/epinalinfo\/#organization\"},\"alternateName\":\"Toute l'actualit\u00e9 d'\u00c9pinal\",\"potentialAction\":[{\"@type\":\"SearchAction\",\"target\":{\"@type\":\"EntryPoint\",\"urlTemplate\":\"https:\/\/vosgesinfo.fr\/epinalinfo\/?s={search_term_string}\"},\"query-input\":\"required name=search_term_string\"}],\"inLanguage\":\"fr-FR\"},{\"@type\":\"Organization\",\"@id\":\"https:\/\/vosgesinfo.fr\/epinalinfo\/#organization\",\"name\":\"Epinal Info\",\"url\":\"https:\/\/vosgesinfo.fr\/epinalinfo\/\",\"logo\":{\"@type\":\"ImageObject\",\"inLanguage\":\"fr-FR\",\"@id\":\"https:\/\/vosgesinfo.fr\/epinalinfo\/#\/schema\/logo\/image\/\",\"url\":\"https:\/\/vosgesinfo.fr\/app\/uploads\/sites\/3\/2023\/08\/logo-epinalinfos.svg\",\"contentUrl\":\"https:\/\/vosgesinfo.fr\/app\/uploads\/sites\/3\/2023\/08\/logo-epinalinfos.svg\",\"width\":1,\"height\":1,\"caption\":\"Epinal Info\"},\"image\":{\"@id\":\"https:\/\/vosgesinfo.fr\/epinalinfo\/#\/schema\/logo\/image\/\"},\"sameAs\":[\"https:\/\/www.facebook.com\/Epinalinfos\",\"https:\/\/x.com\/VosgesInfo88\",\"https:\/\/www.youtube.com\/@vosgesinfo\"]},{\"@type\":\"Person\",\"@id\":\"https:\/\/vosgesinfo.fr\/epinalinfo\/#\/schema\/person\/6f9a650eeea99d969b6c4ab78fccbe81\",\"name\":\"C.K.\",\"image\":{\"@type\":\"ImageObject\",\"inLanguage\":\"fr-FR\",\"@id\":\"https:\/\/vosgesinfo.fr\/epinalinfo\/#\/schema\/person\/image\/\",\"url\":\"https:\/\/secure.gravatar.com\/avatar\/48e3fc7f8421ba8942be6b74a2b7f014ca39bc00dece156b7a8e098ae7dc87bf?s=96&d=mm&r=g\",\"contentUrl\":\"https:\/\/secure.gravatar.com\/avatar\/48e3fc7f8421ba8942be6b74a2b7f014ca39bc00dece156b7a8e098ae7dc87bf?s=96&d=mm&r=g\",\"caption\":\"C.K.\"},\"url\":\"https:\/\/vosgesinfo.fr\/epinalinfo\/author\/celia-k-n\/\"}]}<\/script>\n<!-- \/ Yoast SEO plugin. -->","yoast_head_json":{"title":"L'acte d'Avocat : une plus grande s\u00e9curit\u00e9 juridique - Epinal Info","robots":{"index":"index","follow":"follow","max-snippet":"max-snippet:-1","max-image-preview":"max-image-preview:large","max-video-preview":"max-video-preview:-1"},"canonical":"https:\/\/vosgesinfo.fr\/epinalinfo\/2017\/03\/lacte-davocat-plus-grande-securite-juridique\/","twitter_card":"summary_large_image","twitter_title":"L'acte d'Avocat : une plus grande s\u00e9curit\u00e9 juridique - Epinal Info","twitter_description":"L\u2019acte d\u2019avocat est un acte sous seing priv\u00e9 qui est contresign\u00e9 par les avocats de chacune des parties ou par [&hellip;]","twitter_image":"https:\/\/vosgesinfo.fr\/app\/uploads\/sites\/3\/2024\/08\/201703p1060403.jpg","twitter_creator":"@VosgesInfo88","twitter_site":"@VosgesInfo88","twitter_misc":{"\u00c9crit par":"C.K.","Dur\u00e9e de lecture estim\u00e9e":"2 minutes"},"schema":{"@context":"https:\/\/schema.org","@graph":[{"@type":"Article","@id":"https:\/\/vosgesinfo.fr\/epinalinfo\/2017\/03\/lacte-davocat-plus-grande-securite-juridique\/#article","isPartOf":{"@id":"https:\/\/vosgesinfo.fr\/epinalinfo\/2017\/03\/lacte-davocat-plus-grande-securite-juridique\/"},"author":{"name":"C.K.","@id":"https:\/\/vosgesinfo.fr\/epinalinfo\/#\/schema\/person\/6f9a650eeea99d969b6c4ab78fccbe81"},"headline":"L&rsquo;acte d&rsquo;Avocat : une plus grande s\u00e9curit\u00e9 juridique","datePublished":"2017-03-13T10:00:49+00:00","dateModified":"2017-03-13T10:00:49+00:00","mainEntityOfPage":{"@id":"https:\/\/vosgesinfo.fr\/epinalinfo\/2017\/03\/lacte-davocat-plus-grande-securite-juridique\/"},"wordCount":343,"commentCount":0,"publisher":{"@id":"https:\/\/vosgesinfo.fr\/epinalinfo\/#organization"},"image":{"@id":"https:\/\/vosgesinfo.fr\/epinalinfo\/2017\/03\/lacte-davocat-plus-grande-securite-juridique\/#primaryimage"},"thumbnailUrl":"https:\/\/vosgesinfo.fr\/app\/uploads\/sites\/3\/2024\/08\/201703p1060403.jpg","articleSection":["A la Une","Epinal","Justice"],"inLanguage":"fr-FR","potentialAction":[{"@type":"CommentAction","name":"Comment","target":["https:\/\/vosgesinfo.fr\/epinalinfo\/2017\/03\/lacte-davocat-plus-grande-securite-juridique\/#respond"]}]},{"@type":"WebPage","@id":"https:\/\/vosgesinfo.fr\/epinalinfo\/2017\/03\/lacte-davocat-plus-grande-securite-juridique\/","url":"https:\/\/vosgesinfo.fr\/epinalinfo\/2017\/03\/lacte-davocat-plus-grande-securite-juridique\/","name":"L'acte d'Avocat : une plus grande s\u00e9curit\u00e9 juridique - Epinal Info","isPartOf":{"@id":"https:\/\/vosgesinfo.fr\/epinalinfo\/#website"},"primaryImageOfPage":{"@id":"https:\/\/vosgesinfo.fr\/epinalinfo\/2017\/03\/lacte-davocat-plus-grande-securite-juridique\/#primaryimage"},"image":{"@id":"https:\/\/vosgesinfo.fr\/epinalinfo\/2017\/03\/lacte-davocat-plus-grande-securite-juridique\/#primaryimage"},"thumbnailUrl":"https:\/\/vosgesinfo.fr\/app\/uploads\/sites\/3\/2024\/08\/201703p1060403.jpg","datePublished":"2017-03-13T10:00:49+00:00","dateModified":"2017-03-13T10:00:49+00:00","breadcrumb":{"@id":"https:\/\/vosgesinfo.fr\/epinalinfo\/2017\/03\/lacte-davocat-plus-grande-securite-juridique\/#breadcrumb"},"inLanguage":"fr-FR","potentialAction":[{"@type":"ReadAction","target":["https:\/\/vosgesinfo.fr\/epinalinfo\/2017\/03\/lacte-davocat-plus-grande-securite-juridique\/"]}]},{"@type":"ImageObject","inLanguage":"fr-FR","@id":"https:\/\/vosgesinfo.fr\/epinalinfo\/2017\/03\/lacte-davocat-plus-grande-securite-juridique\/#primaryimage","url":"https:\/\/vosgesinfo.fr\/app\/uploads\/sites\/3\/2024\/08\/201703p1060403.jpg","contentUrl":"https:\/\/vosgesinfo.fr\/app\/uploads\/sites\/3\/2024\/08\/201703p1060403.jpg","width":800,"height":600},{"@type":"BreadcrumbList","@id":"https:\/\/vosgesinfo.fr\/epinalinfo\/2017\/03\/lacte-davocat-plus-grande-securite-juridique\/#breadcrumb","itemListElement":[{"@type":"ListItem","position":1,"name":"Home","item":"https:\/\/vosgesinfo.fr\/epinalinfo\/"},{"@type":"ListItem","position":2,"name":"L&rsquo;acte d&rsquo;Avocat : une plus grande s\u00e9curit\u00e9 juridique"}]},{"@type":"WebSite","@id":"https:\/\/vosgesinfo.fr\/epinalinfo\/#website","url":"https:\/\/vosgesinfo.fr\/epinalinfo\/","name":"Epinal Info","description":"Toute l&#039;actualit\u00e9 d&#039;\u00c9pinal","publisher":{"@id":"https:\/\/vosgesinfo.fr\/epinalinfo\/#organization"},"alternateName":"Toute l'actualit\u00e9 d'\u00c9pinal","potentialAction":[{"@type":"SearchAction","target":{"@type":"EntryPoint","urlTemplate":"https:\/\/vosgesinfo.fr\/epinalinfo\/?s={search_term_string}"},"query-input":"required name=search_term_string"}],"inLanguage":"fr-FR"},{"@type":"Organization","@id":"https:\/\/vosgesinfo.fr\/epinalinfo\/#organization","name":"Epinal Info","url":"https:\/\/vosgesinfo.fr\/epinalinfo\/","logo":{"@type":"ImageObject","inLanguage":"fr-FR","@id":"https:\/\/vosgesinfo.fr\/epinalinfo\/#\/schema\/logo\/image\/","url":"https:\/\/vosgesinfo.fr\/app\/uploads\/sites\/3\/2023\/08\/logo-epinalinfos.svg","contentUrl":"https:\/\/vosgesinfo.fr\/app\/uploads\/sites\/3\/2023\/08\/logo-epinalinfos.svg","width":1,"height":1,"caption":"Epinal Info"},"image":{"@id":"https:\/\/vosgesinfo.fr\/epinalinfo\/#\/schema\/logo\/image\/"},"sameAs":["https:\/\/www.facebook.com\/Epinalinfos","https:\/\/x.com\/VosgesInfo88","https:\/\/www.youtube.com\/@vosgesinfo"]},{"@type":"Person","@id":"https:\/\/vosgesinfo.fr\/epinalinfo\/#\/schema\/person\/6f9a650eeea99d969b6c4ab78fccbe81","name":"C.K.","image":{"@type":"ImageObject","inLanguage":"fr-FR","@id":"https:\/\/vosgesinfo.fr\/epinalinfo\/#\/schema\/person\/image\/","url":"https:\/\/secure.gravatar.com\/avatar\/48e3fc7f8421ba8942be6b74a2b7f014ca39bc00dece156b7a8e098ae7dc87bf?s=96&d=mm&r=g","contentUrl":"https:\/\/secure.gravatar.com\/avatar\/48e3fc7f8421ba8942be6b74a2b7f014ca39bc00dece156b7a8e098ae7dc87bf?s=96&d=mm&r=g","caption":"C.K."},"url":"https:\/\/vosgesinfo.fr\/epinalinfo\/author\/celia-k-n\/"}]}},"_links":{"self":[{"href":"https:\/\/vosgesinfo.fr\/epinalinfo\/wp-json\/wp\/v2\/posts\/70583","targetHints":{"allow":["GET"]}}],"collection":[{"href":"https:\/\/vosgesinfo.fr\/epinalinfo\/wp-json\/wp\/v2\/posts"}],"about":[{"href":"https:\/\/vosgesinfo.fr\/epinalinfo\/wp-json\/wp\/v2\/types\/post"}],"author":[{"embeddable":true,"href":"https:\/\/vosgesinfo.fr\/epinalinfo\/wp-json\/wp\/v2\/users\/52"}],"replies":[{"embeddable":true,"href":"https:\/\/vosgesinfo.fr\/epinalinfo\/wp-json\/wp\/v2\/comments?post=70583"}],"version-history":[{"count":0,"href":"https:\/\/vosgesinfo.fr\/epinalinfo\/wp-json\/wp\/v2\/posts\/70583\/revisions"}],"wp:featuredmedia":[{"embeddable":true,"href":"https:\/\/vosgesinfo.fr\/epinalinfo\/wp-json\/wp\/v2\/media\/70584"}],"wp:attachment":[{"href":"https:\/\/vosgesinfo.fr\/epinalinfo\/wp-json\/wp\/v2\/media?parent=70583"}],"wp:term":[{"taxonomy":"category","embeddable":true,"href":"https:\/\/vosgesinfo.fr\/epinalinfo\/wp-json\/wp\/v2\/categories?post=70583"},{"taxonomy":"post_tag","embeddable":true,"href":"https:\/\/vosgesinfo.fr\/epinalinfo\/wp-json\/wp\/v2\/tags?post=70583"}],"curies":[{"name":"wp","href":"https:\/\/api.w.org\/{rel}","templated":true}]}}