{"id":70619,"date":"2017-03-13T19:23:08","date_gmt":"2017-03-13T18:23:08","guid":{"rendered":"https:\/\/vosgesinfo.fr\/epinalinfo\/2017\/03\/cest-printemps-de-lartisanat\/"},"modified":"2017-03-13T19:23:08","modified_gmt":"2017-03-13T18:23:08","slug":"cest-printemps-de-lartisanat","status":"publish","type":"post","link":"https:\/\/vosgesinfo.fr\/epinalinfo\/2017\/03\/cest-printemps-de-lartisanat\/","title":{"rendered":"C\u2019est le printemps de l\u2019artisanat"},"content":{"rendered":"<p><a href=\"http:\/\/epinalinfos.fr\/2017\/03\/cest-printemps-de-lartisanat\/p1080433\/\" rel=\"attachment wp-att-110315\"><img decoding=\"async\" class=\"aligncenter size-full wp-image-110315\" src=\"\/2017\/03\/P1080433.jpg\" alt=\"P1080433\" width=\"800\" height=\"600\" \/><\/a><\/p>\n<p>Quand on connait aujourd\u2019hui l\u2019importance de l\u2019artisanat et de l\u2019apprentissage dans le dispositif emploi en France, les Chambres de M\u00e9tiers et de l\u2019Artisanat notamment celle des Vosges m\u00e9rite bien son printemps m\u00eame si la renaissance et le fleurissement de l\u2019ensemble\u00a0 de la profession se font toute l\u2019ann\u00e9e avec l\u2019institution vosgienne.<\/p>\n<p>On retrouve sur le terrain maintenant de mani\u00e8re presque\u00a0 immuable, les responsables de la Chambre des M\u00e9tiers et de l\u2019Artisanat pour un v\u00e9ritable tour du propri\u00e9taire du savoir faire local. Mieux encore, puisque\u00a0 la semaine nationale donne un coup de projecteur sur les apprentis d\u2019un jour\u2026apprentis pour toujours. C\u2019est le trailer, St\u00e9phane Brogniart qui \u00e9tait \u00e0 l\u2019\u0153uvre ce lundi \u00e0 Granges-sur-Vologne plus exactement dans l\u2019entreprise \u00ab\u00a0Le Bois \u00e0 C\u0153ur \u00a0\u00bb dirig\u00e9e par Daniel Colin, menuisier de son \u00e9tat depuis 40 ans. La soci\u00e9t\u00e9\u00a0 qui emploie 5 personnes a la particularit\u00e9 de r\u00e9cup\u00e9rer des bois sur les chantiers de d\u00e9construction et de les recycler dans des cr\u00e9ations telles que\u00a0 portes, escaliers et autres cuisines.<\/p>\n<p><em>\u00ab\u00a0Lorsqu\u2019on m\u2019a sollicit\u00e9 afin de participer \u00e0 cette initiative nationale, j\u2019ai opt\u00e9 pour la menuiserie<\/em> \u00a0\u00bb souligne St\u00e9phane Brogniart sur site d\u00e8s 8h30 avec la ferme volont\u00e9 de terminer sa rallonge de table \u00ab\u00a0j<em>e ne connais pas particuli\u00e8rement la profession mais j\u2019aime la douceur de bois et son cot\u00e9 mall\u00e9able. J\u2019ai une formation d\u2019aide soignant pour un m\u00e9tier que j\u2019ai pratiqu\u00e9 \u00e0 l\u2019h\u00f4pital de Fraize. Nous sommes loin du monde de la sant\u00e9 mais j\u2019aime ce moment si particulier. il existe une similitude avec le sport dans la pr\u00e9paration des machines, le m\u00e9trage\u00a0 bien en amont de la r\u00e9alisation. Entre choisir le bois et toutes les \u00e9tapes \u00e0 respecter, \u00eatre menuisier consiste en plusieurs m\u00e9tiers\u00a0\u00bb.<br \/>\n<\/em><\/p>\n<p>Pour\u00a0 le pr\u00e9sident de la Chambre consulaire, Christophe Richard, cette seconde semaine nationale dans les Vosges est essentielle. \u00a0\u00bb C<em>\u2018est une sensibilisation indispensable \u00ab\u00a0<\/em> souligne-t-il \u00ab\u00a0<em>c\u2019est une fa\u00e7on de se rapprocher du grand public\u00a0 pour une fili\u00e8re qui recrute et d\u00e9veloppe la fibre d\u2019excellence aupr\u00e8s des jeunes notamment\u00a0\u00bb.<\/em><\/p>\n<p>Pour preuve, l\u2019augmentation des immatriculations dans l\u2019artisanat qui ne cesse de gonfler pour environ un millier de personnes d\u00e9sireuses de se mettre \u00e0 son compte chaque ann\u00e9e dans le d\u00e9partement.\u00a0 C\u2019est aussi pour cette raison que la CMA s\u2019int\u00e9resse au secteur\u00a0 de la transmission proposant des dispositifs de cession entre c\u00e9dants et acqu\u00e9reurs d\u2019entreprise. A l\u2019instar de ce que propose le Garage Oriel de Gerb\u00e9pal, l\u00e0 m\u00eame o\u00f9 s\u2019est rendu le staff de la Chambre des M\u00e9tiers et de l\u2019Artisanat ce lundi pour une seconde visite.<\/p>\n<p>L\u2019avenir passe par la volont\u00e9 d\u2019entreprendre mais aussi par la coordination et les aides d\u00e9velopp\u00e9es par la CMA. Un contact s\u2019impose afin de construire son avenir entrepreneurial ! Histoire d\u2019avoir tous les voyants au vert avant m\u00eame le d\u00e9but de toutes activit\u00e9s !<\/p>\n<p><a href=\"http:\/\/epinalinfos.fr\/2017\/03\/cest-printemps-de-lartisanat\/p1080431\/\" rel=\"attachment wp-att-110316\"><img decoding=\"async\" class=\"aligncenter size-full wp-image-110316\" src=\"\/2017\/03\/P1080431.jpg\" alt=\"P1080431\" width=\"800\" height=\"600\" \/><\/a><\/p>\n","protected":false},"excerpt":{"rendered":"<p>Quand on connait aujourd\u2019hui l\u2019importance de l\u2019artisanat et de l\u2019apprentissage dans le dispositif emploi en France, les Chambres de M\u00e9tiers [&hellip;]<\/p>\n","protected":false},"author":52,"featured_media":70620,"comment_status":"open","ping_status":"open","sticky":false,"template":"","format":"standard","meta":{"footnotes":""},"categories":[22,10,5],"tags":[],"class_list":["post-70619","post","type-post","status-publish","format-standard","has-post-thumbnail","hentry","category-a-la-une","category-societe","category-vosges"],"acf":[],"yoast_head":"<!-- This site is optimized with the Yoast SEO plugin v22.5 - https:\/\/yoast.com\/wordpress\/plugins\/seo\/ -->\n<title>C\u2019est le printemps de l\u2019artisanat - Epinal Info<\/title>\n<meta name=\"robots\" content=\"index, follow, max-snippet:-1, max-image-preview:large, max-video-preview:-1\" \/>\n<link rel=\"canonical\" href=\"https:\/\/vosgesinfo.fr\/epinalinfo\/2017\/03\/cest-printemps-de-lartisanat\/\" \/>\n<meta name=\"twitter:card\" content=\"summary_large_image\" \/>\n<meta name=\"twitter:title\" content=\"C\u2019est le printemps de l\u2019artisanat - Epinal Info\" \/>\n<meta name=\"twitter:description\" content=\"Quand on connait aujourd\u2019hui l\u2019importance de l\u2019artisanat et de l\u2019apprentissage dans le dispositif emploi en France, les Chambres de M\u00e9tiers [&hellip;]\" \/>\n<meta name=\"twitter:image\" content=\"https:\/\/vosgesinfo.fr\/app\/uploads\/sites\/3\/2024\/08\/201703p1080433.jpg\" \/>\n<meta name=\"twitter:creator\" content=\"@VosgesInfo88\" \/>\n<meta name=\"twitter:site\" content=\"@VosgesInfo88\" \/>\n<meta name=\"twitter:label1\" content=\"\u00c9crit par\" \/>\n\t<meta name=\"twitter:data1\" content=\"C.K.\" \/>\n\t<meta name=\"twitter:label2\" content=\"Dur\u00e9e de lecture estim\u00e9e\" \/>\n\t<meta name=\"twitter:data2\" content=\"3 minutes\" \/>\n<script type=\"application\/ld+json\" class=\"yoast-schema-graph\">{\"@context\":\"https:\/\/schema.org\",\"@graph\":[{\"@type\":\"Article\",\"@id\":\"https:\/\/vosgesinfo.fr\/epinalinfo\/2017\/03\/cest-printemps-de-lartisanat\/#article\",\"isPartOf\":{\"@id\":\"https:\/\/vosgesinfo.fr\/epinalinfo\/2017\/03\/cest-printemps-de-lartisanat\/\"},\"author\":{\"name\":\"C.K.\",\"@id\":\"https:\/\/vosgesinfo.fr\/epinalinfo\/#\/schema\/person\/6f9a650eeea99d969b6c4ab78fccbe81\"},\"headline\":\"C\u2019est le printemps de l\u2019artisanat\",\"datePublished\":\"2017-03-13T18:23:08+00:00\",\"dateModified\":\"2017-03-13T18:23:08+00:00\",\"mainEntityOfPage\":{\"@id\":\"https:\/\/vosgesinfo.fr\/epinalinfo\/2017\/03\/cest-printemps-de-lartisanat\/\"},\"wordCount\":530,\"commentCount\":0,\"publisher\":{\"@id\":\"https:\/\/vosgesinfo.fr\/epinalinfo\/#organization\"},\"image\":{\"@id\":\"https:\/\/vosgesinfo.fr\/epinalinfo\/2017\/03\/cest-printemps-de-lartisanat\/#primaryimage\"},\"thumbnailUrl\":\"https:\/\/vosgesinfo.fr\/app\/uploads\/sites\/3\/2024\/08\/201703p1080433.jpg\",\"articleSection\":[\"A la Une\",\"Soci\u00e9t\u00e9\",\"Vosges\"],\"inLanguage\":\"fr-FR\",\"potentialAction\":[{\"@type\":\"CommentAction\",\"name\":\"Comment\",\"target\":[\"https:\/\/vosgesinfo.fr\/epinalinfo\/2017\/03\/cest-printemps-de-lartisanat\/#respond\"]}]},{\"@type\":\"WebPage\",\"@id\":\"https:\/\/vosgesinfo.fr\/epinalinfo\/2017\/03\/cest-printemps-de-lartisanat\/\",\"url\":\"https:\/\/vosgesinfo.fr\/epinalinfo\/2017\/03\/cest-printemps-de-lartisanat\/\",\"name\":\"C\u2019est le printemps de l\u2019artisanat - Epinal Info\",\"isPartOf\":{\"@id\":\"https:\/\/vosgesinfo.fr\/epinalinfo\/#website\"},\"primaryImageOfPage\":{\"@id\":\"https:\/\/vosgesinfo.fr\/epinalinfo\/2017\/03\/cest-printemps-de-lartisanat\/#primaryimage\"},\"image\":{\"@id\":\"https:\/\/vosgesinfo.fr\/epinalinfo\/2017\/03\/cest-printemps-de-lartisanat\/#primaryimage\"},\"thumbnailUrl\":\"https:\/\/vosgesinfo.fr\/app\/uploads\/sites\/3\/2024\/08\/201703p1080433.jpg\",\"datePublished\":\"2017-03-13T18:23:08+00:00\",\"dateModified\":\"2017-03-13T18:23:08+00:00\",\"breadcrumb\":{\"@id\":\"https:\/\/vosgesinfo.fr\/epinalinfo\/2017\/03\/cest-printemps-de-lartisanat\/#breadcrumb\"},\"inLanguage\":\"fr-FR\",\"potentialAction\":[{\"@type\":\"ReadAction\",\"target\":[\"https:\/\/vosgesinfo.fr\/epinalinfo\/2017\/03\/cest-printemps-de-lartisanat\/\"]}]},{\"@type\":\"ImageObject\",\"inLanguage\":\"fr-FR\",\"@id\":\"https:\/\/vosgesinfo.fr\/epinalinfo\/2017\/03\/cest-printemps-de-lartisanat\/#primaryimage\",\"url\":\"https:\/\/vosgesinfo.fr\/app\/uploads\/sites\/3\/2024\/08\/201703p1080433.jpg\",\"contentUrl\":\"https:\/\/vosgesinfo.fr\/app\/uploads\/sites\/3\/2024\/08\/201703p1080433.jpg\",\"width\":800,\"height\":600},{\"@type\":\"BreadcrumbList\",\"@id\":\"https:\/\/vosgesinfo.fr\/epinalinfo\/2017\/03\/cest-printemps-de-lartisanat\/#breadcrumb\",\"itemListElement\":[{\"@type\":\"ListItem\",\"position\":1,\"name\":\"Home\",\"item\":\"https:\/\/vosgesinfo.fr\/epinalinfo\/\"},{\"@type\":\"ListItem\",\"position\":2,\"name\":\"C\u2019est le printemps de l\u2019artisanat\"}]},{\"@type\":\"WebSite\",\"@id\":\"https:\/\/vosgesinfo.fr\/epinalinfo\/#website\",\"url\":\"https:\/\/vosgesinfo.fr\/epinalinfo\/\",\"name\":\"Epinal Info\",\"description\":\"Toute l&#039;actualit\u00e9 d&#039;\u00c9pinal\",\"publisher\":{\"@id\":\"https:\/\/vosgesinfo.fr\/epinalinfo\/#organization\"},\"alternateName\":\"Toute l'actualit\u00e9 d'\u00c9pinal\",\"potentialAction\":[{\"@type\":\"SearchAction\",\"target\":{\"@type\":\"EntryPoint\",\"urlTemplate\":\"https:\/\/vosgesinfo.fr\/epinalinfo\/?s={search_term_string}\"},\"query-input\":\"required name=search_term_string\"}],\"inLanguage\":\"fr-FR\"},{\"@type\":\"Organization\",\"@id\":\"https:\/\/vosgesinfo.fr\/epinalinfo\/#organization\",\"name\":\"Epinal Info\",\"url\":\"https:\/\/vosgesinfo.fr\/epinalinfo\/\",\"logo\":{\"@type\":\"ImageObject\",\"inLanguage\":\"fr-FR\",\"@id\":\"https:\/\/vosgesinfo.fr\/epinalinfo\/#\/schema\/logo\/image\/\",\"url\":\"https:\/\/vosgesinfo.fr\/app\/uploads\/sites\/3\/2023\/08\/logo-epinalinfos.svg\",\"contentUrl\":\"https:\/\/vosgesinfo.fr\/app\/uploads\/sites\/3\/2023\/08\/logo-epinalinfos.svg\",\"width\":1,\"height\":1,\"caption\":\"Epinal Info\"},\"image\":{\"@id\":\"https:\/\/vosgesinfo.fr\/epinalinfo\/#\/schema\/logo\/image\/\"},\"sameAs\":[\"https:\/\/www.facebook.com\/Epinalinfos\",\"https:\/\/x.com\/VosgesInfo88\",\"https:\/\/www.youtube.com\/@vosgesinfo\"]},{\"@type\":\"Person\",\"@id\":\"https:\/\/vosgesinfo.fr\/epinalinfo\/#\/schema\/person\/6f9a650eeea99d969b6c4ab78fccbe81\",\"name\":\"C.K.\",\"image\":{\"@type\":\"ImageObject\",\"inLanguage\":\"fr-FR\",\"@id\":\"https:\/\/vosgesinfo.fr\/epinalinfo\/#\/schema\/person\/image\/\",\"url\":\"https:\/\/secure.gravatar.com\/avatar\/48e3fc7f8421ba8942be6b74a2b7f014ca39bc00dece156b7a8e098ae7dc87bf?s=96&d=mm&r=g\",\"contentUrl\":\"https:\/\/secure.gravatar.com\/avatar\/48e3fc7f8421ba8942be6b74a2b7f014ca39bc00dece156b7a8e098ae7dc87bf?s=96&d=mm&r=g\",\"caption\":\"C.K.\"},\"url\":\"https:\/\/vosgesinfo.fr\/epinalinfo\/author\/celia-k-n\/\"}]}<\/script>\n<!-- \/ Yoast SEO plugin. -->","yoast_head_json":{"title":"C\u2019est le printemps de l\u2019artisanat - Epinal Info","robots":{"index":"index","follow":"follow","max-snippet":"max-snippet:-1","max-image-preview":"max-image-preview:large","max-video-preview":"max-video-preview:-1"},"canonical":"https:\/\/vosgesinfo.fr\/epinalinfo\/2017\/03\/cest-printemps-de-lartisanat\/","twitter_card":"summary_large_image","twitter_title":"C\u2019est le printemps de l\u2019artisanat - Epinal Info","twitter_description":"Quand on connait aujourd\u2019hui l\u2019importance de l\u2019artisanat et de l\u2019apprentissage dans le dispositif emploi en France, les Chambres de M\u00e9tiers [&hellip;]","twitter_image":"https:\/\/vosgesinfo.fr\/app\/uploads\/sites\/3\/2024\/08\/201703p1080433.jpg","twitter_creator":"@VosgesInfo88","twitter_site":"@VosgesInfo88","twitter_misc":{"\u00c9crit par":"C.K.","Dur\u00e9e de lecture estim\u00e9e":"3 minutes"},"schema":{"@context":"https:\/\/schema.org","@graph":[{"@type":"Article","@id":"https:\/\/vosgesinfo.fr\/epinalinfo\/2017\/03\/cest-printemps-de-lartisanat\/#article","isPartOf":{"@id":"https:\/\/vosgesinfo.fr\/epinalinfo\/2017\/03\/cest-printemps-de-lartisanat\/"},"author":{"name":"C.K.","@id":"https:\/\/vosgesinfo.fr\/epinalinfo\/#\/schema\/person\/6f9a650eeea99d969b6c4ab78fccbe81"},"headline":"C\u2019est le printemps de l\u2019artisanat","datePublished":"2017-03-13T18:23:08+00:00","dateModified":"2017-03-13T18:23:08+00:00","mainEntityOfPage":{"@id":"https:\/\/vosgesinfo.fr\/epinalinfo\/2017\/03\/cest-printemps-de-lartisanat\/"},"wordCount":530,"commentCount":0,"publisher":{"@id":"https:\/\/vosgesinfo.fr\/epinalinfo\/#organization"},"image":{"@id":"https:\/\/vosgesinfo.fr\/epinalinfo\/2017\/03\/cest-printemps-de-lartisanat\/#primaryimage"},"thumbnailUrl":"https:\/\/vosgesinfo.fr\/app\/uploads\/sites\/3\/2024\/08\/201703p1080433.jpg","articleSection":["A la Une","Soci\u00e9t\u00e9","Vosges"],"inLanguage":"fr-FR","potentialAction":[{"@type":"CommentAction","name":"Comment","target":["https:\/\/vosgesinfo.fr\/epinalinfo\/2017\/03\/cest-printemps-de-lartisanat\/#respond"]}]},{"@type":"WebPage","@id":"https:\/\/vosgesinfo.fr\/epinalinfo\/2017\/03\/cest-printemps-de-lartisanat\/","url":"https:\/\/vosgesinfo.fr\/epinalinfo\/2017\/03\/cest-printemps-de-lartisanat\/","name":"C\u2019est le printemps de l\u2019artisanat - Epinal Info","isPartOf":{"@id":"https:\/\/vosgesinfo.fr\/epinalinfo\/#website"},"primaryImageOfPage":{"@id":"https:\/\/vosgesinfo.fr\/epinalinfo\/2017\/03\/cest-printemps-de-lartisanat\/#primaryimage"},"image":{"@id":"https:\/\/vosgesinfo.fr\/epinalinfo\/2017\/03\/cest-printemps-de-lartisanat\/#primaryimage"},"thumbnailUrl":"https:\/\/vosgesinfo.fr\/app\/uploads\/sites\/3\/2024\/08\/201703p1080433.jpg","datePublished":"2017-03-13T18:23:08+00:00","dateModified":"2017-03-13T18:23:08+00:00","breadcrumb":{"@id":"https:\/\/vosgesinfo.fr\/epinalinfo\/2017\/03\/cest-printemps-de-lartisanat\/#breadcrumb"},"inLanguage":"fr-FR","potentialAction":[{"@type":"ReadAction","target":["https:\/\/vosgesinfo.fr\/epinalinfo\/2017\/03\/cest-printemps-de-lartisanat\/"]}]},{"@type":"ImageObject","inLanguage":"fr-FR","@id":"https:\/\/vosgesinfo.fr\/epinalinfo\/2017\/03\/cest-printemps-de-lartisanat\/#primaryimage","url":"https:\/\/vosgesinfo.fr\/app\/uploads\/sites\/3\/2024\/08\/201703p1080433.jpg","contentUrl":"https:\/\/vosgesinfo.fr\/app\/uploads\/sites\/3\/2024\/08\/201703p1080433.jpg","width":800,"height":600},{"@type":"BreadcrumbList","@id":"https:\/\/vosgesinfo.fr\/epinalinfo\/2017\/03\/cest-printemps-de-lartisanat\/#breadcrumb","itemListElement":[{"@type":"ListItem","position":1,"name":"Home","item":"https:\/\/vosgesinfo.fr\/epinalinfo\/"},{"@type":"ListItem","position":2,"name":"C\u2019est le printemps de l\u2019artisanat"}]},{"@type":"WebSite","@id":"https:\/\/vosgesinfo.fr\/epinalinfo\/#website","url":"https:\/\/vosgesinfo.fr\/epinalinfo\/","name":"Epinal Info","description":"Toute l&#039;actualit\u00e9 d&#039;\u00c9pinal","publisher":{"@id":"https:\/\/vosgesinfo.fr\/epinalinfo\/#organization"},"alternateName":"Toute l'actualit\u00e9 d'\u00c9pinal","potentialAction":[{"@type":"SearchAction","target":{"@type":"EntryPoint","urlTemplate":"https:\/\/vosgesinfo.fr\/epinalinfo\/?s={search_term_string}"},"query-input":"required name=search_term_string"}],"inLanguage":"fr-FR"},{"@type":"Organization","@id":"https:\/\/vosgesinfo.fr\/epinalinfo\/#organization","name":"Epinal Info","url":"https:\/\/vosgesinfo.fr\/epinalinfo\/","logo":{"@type":"ImageObject","inLanguage":"fr-FR","@id":"https:\/\/vosgesinfo.fr\/epinalinfo\/#\/schema\/logo\/image\/","url":"https:\/\/vosgesinfo.fr\/app\/uploads\/sites\/3\/2023\/08\/logo-epinalinfos.svg","contentUrl":"https:\/\/vosgesinfo.fr\/app\/uploads\/sites\/3\/2023\/08\/logo-epinalinfos.svg","width":1,"height":1,"caption":"Epinal Info"},"image":{"@id":"https:\/\/vosgesinfo.fr\/epinalinfo\/#\/schema\/logo\/image\/"},"sameAs":["https:\/\/www.facebook.com\/Epinalinfos","https:\/\/x.com\/VosgesInfo88","https:\/\/www.youtube.com\/@vosgesinfo"]},{"@type":"Person","@id":"https:\/\/vosgesinfo.fr\/epinalinfo\/#\/schema\/person\/6f9a650eeea99d969b6c4ab78fccbe81","name":"C.K.","image":{"@type":"ImageObject","inLanguage":"fr-FR","@id":"https:\/\/vosgesinfo.fr\/epinalinfo\/#\/schema\/person\/image\/","url":"https:\/\/secure.gravatar.com\/avatar\/48e3fc7f8421ba8942be6b74a2b7f014ca39bc00dece156b7a8e098ae7dc87bf?s=96&d=mm&r=g","contentUrl":"https:\/\/secure.gravatar.com\/avatar\/48e3fc7f8421ba8942be6b74a2b7f014ca39bc00dece156b7a8e098ae7dc87bf?s=96&d=mm&r=g","caption":"C.K."},"url":"https:\/\/vosgesinfo.fr\/epinalinfo\/author\/celia-k-n\/"}]}},"_links":{"self":[{"href":"https:\/\/vosgesinfo.fr\/epinalinfo\/wp-json\/wp\/v2\/posts\/70619","targetHints":{"allow":["GET"]}}],"collection":[{"href":"https:\/\/vosgesinfo.fr\/epinalinfo\/wp-json\/wp\/v2\/posts"}],"about":[{"href":"https:\/\/vosgesinfo.fr\/epinalinfo\/wp-json\/wp\/v2\/types\/post"}],"author":[{"embeddable":true,"href":"https:\/\/vosgesinfo.fr\/epinalinfo\/wp-json\/wp\/v2\/users\/52"}],"replies":[{"embeddable":true,"href":"https:\/\/vosgesinfo.fr\/epinalinfo\/wp-json\/wp\/v2\/comments?post=70619"}],"version-history":[{"count":0,"href":"https:\/\/vosgesinfo.fr\/epinalinfo\/wp-json\/wp\/v2\/posts\/70619\/revisions"}],"wp:featuredmedia":[{"embeddable":true,"href":"https:\/\/vosgesinfo.fr\/epinalinfo\/wp-json\/wp\/v2\/media\/70620"}],"wp:attachment":[{"href":"https:\/\/vosgesinfo.fr\/epinalinfo\/wp-json\/wp\/v2\/media?parent=70619"}],"wp:term":[{"taxonomy":"category","embeddable":true,"href":"https:\/\/vosgesinfo.fr\/epinalinfo\/wp-json\/wp\/v2\/categories?post=70619"},{"taxonomy":"post_tag","embeddable":true,"href":"https:\/\/vosgesinfo.fr\/epinalinfo\/wp-json\/wp\/v2\/tags?post=70619"}],"curies":[{"name":"wp","href":"https:\/\/api.w.org\/{rel}","templated":true}]}}