{"id":70635,"date":"2017-03-14T06:03:26","date_gmt":"2017-03-14T05:03:26","guid":{"rendered":"https:\/\/vosgesinfo.fr\/epinalinfo\/2017\/03\/soiree-theatre-centre-culturel-de-golbey\/"},"modified":"2017-03-14T06:03:26","modified_gmt":"2017-03-14T05:03:26","slug":"soiree-theatre-centre-culturel-de-golbey","status":"publish","type":"post","link":"https:\/\/vosgesinfo.fr\/epinalinfo\/2017\/03\/soiree-theatre-centre-culturel-de-golbey\/","title":{"rendered":"Soir\u00e9e th\u00e9\u00e2tre au centre culturel de Golbey"},"content":{"rendered":"<p><a href=\"http:\/\/epinalinfos.fr\/2017\/03\/soiree-theatre-centre-culturel-de-golbey\/affiche-theatre-grenier-1\/\" rel=\"attachment wp-att-110344\"><img decoding=\"async\" class=\"aligncenter size-full wp-image-110344\" src=\"\/2017\/03\/affiche-theatre-grenier-1.jpg\" alt=\"affiche theatre grenier (1)\" width=\"566\" height=\"800\" \/><\/a>L&rsquo;association GOLBEY ANIMATION propose une soir\u00e9e th\u00e9\u00e2tre le\u00a0<strong>Samedi 8 avril 2017 \u00e0 20h30\u00a0<\/strong><strong>au Centre Culturel de Golbey.\u00a0<\/strong><\/p>\n<p class=\"x_MsoNormal\"><strong>\u00a0<\/strong>\u00ab\u00a0Ca se complique\u00a0\u00bb une com\u00e9die de Patricia HAUBE, interpr\u00e9t\u00e9e par le th\u00e9\u00e2tre du Grenier.<\/p>\n<p class=\"x_MsoNormal\"><em>\u00ab\u00a0\u00ab\u00a0Chez Michel la vie est belle\u00a0\u00bb, telle est la devise de Michel l\u2019heureux propri\u00e9taire l\u00e9g\u00e8rement pr\u00e9cieux du tr\u00e8s cosy h\u00f4tel \u00ab\u00a0La rose des vents\u00a0\u00bb. C\u2019est une belle journ\u00e9e d\u2019\u00e9t\u00e9, les clients affluent\u00a0: Monsieur CHABRIER pr\u00e9sident des entreprises Grograins Poulet Label Rouge et sa ma\u00eetresse P\u00e9n\u00e9lope, Gr\u00e9goire, un vieux gar\u00e7on venu chercher l\u2019amour, Fernande, une vieille fille d\u00e9prim\u00e9e, Monsieur CALAS de la Fremonti\u00e8re, un veuf ayant fait fortune dans la chaussette. Tout ce petit monde est bien d\u00e9cid\u00e9 \u00e0 passer un bon s\u00e9jour \u00e0 \u00ab\u00a0la Rose des vents\u00a0\u00bb mais c\u2019est sans compter l\u2019arriv\u00e9e inattendue de Madame CHABRIER qui vient faire une surprise \u00e0 son mari pour leur anniversaire de mariage. Michel va alors s\u2019emberlificoter dans une cascade de mensonge pour essayer de sauver la mise, cela donnera un d\u00e9cha\u00eenement de quiproquos ou plus personne ne saura qui est vraiment qui \u2026. Comment tout cela va bien pourvoir se terminer\u00a0?<\/em><\/p>\n<p class=\"x_MsoNormal\"><em>\u00a0<\/em><\/p>\n<p>Tarifs\u00a0: 8,00 \/ 7,00 \/ 4,00 euros<\/p>\n<p><em>Vente de la billetterie au centre culturel<\/em><\/p>\n","protected":false},"excerpt":{"rendered":"<p>L&rsquo;association GOLBEY ANIMATION propose une soir\u00e9e th\u00e9\u00e2tre le\u00a0Samedi 8 avril 2017 \u00e0 20h30\u00a0au Centre Culturel de Golbey.\u00a0 \u00a0\u00ab\u00a0Ca se complique\u00a0\u00bb [&hellip;]<\/p>\n","protected":false},"author":52,"featured_media":70636,"comment_status":"open","ping_status":"open","sticky":false,"template":"","format":"standard","meta":{"footnotes":""},"categories":[2,148],"tags":[],"class_list":["post-70635","post","type-post","status-publish","format-standard","has-post-thumbnail","hentry","category-breves","category-golbey"],"acf":[],"yoast_head":"<!-- This site is optimized with the Yoast SEO plugin v22.5 - https:\/\/yoast.com\/wordpress\/plugins\/seo\/ -->\n<title>Soir\u00e9e th\u00e9\u00e2tre au centre culturel de Golbey - Epinal Info<\/title>\n<meta name=\"robots\" content=\"index, follow, max-snippet:-1, max-image-preview:large, max-video-preview:-1\" \/>\n<link rel=\"canonical\" href=\"https:\/\/vosgesinfo.fr\/epinalinfo\/2017\/03\/soiree-theatre-centre-culturel-de-golbey\/\" \/>\n<meta name=\"twitter:card\" content=\"summary_large_image\" \/>\n<meta name=\"twitter:title\" content=\"Soir\u00e9e th\u00e9\u00e2tre au centre culturel de Golbey - Epinal Info\" \/>\n<meta name=\"twitter:description\" content=\"L&rsquo;association GOLBEY ANIMATION propose une soir\u00e9e th\u00e9\u00e2tre le\u00a0Samedi 8 avril 2017 \u00e0 20h30\u00a0au Centre Culturel de Golbey.\u00a0 \u00a0\u00ab\u00a0Ca se complique\u00a0\u00bb [&hellip;]\" \/>\n<meta name=\"twitter:image\" content=\"https:\/\/vosgesinfo.fr\/app\/uploads\/sites\/3\/2024\/08\/201703affiche-theatre-grenier-1.jpg\" \/>\n<meta name=\"twitter:creator\" content=\"@VosgesInfo88\" \/>\n<meta name=\"twitter:site\" content=\"@VosgesInfo88\" \/>\n<meta name=\"twitter:label1\" content=\"\u00c9crit par\" \/>\n\t<meta name=\"twitter:data1\" content=\"C.K.\" \/>\n\t<meta name=\"twitter:label2\" content=\"Dur\u00e9e de lecture estim\u00e9e\" \/>\n\t<meta name=\"twitter:data2\" content=\"1 minute\" \/>\n<script type=\"application\/ld+json\" class=\"yoast-schema-graph\">{\"@context\":\"https:\/\/schema.org\",\"@graph\":[{\"@type\":\"Article\",\"@id\":\"https:\/\/vosgesinfo.fr\/epinalinfo\/2017\/03\/soiree-theatre-centre-culturel-de-golbey\/#article\",\"isPartOf\":{\"@id\":\"https:\/\/vosgesinfo.fr\/epinalinfo\/2017\/03\/soiree-theatre-centre-culturel-de-golbey\/\"},\"author\":{\"name\":\"C.K.\",\"@id\":\"https:\/\/vosgesinfo.fr\/epinalinfo\/#\/schema\/person\/6f9a650eeea99d969b6c4ab78fccbe81\"},\"headline\":\"Soir\u00e9e th\u00e9\u00e2tre au centre culturel de Golbey\",\"datePublished\":\"2017-03-14T05:03:26+00:00\",\"dateModified\":\"2017-03-14T05:03:26+00:00\",\"mainEntityOfPage\":{\"@id\":\"https:\/\/vosgesinfo.fr\/epinalinfo\/2017\/03\/soiree-theatre-centre-culturel-de-golbey\/\"},\"wordCount\":227,\"commentCount\":0,\"publisher\":{\"@id\":\"https:\/\/vosgesinfo.fr\/epinalinfo\/#organization\"},\"image\":{\"@id\":\"https:\/\/vosgesinfo.fr\/epinalinfo\/2017\/03\/soiree-theatre-centre-culturel-de-golbey\/#primaryimage\"},\"thumbnailUrl\":\"https:\/\/vosgesinfo.fr\/app\/uploads\/sites\/3\/2024\/08\/201703affiche-theatre-grenier-1.jpg\",\"articleSection\":[\"Br\u00e8ves\",\"Golbey\"],\"inLanguage\":\"fr-FR\",\"potentialAction\":[{\"@type\":\"CommentAction\",\"name\":\"Comment\",\"target\":[\"https:\/\/vosgesinfo.fr\/epinalinfo\/2017\/03\/soiree-theatre-centre-culturel-de-golbey\/#respond\"]}]},{\"@type\":\"WebPage\",\"@id\":\"https:\/\/vosgesinfo.fr\/epinalinfo\/2017\/03\/soiree-theatre-centre-culturel-de-golbey\/\",\"url\":\"https:\/\/vosgesinfo.fr\/epinalinfo\/2017\/03\/soiree-theatre-centre-culturel-de-golbey\/\",\"name\":\"Soir\u00e9e th\u00e9\u00e2tre au centre culturel de Golbey - Epinal Info\",\"isPartOf\":{\"@id\":\"https:\/\/vosgesinfo.fr\/epinalinfo\/#website\"},\"primaryImageOfPage\":{\"@id\":\"https:\/\/vosgesinfo.fr\/epinalinfo\/2017\/03\/soiree-theatre-centre-culturel-de-golbey\/#primaryimage\"},\"image\":{\"@id\":\"https:\/\/vosgesinfo.fr\/epinalinfo\/2017\/03\/soiree-theatre-centre-culturel-de-golbey\/#primaryimage\"},\"thumbnailUrl\":\"https:\/\/vosgesinfo.fr\/app\/uploads\/sites\/3\/2024\/08\/201703affiche-theatre-grenier-1.jpg\",\"datePublished\":\"2017-03-14T05:03:26+00:00\",\"dateModified\":\"2017-03-14T05:03:26+00:00\",\"breadcrumb\":{\"@id\":\"https:\/\/vosgesinfo.fr\/epinalinfo\/2017\/03\/soiree-theatre-centre-culturel-de-golbey\/#breadcrumb\"},\"inLanguage\":\"fr-FR\",\"potentialAction\":[{\"@type\":\"ReadAction\",\"target\":[\"https:\/\/vosgesinfo.fr\/epinalinfo\/2017\/03\/soiree-theatre-centre-culturel-de-golbey\/\"]}]},{\"@type\":\"ImageObject\",\"inLanguage\":\"fr-FR\",\"@id\":\"https:\/\/vosgesinfo.fr\/epinalinfo\/2017\/03\/soiree-theatre-centre-culturel-de-golbey\/#primaryimage\",\"url\":\"https:\/\/vosgesinfo.fr\/app\/uploads\/sites\/3\/2024\/08\/201703affiche-theatre-grenier-1.jpg\",\"contentUrl\":\"https:\/\/vosgesinfo.fr\/app\/uploads\/sites\/3\/2024\/08\/201703affiche-theatre-grenier-1.jpg\",\"width\":566,\"height\":800},{\"@type\":\"BreadcrumbList\",\"@id\":\"https:\/\/vosgesinfo.fr\/epinalinfo\/2017\/03\/soiree-theatre-centre-culturel-de-golbey\/#breadcrumb\",\"itemListElement\":[{\"@type\":\"ListItem\",\"position\":1,\"name\":\"Home\",\"item\":\"https:\/\/vosgesinfo.fr\/epinalinfo\/\"},{\"@type\":\"ListItem\",\"position\":2,\"name\":\"Soir\u00e9e th\u00e9\u00e2tre au centre culturel de Golbey\"}]},{\"@type\":\"WebSite\",\"@id\":\"https:\/\/vosgesinfo.fr\/epinalinfo\/#website\",\"url\":\"https:\/\/vosgesinfo.fr\/epinalinfo\/\",\"name\":\"Epinal Info\",\"description\":\"Toute l&#039;actualit\u00e9 d&#039;\u00c9pinal\",\"publisher\":{\"@id\":\"https:\/\/vosgesinfo.fr\/epinalinfo\/#organization\"},\"alternateName\":\"Toute l'actualit\u00e9 d'\u00c9pinal\",\"potentialAction\":[{\"@type\":\"SearchAction\",\"target\":{\"@type\":\"EntryPoint\",\"urlTemplate\":\"https:\/\/vosgesinfo.fr\/epinalinfo\/?s={search_term_string}\"},\"query-input\":\"required name=search_term_string\"}],\"inLanguage\":\"fr-FR\"},{\"@type\":\"Organization\",\"@id\":\"https:\/\/vosgesinfo.fr\/epinalinfo\/#organization\",\"name\":\"Epinal Info\",\"url\":\"https:\/\/vosgesinfo.fr\/epinalinfo\/\",\"logo\":{\"@type\":\"ImageObject\",\"inLanguage\":\"fr-FR\",\"@id\":\"https:\/\/vosgesinfo.fr\/epinalinfo\/#\/schema\/logo\/image\/\",\"url\":\"https:\/\/vosgesinfo.fr\/app\/uploads\/sites\/3\/2023\/08\/logo-epinalinfos.svg\",\"contentUrl\":\"https:\/\/vosgesinfo.fr\/app\/uploads\/sites\/3\/2023\/08\/logo-epinalinfos.svg\",\"width\":1,\"height\":1,\"caption\":\"Epinal Info\"},\"image\":{\"@id\":\"https:\/\/vosgesinfo.fr\/epinalinfo\/#\/schema\/logo\/image\/\"},\"sameAs\":[\"https:\/\/www.facebook.com\/Epinalinfos\",\"https:\/\/x.com\/VosgesInfo88\",\"https:\/\/www.youtube.com\/@vosgesinfo\"]},{\"@type\":\"Person\",\"@id\":\"https:\/\/vosgesinfo.fr\/epinalinfo\/#\/schema\/person\/6f9a650eeea99d969b6c4ab78fccbe81\",\"name\":\"C.K.\",\"image\":{\"@type\":\"ImageObject\",\"inLanguage\":\"fr-FR\",\"@id\":\"https:\/\/vosgesinfo.fr\/epinalinfo\/#\/schema\/person\/image\/\",\"url\":\"https:\/\/secure.gravatar.com\/avatar\/48e3fc7f8421ba8942be6b74a2b7f014ca39bc00dece156b7a8e098ae7dc87bf?s=96&d=mm&r=g\",\"contentUrl\":\"https:\/\/secure.gravatar.com\/avatar\/48e3fc7f8421ba8942be6b74a2b7f014ca39bc00dece156b7a8e098ae7dc87bf?s=96&d=mm&r=g\",\"caption\":\"C.K.\"},\"url\":\"https:\/\/vosgesinfo.fr\/epinalinfo\/author\/celia-k-n\/\"}]}<\/script>\n<!-- \/ Yoast SEO plugin. -->","yoast_head_json":{"title":"Soir\u00e9e th\u00e9\u00e2tre au centre culturel de Golbey - Epinal Info","robots":{"index":"index","follow":"follow","max-snippet":"max-snippet:-1","max-image-preview":"max-image-preview:large","max-video-preview":"max-video-preview:-1"},"canonical":"https:\/\/vosgesinfo.fr\/epinalinfo\/2017\/03\/soiree-theatre-centre-culturel-de-golbey\/","twitter_card":"summary_large_image","twitter_title":"Soir\u00e9e th\u00e9\u00e2tre au centre culturel de Golbey - Epinal Info","twitter_description":"L&rsquo;association GOLBEY ANIMATION propose une soir\u00e9e th\u00e9\u00e2tre le\u00a0Samedi 8 avril 2017 \u00e0 20h30\u00a0au Centre Culturel de Golbey.\u00a0 \u00a0\u00ab\u00a0Ca se complique\u00a0\u00bb [&hellip;]","twitter_image":"https:\/\/vosgesinfo.fr\/app\/uploads\/sites\/3\/2024\/08\/201703affiche-theatre-grenier-1.jpg","twitter_creator":"@VosgesInfo88","twitter_site":"@VosgesInfo88","twitter_misc":{"\u00c9crit par":"C.K.","Dur\u00e9e de lecture estim\u00e9e":"1 minute"},"schema":{"@context":"https:\/\/schema.org","@graph":[{"@type":"Article","@id":"https:\/\/vosgesinfo.fr\/epinalinfo\/2017\/03\/soiree-theatre-centre-culturel-de-golbey\/#article","isPartOf":{"@id":"https:\/\/vosgesinfo.fr\/epinalinfo\/2017\/03\/soiree-theatre-centre-culturel-de-golbey\/"},"author":{"name":"C.K.","@id":"https:\/\/vosgesinfo.fr\/epinalinfo\/#\/schema\/person\/6f9a650eeea99d969b6c4ab78fccbe81"},"headline":"Soir\u00e9e th\u00e9\u00e2tre au centre culturel de Golbey","datePublished":"2017-03-14T05:03:26+00:00","dateModified":"2017-03-14T05:03:26+00:00","mainEntityOfPage":{"@id":"https:\/\/vosgesinfo.fr\/epinalinfo\/2017\/03\/soiree-theatre-centre-culturel-de-golbey\/"},"wordCount":227,"commentCount":0,"publisher":{"@id":"https:\/\/vosgesinfo.fr\/epinalinfo\/#organization"},"image":{"@id":"https:\/\/vosgesinfo.fr\/epinalinfo\/2017\/03\/soiree-theatre-centre-culturel-de-golbey\/#primaryimage"},"thumbnailUrl":"https:\/\/vosgesinfo.fr\/app\/uploads\/sites\/3\/2024\/08\/201703affiche-theatre-grenier-1.jpg","articleSection":["Br\u00e8ves","Golbey"],"inLanguage":"fr-FR","potentialAction":[{"@type":"CommentAction","name":"Comment","target":["https:\/\/vosgesinfo.fr\/epinalinfo\/2017\/03\/soiree-theatre-centre-culturel-de-golbey\/#respond"]}]},{"@type":"WebPage","@id":"https:\/\/vosgesinfo.fr\/epinalinfo\/2017\/03\/soiree-theatre-centre-culturel-de-golbey\/","url":"https:\/\/vosgesinfo.fr\/epinalinfo\/2017\/03\/soiree-theatre-centre-culturel-de-golbey\/","name":"Soir\u00e9e th\u00e9\u00e2tre au centre culturel de Golbey - Epinal Info","isPartOf":{"@id":"https:\/\/vosgesinfo.fr\/epinalinfo\/#website"},"primaryImageOfPage":{"@id":"https:\/\/vosgesinfo.fr\/epinalinfo\/2017\/03\/soiree-theatre-centre-culturel-de-golbey\/#primaryimage"},"image":{"@id":"https:\/\/vosgesinfo.fr\/epinalinfo\/2017\/03\/soiree-theatre-centre-culturel-de-golbey\/#primaryimage"},"thumbnailUrl":"https:\/\/vosgesinfo.fr\/app\/uploads\/sites\/3\/2024\/08\/201703affiche-theatre-grenier-1.jpg","datePublished":"2017-03-14T05:03:26+00:00","dateModified":"2017-03-14T05:03:26+00:00","breadcrumb":{"@id":"https:\/\/vosgesinfo.fr\/epinalinfo\/2017\/03\/soiree-theatre-centre-culturel-de-golbey\/#breadcrumb"},"inLanguage":"fr-FR","potentialAction":[{"@type":"ReadAction","target":["https:\/\/vosgesinfo.fr\/epinalinfo\/2017\/03\/soiree-theatre-centre-culturel-de-golbey\/"]}]},{"@type":"ImageObject","inLanguage":"fr-FR","@id":"https:\/\/vosgesinfo.fr\/epinalinfo\/2017\/03\/soiree-theatre-centre-culturel-de-golbey\/#primaryimage","url":"https:\/\/vosgesinfo.fr\/app\/uploads\/sites\/3\/2024\/08\/201703affiche-theatre-grenier-1.jpg","contentUrl":"https:\/\/vosgesinfo.fr\/app\/uploads\/sites\/3\/2024\/08\/201703affiche-theatre-grenier-1.jpg","width":566,"height":800},{"@type":"BreadcrumbList","@id":"https:\/\/vosgesinfo.fr\/epinalinfo\/2017\/03\/soiree-theatre-centre-culturel-de-golbey\/#breadcrumb","itemListElement":[{"@type":"ListItem","position":1,"name":"Home","item":"https:\/\/vosgesinfo.fr\/epinalinfo\/"},{"@type":"ListItem","position":2,"name":"Soir\u00e9e th\u00e9\u00e2tre au centre culturel de Golbey"}]},{"@type":"WebSite","@id":"https:\/\/vosgesinfo.fr\/epinalinfo\/#website","url":"https:\/\/vosgesinfo.fr\/epinalinfo\/","name":"Epinal Info","description":"Toute l&#039;actualit\u00e9 d&#039;\u00c9pinal","publisher":{"@id":"https:\/\/vosgesinfo.fr\/epinalinfo\/#organization"},"alternateName":"Toute l'actualit\u00e9 d'\u00c9pinal","potentialAction":[{"@type":"SearchAction","target":{"@type":"EntryPoint","urlTemplate":"https:\/\/vosgesinfo.fr\/epinalinfo\/?s={search_term_string}"},"query-input":"required name=search_term_string"}],"inLanguage":"fr-FR"},{"@type":"Organization","@id":"https:\/\/vosgesinfo.fr\/epinalinfo\/#organization","name":"Epinal Info","url":"https:\/\/vosgesinfo.fr\/epinalinfo\/","logo":{"@type":"ImageObject","inLanguage":"fr-FR","@id":"https:\/\/vosgesinfo.fr\/epinalinfo\/#\/schema\/logo\/image\/","url":"https:\/\/vosgesinfo.fr\/app\/uploads\/sites\/3\/2023\/08\/logo-epinalinfos.svg","contentUrl":"https:\/\/vosgesinfo.fr\/app\/uploads\/sites\/3\/2023\/08\/logo-epinalinfos.svg","width":1,"height":1,"caption":"Epinal Info"},"image":{"@id":"https:\/\/vosgesinfo.fr\/epinalinfo\/#\/schema\/logo\/image\/"},"sameAs":["https:\/\/www.facebook.com\/Epinalinfos","https:\/\/x.com\/VosgesInfo88","https:\/\/www.youtube.com\/@vosgesinfo"]},{"@type":"Person","@id":"https:\/\/vosgesinfo.fr\/epinalinfo\/#\/schema\/person\/6f9a650eeea99d969b6c4ab78fccbe81","name":"C.K.","image":{"@type":"ImageObject","inLanguage":"fr-FR","@id":"https:\/\/vosgesinfo.fr\/epinalinfo\/#\/schema\/person\/image\/","url":"https:\/\/secure.gravatar.com\/avatar\/48e3fc7f8421ba8942be6b74a2b7f014ca39bc00dece156b7a8e098ae7dc87bf?s=96&d=mm&r=g","contentUrl":"https:\/\/secure.gravatar.com\/avatar\/48e3fc7f8421ba8942be6b74a2b7f014ca39bc00dece156b7a8e098ae7dc87bf?s=96&d=mm&r=g","caption":"C.K."},"url":"https:\/\/vosgesinfo.fr\/epinalinfo\/author\/celia-k-n\/"}]}},"_links":{"self":[{"href":"https:\/\/vosgesinfo.fr\/epinalinfo\/wp-json\/wp\/v2\/posts\/70635","targetHints":{"allow":["GET"]}}],"collection":[{"href":"https:\/\/vosgesinfo.fr\/epinalinfo\/wp-json\/wp\/v2\/posts"}],"about":[{"href":"https:\/\/vosgesinfo.fr\/epinalinfo\/wp-json\/wp\/v2\/types\/post"}],"author":[{"embeddable":true,"href":"https:\/\/vosgesinfo.fr\/epinalinfo\/wp-json\/wp\/v2\/users\/52"}],"replies":[{"embeddable":true,"href":"https:\/\/vosgesinfo.fr\/epinalinfo\/wp-json\/wp\/v2\/comments?post=70635"}],"version-history":[{"count":0,"href":"https:\/\/vosgesinfo.fr\/epinalinfo\/wp-json\/wp\/v2\/posts\/70635\/revisions"}],"wp:featuredmedia":[{"embeddable":true,"href":"https:\/\/vosgesinfo.fr\/epinalinfo\/wp-json\/wp\/v2\/media\/70636"}],"wp:attachment":[{"href":"https:\/\/vosgesinfo.fr\/epinalinfo\/wp-json\/wp\/v2\/media?parent=70635"}],"wp:term":[{"taxonomy":"category","embeddable":true,"href":"https:\/\/vosgesinfo.fr\/epinalinfo\/wp-json\/wp\/v2\/categories?post=70635"},{"taxonomy":"post_tag","embeddable":true,"href":"https:\/\/vosgesinfo.fr\/epinalinfo\/wp-json\/wp\/v2\/tags?post=70635"}],"curies":[{"name":"wp","href":"https:\/\/api.w.org\/{rel}","templated":true}]}}