{"id":70651,"date":"2017-03-14T06:00:03","date_gmt":"2017-03-14T05:00:03","guid":{"rendered":"https:\/\/vosgesinfo.fr\/epinalinfo\/2017\/03\/peindre-a-plomberie-depinal\/"},"modified":"2017-03-14T06:00:03","modified_gmt":"2017-03-14T05:00:03","slug":"peindre-a-plomberie-depinal","status":"publish","type":"post","link":"https:\/\/vosgesinfo.fr\/epinalinfo\/2017\/03\/peindre-a-plomberie-depinal\/","title":{"rendered":"\u00ab\u00a0Peindre\u00a0\u00bb \u00e0 la Plomberie d&rsquo;Epinal"},"content":{"rendered":"<div id=\"attachment_110372\" style=\"width: 574px\" class=\"wp-caption aligncenter\"><a href=\"http:\/\/epinalinfos.fr\/2017\/03\/peindre-a-plomberie-depinal\/flyer-peindre2\/\" rel=\"attachment wp-att-110372\"><img decoding=\"async\" aria-describedby=\"caption-attachment-110372\" class=\"size-full wp-image-110372\" src=\"\/2017\/03\/Flyer-peindre2.jpg\" alt=\"\u200bChiffon 2, Huile sur toile, 2016 Marius Pons de Vincent \" width=\"564\" height=\"800\" \/><\/a><p id=\"caption-attachment-110372\" class=\"wp-caption-text\">\u200bChiffon 2, Huile sur toile, 2016<br \/>Marius Pons de Vincent<\/p><\/div>\n<h4>La Lune en parachute pr\u00e9sente l\u2019exposition \u00ab\u00a0Peindre\u00a0\u00bb avec Fran\u00e7ois Malingr\u00eby, Bruno Gadenne et Marius Pons de Vincent \u00e0 la Plomberie d&rsquo;Epinal.<\/h4>\n<p>Franc\u0327ois Malingre\u0308y, ne\u0301 en 1989, r\u00e9side et travaille a\u0300 Paris. Originaire de Nancy, il a \u00e9tudi\u00e9\u0301 l\u2019illustration a\u0300 E\u0301pinal puis aux Arts De\u0301coratifs de Strasbourg. Choisissant de renouer avec la figuration, Malingre\u0308y est principalement peintre, mais il pratique \u00e9galement la sculpture et l\u2019illustration. Dans ses tableaux, il d\u00e9veloppe ce qu\u2019il convient d\u2019appeler un ve\u0301ritable monde et me\u0302me une poe\u0301tique, un espace re\u0301gi par ses propres lois, poss\u00e9dant ses caract\u00e9ristiques r\u00e9currentes : des paysages non identifi\u00e9s, habit\u00e9s de personnages souvent d\u00e9nudes mais jamais enti\u00e8rement d\u00e9v\u00eatus, une atmosphe\u0300re me\u0301lancolique, silencieuse, une sensation de drame alors me\u0302me qu\u2019aucune trag\u00e9die ne se d\u00e9roule, une aura a\u0300 la fois sacr\u00e9e et un peu d\u00e9su\u00e8te, voila\u0300 les ingr\u00e9dients de la peinture de Fran\u00e7ois Malingre\u0308y. Auxquels il faut ajouter, sur le plan formel, une technique re\u0301aliste base\u0301e sur des coups de pinceau amples et francs, une palette assourdie de tons mineurs relev\u00e9s c\u0327a et la\u0300 par des aplats plus puissants de jaune ou de bleu, une obsession pour le travail des chairs, de la peau. Et une manie\u0300re saisissante de sonder et de concentrer le regard humain dans ses portraits.<\/p>\n<p>Le travail de Bruno Gadenne a trait au paysage, \u00e0 la nature. Des voyages \u00e0 travers le monde et les photographies qu\u2019il ram\u00e8ne sont la source de ses travaux. Par la peinture, il s\u2019attache \u00e0 cr\u00e9er dans ses \u0153uvres une dimension insolite en d\u00e9tournant subtilement certains \u00e9l\u00e9ments. Il tente de cr\u00e9er une tension, par des effets de profondeur et par un travail sur les ombres et la lumi\u00e8re, instaurant un double jeu entre \u00e9merveillement et sentiment \u00ab d\u2019\u00e9trange inqui\u00e9tude \u00bb. Son intention ambitieuse est de capturer l\u2019attention, d\u2019inviter le spectateur \u00e0 la contemplation tout en \u00e9tant sur le qui-vive. Un calme qui dissimule une menace sous-jacente.<\/p>\n<p>Marius Pons de Vincent est n\u00e9 en 1986 \u00e0 Brian- \u00e7on. Dipl\u00f4m\u00e9 des Arts d\u00e9coratifs de Strasbourg, il obtient en 2013 un des ateliers de la ville au bastion XIV. Il vit et travaille \u00e0 Strasbourg. Marius Pons de Vincent pr\u00e9sente \u00e0 La Lune en Parachute deux s\u00e9ries : Papiers peints sur fond vert et baignade surveill\u00e9e.<\/p>\n<p>EXPOSITION<\/p>\n<p>Du 18 mars\u00a0au\u00a022 avril 2017<\/p>\n<p>&nbsp;<\/p>\n<p>Mercredi _ samedi : 13H _ 18H<\/p>\n<p>Dimanche : 14H _ 18H<\/p>\n<p>&nbsp;<\/p>\n<p>Entr\u00e9e LIBRE<\/p>\n<p>Visites comment\u00e9es TOUT PUBLIC sur RDV<\/p>\n<p>&nbsp;<\/p>\n<p>&nbsp;<\/p>\n<p>\/ AUTOUR DE L&rsquo;EXPOSITION<\/p>\n<p>&nbsp;<\/p>\n<p>&#8211; Repas partag\u00e9 au coeur de l&rsquo;exposition, en pr\u00e9sence des artistes,<\/p>\n<p>\u00e0 l&rsquo;issue du vernissage \/ PAF : 12\u20ac \/ R\u00e9servation souhait\u00e9e<\/p>\n<p>&nbsp;<\/p>\n<p>&#8211; Week-end de l&rsquo;Art Contemporain R\u00e9gion Grand EST &#8211; R\u00e9seau LORA<\/p>\n<p>Rencontre avec l&rsquo;artiste<\/p>\n<p>\u200bBruno\u200b<\/p>\n<p>Gadenne Samedi 18 mars 2017 \u00e0 15h<\/p>\n","protected":false},"excerpt":{"rendered":"<p>La Lune en parachute pr\u00e9sente l\u2019exposition \u00ab\u00a0Peindre\u00a0\u00bb avec Fran\u00e7ois Malingr\u00eby, Bruno Gadenne et Marius Pons de Vincent \u00e0 la Plomberie [&hellip;]<\/p>\n","protected":false},"author":52,"featured_media":70652,"comment_status":"open","ping_status":"open","sticky":false,"template":"","format":"standard","meta":{"footnotes":""},"categories":[12,24],"tags":[],"class_list":["post-70651","post","type-post","status-publish","format-standard","has-post-thumbnail","hentry","category-culture","category-epinal"],"acf":[],"yoast_head":"<!-- This site is optimized with the Yoast SEO plugin v22.5 - https:\/\/yoast.com\/wordpress\/plugins\/seo\/ -->\n<title>&quot;Peindre&quot; \u00e0 la Plomberie d&#039;Epinal - Epinal Info<\/title>\n<meta name=\"robots\" content=\"index, follow, max-snippet:-1, max-image-preview:large, max-video-preview:-1\" \/>\n<link rel=\"canonical\" href=\"https:\/\/vosgesinfo.fr\/epinalinfo\/2017\/03\/peindre-a-plomberie-depinal\/\" \/>\n<meta name=\"twitter:card\" content=\"summary_large_image\" \/>\n<meta name=\"twitter:title\" content=\"&quot;Peindre&quot; \u00e0 la Plomberie d&#039;Epinal - Epinal Info\" \/>\n<meta name=\"twitter:description\" content=\"La Lune en parachute pr\u00e9sente l\u2019exposition \u00ab\u00a0Peindre\u00a0\u00bb avec Fran\u00e7ois Malingr\u00eby, Bruno Gadenne et Marius Pons de Vincent \u00e0 la Plomberie [&hellip;]\" \/>\n<meta name=\"twitter:image\" content=\"https:\/\/vosgesinfo.fr\/app\/uploads\/sites\/3\/2024\/08\/201703flyer-peindre2.jpg\" \/>\n<meta name=\"twitter:creator\" content=\"@VosgesInfo88\" \/>\n<meta name=\"twitter:site\" content=\"@VosgesInfo88\" \/>\n<meta name=\"twitter:label1\" content=\"\u00c9crit par\" \/>\n\t<meta name=\"twitter:data1\" content=\"C.K.\" \/>\n\t<meta name=\"twitter:label2\" content=\"Dur\u00e9e de lecture estim\u00e9e\" \/>\n\t<meta name=\"twitter:data2\" content=\"3 minutes\" \/>\n<script type=\"application\/ld+json\" class=\"yoast-schema-graph\">{\"@context\":\"https:\/\/schema.org\",\"@graph\":[{\"@type\":\"Article\",\"@id\":\"https:\/\/vosgesinfo.fr\/epinalinfo\/2017\/03\/peindre-a-plomberie-depinal\/#article\",\"isPartOf\":{\"@id\":\"https:\/\/vosgesinfo.fr\/epinalinfo\/2017\/03\/peindre-a-plomberie-depinal\/\"},\"author\":{\"name\":\"C.K.\",\"@id\":\"https:\/\/vosgesinfo.fr\/epinalinfo\/#\/schema\/person\/6f9a650eeea99d969b6c4ab78fccbe81\"},\"headline\":\"\u00ab\u00a0Peindre\u00a0\u00bb \u00e0 la Plomberie d&rsquo;Epinal\",\"datePublished\":\"2017-03-14T05:00:03+00:00\",\"dateModified\":\"2017-03-14T05:00:03+00:00\",\"mainEntityOfPage\":{\"@id\":\"https:\/\/vosgesinfo.fr\/epinalinfo\/2017\/03\/peindre-a-plomberie-depinal\/\"},\"wordCount\":512,\"commentCount\":0,\"publisher\":{\"@id\":\"https:\/\/vosgesinfo.fr\/epinalinfo\/#organization\"},\"image\":{\"@id\":\"https:\/\/vosgesinfo.fr\/epinalinfo\/2017\/03\/peindre-a-plomberie-depinal\/#primaryimage\"},\"thumbnailUrl\":\"https:\/\/vosgesinfo.fr\/app\/uploads\/sites\/3\/2024\/08\/201703flyer-peindre2.jpg\",\"articleSection\":[\"Culture\",\"Epinal\"],\"inLanguage\":\"fr-FR\",\"potentialAction\":[{\"@type\":\"CommentAction\",\"name\":\"Comment\",\"target\":[\"https:\/\/vosgesinfo.fr\/epinalinfo\/2017\/03\/peindre-a-plomberie-depinal\/#respond\"]}]},{\"@type\":\"WebPage\",\"@id\":\"https:\/\/vosgesinfo.fr\/epinalinfo\/2017\/03\/peindre-a-plomberie-depinal\/\",\"url\":\"https:\/\/vosgesinfo.fr\/epinalinfo\/2017\/03\/peindre-a-plomberie-depinal\/\",\"name\":\"\\\"Peindre\\\" \u00e0 la Plomberie d'Epinal - Epinal Info\",\"isPartOf\":{\"@id\":\"https:\/\/vosgesinfo.fr\/epinalinfo\/#website\"},\"primaryImageOfPage\":{\"@id\":\"https:\/\/vosgesinfo.fr\/epinalinfo\/2017\/03\/peindre-a-plomberie-depinal\/#primaryimage\"},\"image\":{\"@id\":\"https:\/\/vosgesinfo.fr\/epinalinfo\/2017\/03\/peindre-a-plomberie-depinal\/#primaryimage\"},\"thumbnailUrl\":\"https:\/\/vosgesinfo.fr\/app\/uploads\/sites\/3\/2024\/08\/201703flyer-peindre2.jpg\",\"datePublished\":\"2017-03-14T05:00:03+00:00\",\"dateModified\":\"2017-03-14T05:00:03+00:00\",\"breadcrumb\":{\"@id\":\"https:\/\/vosgesinfo.fr\/epinalinfo\/2017\/03\/peindre-a-plomberie-depinal\/#breadcrumb\"},\"inLanguage\":\"fr-FR\",\"potentialAction\":[{\"@type\":\"ReadAction\",\"target\":[\"https:\/\/vosgesinfo.fr\/epinalinfo\/2017\/03\/peindre-a-plomberie-depinal\/\"]}]},{\"@type\":\"ImageObject\",\"inLanguage\":\"fr-FR\",\"@id\":\"https:\/\/vosgesinfo.fr\/epinalinfo\/2017\/03\/peindre-a-plomberie-depinal\/#primaryimage\",\"url\":\"https:\/\/vosgesinfo.fr\/app\/uploads\/sites\/3\/2024\/08\/201703flyer-peindre2.jpg\",\"contentUrl\":\"https:\/\/vosgesinfo.fr\/app\/uploads\/sites\/3\/2024\/08\/201703flyer-peindre2.jpg\",\"width\":564,\"height\":800},{\"@type\":\"BreadcrumbList\",\"@id\":\"https:\/\/vosgesinfo.fr\/epinalinfo\/2017\/03\/peindre-a-plomberie-depinal\/#breadcrumb\",\"itemListElement\":[{\"@type\":\"ListItem\",\"position\":1,\"name\":\"Home\",\"item\":\"https:\/\/vosgesinfo.fr\/epinalinfo\/\"},{\"@type\":\"ListItem\",\"position\":2,\"name\":\"\u00ab\u00a0Peindre\u00a0\u00bb \u00e0 la Plomberie d&rsquo;Epinal\"}]},{\"@type\":\"WebSite\",\"@id\":\"https:\/\/vosgesinfo.fr\/epinalinfo\/#website\",\"url\":\"https:\/\/vosgesinfo.fr\/epinalinfo\/\",\"name\":\"Epinal Info\",\"description\":\"Toute l&#039;actualit\u00e9 d&#039;\u00c9pinal\",\"publisher\":{\"@id\":\"https:\/\/vosgesinfo.fr\/epinalinfo\/#organization\"},\"alternateName\":\"Toute l'actualit\u00e9 d'\u00c9pinal\",\"potentialAction\":[{\"@type\":\"SearchAction\",\"target\":{\"@type\":\"EntryPoint\",\"urlTemplate\":\"https:\/\/vosgesinfo.fr\/epinalinfo\/?s={search_term_string}\"},\"query-input\":\"required name=search_term_string\"}],\"inLanguage\":\"fr-FR\"},{\"@type\":\"Organization\",\"@id\":\"https:\/\/vosgesinfo.fr\/epinalinfo\/#organization\",\"name\":\"Epinal Info\",\"url\":\"https:\/\/vosgesinfo.fr\/epinalinfo\/\",\"logo\":{\"@type\":\"ImageObject\",\"inLanguage\":\"fr-FR\",\"@id\":\"https:\/\/vosgesinfo.fr\/epinalinfo\/#\/schema\/logo\/image\/\",\"url\":\"https:\/\/vosgesinfo.fr\/app\/uploads\/sites\/3\/2023\/08\/logo-epinalinfos.svg\",\"contentUrl\":\"https:\/\/vosgesinfo.fr\/app\/uploads\/sites\/3\/2023\/08\/logo-epinalinfos.svg\",\"width\":1,\"height\":1,\"caption\":\"Epinal Info\"},\"image\":{\"@id\":\"https:\/\/vosgesinfo.fr\/epinalinfo\/#\/schema\/logo\/image\/\"},\"sameAs\":[\"https:\/\/www.facebook.com\/Epinalinfos\",\"https:\/\/x.com\/VosgesInfo88\",\"https:\/\/www.youtube.com\/@vosgesinfo\"]},{\"@type\":\"Person\",\"@id\":\"https:\/\/vosgesinfo.fr\/epinalinfo\/#\/schema\/person\/6f9a650eeea99d969b6c4ab78fccbe81\",\"name\":\"C.K.\",\"image\":{\"@type\":\"ImageObject\",\"inLanguage\":\"fr-FR\",\"@id\":\"https:\/\/vosgesinfo.fr\/epinalinfo\/#\/schema\/person\/image\/\",\"url\":\"https:\/\/secure.gravatar.com\/avatar\/48e3fc7f8421ba8942be6b74a2b7f014ca39bc00dece156b7a8e098ae7dc87bf?s=96&d=mm&r=g\",\"contentUrl\":\"https:\/\/secure.gravatar.com\/avatar\/48e3fc7f8421ba8942be6b74a2b7f014ca39bc00dece156b7a8e098ae7dc87bf?s=96&d=mm&r=g\",\"caption\":\"C.K.\"},\"url\":\"https:\/\/vosgesinfo.fr\/epinalinfo\/author\/celia-k-n\/\"}]}<\/script>\n<!-- \/ Yoast SEO plugin. -->","yoast_head_json":{"title":"\"Peindre\" \u00e0 la Plomberie d'Epinal - Epinal Info","robots":{"index":"index","follow":"follow","max-snippet":"max-snippet:-1","max-image-preview":"max-image-preview:large","max-video-preview":"max-video-preview:-1"},"canonical":"https:\/\/vosgesinfo.fr\/epinalinfo\/2017\/03\/peindre-a-plomberie-depinal\/","twitter_card":"summary_large_image","twitter_title":"\"Peindre\" \u00e0 la Plomberie d'Epinal - Epinal Info","twitter_description":"La Lune en parachute pr\u00e9sente l\u2019exposition \u00ab\u00a0Peindre\u00a0\u00bb avec Fran\u00e7ois Malingr\u00eby, Bruno Gadenne et Marius Pons de Vincent \u00e0 la Plomberie [&hellip;]","twitter_image":"https:\/\/vosgesinfo.fr\/app\/uploads\/sites\/3\/2024\/08\/201703flyer-peindre2.jpg","twitter_creator":"@VosgesInfo88","twitter_site":"@VosgesInfo88","twitter_misc":{"\u00c9crit par":"C.K.","Dur\u00e9e de lecture estim\u00e9e":"3 minutes"},"schema":{"@context":"https:\/\/schema.org","@graph":[{"@type":"Article","@id":"https:\/\/vosgesinfo.fr\/epinalinfo\/2017\/03\/peindre-a-plomberie-depinal\/#article","isPartOf":{"@id":"https:\/\/vosgesinfo.fr\/epinalinfo\/2017\/03\/peindre-a-plomberie-depinal\/"},"author":{"name":"C.K.","@id":"https:\/\/vosgesinfo.fr\/epinalinfo\/#\/schema\/person\/6f9a650eeea99d969b6c4ab78fccbe81"},"headline":"\u00ab\u00a0Peindre\u00a0\u00bb \u00e0 la Plomberie d&rsquo;Epinal","datePublished":"2017-03-14T05:00:03+00:00","dateModified":"2017-03-14T05:00:03+00:00","mainEntityOfPage":{"@id":"https:\/\/vosgesinfo.fr\/epinalinfo\/2017\/03\/peindre-a-plomberie-depinal\/"},"wordCount":512,"commentCount":0,"publisher":{"@id":"https:\/\/vosgesinfo.fr\/epinalinfo\/#organization"},"image":{"@id":"https:\/\/vosgesinfo.fr\/epinalinfo\/2017\/03\/peindre-a-plomberie-depinal\/#primaryimage"},"thumbnailUrl":"https:\/\/vosgesinfo.fr\/app\/uploads\/sites\/3\/2024\/08\/201703flyer-peindre2.jpg","articleSection":["Culture","Epinal"],"inLanguage":"fr-FR","potentialAction":[{"@type":"CommentAction","name":"Comment","target":["https:\/\/vosgesinfo.fr\/epinalinfo\/2017\/03\/peindre-a-plomberie-depinal\/#respond"]}]},{"@type":"WebPage","@id":"https:\/\/vosgesinfo.fr\/epinalinfo\/2017\/03\/peindre-a-plomberie-depinal\/","url":"https:\/\/vosgesinfo.fr\/epinalinfo\/2017\/03\/peindre-a-plomberie-depinal\/","name":"\"Peindre\" \u00e0 la Plomberie d'Epinal - Epinal Info","isPartOf":{"@id":"https:\/\/vosgesinfo.fr\/epinalinfo\/#website"},"primaryImageOfPage":{"@id":"https:\/\/vosgesinfo.fr\/epinalinfo\/2017\/03\/peindre-a-plomberie-depinal\/#primaryimage"},"image":{"@id":"https:\/\/vosgesinfo.fr\/epinalinfo\/2017\/03\/peindre-a-plomberie-depinal\/#primaryimage"},"thumbnailUrl":"https:\/\/vosgesinfo.fr\/app\/uploads\/sites\/3\/2024\/08\/201703flyer-peindre2.jpg","datePublished":"2017-03-14T05:00:03+00:00","dateModified":"2017-03-14T05:00:03+00:00","breadcrumb":{"@id":"https:\/\/vosgesinfo.fr\/epinalinfo\/2017\/03\/peindre-a-plomberie-depinal\/#breadcrumb"},"inLanguage":"fr-FR","potentialAction":[{"@type":"ReadAction","target":["https:\/\/vosgesinfo.fr\/epinalinfo\/2017\/03\/peindre-a-plomberie-depinal\/"]}]},{"@type":"ImageObject","inLanguage":"fr-FR","@id":"https:\/\/vosgesinfo.fr\/epinalinfo\/2017\/03\/peindre-a-plomberie-depinal\/#primaryimage","url":"https:\/\/vosgesinfo.fr\/app\/uploads\/sites\/3\/2024\/08\/201703flyer-peindre2.jpg","contentUrl":"https:\/\/vosgesinfo.fr\/app\/uploads\/sites\/3\/2024\/08\/201703flyer-peindre2.jpg","width":564,"height":800},{"@type":"BreadcrumbList","@id":"https:\/\/vosgesinfo.fr\/epinalinfo\/2017\/03\/peindre-a-plomberie-depinal\/#breadcrumb","itemListElement":[{"@type":"ListItem","position":1,"name":"Home","item":"https:\/\/vosgesinfo.fr\/epinalinfo\/"},{"@type":"ListItem","position":2,"name":"\u00ab\u00a0Peindre\u00a0\u00bb \u00e0 la Plomberie d&rsquo;Epinal"}]},{"@type":"WebSite","@id":"https:\/\/vosgesinfo.fr\/epinalinfo\/#website","url":"https:\/\/vosgesinfo.fr\/epinalinfo\/","name":"Epinal Info","description":"Toute l&#039;actualit\u00e9 d&#039;\u00c9pinal","publisher":{"@id":"https:\/\/vosgesinfo.fr\/epinalinfo\/#organization"},"alternateName":"Toute l'actualit\u00e9 d'\u00c9pinal","potentialAction":[{"@type":"SearchAction","target":{"@type":"EntryPoint","urlTemplate":"https:\/\/vosgesinfo.fr\/epinalinfo\/?s={search_term_string}"},"query-input":"required name=search_term_string"}],"inLanguage":"fr-FR"},{"@type":"Organization","@id":"https:\/\/vosgesinfo.fr\/epinalinfo\/#organization","name":"Epinal Info","url":"https:\/\/vosgesinfo.fr\/epinalinfo\/","logo":{"@type":"ImageObject","inLanguage":"fr-FR","@id":"https:\/\/vosgesinfo.fr\/epinalinfo\/#\/schema\/logo\/image\/","url":"https:\/\/vosgesinfo.fr\/app\/uploads\/sites\/3\/2023\/08\/logo-epinalinfos.svg","contentUrl":"https:\/\/vosgesinfo.fr\/app\/uploads\/sites\/3\/2023\/08\/logo-epinalinfos.svg","width":1,"height":1,"caption":"Epinal Info"},"image":{"@id":"https:\/\/vosgesinfo.fr\/epinalinfo\/#\/schema\/logo\/image\/"},"sameAs":["https:\/\/www.facebook.com\/Epinalinfos","https:\/\/x.com\/VosgesInfo88","https:\/\/www.youtube.com\/@vosgesinfo"]},{"@type":"Person","@id":"https:\/\/vosgesinfo.fr\/epinalinfo\/#\/schema\/person\/6f9a650eeea99d969b6c4ab78fccbe81","name":"C.K.","image":{"@type":"ImageObject","inLanguage":"fr-FR","@id":"https:\/\/vosgesinfo.fr\/epinalinfo\/#\/schema\/person\/image\/","url":"https:\/\/secure.gravatar.com\/avatar\/48e3fc7f8421ba8942be6b74a2b7f014ca39bc00dece156b7a8e098ae7dc87bf?s=96&d=mm&r=g","contentUrl":"https:\/\/secure.gravatar.com\/avatar\/48e3fc7f8421ba8942be6b74a2b7f014ca39bc00dece156b7a8e098ae7dc87bf?s=96&d=mm&r=g","caption":"C.K."},"url":"https:\/\/vosgesinfo.fr\/epinalinfo\/author\/celia-k-n\/"}]}},"_links":{"self":[{"href":"https:\/\/vosgesinfo.fr\/epinalinfo\/wp-json\/wp\/v2\/posts\/70651","targetHints":{"allow":["GET"]}}],"collection":[{"href":"https:\/\/vosgesinfo.fr\/epinalinfo\/wp-json\/wp\/v2\/posts"}],"about":[{"href":"https:\/\/vosgesinfo.fr\/epinalinfo\/wp-json\/wp\/v2\/types\/post"}],"author":[{"embeddable":true,"href":"https:\/\/vosgesinfo.fr\/epinalinfo\/wp-json\/wp\/v2\/users\/52"}],"replies":[{"embeddable":true,"href":"https:\/\/vosgesinfo.fr\/epinalinfo\/wp-json\/wp\/v2\/comments?post=70651"}],"version-history":[{"count":0,"href":"https:\/\/vosgesinfo.fr\/epinalinfo\/wp-json\/wp\/v2\/posts\/70651\/revisions"}],"wp:featuredmedia":[{"embeddable":true,"href":"https:\/\/vosgesinfo.fr\/epinalinfo\/wp-json\/wp\/v2\/media\/70652"}],"wp:attachment":[{"href":"https:\/\/vosgesinfo.fr\/epinalinfo\/wp-json\/wp\/v2\/media?parent=70651"}],"wp:term":[{"taxonomy":"category","embeddable":true,"href":"https:\/\/vosgesinfo.fr\/epinalinfo\/wp-json\/wp\/v2\/categories?post=70651"},{"taxonomy":"post_tag","embeddable":true,"href":"https:\/\/vosgesinfo.fr\/epinalinfo\/wp-json\/wp\/v2\/tags?post=70651"}],"curies":[{"name":"wp","href":"https:\/\/api.w.org\/{rel}","templated":true}]}}