{"id":710,"date":"2023-08-30T13:51:35","date_gmt":"2023-08-30T11:51:35","guid":{"rendered":"https:\/\/vosgesinfo.fr\/epinalinfo\/2023\/08\/cafe-jazz-32eme-saison-de-lassociation-lavoir-entendu-a-epinal\/"},"modified":"2024-02-27T18:11:19","modified_gmt":"2024-02-27T17:11:19","slug":"cafe-jazz-32eme-saison-de-lassociation-lavoir-entendu-a-epinal","status":"publish","type":"post","link":"https:\/\/vosgesinfo.fr\/epinalinfo\/2023\/08\/cafe-jazz-32eme-saison-de-lassociation-lavoir-entendu-a-epinal\/","title":{"rendered":"Caf\u00e9 Jazz &#8211;  32\u00e8me saison de l\u2019Association Lavoir Entendu \u00e0 Epinal"},"content":{"rendered":"<p><strong> <a href=\"https:\/\/vosgesinfo.fr\/app\/uploads\/sites\/3\/2023\/08\/thumbnail-trio-barolo-photo-3.jpg\"><img decoding=\"async\" class=\"aligncenter size-full wp-image-223471\" src=\"https:\/\/vosgesinfo.fr\/app\/uploads\/sites\/3\/2023\/08\/thumbnail-trio-barolo-photo-3.jpg\" alt=\"thumbnail_Trio Barolo - photo 3\" width=\"800\" height=\"533\" \/><\/a>La 32<sup>\u00e8me<\/sup> saison de l\u2019Association Lavoir Entendu \u00e0 Epinal, \u00a0ce sera le vendredi 15 septembre au Lavoir-Th\u00e9\u00e2tre Georges Brassens, avec le Trio Barolo, r\u00e9union de 3 immenses musiciens pour un r\u00e9pertoire d\u2019une grande qualit\u00e9 et originalit\u00e9\u00a0!<\/strong><\/p>\n<p>Avec leur son unique, entre jazz, op\u00e9ra et musique du monde, les musiciens du trio Barolo nous embarquent dans un voyage musical autour de la Mare Nostrum de leurs origines. On ferme les yeux, on se sent voyager dans un film de Fellini avec comme seuls bagages, l\u2019\u00e9motion, l\u2019humilit\u00e9, la musicalit\u00e9 et la g\u00e9n\u00e9rosit\u00e9. Les trois musiciens de Barolo sont taill\u00e9s pour les rencontres, le partage et le r\u00eave. Apr\u00e8s 10 ans d\u2019aventures musicales et pr\u00e8s de 200 concerts, le Trio Barolo fait peau neuve et accueille Daniel Zimmermann au Trombone.<\/p>\n<p>Vendredi 15 septembre 2023 \u00e0 20h30<\/p>\n<p>Lavoir-Th\u00e9\u00e2tre Rue des Petites Boucheries-\u00c9pinal<\/p>\n<p>Tarifs : plein 15\u20ac\/r\u00e9duit 10 \u20ac<\/p>\n<p>R\u00e9servation et renseignement : isabelle.sartori@epinal.fr. 03 29 31 04 85<\/p>\n","protected":false},"excerpt":{"rendered":"<p>La 32\u00e8me saison de l\u2019Association Lavoir Entendu \u00e0 Epinal, \u00a0ce sera le vendredi 15 septembre au Lavoir-Th\u00e9\u00e2tre Georges Brassens, avec [&hellip;]<\/p>\n","protected":false},"author":52,"featured_media":709,"comment_status":"open","ping_status":"open","sticky":false,"template":"","format":"standard","meta":{"footnotes":""},"categories":[22,12,24],"tags":[322],"class_list":["post-710","post","type-post","status-publish","format-standard","has-post-thumbnail","hentry","category-a-la-une","category-culture","category-epinal","tag-cafe-jazz"],"acf":[],"yoast_head":"<!-- This site is optimized with the Yoast SEO plugin v22.5 - https:\/\/yoast.com\/wordpress\/plugins\/seo\/ -->\n<title>Caf\u00e9 Jazz - 32\u00e8me saison de l\u2019Association Lavoir Entendu \u00e0 Epinal - Epinal Info<\/title>\n<meta name=\"robots\" content=\"index, follow, max-snippet:-1, max-image-preview:large, max-video-preview:-1\" \/>\n<link rel=\"canonical\" href=\"https:\/\/vosgesinfo.fr\/epinalinfo\/2023\/08\/cafe-jazz-32eme-saison-de-lassociation-lavoir-entendu-a-epinal\/\" \/>\n<meta name=\"twitter:card\" content=\"summary_large_image\" \/>\n<meta name=\"twitter:title\" content=\"Caf\u00e9 Jazz - 32\u00e8me saison de l\u2019Association Lavoir Entendu \u00e0 Epinal - Epinal Info\" \/>\n<meta name=\"twitter:description\" content=\"La 32\u00e8me saison de l\u2019Association Lavoir Entendu \u00e0 Epinal, \u00a0ce sera le vendredi 15 septembre au Lavoir-Th\u00e9\u00e2tre Georges Brassens, avec [&hellip;]\" \/>\n<meta name=\"twitter:image\" content=\"https:\/\/vosgesinfo.fr\/app\/uploads\/sites\/3\/2023\/08\/thumbnail-trio-barolo-photo-3.jpg\" \/>\n<meta name=\"twitter:creator\" content=\"@VosgesInfo88\" \/>\n<meta name=\"twitter:site\" content=\"@VosgesInfo88\" \/>\n<meta name=\"twitter:label1\" content=\"\u00c9crit par\" \/>\n\t<meta name=\"twitter:data1\" content=\"C.K.\" \/>\n\t<meta name=\"twitter:label2\" content=\"Dur\u00e9e de lecture estim\u00e9e\" \/>\n\t<meta name=\"twitter:data2\" content=\"1 minute\" \/>\n<script type=\"application\/ld+json\" class=\"yoast-schema-graph\">{\"@context\":\"https:\/\/schema.org\",\"@graph\":[{\"@type\":\"Article\",\"@id\":\"https:\/\/vosgesinfo.fr\/epinalinfo\/2023\/08\/cafe-jazz-32eme-saison-de-lassociation-lavoir-entendu-a-epinal\/#article\",\"isPartOf\":{\"@id\":\"https:\/\/vosgesinfo.fr\/epinalinfo\/2023\/08\/cafe-jazz-32eme-saison-de-lassociation-lavoir-entendu-a-epinal\/\"},\"author\":{\"name\":\"C.K.\",\"@id\":\"https:\/\/vosgesinfo.fr\/epinalinfo\/#\/schema\/person\/6f9a650eeea99d969b6c4ab78fccbe81\"},\"headline\":\"Caf\u00e9 Jazz &#8211; 32\u00e8me saison de l\u2019Association Lavoir Entendu \u00e0 Epinal\",\"datePublished\":\"2023-08-30T11:51:35+00:00\",\"dateModified\":\"2024-02-27T17:11:19+00:00\",\"mainEntityOfPage\":{\"@id\":\"https:\/\/vosgesinfo.fr\/epinalinfo\/2023\/08\/cafe-jazz-32eme-saison-de-lassociation-lavoir-entendu-a-epinal\/\"},\"wordCount\":170,\"commentCount\":0,\"publisher\":{\"@id\":\"https:\/\/vosgesinfo.fr\/epinalinfo\/#organization\"},\"image\":{\"@id\":\"https:\/\/vosgesinfo.fr\/epinalinfo\/2023\/08\/cafe-jazz-32eme-saison-de-lassociation-lavoir-entendu-a-epinal\/#primaryimage\"},\"thumbnailUrl\":\"https:\/\/vosgesinfo.fr\/app\/uploads\/sites\/3\/2023\/08\/thumbnail-trio-barolo-photo-3.jpg\",\"keywords\":[\"Caf\u00e9 Jazz\"],\"articleSection\":[\"A la Une\",\"Culture\",\"Epinal\"],\"inLanguage\":\"fr-FR\",\"potentialAction\":[{\"@type\":\"CommentAction\",\"name\":\"Comment\",\"target\":[\"https:\/\/vosgesinfo.fr\/epinalinfo\/2023\/08\/cafe-jazz-32eme-saison-de-lassociation-lavoir-entendu-a-epinal\/#respond\"]}]},{\"@type\":\"WebPage\",\"@id\":\"https:\/\/vosgesinfo.fr\/epinalinfo\/2023\/08\/cafe-jazz-32eme-saison-de-lassociation-lavoir-entendu-a-epinal\/\",\"url\":\"https:\/\/vosgesinfo.fr\/epinalinfo\/2023\/08\/cafe-jazz-32eme-saison-de-lassociation-lavoir-entendu-a-epinal\/\",\"name\":\"Caf\u00e9 Jazz - 32\u00e8me saison de l\u2019Association Lavoir Entendu \u00e0 Epinal - Epinal Info\",\"isPartOf\":{\"@id\":\"https:\/\/vosgesinfo.fr\/epinalinfo\/#website\"},\"primaryImageOfPage\":{\"@id\":\"https:\/\/vosgesinfo.fr\/epinalinfo\/2023\/08\/cafe-jazz-32eme-saison-de-lassociation-lavoir-entendu-a-epinal\/#primaryimage\"},\"image\":{\"@id\":\"https:\/\/vosgesinfo.fr\/epinalinfo\/2023\/08\/cafe-jazz-32eme-saison-de-lassociation-lavoir-entendu-a-epinal\/#primaryimage\"},\"thumbnailUrl\":\"https:\/\/vosgesinfo.fr\/app\/uploads\/sites\/3\/2023\/08\/thumbnail-trio-barolo-photo-3.jpg\",\"datePublished\":\"2023-08-30T11:51:35+00:00\",\"dateModified\":\"2024-02-27T17:11:19+00:00\",\"breadcrumb\":{\"@id\":\"https:\/\/vosgesinfo.fr\/epinalinfo\/2023\/08\/cafe-jazz-32eme-saison-de-lassociation-lavoir-entendu-a-epinal\/#breadcrumb\"},\"inLanguage\":\"fr-FR\",\"potentialAction\":[{\"@type\":\"ReadAction\",\"target\":[\"https:\/\/vosgesinfo.fr\/epinalinfo\/2023\/08\/cafe-jazz-32eme-saison-de-lassociation-lavoir-entendu-a-epinal\/\"]}]},{\"@type\":\"ImageObject\",\"inLanguage\":\"fr-FR\",\"@id\":\"https:\/\/vosgesinfo.fr\/epinalinfo\/2023\/08\/cafe-jazz-32eme-saison-de-lassociation-lavoir-entendu-a-epinal\/#primaryimage\",\"url\":\"https:\/\/vosgesinfo.fr\/app\/uploads\/sites\/3\/2023\/08\/thumbnail-trio-barolo-photo-3.jpg\",\"contentUrl\":\"https:\/\/vosgesinfo.fr\/app\/uploads\/sites\/3\/2023\/08\/thumbnail-trio-barolo-photo-3.jpg\",\"width\":800,\"height\":533},{\"@type\":\"BreadcrumbList\",\"@id\":\"https:\/\/vosgesinfo.fr\/epinalinfo\/2023\/08\/cafe-jazz-32eme-saison-de-lassociation-lavoir-entendu-a-epinal\/#breadcrumb\",\"itemListElement\":[{\"@type\":\"ListItem\",\"position\":1,\"name\":\"Home\",\"item\":\"https:\/\/vosgesinfo.fr\/epinalinfo\/\"},{\"@type\":\"ListItem\",\"position\":2,\"name\":\"Caf\u00e9 Jazz &#8211; 32\u00e8me saison de l\u2019Association Lavoir Entendu \u00e0 Epinal\"}]},{\"@type\":\"WebSite\",\"@id\":\"https:\/\/vosgesinfo.fr\/epinalinfo\/#website\",\"url\":\"https:\/\/vosgesinfo.fr\/epinalinfo\/\",\"name\":\"Epinal Info\",\"description\":\"Toute l&#039;actualit\u00e9 d&#039;\u00c9pinal\",\"publisher\":{\"@id\":\"https:\/\/vosgesinfo.fr\/epinalinfo\/#organization\"},\"alternateName\":\"Toute l'actualit\u00e9 d'\u00c9pinal\",\"potentialAction\":[{\"@type\":\"SearchAction\",\"target\":{\"@type\":\"EntryPoint\",\"urlTemplate\":\"https:\/\/vosgesinfo.fr\/epinalinfo\/?s={search_term_string}\"},\"query-input\":\"required name=search_term_string\"}],\"inLanguage\":\"fr-FR\"},{\"@type\":\"Organization\",\"@id\":\"https:\/\/vosgesinfo.fr\/epinalinfo\/#organization\",\"name\":\"Epinal Info\",\"url\":\"https:\/\/vosgesinfo.fr\/epinalinfo\/\",\"logo\":{\"@type\":\"ImageObject\",\"inLanguage\":\"fr-FR\",\"@id\":\"https:\/\/vosgesinfo.fr\/epinalinfo\/#\/schema\/logo\/image\/\",\"url\":\"https:\/\/vosgesinfo.fr\/app\/uploads\/sites\/3\/2023\/08\/logo-epinalinfos.svg\",\"contentUrl\":\"https:\/\/vosgesinfo.fr\/app\/uploads\/sites\/3\/2023\/08\/logo-epinalinfos.svg\",\"width\":1,\"height\":1,\"caption\":\"Epinal Info\"},\"image\":{\"@id\":\"https:\/\/vosgesinfo.fr\/epinalinfo\/#\/schema\/logo\/image\/\"},\"sameAs\":[\"https:\/\/www.facebook.com\/Epinalinfos\",\"https:\/\/x.com\/VosgesInfo88\",\"https:\/\/www.youtube.com\/@vosgesinfo\"]},{\"@type\":\"Person\",\"@id\":\"https:\/\/vosgesinfo.fr\/epinalinfo\/#\/schema\/person\/6f9a650eeea99d969b6c4ab78fccbe81\",\"name\":\"C.K.\",\"image\":{\"@type\":\"ImageObject\",\"inLanguage\":\"fr-FR\",\"@id\":\"https:\/\/vosgesinfo.fr\/epinalinfo\/#\/schema\/person\/image\/\",\"url\":\"https:\/\/secure.gravatar.com\/avatar\/48e3fc7f8421ba8942be6b74a2b7f014ca39bc00dece156b7a8e098ae7dc87bf?s=96&d=mm&r=g\",\"contentUrl\":\"https:\/\/secure.gravatar.com\/avatar\/48e3fc7f8421ba8942be6b74a2b7f014ca39bc00dece156b7a8e098ae7dc87bf?s=96&d=mm&r=g\",\"caption\":\"C.K.\"},\"url\":\"https:\/\/vosgesinfo.fr\/epinalinfo\/author\/celia-k-n\/\"}]}<\/script>\n<!-- \/ Yoast SEO plugin. -->","yoast_head_json":{"title":"Caf\u00e9 Jazz - 32\u00e8me saison de l\u2019Association Lavoir Entendu \u00e0 Epinal - Epinal Info","robots":{"index":"index","follow":"follow","max-snippet":"max-snippet:-1","max-image-preview":"max-image-preview:large","max-video-preview":"max-video-preview:-1"},"canonical":"https:\/\/vosgesinfo.fr\/epinalinfo\/2023\/08\/cafe-jazz-32eme-saison-de-lassociation-lavoir-entendu-a-epinal\/","twitter_card":"summary_large_image","twitter_title":"Caf\u00e9 Jazz - 32\u00e8me saison de l\u2019Association Lavoir Entendu \u00e0 Epinal - Epinal Info","twitter_description":"La 32\u00e8me saison de l\u2019Association Lavoir Entendu \u00e0 Epinal, \u00a0ce sera le vendredi 15 septembre au Lavoir-Th\u00e9\u00e2tre Georges Brassens, avec [&hellip;]","twitter_image":"https:\/\/vosgesinfo.fr\/app\/uploads\/sites\/3\/2023\/08\/thumbnail-trio-barolo-photo-3.jpg","twitter_creator":"@VosgesInfo88","twitter_site":"@VosgesInfo88","twitter_misc":{"\u00c9crit par":"C.K.","Dur\u00e9e de lecture estim\u00e9e":"1 minute"},"schema":{"@context":"https:\/\/schema.org","@graph":[{"@type":"Article","@id":"https:\/\/vosgesinfo.fr\/epinalinfo\/2023\/08\/cafe-jazz-32eme-saison-de-lassociation-lavoir-entendu-a-epinal\/#article","isPartOf":{"@id":"https:\/\/vosgesinfo.fr\/epinalinfo\/2023\/08\/cafe-jazz-32eme-saison-de-lassociation-lavoir-entendu-a-epinal\/"},"author":{"name":"C.K.","@id":"https:\/\/vosgesinfo.fr\/epinalinfo\/#\/schema\/person\/6f9a650eeea99d969b6c4ab78fccbe81"},"headline":"Caf\u00e9 Jazz &#8211; 32\u00e8me saison de l\u2019Association Lavoir Entendu \u00e0 Epinal","datePublished":"2023-08-30T11:51:35+00:00","dateModified":"2024-02-27T17:11:19+00:00","mainEntityOfPage":{"@id":"https:\/\/vosgesinfo.fr\/epinalinfo\/2023\/08\/cafe-jazz-32eme-saison-de-lassociation-lavoir-entendu-a-epinal\/"},"wordCount":170,"commentCount":0,"publisher":{"@id":"https:\/\/vosgesinfo.fr\/epinalinfo\/#organization"},"image":{"@id":"https:\/\/vosgesinfo.fr\/epinalinfo\/2023\/08\/cafe-jazz-32eme-saison-de-lassociation-lavoir-entendu-a-epinal\/#primaryimage"},"thumbnailUrl":"https:\/\/vosgesinfo.fr\/app\/uploads\/sites\/3\/2023\/08\/thumbnail-trio-barolo-photo-3.jpg","keywords":["Caf\u00e9 Jazz"],"articleSection":["A la Une","Culture","Epinal"],"inLanguage":"fr-FR","potentialAction":[{"@type":"CommentAction","name":"Comment","target":["https:\/\/vosgesinfo.fr\/epinalinfo\/2023\/08\/cafe-jazz-32eme-saison-de-lassociation-lavoir-entendu-a-epinal\/#respond"]}]},{"@type":"WebPage","@id":"https:\/\/vosgesinfo.fr\/epinalinfo\/2023\/08\/cafe-jazz-32eme-saison-de-lassociation-lavoir-entendu-a-epinal\/","url":"https:\/\/vosgesinfo.fr\/epinalinfo\/2023\/08\/cafe-jazz-32eme-saison-de-lassociation-lavoir-entendu-a-epinal\/","name":"Caf\u00e9 Jazz - 32\u00e8me saison de l\u2019Association Lavoir Entendu \u00e0 Epinal - Epinal Info","isPartOf":{"@id":"https:\/\/vosgesinfo.fr\/epinalinfo\/#website"},"primaryImageOfPage":{"@id":"https:\/\/vosgesinfo.fr\/epinalinfo\/2023\/08\/cafe-jazz-32eme-saison-de-lassociation-lavoir-entendu-a-epinal\/#primaryimage"},"image":{"@id":"https:\/\/vosgesinfo.fr\/epinalinfo\/2023\/08\/cafe-jazz-32eme-saison-de-lassociation-lavoir-entendu-a-epinal\/#primaryimage"},"thumbnailUrl":"https:\/\/vosgesinfo.fr\/app\/uploads\/sites\/3\/2023\/08\/thumbnail-trio-barolo-photo-3.jpg","datePublished":"2023-08-30T11:51:35+00:00","dateModified":"2024-02-27T17:11:19+00:00","breadcrumb":{"@id":"https:\/\/vosgesinfo.fr\/epinalinfo\/2023\/08\/cafe-jazz-32eme-saison-de-lassociation-lavoir-entendu-a-epinal\/#breadcrumb"},"inLanguage":"fr-FR","potentialAction":[{"@type":"ReadAction","target":["https:\/\/vosgesinfo.fr\/epinalinfo\/2023\/08\/cafe-jazz-32eme-saison-de-lassociation-lavoir-entendu-a-epinal\/"]}]},{"@type":"ImageObject","inLanguage":"fr-FR","@id":"https:\/\/vosgesinfo.fr\/epinalinfo\/2023\/08\/cafe-jazz-32eme-saison-de-lassociation-lavoir-entendu-a-epinal\/#primaryimage","url":"https:\/\/vosgesinfo.fr\/app\/uploads\/sites\/3\/2023\/08\/thumbnail-trio-barolo-photo-3.jpg","contentUrl":"https:\/\/vosgesinfo.fr\/app\/uploads\/sites\/3\/2023\/08\/thumbnail-trio-barolo-photo-3.jpg","width":800,"height":533},{"@type":"BreadcrumbList","@id":"https:\/\/vosgesinfo.fr\/epinalinfo\/2023\/08\/cafe-jazz-32eme-saison-de-lassociation-lavoir-entendu-a-epinal\/#breadcrumb","itemListElement":[{"@type":"ListItem","position":1,"name":"Home","item":"https:\/\/vosgesinfo.fr\/epinalinfo\/"},{"@type":"ListItem","position":2,"name":"Caf\u00e9 Jazz &#8211; 32\u00e8me saison de l\u2019Association Lavoir Entendu \u00e0 Epinal"}]},{"@type":"WebSite","@id":"https:\/\/vosgesinfo.fr\/epinalinfo\/#website","url":"https:\/\/vosgesinfo.fr\/epinalinfo\/","name":"Epinal Info","description":"Toute l&#039;actualit\u00e9 d&#039;\u00c9pinal","publisher":{"@id":"https:\/\/vosgesinfo.fr\/epinalinfo\/#organization"},"alternateName":"Toute l'actualit\u00e9 d'\u00c9pinal","potentialAction":[{"@type":"SearchAction","target":{"@type":"EntryPoint","urlTemplate":"https:\/\/vosgesinfo.fr\/epinalinfo\/?s={search_term_string}"},"query-input":"required name=search_term_string"}],"inLanguage":"fr-FR"},{"@type":"Organization","@id":"https:\/\/vosgesinfo.fr\/epinalinfo\/#organization","name":"Epinal Info","url":"https:\/\/vosgesinfo.fr\/epinalinfo\/","logo":{"@type":"ImageObject","inLanguage":"fr-FR","@id":"https:\/\/vosgesinfo.fr\/epinalinfo\/#\/schema\/logo\/image\/","url":"https:\/\/vosgesinfo.fr\/app\/uploads\/sites\/3\/2023\/08\/logo-epinalinfos.svg","contentUrl":"https:\/\/vosgesinfo.fr\/app\/uploads\/sites\/3\/2023\/08\/logo-epinalinfos.svg","width":1,"height":1,"caption":"Epinal Info"},"image":{"@id":"https:\/\/vosgesinfo.fr\/epinalinfo\/#\/schema\/logo\/image\/"},"sameAs":["https:\/\/www.facebook.com\/Epinalinfos","https:\/\/x.com\/VosgesInfo88","https:\/\/www.youtube.com\/@vosgesinfo"]},{"@type":"Person","@id":"https:\/\/vosgesinfo.fr\/epinalinfo\/#\/schema\/person\/6f9a650eeea99d969b6c4ab78fccbe81","name":"C.K.","image":{"@type":"ImageObject","inLanguage":"fr-FR","@id":"https:\/\/vosgesinfo.fr\/epinalinfo\/#\/schema\/person\/image\/","url":"https:\/\/secure.gravatar.com\/avatar\/48e3fc7f8421ba8942be6b74a2b7f014ca39bc00dece156b7a8e098ae7dc87bf?s=96&d=mm&r=g","contentUrl":"https:\/\/secure.gravatar.com\/avatar\/48e3fc7f8421ba8942be6b74a2b7f014ca39bc00dece156b7a8e098ae7dc87bf?s=96&d=mm&r=g","caption":"C.K."},"url":"https:\/\/vosgesinfo.fr\/epinalinfo\/author\/celia-k-n\/"}]}},"_links":{"self":[{"href":"https:\/\/vosgesinfo.fr\/epinalinfo\/wp-json\/wp\/v2\/posts\/710","targetHints":{"allow":["GET"]}}],"collection":[{"href":"https:\/\/vosgesinfo.fr\/epinalinfo\/wp-json\/wp\/v2\/posts"}],"about":[{"href":"https:\/\/vosgesinfo.fr\/epinalinfo\/wp-json\/wp\/v2\/types\/post"}],"author":[{"embeddable":true,"href":"https:\/\/vosgesinfo.fr\/epinalinfo\/wp-json\/wp\/v2\/users\/52"}],"replies":[{"embeddable":true,"href":"https:\/\/vosgesinfo.fr\/epinalinfo\/wp-json\/wp\/v2\/comments?post=710"}],"version-history":[{"count":1,"href":"https:\/\/vosgesinfo.fr\/epinalinfo\/wp-json\/wp\/v2\/posts\/710\/revisions"}],"predecessor-version":[{"id":37393,"href":"https:\/\/vosgesinfo.fr\/epinalinfo\/wp-json\/wp\/v2\/posts\/710\/revisions\/37393"}],"wp:featuredmedia":[{"embeddable":true,"href":"https:\/\/vosgesinfo.fr\/epinalinfo\/wp-json\/wp\/v2\/media\/709"}],"wp:attachment":[{"href":"https:\/\/vosgesinfo.fr\/epinalinfo\/wp-json\/wp\/v2\/media?parent=710"}],"wp:term":[{"taxonomy":"category","embeddable":true,"href":"https:\/\/vosgesinfo.fr\/epinalinfo\/wp-json\/wp\/v2\/categories?post=710"},{"taxonomy":"post_tag","embeddable":true,"href":"https:\/\/vosgesinfo.fr\/epinalinfo\/wp-json\/wp\/v2\/tags?post=710"}],"curies":[{"name":"wp","href":"https:\/\/api.w.org\/{rel}","templated":true}]}}