{"id":71052,"date":"2017-03-25T08:17:49","date_gmt":"2017-03-25T07:17:49","guid":{"rendered":"https:\/\/vosgesinfo.fr\/epinalinfo\/2017\/03\/manifestation-de-soutien-a-aurelien-frechin-greve-de-faim-contre-departement\/"},"modified":"2017-03-25T08:17:49","modified_gmt":"2017-03-25T07:17:49","slug":"manifestation-de-soutien-a-aurelien-frechin-greve-de-faim-contre-departement","status":"publish","type":"post","link":"https:\/\/vosgesinfo.fr\/epinalinfo\/2017\/03\/manifestation-de-soutien-a-aurelien-frechin-greve-de-faim-contre-departement\/","title":{"rendered":"Manifestation de soutien \u00e0 Aur\u00e9lien Frechin en gr\u00e8ve de la faim contre le d\u00e9partement"},"content":{"rendered":"<div id=\"attachment_111088\" style=\"width: 810px\" class=\"wp-caption aligncenter\"><a href=\"http:\/\/epinalinfos.fr\/2017\/03\/manifestation-de-soutien-a-aurelien-frechin-greve-de-faim-contre-departement\/img_0678\/\" rel=\"attachment wp-att-111088\"><img decoding=\"async\" aria-describedby=\"caption-attachment-111088\" class=\"wp-image-111088 size-full\" src=\"\/2017\/03\/IMG_0678.jpg\" alt=\"IMG_0678\" width=\"800\" height=\"600\" \/><\/a><p id=\"caption-attachment-111088\" class=\"wp-caption-text\">(Photographies Quentin Laurent)<\/p><\/div>\n<h4>Ce vendredi, une manifestation a eu lieu devant le Conseil d\u00e9partemental des Vosges pour soutenir Aur\u00e9lien Frechin dans son combat contre le d\u00e9partement des Vosges. Une trentaine de personnes sont venues soutenir l\u2019ancien veilleur de nuit du Foyer de l\u2019enfance de Golbey. Aur\u00e9lien Frechin a entam\u00e9 une gr\u00e8ve de la faim lundi dernier.<\/h4>\n<p>Fabrice Pisias \u00e0 la t\u00eate du mouvement La France Insoumise des Vosges soutient lui aussi Aur\u00e9lien Frechin\u00a0<em>: \u00ab\u00a0Il a saisi la justice, l\u2019affaire a \u00e9t\u00e9 jug\u00e9e et a donn\u00e9 raison \u00e0 l\u2019employ\u00e9 du d\u00e9partement. Nous ne comprenons donc\u00a0 pas pourquoi le Conseil D\u00e9partemental s\u2019obstine \u00e0 ne pas vouloir payer les heures qu\u2019Aur\u00e9lien a effectu\u00e9es \u00e0 sa demande et ne pas mettre en application une d\u00e9cision de justice.\u00a0\u00bb<\/em><\/p>\n<p>Il r\u00e9clame 53\u00a0000 euros au d\u00e9partement pour des heures non pay\u00e9es entre 2010 et 2013. Une somme que le d\u00e9partement n\u2019a toujours pas pay\u00e9. Le conseil d\u00e9partemental lui propose de lui verser 28\u00a0000 euros au lieu des 53\u00a0000 euros demand\u00e9s par l\u2019ancien salari\u00e9.<\/p>\n<p>Damien Parmentier est venu rencontrer le gr\u00e9viste pour expliquer la position du Conseil d\u00e9partemental des Vosges. La situation reste pour le moment inchang\u00e9e.<\/p>\n<p>C.K.N.<\/p>\n<div id=\"attachment_111089\" style=\"width: 810px\" class=\"wp-caption aligncenter\"><a href=\"http:\/\/epinalinfos.fr\/2017\/03\/manifestation-de-soutien-a-aurelien-frechin-greve-de-faim-contre-departement\/img_0680\/\" rel=\"attachment wp-att-111089\"><img decoding=\"async\" aria-describedby=\"caption-attachment-111089\" class=\"wp-image-111089 size-full\" src=\"\/2017\/03\/IMG_0680.jpg\" alt=\"IMG_0680\" width=\"800\" height=\"600\" \/><\/a><p id=\"caption-attachment-111089\" class=\"wp-caption-text\">(Photographies Quentin Laurent)<\/p><\/div>\n","protected":false},"excerpt":{"rendered":"<p>Ce vendredi, une manifestation a eu lieu devant le Conseil d\u00e9partemental des Vosges pour soutenir Aur\u00e9lien Frechin dans son combat [&hellip;]<\/p>\n","protected":false},"author":52,"featured_media":71053,"comment_status":"open","ping_status":"open","sticky":false,"template":"","format":"standard","meta":{"footnotes":""},"categories":[22,10,5],"tags":[8110,746,10156,9943,10157],"class_list":["post-71052","post","type-post","status-publish","format-standard","has-post-thumbnail","hentry","category-a-la-une","category-societe","category-vosges","tag-aurelien-frechin","tag-conseil-departemental-des-vosges","tag-foyer-de-lenfance-de-golbey","tag-greve-de-la-faim","tag-veilleur-de-nuit"],"acf":[],"yoast_head":"<!-- This site is optimized with the Yoast SEO plugin v22.5 - https:\/\/yoast.com\/wordpress\/plugins\/seo\/ -->\n<title>Manifestation de soutien \u00e0 Aur\u00e9lien Frechin en gr\u00e8ve de la faim contre le d\u00e9partement - Epinal Info<\/title>\n<meta name=\"robots\" content=\"index, follow, max-snippet:-1, max-image-preview:large, max-video-preview:-1\" \/>\n<link rel=\"canonical\" href=\"https:\/\/vosgesinfo.fr\/epinalinfo\/2017\/03\/manifestation-de-soutien-a-aurelien-frechin-greve-de-faim-contre-departement\/\" \/>\n<meta name=\"twitter:card\" content=\"summary_large_image\" \/>\n<meta name=\"twitter:title\" content=\"Manifestation de soutien \u00e0 Aur\u00e9lien Frechin en gr\u00e8ve de la faim contre le d\u00e9partement - Epinal Info\" \/>\n<meta name=\"twitter:description\" content=\"Ce vendredi, une manifestation a eu lieu devant le Conseil d\u00e9partemental des Vosges pour soutenir Aur\u00e9lien Frechin dans son combat [&hellip;]\" \/>\n<meta name=\"twitter:image\" content=\"https:\/\/vosgesinfo.fr\/app\/uploads\/sites\/3\/2024\/08\/201703img-0680.jpg\" \/>\n<meta name=\"twitter:creator\" content=\"@VosgesInfo88\" \/>\n<meta name=\"twitter:site\" content=\"@VosgesInfo88\" \/>\n<meta name=\"twitter:label1\" content=\"\u00c9crit par\" \/>\n\t<meta name=\"twitter:data1\" content=\"C.K.\" \/>\n\t<meta name=\"twitter:label2\" content=\"Dur\u00e9e de lecture estim\u00e9e\" \/>\n\t<meta name=\"twitter:data2\" content=\"1 minute\" \/>\n<script type=\"application\/ld+json\" class=\"yoast-schema-graph\">{\"@context\":\"https:\/\/schema.org\",\"@graph\":[{\"@type\":\"Article\",\"@id\":\"https:\/\/vosgesinfo.fr\/epinalinfo\/2017\/03\/manifestation-de-soutien-a-aurelien-frechin-greve-de-faim-contre-departement\/#article\",\"isPartOf\":{\"@id\":\"https:\/\/vosgesinfo.fr\/epinalinfo\/2017\/03\/manifestation-de-soutien-a-aurelien-frechin-greve-de-faim-contre-departement\/\"},\"author\":{\"name\":\"C.K.\",\"@id\":\"https:\/\/vosgesinfo.fr\/epinalinfo\/#\/schema\/person\/6f9a650eeea99d969b6c4ab78fccbe81\"},\"headline\":\"Manifestation de soutien \u00e0 Aur\u00e9lien Frechin en gr\u00e8ve de la faim contre le d\u00e9partement\",\"datePublished\":\"2017-03-25T07:17:49+00:00\",\"dateModified\":\"2017-03-25T07:17:49+00:00\",\"mainEntityOfPage\":{\"@id\":\"https:\/\/vosgesinfo.fr\/epinalinfo\/2017\/03\/manifestation-de-soutien-a-aurelien-frechin-greve-de-faim-contre-departement\/\"},\"wordCount\":246,\"commentCount\":0,\"publisher\":{\"@id\":\"https:\/\/vosgesinfo.fr\/epinalinfo\/#organization\"},\"image\":{\"@id\":\"https:\/\/vosgesinfo.fr\/epinalinfo\/2017\/03\/manifestation-de-soutien-a-aurelien-frechin-greve-de-faim-contre-departement\/#primaryimage\"},\"thumbnailUrl\":\"https:\/\/vosgesinfo.fr\/app\/uploads\/sites\/3\/2024\/08\/201703img-0680.jpg\",\"keywords\":[\"Aur\u00e9lien Frechin\",\"Conseil d\u00e9partemental des Vosges\",\"Foyer de l'enfance de Golbey\",\"gr\u00e8ve de la faim\",\"veilleur de nuit\"],\"articleSection\":[\"A la Une\",\"Soci\u00e9t\u00e9\",\"Vosges\"],\"inLanguage\":\"fr-FR\",\"potentialAction\":[{\"@type\":\"CommentAction\",\"name\":\"Comment\",\"target\":[\"https:\/\/vosgesinfo.fr\/epinalinfo\/2017\/03\/manifestation-de-soutien-a-aurelien-frechin-greve-de-faim-contre-departement\/#respond\"]}]},{\"@type\":\"WebPage\",\"@id\":\"https:\/\/vosgesinfo.fr\/epinalinfo\/2017\/03\/manifestation-de-soutien-a-aurelien-frechin-greve-de-faim-contre-departement\/\",\"url\":\"https:\/\/vosgesinfo.fr\/epinalinfo\/2017\/03\/manifestation-de-soutien-a-aurelien-frechin-greve-de-faim-contre-departement\/\",\"name\":\"Manifestation de soutien \u00e0 Aur\u00e9lien Frechin en gr\u00e8ve de la faim contre le d\u00e9partement - Epinal Info\",\"isPartOf\":{\"@id\":\"https:\/\/vosgesinfo.fr\/epinalinfo\/#website\"},\"primaryImageOfPage\":{\"@id\":\"https:\/\/vosgesinfo.fr\/epinalinfo\/2017\/03\/manifestation-de-soutien-a-aurelien-frechin-greve-de-faim-contre-departement\/#primaryimage\"},\"image\":{\"@id\":\"https:\/\/vosgesinfo.fr\/epinalinfo\/2017\/03\/manifestation-de-soutien-a-aurelien-frechin-greve-de-faim-contre-departement\/#primaryimage\"},\"thumbnailUrl\":\"https:\/\/vosgesinfo.fr\/app\/uploads\/sites\/3\/2024\/08\/201703img-0680.jpg\",\"datePublished\":\"2017-03-25T07:17:49+00:00\",\"dateModified\":\"2017-03-25T07:17:49+00:00\",\"breadcrumb\":{\"@id\":\"https:\/\/vosgesinfo.fr\/epinalinfo\/2017\/03\/manifestation-de-soutien-a-aurelien-frechin-greve-de-faim-contre-departement\/#breadcrumb\"},\"inLanguage\":\"fr-FR\",\"potentialAction\":[{\"@type\":\"ReadAction\",\"target\":[\"https:\/\/vosgesinfo.fr\/epinalinfo\/2017\/03\/manifestation-de-soutien-a-aurelien-frechin-greve-de-faim-contre-departement\/\"]}]},{\"@type\":\"ImageObject\",\"inLanguage\":\"fr-FR\",\"@id\":\"https:\/\/vosgesinfo.fr\/epinalinfo\/2017\/03\/manifestation-de-soutien-a-aurelien-frechin-greve-de-faim-contre-departement\/#primaryimage\",\"url\":\"https:\/\/vosgesinfo.fr\/app\/uploads\/sites\/3\/2024\/08\/201703img-0680.jpg\",\"contentUrl\":\"https:\/\/vosgesinfo.fr\/app\/uploads\/sites\/3\/2024\/08\/201703img-0680.jpg\",\"width\":800,\"height\":600},{\"@type\":\"BreadcrumbList\",\"@id\":\"https:\/\/vosgesinfo.fr\/epinalinfo\/2017\/03\/manifestation-de-soutien-a-aurelien-frechin-greve-de-faim-contre-departement\/#breadcrumb\",\"itemListElement\":[{\"@type\":\"ListItem\",\"position\":1,\"name\":\"Home\",\"item\":\"https:\/\/vosgesinfo.fr\/epinalinfo\/\"},{\"@type\":\"ListItem\",\"position\":2,\"name\":\"Manifestation de soutien \u00e0 Aur\u00e9lien Frechin en gr\u00e8ve de la faim contre le d\u00e9partement\"}]},{\"@type\":\"WebSite\",\"@id\":\"https:\/\/vosgesinfo.fr\/epinalinfo\/#website\",\"url\":\"https:\/\/vosgesinfo.fr\/epinalinfo\/\",\"name\":\"Epinal Info\",\"description\":\"Toute l&#039;actualit\u00e9 d&#039;\u00c9pinal\",\"publisher\":{\"@id\":\"https:\/\/vosgesinfo.fr\/epinalinfo\/#organization\"},\"alternateName\":\"Toute l'actualit\u00e9 d'\u00c9pinal\",\"potentialAction\":[{\"@type\":\"SearchAction\",\"target\":{\"@type\":\"EntryPoint\",\"urlTemplate\":\"https:\/\/vosgesinfo.fr\/epinalinfo\/?s={search_term_string}\"},\"query-input\":\"required name=search_term_string\"}],\"inLanguage\":\"fr-FR\"},{\"@type\":\"Organization\",\"@id\":\"https:\/\/vosgesinfo.fr\/epinalinfo\/#organization\",\"name\":\"Epinal Info\",\"url\":\"https:\/\/vosgesinfo.fr\/epinalinfo\/\",\"logo\":{\"@type\":\"ImageObject\",\"inLanguage\":\"fr-FR\",\"@id\":\"https:\/\/vosgesinfo.fr\/epinalinfo\/#\/schema\/logo\/image\/\",\"url\":\"https:\/\/vosgesinfo.fr\/app\/uploads\/sites\/3\/2023\/08\/logo-epinalinfos.svg\",\"contentUrl\":\"https:\/\/vosgesinfo.fr\/app\/uploads\/sites\/3\/2023\/08\/logo-epinalinfos.svg\",\"width\":1,\"height\":1,\"caption\":\"Epinal Info\"},\"image\":{\"@id\":\"https:\/\/vosgesinfo.fr\/epinalinfo\/#\/schema\/logo\/image\/\"},\"sameAs\":[\"https:\/\/www.facebook.com\/Epinalinfos\",\"https:\/\/x.com\/VosgesInfo88\",\"https:\/\/www.youtube.com\/@vosgesinfo\"]},{\"@type\":\"Person\",\"@id\":\"https:\/\/vosgesinfo.fr\/epinalinfo\/#\/schema\/person\/6f9a650eeea99d969b6c4ab78fccbe81\",\"name\":\"C.K.\",\"image\":{\"@type\":\"ImageObject\",\"inLanguage\":\"fr-FR\",\"@id\":\"https:\/\/vosgesinfo.fr\/epinalinfo\/#\/schema\/person\/image\/\",\"url\":\"https:\/\/secure.gravatar.com\/avatar\/48e3fc7f8421ba8942be6b74a2b7f014ca39bc00dece156b7a8e098ae7dc87bf?s=96&d=mm&r=g\",\"contentUrl\":\"https:\/\/secure.gravatar.com\/avatar\/48e3fc7f8421ba8942be6b74a2b7f014ca39bc00dece156b7a8e098ae7dc87bf?s=96&d=mm&r=g\",\"caption\":\"C.K.\"},\"url\":\"https:\/\/vosgesinfo.fr\/epinalinfo\/author\/celia-k-n\/\"}]}<\/script>\n<!-- \/ Yoast SEO plugin. -->","yoast_head_json":{"title":"Manifestation de soutien \u00e0 Aur\u00e9lien Frechin en gr\u00e8ve de la faim contre le d\u00e9partement - Epinal Info","robots":{"index":"index","follow":"follow","max-snippet":"max-snippet:-1","max-image-preview":"max-image-preview:large","max-video-preview":"max-video-preview:-1"},"canonical":"https:\/\/vosgesinfo.fr\/epinalinfo\/2017\/03\/manifestation-de-soutien-a-aurelien-frechin-greve-de-faim-contre-departement\/","twitter_card":"summary_large_image","twitter_title":"Manifestation de soutien \u00e0 Aur\u00e9lien Frechin en gr\u00e8ve de la faim contre le d\u00e9partement - Epinal Info","twitter_description":"Ce vendredi, une manifestation a eu lieu devant le Conseil d\u00e9partemental des Vosges pour soutenir Aur\u00e9lien Frechin dans son combat [&hellip;]","twitter_image":"https:\/\/vosgesinfo.fr\/app\/uploads\/sites\/3\/2024\/08\/201703img-0680.jpg","twitter_creator":"@VosgesInfo88","twitter_site":"@VosgesInfo88","twitter_misc":{"\u00c9crit par":"C.K.","Dur\u00e9e de lecture estim\u00e9e":"1 minute"},"schema":{"@context":"https:\/\/schema.org","@graph":[{"@type":"Article","@id":"https:\/\/vosgesinfo.fr\/epinalinfo\/2017\/03\/manifestation-de-soutien-a-aurelien-frechin-greve-de-faim-contre-departement\/#article","isPartOf":{"@id":"https:\/\/vosgesinfo.fr\/epinalinfo\/2017\/03\/manifestation-de-soutien-a-aurelien-frechin-greve-de-faim-contre-departement\/"},"author":{"name":"C.K.","@id":"https:\/\/vosgesinfo.fr\/epinalinfo\/#\/schema\/person\/6f9a650eeea99d969b6c4ab78fccbe81"},"headline":"Manifestation de soutien \u00e0 Aur\u00e9lien Frechin en gr\u00e8ve de la faim contre le d\u00e9partement","datePublished":"2017-03-25T07:17:49+00:00","dateModified":"2017-03-25T07:17:49+00:00","mainEntityOfPage":{"@id":"https:\/\/vosgesinfo.fr\/epinalinfo\/2017\/03\/manifestation-de-soutien-a-aurelien-frechin-greve-de-faim-contre-departement\/"},"wordCount":246,"commentCount":0,"publisher":{"@id":"https:\/\/vosgesinfo.fr\/epinalinfo\/#organization"},"image":{"@id":"https:\/\/vosgesinfo.fr\/epinalinfo\/2017\/03\/manifestation-de-soutien-a-aurelien-frechin-greve-de-faim-contre-departement\/#primaryimage"},"thumbnailUrl":"https:\/\/vosgesinfo.fr\/app\/uploads\/sites\/3\/2024\/08\/201703img-0680.jpg","keywords":["Aur\u00e9lien Frechin","Conseil d\u00e9partemental des Vosges","Foyer de l'enfance de Golbey","gr\u00e8ve de la faim","veilleur de nuit"],"articleSection":["A la Une","Soci\u00e9t\u00e9","Vosges"],"inLanguage":"fr-FR","potentialAction":[{"@type":"CommentAction","name":"Comment","target":["https:\/\/vosgesinfo.fr\/epinalinfo\/2017\/03\/manifestation-de-soutien-a-aurelien-frechin-greve-de-faim-contre-departement\/#respond"]}]},{"@type":"WebPage","@id":"https:\/\/vosgesinfo.fr\/epinalinfo\/2017\/03\/manifestation-de-soutien-a-aurelien-frechin-greve-de-faim-contre-departement\/","url":"https:\/\/vosgesinfo.fr\/epinalinfo\/2017\/03\/manifestation-de-soutien-a-aurelien-frechin-greve-de-faim-contre-departement\/","name":"Manifestation de soutien \u00e0 Aur\u00e9lien Frechin en gr\u00e8ve de la faim contre le d\u00e9partement - Epinal Info","isPartOf":{"@id":"https:\/\/vosgesinfo.fr\/epinalinfo\/#website"},"primaryImageOfPage":{"@id":"https:\/\/vosgesinfo.fr\/epinalinfo\/2017\/03\/manifestation-de-soutien-a-aurelien-frechin-greve-de-faim-contre-departement\/#primaryimage"},"image":{"@id":"https:\/\/vosgesinfo.fr\/epinalinfo\/2017\/03\/manifestation-de-soutien-a-aurelien-frechin-greve-de-faim-contre-departement\/#primaryimage"},"thumbnailUrl":"https:\/\/vosgesinfo.fr\/app\/uploads\/sites\/3\/2024\/08\/201703img-0680.jpg","datePublished":"2017-03-25T07:17:49+00:00","dateModified":"2017-03-25T07:17:49+00:00","breadcrumb":{"@id":"https:\/\/vosgesinfo.fr\/epinalinfo\/2017\/03\/manifestation-de-soutien-a-aurelien-frechin-greve-de-faim-contre-departement\/#breadcrumb"},"inLanguage":"fr-FR","potentialAction":[{"@type":"ReadAction","target":["https:\/\/vosgesinfo.fr\/epinalinfo\/2017\/03\/manifestation-de-soutien-a-aurelien-frechin-greve-de-faim-contre-departement\/"]}]},{"@type":"ImageObject","inLanguage":"fr-FR","@id":"https:\/\/vosgesinfo.fr\/epinalinfo\/2017\/03\/manifestation-de-soutien-a-aurelien-frechin-greve-de-faim-contre-departement\/#primaryimage","url":"https:\/\/vosgesinfo.fr\/app\/uploads\/sites\/3\/2024\/08\/201703img-0680.jpg","contentUrl":"https:\/\/vosgesinfo.fr\/app\/uploads\/sites\/3\/2024\/08\/201703img-0680.jpg","width":800,"height":600},{"@type":"BreadcrumbList","@id":"https:\/\/vosgesinfo.fr\/epinalinfo\/2017\/03\/manifestation-de-soutien-a-aurelien-frechin-greve-de-faim-contre-departement\/#breadcrumb","itemListElement":[{"@type":"ListItem","position":1,"name":"Home","item":"https:\/\/vosgesinfo.fr\/epinalinfo\/"},{"@type":"ListItem","position":2,"name":"Manifestation de soutien \u00e0 Aur\u00e9lien Frechin en gr\u00e8ve de la faim contre le d\u00e9partement"}]},{"@type":"WebSite","@id":"https:\/\/vosgesinfo.fr\/epinalinfo\/#website","url":"https:\/\/vosgesinfo.fr\/epinalinfo\/","name":"Epinal Info","description":"Toute l&#039;actualit\u00e9 d&#039;\u00c9pinal","publisher":{"@id":"https:\/\/vosgesinfo.fr\/epinalinfo\/#organization"},"alternateName":"Toute l'actualit\u00e9 d'\u00c9pinal","potentialAction":[{"@type":"SearchAction","target":{"@type":"EntryPoint","urlTemplate":"https:\/\/vosgesinfo.fr\/epinalinfo\/?s={search_term_string}"},"query-input":"required name=search_term_string"}],"inLanguage":"fr-FR"},{"@type":"Organization","@id":"https:\/\/vosgesinfo.fr\/epinalinfo\/#organization","name":"Epinal Info","url":"https:\/\/vosgesinfo.fr\/epinalinfo\/","logo":{"@type":"ImageObject","inLanguage":"fr-FR","@id":"https:\/\/vosgesinfo.fr\/epinalinfo\/#\/schema\/logo\/image\/","url":"https:\/\/vosgesinfo.fr\/app\/uploads\/sites\/3\/2023\/08\/logo-epinalinfos.svg","contentUrl":"https:\/\/vosgesinfo.fr\/app\/uploads\/sites\/3\/2023\/08\/logo-epinalinfos.svg","width":1,"height":1,"caption":"Epinal Info"},"image":{"@id":"https:\/\/vosgesinfo.fr\/epinalinfo\/#\/schema\/logo\/image\/"},"sameAs":["https:\/\/www.facebook.com\/Epinalinfos","https:\/\/x.com\/VosgesInfo88","https:\/\/www.youtube.com\/@vosgesinfo"]},{"@type":"Person","@id":"https:\/\/vosgesinfo.fr\/epinalinfo\/#\/schema\/person\/6f9a650eeea99d969b6c4ab78fccbe81","name":"C.K.","image":{"@type":"ImageObject","inLanguage":"fr-FR","@id":"https:\/\/vosgesinfo.fr\/epinalinfo\/#\/schema\/person\/image\/","url":"https:\/\/secure.gravatar.com\/avatar\/48e3fc7f8421ba8942be6b74a2b7f014ca39bc00dece156b7a8e098ae7dc87bf?s=96&d=mm&r=g","contentUrl":"https:\/\/secure.gravatar.com\/avatar\/48e3fc7f8421ba8942be6b74a2b7f014ca39bc00dece156b7a8e098ae7dc87bf?s=96&d=mm&r=g","caption":"C.K."},"url":"https:\/\/vosgesinfo.fr\/epinalinfo\/author\/celia-k-n\/"}]}},"_links":{"self":[{"href":"https:\/\/vosgesinfo.fr\/epinalinfo\/wp-json\/wp\/v2\/posts\/71052","targetHints":{"allow":["GET"]}}],"collection":[{"href":"https:\/\/vosgesinfo.fr\/epinalinfo\/wp-json\/wp\/v2\/posts"}],"about":[{"href":"https:\/\/vosgesinfo.fr\/epinalinfo\/wp-json\/wp\/v2\/types\/post"}],"author":[{"embeddable":true,"href":"https:\/\/vosgesinfo.fr\/epinalinfo\/wp-json\/wp\/v2\/users\/52"}],"replies":[{"embeddable":true,"href":"https:\/\/vosgesinfo.fr\/epinalinfo\/wp-json\/wp\/v2\/comments?post=71052"}],"version-history":[{"count":0,"href":"https:\/\/vosgesinfo.fr\/epinalinfo\/wp-json\/wp\/v2\/posts\/71052\/revisions"}],"wp:featuredmedia":[{"embeddable":true,"href":"https:\/\/vosgesinfo.fr\/epinalinfo\/wp-json\/wp\/v2\/media\/71053"}],"wp:attachment":[{"href":"https:\/\/vosgesinfo.fr\/epinalinfo\/wp-json\/wp\/v2\/media?parent=71052"}],"wp:term":[{"taxonomy":"category","embeddable":true,"href":"https:\/\/vosgesinfo.fr\/epinalinfo\/wp-json\/wp\/v2\/categories?post=71052"},{"taxonomy":"post_tag","embeddable":true,"href":"https:\/\/vosgesinfo.fr\/epinalinfo\/wp-json\/wp\/v2\/tags?post=71052"}],"curies":[{"name":"wp","href":"https:\/\/api.w.org\/{rel}","templated":true}]}}