{"id":71456,"date":"2017-04-07T04:14:28","date_gmt":"2017-04-07T02:14:28","guid":{"rendered":"https:\/\/vosgesinfo.fr\/epinalinfo\/2017\/04\/elaboration-projet-regional-de-sante-grand\/"},"modified":"2017-04-07T04:14:28","modified_gmt":"2017-04-07T02:14:28","slug":"elaboration-projet-regional-de-sante-grand","status":"publish","type":"post","link":"https:\/\/vosgesinfo.fr\/epinalinfo\/2017\/04\/elaboration-projet-regional-de-sante-grand\/","title":{"rendered":"Elaboration du Projet R\u00e9gional de Sant\u00e9 Grand Est"},"content":{"rendered":"<h4><a href=\"http:\/\/epinalinfos.fr\/2016\/04\/sante-departement-lance-etude\/sante\/\" rel=\"attachment wp-att-88592\"><img decoding=\"async\" class=\"aligncenter size-full wp-image-88592\" src=\"\/2016\/04\/sant\u00e9.jpg\" alt=\"sant\u00e9\" width=\"960\" height=\"640\" \/><\/a>L\u2019Agence r\u00e9gionale de sant\u00e9 Grand Est s\u2019est engag\u00e9e, d\u00e8s 2016, dans des travaux pr\u00e9paratoires \u00e0 l\u2019\u00e9laboration du Projet R\u00e9gional de Sant\u00e9 (PRS) 2018-2027 : \u00e9tat des lieux r\u00e9gional, \u00e9valuation des PRS de premi\u00e8re g\u00e9n\u00e9ration des trois ex-r\u00e9gions, r\u00e9flexion prospective\u2026<\/h4>\n<p>Le PRS de seconde g\u00e9n\u00e9ration d\u00e9terminera, en coh\u00e9rence avec la strat\u00e9gie nationale de sant\u00e9 et dans le respect des lois de financements de la s\u00e9curit\u00e9 sociale (LFSS), les priorit\u00e9s de la politique de sant\u00e9 en r\u00e9gion, dans les diff\u00e9rents champs hospitaliers, ambulatoire, m\u00e9dico-social et de pr\u00e9vention.<\/p>\n<p>Con\u00e7u au plus pr\u00e8s des besoins de la population, il constituera la feuille de route de l\u2019ARS pour les 10 ans \u00e0 venir.<\/p>\n<p>Il entrera en vigueur au 1er janvier 2018, \u00e0 l\u2019issue d\u2019une phase de consultation de 3 mois, men\u00e9e \u00e0 partir de septembre 2017.<\/p>\n<p><strong>Un outil strat\u00e9gique \u00e0 long terme<\/strong><\/p>\n<p>La loi de modernisation de notre syst\u00e8me de sant\u00e9 du 26 janvier 2016 a profond\u00e9ment remani\u00e9 le PRS. D\u00e9sormais, trois briques principales le composent :<\/p>\n<ul>\n<li>un Cadre d\u2019orientation strat\u00e9gique (COS), qui d\u00e9termine des orientations et des objectifs strat\u00e9giques, prenant en compte l\u2019\u00e9tat de sant\u00e9 de la population, les in\u00e9galit\u00e9s territoriales de sant\u00e9 ainsi que les \u00e9volutions, innovations technologiques, th\u00e9rapeutiques, organisationnelles majeures de nature \u00e0 modifier profond\u00e9ment le paysage r\u00e9gional de la sant\u00e9 dans 10 ans ;<\/li>\n<li>un Sch\u00e9ma r\u00e9gional de sant\u00e9 (SRS), qui d\u00e9termine les \u00e9volutions de l\u2019offre de sant\u00e9 et fixe les objectifs op\u00e9rationnels \u00e0 5 ans ;<\/li>\n<li>un Programme r\u00e9gional relatif \u00e0 l\u2019acc\u00e8s \u00e0 la pr\u00e9vention et aux soins des personnes les plus d\u00e9munies (PRAPS).<\/li>\n<\/ul>\n<p>Le PRS Grand Est a pour objectifs de r\u00e9pondre aux enjeux et aux d\u00e9fis majeurs de notre syst\u00e8me de sant\u00e9 que sont le vieillissement de la population, l\u2019augmentation des maladies chroniques, la r\u00e9duction des in\u00e9galit\u00e9s d\u2019acc\u00e8s aux soins, l\u2019innovation en sant\u00e9, la soutenabilit\u00e9 financi\u00e8re du syst\u00e8me de sant\u00e9 ainsi que l\u2019am\u00e9lioration de la qualit\u00e9 et de la pertinence des prises en charge.<\/p>\n<p><strong>Une co-construction par l\u2019ARS et ses partenaires<\/strong><\/p>\n<p>D\u00e9finir la politique r\u00e9gionale de sant\u00e9 est une opportunit\u00e9, pour l\u2019ensemble des acteurs du syst\u00e8me de sant\u00e9 r\u00e9gional, d\u2019innover et de capitaliser sur les exp\u00e9rimentations ayant d\u00e9j\u00e0 fait leurs preuves.<\/p>\n<p>Aussi, le PRS mobilise \u00bc des effectifs de l\u2019ARS Grand Est (200 personnes) et environ 600 professionnels associ\u00e9s aux travaux dont des experts externes, les membres de la Conf\u00e9rence r\u00e9gionale de la sant\u00e9 et de l\u2019autonomie1 Grand Est (CRSA) et l\u2019Assurance maladie. Les 5 Conseils territoriaux de sant\u00e9, nouvellement constitu\u00e9s, sont \u00e9galement invit\u00e9s \u00e0 contribuer aux travaux d\u2019\u00e9laboration du PRS 2.<\/p>\n<p>Les \u00e9tudes de territoire, r\u00e9alis\u00e9es en 2016 concernant les villes de Reims, Vitry-le-Fran\u00e7ois, l\u2019Eurom\u00e9tropole de Strasbourg et le d\u00e9partement du Haut-Rhin, ainsi que l\u2019\u00e9valuation des PRS 2012-2017 des ex-3 r\u00e9gions alimentent la r\u00e9flexion et font l\u2019objet d\u2019\u00e9changes avec les partenaires.<\/p>\n<p>L\u2019ARS Grand Est a pour ambition de concevoir un PRS 2018-2027 simplifi\u00e9 et accessible contenant un nombre limit\u00e9 d\u2019objectifs strat\u00e9giques et op\u00e9rationnels.<\/p>\n<p>1 Lieu d\u2019\u00e9changes et de propositions o\u00f9 sont repr\u00e9sent\u00e9s les collectivit\u00e9s territoriales, les usagers, les conseils territoriaux de sant\u00e9, les organisations repr\u00e9sentatives des salari\u00e9s, des employeurs et des professions ind\u00e9pendantes, les professionnels de sant\u00e9, les \u00e9tablissements et services de sant\u00e9 et m\u00e9dico-sociaux et les organismes de protection sociale.<\/p>\n","protected":false},"excerpt":{"rendered":"<p>L\u2019Agence r\u00e9gionale de sant\u00e9 Grand Est s\u2019est engag\u00e9e, d\u00e8s 2016, dans des travaux pr\u00e9paratoires \u00e0 l\u2019\u00e9laboration du Projet R\u00e9gional de [&hellip;]<\/p>\n","protected":false},"author":52,"featured_media":22112,"comment_status":"open","ping_status":"open","sticky":false,"template":"","format":"standard","meta":{"footnotes":""},"categories":[22,144,14],"tags":[10259,10260],"class_list":["post-71456","post","type-post","status-publish","format-standard","has-post-thumbnail","hentry","category-a-la-une","category-region","category-sante","tag-elaboration-du-projet-regional-de-sante-grand-est","tag-lagence-regionale-de-sante-grand-est"],"acf":[],"yoast_head":"<!-- This site is optimized with the Yoast SEO plugin v22.5 - https:\/\/yoast.com\/wordpress\/plugins\/seo\/ -->\n<title>Elaboration du Projet R\u00e9gional de Sant\u00e9 Grand Est - Epinal Info<\/title>\n<meta name=\"robots\" content=\"index, follow, max-snippet:-1, max-image-preview:large, max-video-preview:-1\" \/>\n<link rel=\"canonical\" href=\"https:\/\/vosgesinfo.fr\/epinalinfo\/2017\/04\/elaboration-projet-regional-de-sante-grand\/\" \/>\n<meta name=\"twitter:card\" content=\"summary_large_image\" \/>\n<meta name=\"twitter:title\" content=\"Elaboration du Projet R\u00e9gional de Sant\u00e9 Grand Est - Epinal Info\" \/>\n<meta name=\"twitter:description\" content=\"L\u2019Agence r\u00e9gionale de sant\u00e9 Grand Est s\u2019est engag\u00e9e, d\u00e8s 2016, dans des travaux pr\u00e9paratoires \u00e0 l\u2019\u00e9laboration du Projet R\u00e9gional de [&hellip;]\" \/>\n<meta name=\"twitter:image\" content=\"https:\/\/vosgesinfo.fr\/app\/uploads\/sites\/3\/2016\/04\/sante.jpg\" \/>\n<meta name=\"twitter:creator\" content=\"@VosgesInfo88\" \/>\n<meta name=\"twitter:site\" content=\"@VosgesInfo88\" \/>\n<meta name=\"twitter:label1\" content=\"\u00c9crit par\" \/>\n\t<meta name=\"twitter:data1\" content=\"C.K.\" \/>\n\t<meta name=\"twitter:label2\" content=\"Dur\u00e9e de lecture estim\u00e9e\" \/>\n\t<meta name=\"twitter:data2\" content=\"3 minutes\" \/>\n<script type=\"application\/ld+json\" class=\"yoast-schema-graph\">{\"@context\":\"https:\/\/schema.org\",\"@graph\":[{\"@type\":\"Article\",\"@id\":\"https:\/\/vosgesinfo.fr\/epinalinfo\/2017\/04\/elaboration-projet-regional-de-sante-grand\/#article\",\"isPartOf\":{\"@id\":\"https:\/\/vosgesinfo.fr\/epinalinfo\/2017\/04\/elaboration-projet-regional-de-sante-grand\/\"},\"author\":{\"name\":\"C.K.\",\"@id\":\"https:\/\/vosgesinfo.fr\/epinalinfo\/#\/schema\/person\/6f9a650eeea99d969b6c4ab78fccbe81\"},\"headline\":\"Elaboration du Projet R\u00e9gional de Sant\u00e9 Grand Est\",\"datePublished\":\"2017-04-07T02:14:28+00:00\",\"dateModified\":\"2017-04-07T02:14:28+00:00\",\"mainEntityOfPage\":{\"@id\":\"https:\/\/vosgesinfo.fr\/epinalinfo\/2017\/04\/elaboration-projet-regional-de-sante-grand\/\"},\"wordCount\":613,\"commentCount\":0,\"publisher\":{\"@id\":\"https:\/\/vosgesinfo.fr\/epinalinfo\/#organization\"},\"image\":{\"@id\":\"https:\/\/vosgesinfo.fr\/epinalinfo\/2017\/04\/elaboration-projet-regional-de-sante-grand\/#primaryimage\"},\"thumbnailUrl\":\"https:\/\/vosgesinfo.fr\/app\/uploads\/sites\/3\/2016\/04\/sante.jpg\",\"keywords\":[\"Elaboration du Projet R\u00e9gional de Sant\u00e9 Grand Est\",\"L\u2019Agence r\u00e9gionale de sant\u00e9 Grand Est\"],\"articleSection\":[\"A la Une\",\"R\u00e9gion\",\"Sant\u00e9\"],\"inLanguage\":\"fr-FR\",\"potentialAction\":[{\"@type\":\"CommentAction\",\"name\":\"Comment\",\"target\":[\"https:\/\/vosgesinfo.fr\/epinalinfo\/2017\/04\/elaboration-projet-regional-de-sante-grand\/#respond\"]}]},{\"@type\":\"WebPage\",\"@id\":\"https:\/\/vosgesinfo.fr\/epinalinfo\/2017\/04\/elaboration-projet-regional-de-sante-grand\/\",\"url\":\"https:\/\/vosgesinfo.fr\/epinalinfo\/2017\/04\/elaboration-projet-regional-de-sante-grand\/\",\"name\":\"Elaboration du Projet R\u00e9gional de Sant\u00e9 Grand Est - Epinal Info\",\"isPartOf\":{\"@id\":\"https:\/\/vosgesinfo.fr\/epinalinfo\/#website\"},\"primaryImageOfPage\":{\"@id\":\"https:\/\/vosgesinfo.fr\/epinalinfo\/2017\/04\/elaboration-projet-regional-de-sante-grand\/#primaryimage\"},\"image\":{\"@id\":\"https:\/\/vosgesinfo.fr\/epinalinfo\/2017\/04\/elaboration-projet-regional-de-sante-grand\/#primaryimage\"},\"thumbnailUrl\":\"https:\/\/vosgesinfo.fr\/app\/uploads\/sites\/3\/2016\/04\/sante.jpg\",\"datePublished\":\"2017-04-07T02:14:28+00:00\",\"dateModified\":\"2017-04-07T02:14:28+00:00\",\"breadcrumb\":{\"@id\":\"https:\/\/vosgesinfo.fr\/epinalinfo\/2017\/04\/elaboration-projet-regional-de-sante-grand\/#breadcrumb\"},\"inLanguage\":\"fr-FR\",\"potentialAction\":[{\"@type\":\"ReadAction\",\"target\":[\"https:\/\/vosgesinfo.fr\/epinalinfo\/2017\/04\/elaboration-projet-regional-de-sante-grand\/\"]}]},{\"@type\":\"ImageObject\",\"inLanguage\":\"fr-FR\",\"@id\":\"https:\/\/vosgesinfo.fr\/epinalinfo\/2017\/04\/elaboration-projet-regional-de-sante-grand\/#primaryimage\",\"url\":\"https:\/\/vosgesinfo.fr\/app\/uploads\/sites\/3\/2016\/04\/sante.jpg\",\"contentUrl\":\"https:\/\/vosgesinfo.fr\/app\/uploads\/sites\/3\/2016\/04\/sante.jpg\"},{\"@type\":\"BreadcrumbList\",\"@id\":\"https:\/\/vosgesinfo.fr\/epinalinfo\/2017\/04\/elaboration-projet-regional-de-sante-grand\/#breadcrumb\",\"itemListElement\":[{\"@type\":\"ListItem\",\"position\":1,\"name\":\"Home\",\"item\":\"https:\/\/vosgesinfo.fr\/epinalinfo\/\"},{\"@type\":\"ListItem\",\"position\":2,\"name\":\"Elaboration du Projet R\u00e9gional de Sant\u00e9 Grand Est\"}]},{\"@type\":\"WebSite\",\"@id\":\"https:\/\/vosgesinfo.fr\/epinalinfo\/#website\",\"url\":\"https:\/\/vosgesinfo.fr\/epinalinfo\/\",\"name\":\"Epinal Info\",\"description\":\"Toute l&#039;actualit\u00e9 d&#039;\u00c9pinal\",\"publisher\":{\"@id\":\"https:\/\/vosgesinfo.fr\/epinalinfo\/#organization\"},\"alternateName\":\"Toute l'actualit\u00e9 d'\u00c9pinal\",\"potentialAction\":[{\"@type\":\"SearchAction\",\"target\":{\"@type\":\"EntryPoint\",\"urlTemplate\":\"https:\/\/vosgesinfo.fr\/epinalinfo\/?s={search_term_string}\"},\"query-input\":\"required name=search_term_string\"}],\"inLanguage\":\"fr-FR\"},{\"@type\":\"Organization\",\"@id\":\"https:\/\/vosgesinfo.fr\/epinalinfo\/#organization\",\"name\":\"Epinal Info\",\"url\":\"https:\/\/vosgesinfo.fr\/epinalinfo\/\",\"logo\":{\"@type\":\"ImageObject\",\"inLanguage\":\"fr-FR\",\"@id\":\"https:\/\/vosgesinfo.fr\/epinalinfo\/#\/schema\/logo\/image\/\",\"url\":\"https:\/\/vosgesinfo.fr\/app\/uploads\/sites\/3\/2023\/08\/logo-epinalinfos.svg\",\"contentUrl\":\"https:\/\/vosgesinfo.fr\/app\/uploads\/sites\/3\/2023\/08\/logo-epinalinfos.svg\",\"width\":1,\"height\":1,\"caption\":\"Epinal Info\"},\"image\":{\"@id\":\"https:\/\/vosgesinfo.fr\/epinalinfo\/#\/schema\/logo\/image\/\"},\"sameAs\":[\"https:\/\/www.facebook.com\/Epinalinfos\",\"https:\/\/x.com\/VosgesInfo88\",\"https:\/\/www.youtube.com\/@vosgesinfo\"]},{\"@type\":\"Person\",\"@id\":\"https:\/\/vosgesinfo.fr\/epinalinfo\/#\/schema\/person\/6f9a650eeea99d969b6c4ab78fccbe81\",\"name\":\"C.K.\",\"image\":{\"@type\":\"ImageObject\",\"inLanguage\":\"fr-FR\",\"@id\":\"https:\/\/vosgesinfo.fr\/epinalinfo\/#\/schema\/person\/image\/\",\"url\":\"https:\/\/secure.gravatar.com\/avatar\/48e3fc7f8421ba8942be6b74a2b7f014ca39bc00dece156b7a8e098ae7dc87bf?s=96&d=mm&r=g\",\"contentUrl\":\"https:\/\/secure.gravatar.com\/avatar\/48e3fc7f8421ba8942be6b74a2b7f014ca39bc00dece156b7a8e098ae7dc87bf?s=96&d=mm&r=g\",\"caption\":\"C.K.\"},\"url\":\"https:\/\/vosgesinfo.fr\/epinalinfo\/author\/celia-k-n\/\"}]}<\/script>\n<!-- \/ Yoast SEO plugin. -->","yoast_head_json":{"title":"Elaboration du Projet R\u00e9gional de Sant\u00e9 Grand Est - Epinal Info","robots":{"index":"index","follow":"follow","max-snippet":"max-snippet:-1","max-image-preview":"max-image-preview:large","max-video-preview":"max-video-preview:-1"},"canonical":"https:\/\/vosgesinfo.fr\/epinalinfo\/2017\/04\/elaboration-projet-regional-de-sante-grand\/","twitter_card":"summary_large_image","twitter_title":"Elaboration du Projet R\u00e9gional de Sant\u00e9 Grand Est - Epinal Info","twitter_description":"L\u2019Agence r\u00e9gionale de sant\u00e9 Grand Est s\u2019est engag\u00e9e, d\u00e8s 2016, dans des travaux pr\u00e9paratoires \u00e0 l\u2019\u00e9laboration du Projet R\u00e9gional de [&hellip;]","twitter_image":"https:\/\/vosgesinfo.fr\/app\/uploads\/sites\/3\/2016\/04\/sante.jpg","twitter_creator":"@VosgesInfo88","twitter_site":"@VosgesInfo88","twitter_misc":{"\u00c9crit par":"C.K.","Dur\u00e9e de lecture estim\u00e9e":"3 minutes"},"schema":{"@context":"https:\/\/schema.org","@graph":[{"@type":"Article","@id":"https:\/\/vosgesinfo.fr\/epinalinfo\/2017\/04\/elaboration-projet-regional-de-sante-grand\/#article","isPartOf":{"@id":"https:\/\/vosgesinfo.fr\/epinalinfo\/2017\/04\/elaboration-projet-regional-de-sante-grand\/"},"author":{"name":"C.K.","@id":"https:\/\/vosgesinfo.fr\/epinalinfo\/#\/schema\/person\/6f9a650eeea99d969b6c4ab78fccbe81"},"headline":"Elaboration du Projet R\u00e9gional de Sant\u00e9 Grand Est","datePublished":"2017-04-07T02:14:28+00:00","dateModified":"2017-04-07T02:14:28+00:00","mainEntityOfPage":{"@id":"https:\/\/vosgesinfo.fr\/epinalinfo\/2017\/04\/elaboration-projet-regional-de-sante-grand\/"},"wordCount":613,"commentCount":0,"publisher":{"@id":"https:\/\/vosgesinfo.fr\/epinalinfo\/#organization"},"image":{"@id":"https:\/\/vosgesinfo.fr\/epinalinfo\/2017\/04\/elaboration-projet-regional-de-sante-grand\/#primaryimage"},"thumbnailUrl":"https:\/\/vosgesinfo.fr\/app\/uploads\/sites\/3\/2016\/04\/sante.jpg","keywords":["Elaboration du Projet R\u00e9gional de Sant\u00e9 Grand Est","L\u2019Agence r\u00e9gionale de sant\u00e9 Grand Est"],"articleSection":["A la Une","R\u00e9gion","Sant\u00e9"],"inLanguage":"fr-FR","potentialAction":[{"@type":"CommentAction","name":"Comment","target":["https:\/\/vosgesinfo.fr\/epinalinfo\/2017\/04\/elaboration-projet-regional-de-sante-grand\/#respond"]}]},{"@type":"WebPage","@id":"https:\/\/vosgesinfo.fr\/epinalinfo\/2017\/04\/elaboration-projet-regional-de-sante-grand\/","url":"https:\/\/vosgesinfo.fr\/epinalinfo\/2017\/04\/elaboration-projet-regional-de-sante-grand\/","name":"Elaboration du Projet R\u00e9gional de Sant\u00e9 Grand Est - Epinal Info","isPartOf":{"@id":"https:\/\/vosgesinfo.fr\/epinalinfo\/#website"},"primaryImageOfPage":{"@id":"https:\/\/vosgesinfo.fr\/epinalinfo\/2017\/04\/elaboration-projet-regional-de-sante-grand\/#primaryimage"},"image":{"@id":"https:\/\/vosgesinfo.fr\/epinalinfo\/2017\/04\/elaboration-projet-regional-de-sante-grand\/#primaryimage"},"thumbnailUrl":"https:\/\/vosgesinfo.fr\/app\/uploads\/sites\/3\/2016\/04\/sante.jpg","datePublished":"2017-04-07T02:14:28+00:00","dateModified":"2017-04-07T02:14:28+00:00","breadcrumb":{"@id":"https:\/\/vosgesinfo.fr\/epinalinfo\/2017\/04\/elaboration-projet-regional-de-sante-grand\/#breadcrumb"},"inLanguage":"fr-FR","potentialAction":[{"@type":"ReadAction","target":["https:\/\/vosgesinfo.fr\/epinalinfo\/2017\/04\/elaboration-projet-regional-de-sante-grand\/"]}]},{"@type":"ImageObject","inLanguage":"fr-FR","@id":"https:\/\/vosgesinfo.fr\/epinalinfo\/2017\/04\/elaboration-projet-regional-de-sante-grand\/#primaryimage","url":"https:\/\/vosgesinfo.fr\/app\/uploads\/sites\/3\/2016\/04\/sante.jpg","contentUrl":"https:\/\/vosgesinfo.fr\/app\/uploads\/sites\/3\/2016\/04\/sante.jpg"},{"@type":"BreadcrumbList","@id":"https:\/\/vosgesinfo.fr\/epinalinfo\/2017\/04\/elaboration-projet-regional-de-sante-grand\/#breadcrumb","itemListElement":[{"@type":"ListItem","position":1,"name":"Home","item":"https:\/\/vosgesinfo.fr\/epinalinfo\/"},{"@type":"ListItem","position":2,"name":"Elaboration du Projet R\u00e9gional de Sant\u00e9 Grand Est"}]},{"@type":"WebSite","@id":"https:\/\/vosgesinfo.fr\/epinalinfo\/#website","url":"https:\/\/vosgesinfo.fr\/epinalinfo\/","name":"Epinal Info","description":"Toute l&#039;actualit\u00e9 d&#039;\u00c9pinal","publisher":{"@id":"https:\/\/vosgesinfo.fr\/epinalinfo\/#organization"},"alternateName":"Toute l'actualit\u00e9 d'\u00c9pinal","potentialAction":[{"@type":"SearchAction","target":{"@type":"EntryPoint","urlTemplate":"https:\/\/vosgesinfo.fr\/epinalinfo\/?s={search_term_string}"},"query-input":"required name=search_term_string"}],"inLanguage":"fr-FR"},{"@type":"Organization","@id":"https:\/\/vosgesinfo.fr\/epinalinfo\/#organization","name":"Epinal Info","url":"https:\/\/vosgesinfo.fr\/epinalinfo\/","logo":{"@type":"ImageObject","inLanguage":"fr-FR","@id":"https:\/\/vosgesinfo.fr\/epinalinfo\/#\/schema\/logo\/image\/","url":"https:\/\/vosgesinfo.fr\/app\/uploads\/sites\/3\/2023\/08\/logo-epinalinfos.svg","contentUrl":"https:\/\/vosgesinfo.fr\/app\/uploads\/sites\/3\/2023\/08\/logo-epinalinfos.svg","width":1,"height":1,"caption":"Epinal Info"},"image":{"@id":"https:\/\/vosgesinfo.fr\/epinalinfo\/#\/schema\/logo\/image\/"},"sameAs":["https:\/\/www.facebook.com\/Epinalinfos","https:\/\/x.com\/VosgesInfo88","https:\/\/www.youtube.com\/@vosgesinfo"]},{"@type":"Person","@id":"https:\/\/vosgesinfo.fr\/epinalinfo\/#\/schema\/person\/6f9a650eeea99d969b6c4ab78fccbe81","name":"C.K.","image":{"@type":"ImageObject","inLanguage":"fr-FR","@id":"https:\/\/vosgesinfo.fr\/epinalinfo\/#\/schema\/person\/image\/","url":"https:\/\/secure.gravatar.com\/avatar\/48e3fc7f8421ba8942be6b74a2b7f014ca39bc00dece156b7a8e098ae7dc87bf?s=96&d=mm&r=g","contentUrl":"https:\/\/secure.gravatar.com\/avatar\/48e3fc7f8421ba8942be6b74a2b7f014ca39bc00dece156b7a8e098ae7dc87bf?s=96&d=mm&r=g","caption":"C.K."},"url":"https:\/\/vosgesinfo.fr\/epinalinfo\/author\/celia-k-n\/"}]}},"_links":{"self":[{"href":"https:\/\/vosgesinfo.fr\/epinalinfo\/wp-json\/wp\/v2\/posts\/71456","targetHints":{"allow":["GET"]}}],"collection":[{"href":"https:\/\/vosgesinfo.fr\/epinalinfo\/wp-json\/wp\/v2\/posts"}],"about":[{"href":"https:\/\/vosgesinfo.fr\/epinalinfo\/wp-json\/wp\/v2\/types\/post"}],"author":[{"embeddable":true,"href":"https:\/\/vosgesinfo.fr\/epinalinfo\/wp-json\/wp\/v2\/users\/52"}],"replies":[{"embeddable":true,"href":"https:\/\/vosgesinfo.fr\/epinalinfo\/wp-json\/wp\/v2\/comments?post=71456"}],"version-history":[{"count":0,"href":"https:\/\/vosgesinfo.fr\/epinalinfo\/wp-json\/wp\/v2\/posts\/71456\/revisions"}],"wp:featuredmedia":[{"embeddable":true,"href":"https:\/\/vosgesinfo.fr\/epinalinfo\/wp-json\/wp\/v2\/media\/22112"}],"wp:attachment":[{"href":"https:\/\/vosgesinfo.fr\/epinalinfo\/wp-json\/wp\/v2\/media?parent=71456"}],"wp:term":[{"taxonomy":"category","embeddable":true,"href":"https:\/\/vosgesinfo.fr\/epinalinfo\/wp-json\/wp\/v2\/categories?post=71456"},{"taxonomy":"post_tag","embeddable":true,"href":"https:\/\/vosgesinfo.fr\/epinalinfo\/wp-json\/wp\/v2\/tags?post=71456"}],"curies":[{"name":"wp","href":"https:\/\/api.w.org\/{rel}","templated":true}]}}