{"id":71457,"date":"2017-04-07T08:11:24","date_gmt":"2017-04-07T06:11:24","guid":{"rendered":"https:\/\/vosgesinfo.fr\/epinalinfo\/2017\/04\/vosges-pollens-de-bouleau-arrivent-force\/"},"modified":"2017-04-07T08:11:24","modified_gmt":"2017-04-07T06:11:24","slug":"vosges-pollens-de-bouleau-arrivent-force","status":"publish","type":"post","link":"https:\/\/vosgesinfo.fr\/epinalinfo\/2017\/04\/vosges-pollens-de-bouleau-arrivent-force\/","title":{"rendered":"Vosges &#8211; Les pollens de bouleau arrivent en force !"},"content":{"rendered":"<div id=\"attachment_111785\" style=\"width: 810px\" class=\"wp-caption aligncenter\"><a href=\"http:\/\/epinalinfos.fr\/2017\/04\/vosges-pollens-de-bouleau-arrivent-force\/pollens\/\" rel=\"attachment wp-att-111785\"><img decoding=\"async\" aria-describedby=\"caption-attachment-111785\" class=\"size-full wp-image-111785\" src=\"\/2017\/04\/pollens.jpg\" alt=\"(carte RNSA)\" width=\"800\" height=\"598\" \/><\/a><p id=\"caption-attachment-111785\" class=\"wp-caption-text\">(carte RNSA)<\/p><\/div>\n<h4>Alerte aux pollens de bouleau sur les Vosges. Les diff\u00e9rents pollens pr\u00e9sents dans l\u2019air peuvent provoquer des r\u00e9actions allergiques qui varient en fonction du type de pollen et de sa concentration. Cette semaine, les pollens de bouleau, au fort potentiel allergisant, sont fortement pr\u00e9sents dans le d\u00e9partement selon le R\u00e9seau national de surveillance a\u00e9robiologique (RNSA).<\/h4>\n<p>Vous avez les yeux qui piquent, qui pleurent, vous \u00e9ternuez et vous souffrez d\u2019asthme\u00a0? Ce n&rsquo;est pas \u00e9tonnant, la saison pollinique est de retour. Les pollens de bouleau, tr\u00e8s redout\u00e9s par les personnes allergiques, font leur apparition dans les Vosges avec un risque d\u2019allergie d\u00e9j\u00e0 tr\u00e8s \u00e9lev\u00e9. <em>\u00ab\u00a0Si aucune pluie soutenue ne tombe dans les prochains jours, les quantit\u00e9s de ces pollens seront en progression et pourront sur une grande moiti\u00e9 Nord du territoire provoquer un risque d\u2019allergie moyen \u00e0 tr\u00e8s \u00e9lev\u00e9 selon l\u2019\u00e9t\u00e9 de floraison de ces arbres\u00a0\u00bb<\/em> pr\u00e9vient le R\u00e9seau national de surveillance a\u00e9robiologique (RNSA).<\/p>\n<p>D\u2019autres pollens (fr\u00eane, saule et peuplier) commencent \u00e9galement \u00e0 se r\u00e9pandre sur l\u2019ensemble du territoire, mais ils pr\u00e9sentent pour l\u2019instant un faible risque d\u2019allergie.<\/p>\n<h3>Limiter les sorties en plein air<\/h3>\n<p>Pour limiter la g\u00eane occasionn\u00e9e par les pollens, il faudra limiter les sorties en plein air, ne pas a\u00e9rer son logements tr\u00e8s t\u00f4t le matin ou tr\u00e8s tard le soir et se doucher sans oublier les cheveux pour tenter d\u2019\u00e9liminer les pollens accumul\u00e9s.<\/p>\n<p>Selon l\u2019Agence nationale de s\u00e9curit\u00e9 sanitaire de l\u2019alimentation de l\u2019environnement et du travail (Anses), en France pr\u00e8s de 30% de la population adulte et 20% des enfants sont allergiques \u00e0 des pollens.<\/p>\n<p>C.K.N.<\/p>\n","protected":false},"excerpt":{"rendered":"<p>Alerte aux pollens de bouleau sur les Vosges. Les diff\u00e9rents pollens pr\u00e9sents dans l\u2019air peuvent provoquer des r\u00e9actions allergiques qui [&hellip;]<\/p>\n","protected":false},"author":52,"featured_media":71458,"comment_status":"open","ping_status":"open","sticky":false,"template":"","format":"standard","meta":{"footnotes":""},"categories":[22,14,5],"tags":[5362,5363,10261,85,75],"class_list":["post-71457","post","type-post","status-publish","format-standard","has-post-thumbnail","hentry","category-a-la-une","category-sante","category-vosges","tag-allergies","tag-le-reseau-national-de-surveillance-aerobiologique-rnsa","tag-les-pollens-de-bouleau-arrivent-en-force","tag-sante","tag-vosges"],"acf":[],"yoast_head":"<!-- This site is optimized with the Yoast SEO plugin v22.5 - https:\/\/yoast.com\/wordpress\/plugins\/seo\/ -->\n<title>Vosges - Les pollens de bouleau arrivent en force ! - Epinal Info<\/title>\n<meta name=\"robots\" content=\"index, follow, max-snippet:-1, max-image-preview:large, max-video-preview:-1\" \/>\n<link rel=\"canonical\" href=\"https:\/\/vosgesinfo.fr\/epinalinfo\/2017\/04\/vosges-pollens-de-bouleau-arrivent-force\/\" \/>\n<meta name=\"twitter:card\" content=\"summary_large_image\" \/>\n<meta name=\"twitter:title\" content=\"Vosges - Les pollens de bouleau arrivent en force ! - Epinal Info\" \/>\n<meta name=\"twitter:description\" content=\"Alerte aux pollens de bouleau sur les Vosges. Les diff\u00e9rents pollens pr\u00e9sents dans l\u2019air peuvent provoquer des r\u00e9actions allergiques qui [&hellip;]\" \/>\n<meta name=\"twitter:image\" content=\"https:\/\/vosgesinfo.fr\/app\/uploads\/sites\/3\/2024\/08\/201704pollens.jpg\" \/>\n<meta name=\"twitter:creator\" content=\"@VosgesInfo88\" \/>\n<meta name=\"twitter:site\" content=\"@VosgesInfo88\" \/>\n<meta name=\"twitter:label1\" content=\"\u00c9crit par\" \/>\n\t<meta name=\"twitter:data1\" content=\"C.K.\" \/>\n\t<meta name=\"twitter:label2\" content=\"Dur\u00e9e de lecture estim\u00e9e\" \/>\n\t<meta name=\"twitter:data2\" content=\"2 minutes\" \/>\n<script type=\"application\/ld+json\" class=\"yoast-schema-graph\">{\"@context\":\"https:\/\/schema.org\",\"@graph\":[{\"@type\":\"Article\",\"@id\":\"https:\/\/vosgesinfo.fr\/epinalinfo\/2017\/04\/vosges-pollens-de-bouleau-arrivent-force\/#article\",\"isPartOf\":{\"@id\":\"https:\/\/vosgesinfo.fr\/epinalinfo\/2017\/04\/vosges-pollens-de-bouleau-arrivent-force\/\"},\"author\":{\"name\":\"C.K.\",\"@id\":\"https:\/\/vosgesinfo.fr\/epinalinfo\/#\/schema\/person\/6f9a650eeea99d969b6c4ab78fccbe81\"},\"headline\":\"Vosges &#8211; Les pollens de bouleau arrivent en force !\",\"datePublished\":\"2017-04-07T06:11:24+00:00\",\"dateModified\":\"2017-04-07T06:11:24+00:00\",\"mainEntityOfPage\":{\"@id\":\"https:\/\/vosgesinfo.fr\/epinalinfo\/2017\/04\/vosges-pollens-de-bouleau-arrivent-force\/\"},\"wordCount\":315,\"commentCount\":0,\"publisher\":{\"@id\":\"https:\/\/vosgesinfo.fr\/epinalinfo\/#organization\"},\"image\":{\"@id\":\"https:\/\/vosgesinfo.fr\/epinalinfo\/2017\/04\/vosges-pollens-de-bouleau-arrivent-force\/#primaryimage\"},\"thumbnailUrl\":\"https:\/\/vosgesinfo.fr\/app\/uploads\/sites\/3\/2024\/08\/201704pollens.jpg\",\"keywords\":[\"allergies\",\"le R\u00e9seau national de surveillance a\u00e9robiologique (RNSA)\",\"Les pollens de bouleau arrivent en force\",\"sant\u00e9\",\"vosges\"],\"articleSection\":[\"A la Une\",\"Sant\u00e9\",\"Vosges\"],\"inLanguage\":\"fr-FR\",\"potentialAction\":[{\"@type\":\"CommentAction\",\"name\":\"Comment\",\"target\":[\"https:\/\/vosgesinfo.fr\/epinalinfo\/2017\/04\/vosges-pollens-de-bouleau-arrivent-force\/#respond\"]}]},{\"@type\":\"WebPage\",\"@id\":\"https:\/\/vosgesinfo.fr\/epinalinfo\/2017\/04\/vosges-pollens-de-bouleau-arrivent-force\/\",\"url\":\"https:\/\/vosgesinfo.fr\/epinalinfo\/2017\/04\/vosges-pollens-de-bouleau-arrivent-force\/\",\"name\":\"Vosges - Les pollens de bouleau arrivent en force ! - Epinal Info\",\"isPartOf\":{\"@id\":\"https:\/\/vosgesinfo.fr\/epinalinfo\/#website\"},\"primaryImageOfPage\":{\"@id\":\"https:\/\/vosgesinfo.fr\/epinalinfo\/2017\/04\/vosges-pollens-de-bouleau-arrivent-force\/#primaryimage\"},\"image\":{\"@id\":\"https:\/\/vosgesinfo.fr\/epinalinfo\/2017\/04\/vosges-pollens-de-bouleau-arrivent-force\/#primaryimage\"},\"thumbnailUrl\":\"https:\/\/vosgesinfo.fr\/app\/uploads\/sites\/3\/2024\/08\/201704pollens.jpg\",\"datePublished\":\"2017-04-07T06:11:24+00:00\",\"dateModified\":\"2017-04-07T06:11:24+00:00\",\"breadcrumb\":{\"@id\":\"https:\/\/vosgesinfo.fr\/epinalinfo\/2017\/04\/vosges-pollens-de-bouleau-arrivent-force\/#breadcrumb\"},\"inLanguage\":\"fr-FR\",\"potentialAction\":[{\"@type\":\"ReadAction\",\"target\":[\"https:\/\/vosgesinfo.fr\/epinalinfo\/2017\/04\/vosges-pollens-de-bouleau-arrivent-force\/\"]}]},{\"@type\":\"ImageObject\",\"inLanguage\":\"fr-FR\",\"@id\":\"https:\/\/vosgesinfo.fr\/epinalinfo\/2017\/04\/vosges-pollens-de-bouleau-arrivent-force\/#primaryimage\",\"url\":\"https:\/\/vosgesinfo.fr\/app\/uploads\/sites\/3\/2024\/08\/201704pollens.jpg\",\"contentUrl\":\"https:\/\/vosgesinfo.fr\/app\/uploads\/sites\/3\/2024\/08\/201704pollens.jpg\",\"width\":800,\"height\":598},{\"@type\":\"BreadcrumbList\",\"@id\":\"https:\/\/vosgesinfo.fr\/epinalinfo\/2017\/04\/vosges-pollens-de-bouleau-arrivent-force\/#breadcrumb\",\"itemListElement\":[{\"@type\":\"ListItem\",\"position\":1,\"name\":\"Home\",\"item\":\"https:\/\/vosgesinfo.fr\/epinalinfo\/\"},{\"@type\":\"ListItem\",\"position\":2,\"name\":\"Vosges &#8211; Les pollens de bouleau arrivent en force !\"}]},{\"@type\":\"WebSite\",\"@id\":\"https:\/\/vosgesinfo.fr\/epinalinfo\/#website\",\"url\":\"https:\/\/vosgesinfo.fr\/epinalinfo\/\",\"name\":\"Epinal Info\",\"description\":\"Toute l&#039;actualit\u00e9 d&#039;\u00c9pinal\",\"publisher\":{\"@id\":\"https:\/\/vosgesinfo.fr\/epinalinfo\/#organization\"},\"alternateName\":\"Toute l'actualit\u00e9 d'\u00c9pinal\",\"potentialAction\":[{\"@type\":\"SearchAction\",\"target\":{\"@type\":\"EntryPoint\",\"urlTemplate\":\"https:\/\/vosgesinfo.fr\/epinalinfo\/?s={search_term_string}\"},\"query-input\":\"required name=search_term_string\"}],\"inLanguage\":\"fr-FR\"},{\"@type\":\"Organization\",\"@id\":\"https:\/\/vosgesinfo.fr\/epinalinfo\/#organization\",\"name\":\"Epinal Info\",\"url\":\"https:\/\/vosgesinfo.fr\/epinalinfo\/\",\"logo\":{\"@type\":\"ImageObject\",\"inLanguage\":\"fr-FR\",\"@id\":\"https:\/\/vosgesinfo.fr\/epinalinfo\/#\/schema\/logo\/image\/\",\"url\":\"https:\/\/vosgesinfo.fr\/app\/uploads\/sites\/3\/2023\/08\/logo-epinalinfos.svg\",\"contentUrl\":\"https:\/\/vosgesinfo.fr\/app\/uploads\/sites\/3\/2023\/08\/logo-epinalinfos.svg\",\"width\":1,\"height\":1,\"caption\":\"Epinal Info\"},\"image\":{\"@id\":\"https:\/\/vosgesinfo.fr\/epinalinfo\/#\/schema\/logo\/image\/\"},\"sameAs\":[\"https:\/\/www.facebook.com\/Epinalinfos\",\"https:\/\/x.com\/VosgesInfo88\",\"https:\/\/www.youtube.com\/@vosgesinfo\"]},{\"@type\":\"Person\",\"@id\":\"https:\/\/vosgesinfo.fr\/epinalinfo\/#\/schema\/person\/6f9a650eeea99d969b6c4ab78fccbe81\",\"name\":\"C.K.\",\"image\":{\"@type\":\"ImageObject\",\"inLanguage\":\"fr-FR\",\"@id\":\"https:\/\/vosgesinfo.fr\/epinalinfo\/#\/schema\/person\/image\/\",\"url\":\"https:\/\/secure.gravatar.com\/avatar\/48e3fc7f8421ba8942be6b74a2b7f014ca39bc00dece156b7a8e098ae7dc87bf?s=96&d=mm&r=g\",\"contentUrl\":\"https:\/\/secure.gravatar.com\/avatar\/48e3fc7f8421ba8942be6b74a2b7f014ca39bc00dece156b7a8e098ae7dc87bf?s=96&d=mm&r=g\",\"caption\":\"C.K.\"},\"url\":\"https:\/\/vosgesinfo.fr\/epinalinfo\/author\/celia-k-n\/\"}]}<\/script>\n<!-- \/ Yoast SEO plugin. -->","yoast_head_json":{"title":"Vosges - Les pollens de bouleau arrivent en force ! - Epinal Info","robots":{"index":"index","follow":"follow","max-snippet":"max-snippet:-1","max-image-preview":"max-image-preview:large","max-video-preview":"max-video-preview:-1"},"canonical":"https:\/\/vosgesinfo.fr\/epinalinfo\/2017\/04\/vosges-pollens-de-bouleau-arrivent-force\/","twitter_card":"summary_large_image","twitter_title":"Vosges - Les pollens de bouleau arrivent en force ! - Epinal Info","twitter_description":"Alerte aux pollens de bouleau sur les Vosges. Les diff\u00e9rents pollens pr\u00e9sents dans l\u2019air peuvent provoquer des r\u00e9actions allergiques qui [&hellip;]","twitter_image":"https:\/\/vosgesinfo.fr\/app\/uploads\/sites\/3\/2024\/08\/201704pollens.jpg","twitter_creator":"@VosgesInfo88","twitter_site":"@VosgesInfo88","twitter_misc":{"\u00c9crit par":"C.K.","Dur\u00e9e de lecture estim\u00e9e":"2 minutes"},"schema":{"@context":"https:\/\/schema.org","@graph":[{"@type":"Article","@id":"https:\/\/vosgesinfo.fr\/epinalinfo\/2017\/04\/vosges-pollens-de-bouleau-arrivent-force\/#article","isPartOf":{"@id":"https:\/\/vosgesinfo.fr\/epinalinfo\/2017\/04\/vosges-pollens-de-bouleau-arrivent-force\/"},"author":{"name":"C.K.","@id":"https:\/\/vosgesinfo.fr\/epinalinfo\/#\/schema\/person\/6f9a650eeea99d969b6c4ab78fccbe81"},"headline":"Vosges &#8211; Les pollens de bouleau arrivent en force !","datePublished":"2017-04-07T06:11:24+00:00","dateModified":"2017-04-07T06:11:24+00:00","mainEntityOfPage":{"@id":"https:\/\/vosgesinfo.fr\/epinalinfo\/2017\/04\/vosges-pollens-de-bouleau-arrivent-force\/"},"wordCount":315,"commentCount":0,"publisher":{"@id":"https:\/\/vosgesinfo.fr\/epinalinfo\/#organization"},"image":{"@id":"https:\/\/vosgesinfo.fr\/epinalinfo\/2017\/04\/vosges-pollens-de-bouleau-arrivent-force\/#primaryimage"},"thumbnailUrl":"https:\/\/vosgesinfo.fr\/app\/uploads\/sites\/3\/2024\/08\/201704pollens.jpg","keywords":["allergies","le R\u00e9seau national de surveillance a\u00e9robiologique (RNSA)","Les pollens de bouleau arrivent en force","sant\u00e9","vosges"],"articleSection":["A la Une","Sant\u00e9","Vosges"],"inLanguage":"fr-FR","potentialAction":[{"@type":"CommentAction","name":"Comment","target":["https:\/\/vosgesinfo.fr\/epinalinfo\/2017\/04\/vosges-pollens-de-bouleau-arrivent-force\/#respond"]}]},{"@type":"WebPage","@id":"https:\/\/vosgesinfo.fr\/epinalinfo\/2017\/04\/vosges-pollens-de-bouleau-arrivent-force\/","url":"https:\/\/vosgesinfo.fr\/epinalinfo\/2017\/04\/vosges-pollens-de-bouleau-arrivent-force\/","name":"Vosges - Les pollens de bouleau arrivent en force ! - Epinal Info","isPartOf":{"@id":"https:\/\/vosgesinfo.fr\/epinalinfo\/#website"},"primaryImageOfPage":{"@id":"https:\/\/vosgesinfo.fr\/epinalinfo\/2017\/04\/vosges-pollens-de-bouleau-arrivent-force\/#primaryimage"},"image":{"@id":"https:\/\/vosgesinfo.fr\/epinalinfo\/2017\/04\/vosges-pollens-de-bouleau-arrivent-force\/#primaryimage"},"thumbnailUrl":"https:\/\/vosgesinfo.fr\/app\/uploads\/sites\/3\/2024\/08\/201704pollens.jpg","datePublished":"2017-04-07T06:11:24+00:00","dateModified":"2017-04-07T06:11:24+00:00","breadcrumb":{"@id":"https:\/\/vosgesinfo.fr\/epinalinfo\/2017\/04\/vosges-pollens-de-bouleau-arrivent-force\/#breadcrumb"},"inLanguage":"fr-FR","potentialAction":[{"@type":"ReadAction","target":["https:\/\/vosgesinfo.fr\/epinalinfo\/2017\/04\/vosges-pollens-de-bouleau-arrivent-force\/"]}]},{"@type":"ImageObject","inLanguage":"fr-FR","@id":"https:\/\/vosgesinfo.fr\/epinalinfo\/2017\/04\/vosges-pollens-de-bouleau-arrivent-force\/#primaryimage","url":"https:\/\/vosgesinfo.fr\/app\/uploads\/sites\/3\/2024\/08\/201704pollens.jpg","contentUrl":"https:\/\/vosgesinfo.fr\/app\/uploads\/sites\/3\/2024\/08\/201704pollens.jpg","width":800,"height":598},{"@type":"BreadcrumbList","@id":"https:\/\/vosgesinfo.fr\/epinalinfo\/2017\/04\/vosges-pollens-de-bouleau-arrivent-force\/#breadcrumb","itemListElement":[{"@type":"ListItem","position":1,"name":"Home","item":"https:\/\/vosgesinfo.fr\/epinalinfo\/"},{"@type":"ListItem","position":2,"name":"Vosges &#8211; Les pollens de bouleau arrivent en force !"}]},{"@type":"WebSite","@id":"https:\/\/vosgesinfo.fr\/epinalinfo\/#website","url":"https:\/\/vosgesinfo.fr\/epinalinfo\/","name":"Epinal Info","description":"Toute l&#039;actualit\u00e9 d&#039;\u00c9pinal","publisher":{"@id":"https:\/\/vosgesinfo.fr\/epinalinfo\/#organization"},"alternateName":"Toute l'actualit\u00e9 d'\u00c9pinal","potentialAction":[{"@type":"SearchAction","target":{"@type":"EntryPoint","urlTemplate":"https:\/\/vosgesinfo.fr\/epinalinfo\/?s={search_term_string}"},"query-input":"required name=search_term_string"}],"inLanguage":"fr-FR"},{"@type":"Organization","@id":"https:\/\/vosgesinfo.fr\/epinalinfo\/#organization","name":"Epinal Info","url":"https:\/\/vosgesinfo.fr\/epinalinfo\/","logo":{"@type":"ImageObject","inLanguage":"fr-FR","@id":"https:\/\/vosgesinfo.fr\/epinalinfo\/#\/schema\/logo\/image\/","url":"https:\/\/vosgesinfo.fr\/app\/uploads\/sites\/3\/2023\/08\/logo-epinalinfos.svg","contentUrl":"https:\/\/vosgesinfo.fr\/app\/uploads\/sites\/3\/2023\/08\/logo-epinalinfos.svg","width":1,"height":1,"caption":"Epinal Info"},"image":{"@id":"https:\/\/vosgesinfo.fr\/epinalinfo\/#\/schema\/logo\/image\/"},"sameAs":["https:\/\/www.facebook.com\/Epinalinfos","https:\/\/x.com\/VosgesInfo88","https:\/\/www.youtube.com\/@vosgesinfo"]},{"@type":"Person","@id":"https:\/\/vosgesinfo.fr\/epinalinfo\/#\/schema\/person\/6f9a650eeea99d969b6c4ab78fccbe81","name":"C.K.","image":{"@type":"ImageObject","inLanguage":"fr-FR","@id":"https:\/\/vosgesinfo.fr\/epinalinfo\/#\/schema\/person\/image\/","url":"https:\/\/secure.gravatar.com\/avatar\/48e3fc7f8421ba8942be6b74a2b7f014ca39bc00dece156b7a8e098ae7dc87bf?s=96&d=mm&r=g","contentUrl":"https:\/\/secure.gravatar.com\/avatar\/48e3fc7f8421ba8942be6b74a2b7f014ca39bc00dece156b7a8e098ae7dc87bf?s=96&d=mm&r=g","caption":"C.K."},"url":"https:\/\/vosgesinfo.fr\/epinalinfo\/author\/celia-k-n\/"}]}},"_links":{"self":[{"href":"https:\/\/vosgesinfo.fr\/epinalinfo\/wp-json\/wp\/v2\/posts\/71457","targetHints":{"allow":["GET"]}}],"collection":[{"href":"https:\/\/vosgesinfo.fr\/epinalinfo\/wp-json\/wp\/v2\/posts"}],"about":[{"href":"https:\/\/vosgesinfo.fr\/epinalinfo\/wp-json\/wp\/v2\/types\/post"}],"author":[{"embeddable":true,"href":"https:\/\/vosgesinfo.fr\/epinalinfo\/wp-json\/wp\/v2\/users\/52"}],"replies":[{"embeddable":true,"href":"https:\/\/vosgesinfo.fr\/epinalinfo\/wp-json\/wp\/v2\/comments?post=71457"}],"version-history":[{"count":0,"href":"https:\/\/vosgesinfo.fr\/epinalinfo\/wp-json\/wp\/v2\/posts\/71457\/revisions"}],"wp:featuredmedia":[{"embeddable":true,"href":"https:\/\/vosgesinfo.fr\/epinalinfo\/wp-json\/wp\/v2\/media\/71458"}],"wp:attachment":[{"href":"https:\/\/vosgesinfo.fr\/epinalinfo\/wp-json\/wp\/v2\/media?parent=71457"}],"wp:term":[{"taxonomy":"category","embeddable":true,"href":"https:\/\/vosgesinfo.fr\/epinalinfo\/wp-json\/wp\/v2\/categories?post=71457"},{"taxonomy":"post_tag","embeddable":true,"href":"https:\/\/vosgesinfo.fr\/epinalinfo\/wp-json\/wp\/v2\/tags?post=71457"}],"curies":[{"name":"wp","href":"https:\/\/api.w.org\/{rel}","templated":true}]}}