{"id":71459,"date":"2017-04-07T05:17:12","date_gmt":"2017-04-07T03:17:12","guid":{"rendered":"https:\/\/vosgesinfo.fr\/epinalinfo\/2017\/04\/legislatives-seule-primaire-entre-republicains-ludi-premier-tour-vosges\/"},"modified":"2017-04-07T05:17:12","modified_gmt":"2017-04-07T03:17:12","slug":"legislatives-seule-primaire-entre-republicains-ludi-premier-tour-vosges","status":"publish","type":"post","link":"https:\/\/vosgesinfo.fr\/epinalinfo\/2017\/04\/legislatives-seule-primaire-entre-republicains-ludi-premier-tour-vosges\/","title":{"rendered":"L\u00e9gislatives \u2013 Une seule primaire entre Les R\u00e9publicains et l\u2019UDI au premier tour dans les Vosges"},"content":{"rendered":"<p>L\u2019UDI (Union des\u00a0D\u00e9mocrates et Ind\u00e9pendants)\u00a0vient de d\u00e9voiler la liste de ses candidats aux \u00e9lection l\u00e9gislatives des 11 et 18 juin 2017. Sur l\u2019ensemble des 577 circonscriptions, le parti pr\u00e9sentera un candidat UDI, en accord avec Les R\u00e9publicains, dans 92 d\u2019entre elles. Aucune des quatre circonscriptions des Vosges n\u2019appara\u00eet dans ce cas de figure.<\/p>\n<p>Dans 46 autres circonscriptions, une primaire se tiendra au premier tour entre un candidat Les R\u00e9publicains et un candidat UDI. Dans les Vosges, ce sera le cas pour une seule d\u2019entre elles, celle de la Plaine. Jean-Jacques Gaultier (Les R\u00e9publicains), qui aspire \u00e0 retrouver le fauteuil qu\u2019il avait occup\u00e9 durant deux mandats de 2002 \u00e0 2012, sera en lice face \u00e0 Jocelyne Allane-Voilquin (UDI).<\/p>\n<p>Ce qui revient \u00e0 \u00e9crire que dans les 439 autres circonscriptions, une candidature unique entre Les R\u00e9publicains et l\u2019UDI sera port\u00e9e par un candidat encart\u00e9 Les R\u00e9publicains. Dans les Vosges, cet accord concerne les trois autres circonscriptions. C\u2019est-\u00e0-dire celle d\u2019Epinal avec St\u00e9phane Viry adoub\u00e9 par Michel Heinrich, le d\u00e9put\u00e9 sortant qui passe le flambeau, celle de Saint-Di\u00e9-des-Vosges avec G\u00e9rard Cherpion candidat \u00e0 sa propre succession et celle de Remiremont avec Patrick Lagarde actuel suppl\u00e9ant de Fran\u00e7ois Vannson qui se retire lui aussi de l\u2019Assembl\u00e9e Nationale.<\/p>\n<p><strong>D.J.<\/strong><\/p>\n<p>Retrouvez l\u2019accord complet entre Les R\u00e9publicain et l\u2019UDI en cliquant <a href=\"http:\/\/remiremontinfo.fr\/wp-content\/uploads\/2017\/04\/accord_UDILR_14MARS.pdf\">ici.<\/a><\/p>\n<p><a href=\"http:\/\/epinalinfos.fr\/2017\/04\/legislatives-seule-primaire-entre-republicains-ludi-premier-tour-vosges\/elections-lgislatives-2017-france\/\" rel=\"attachment wp-att-111789\"><img decoding=\"async\" class=\"aligncenter size-full wp-image-111789\" src=\"\/2017\/04\/legislatives-2017-studio-mike.jpg\" alt=\"Elections lgislatives 2017 France\" width=\"424\" height=\"283\" \/><\/a><\/p>\n","protected":false},"excerpt":{"rendered":"<p>L\u2019UDI (Union des\u00a0D\u00e9mocrates et Ind\u00e9pendants)\u00a0vient de d\u00e9voiler la liste de ses candidats aux \u00e9lection l\u00e9gislatives des 11 et 18 juin [&hellip;]<\/p>\n","protected":false},"author":52,"featured_media":71460,"comment_status":"open","ping_status":"open","sticky":false,"template":"","format":"standard","meta":{"footnotes":""},"categories":[9,5],"tags":[1807,2986,330,10262],"class_list":["post-71459","post","type-post","status-publish","format-standard","has-post-thumbnail","hentry","category-politique","category-vosges","tag-elections","tag-legislatives","tag-politique","tag-une-seule-primaire-entre-les-republicains-et-ludi-au-premier-tour-dans-les-vosges"],"acf":[],"yoast_head":"<!-- This site is optimized with the Yoast SEO plugin v22.5 - https:\/\/yoast.com\/wordpress\/plugins\/seo\/ -->\n<title>L\u00e9gislatives \u2013 Une seule primaire entre Les R\u00e9publicains et l\u2019UDI au premier tour dans les Vosges - Epinal Info<\/title>\n<meta name=\"robots\" content=\"index, follow, max-snippet:-1, max-image-preview:large, max-video-preview:-1\" \/>\n<link rel=\"canonical\" href=\"https:\/\/vosgesinfo.fr\/epinalinfo\/2017\/04\/legislatives-seule-primaire-entre-republicains-ludi-premier-tour-vosges\/\" \/>\n<meta name=\"twitter:card\" content=\"summary_large_image\" \/>\n<meta name=\"twitter:title\" content=\"L\u00e9gislatives \u2013 Une seule primaire entre Les R\u00e9publicains et l\u2019UDI au premier tour dans les Vosges - Epinal Info\" \/>\n<meta name=\"twitter:description\" content=\"L\u2019UDI (Union des\u00a0D\u00e9mocrates et Ind\u00e9pendants)\u00a0vient de d\u00e9voiler la liste de ses candidats aux \u00e9lection l\u00e9gislatives des 11 et 18 juin [&hellip;]\" \/>\n<meta name=\"twitter:image\" content=\"https:\/\/vosgesinfo.fr\/app\/uploads\/sites\/3\/2024\/08\/201704legislatives-2017-studio-mike.jpg\" \/>\n<meta name=\"twitter:creator\" content=\"@VosgesInfo88\" \/>\n<meta name=\"twitter:site\" content=\"@VosgesInfo88\" \/>\n<meta name=\"twitter:label1\" content=\"\u00c9crit par\" \/>\n\t<meta name=\"twitter:data1\" content=\"C.K.\" \/>\n\t<meta name=\"twitter:label2\" content=\"Dur\u00e9e de lecture estim\u00e9e\" \/>\n\t<meta name=\"twitter:data2\" content=\"1 minute\" \/>\n<script type=\"application\/ld+json\" class=\"yoast-schema-graph\">{\"@context\":\"https:\/\/schema.org\",\"@graph\":[{\"@type\":\"Article\",\"@id\":\"https:\/\/vosgesinfo.fr\/epinalinfo\/2017\/04\/legislatives-seule-primaire-entre-republicains-ludi-premier-tour-vosges\/#article\",\"isPartOf\":{\"@id\":\"https:\/\/vosgesinfo.fr\/epinalinfo\/2017\/04\/legislatives-seule-primaire-entre-republicains-ludi-premier-tour-vosges\/\"},\"author\":{\"name\":\"C.K.\",\"@id\":\"https:\/\/vosgesinfo.fr\/epinalinfo\/#\/schema\/person\/6f9a650eeea99d969b6c4ab78fccbe81\"},\"headline\":\"L\u00e9gislatives \u2013 Une seule primaire entre Les R\u00e9publicains et l\u2019UDI au premier tour dans les Vosges\",\"datePublished\":\"2017-04-07T03:17:12+00:00\",\"dateModified\":\"2017-04-07T03:17:12+00:00\",\"mainEntityOfPage\":{\"@id\":\"https:\/\/vosgesinfo.fr\/epinalinfo\/2017\/04\/legislatives-seule-primaire-entre-republicains-ludi-premier-tour-vosges\/\"},\"wordCount\":254,\"commentCount\":0,\"publisher\":{\"@id\":\"https:\/\/vosgesinfo.fr\/epinalinfo\/#organization\"},\"image\":{\"@id\":\"https:\/\/vosgesinfo.fr\/epinalinfo\/2017\/04\/legislatives-seule-primaire-entre-republicains-ludi-premier-tour-vosges\/#primaryimage\"},\"thumbnailUrl\":\"https:\/\/vosgesinfo.fr\/app\/uploads\/sites\/3\/2024\/08\/201704legislatives-2017-studio-mike.jpg\",\"keywords\":[\"\u00e9lections\",\"L\u00e9gislatives\",\"politique\",\"Une seule primaire entre Les R\u00e9publicains et l\u2019UDI au premier tour dans les Vosges\"],\"articleSection\":[\"Politique\",\"Vosges\"],\"inLanguage\":\"fr-FR\",\"potentialAction\":[{\"@type\":\"CommentAction\",\"name\":\"Comment\",\"target\":[\"https:\/\/vosgesinfo.fr\/epinalinfo\/2017\/04\/legislatives-seule-primaire-entre-republicains-ludi-premier-tour-vosges\/#respond\"]}]},{\"@type\":\"WebPage\",\"@id\":\"https:\/\/vosgesinfo.fr\/epinalinfo\/2017\/04\/legislatives-seule-primaire-entre-republicains-ludi-premier-tour-vosges\/\",\"url\":\"https:\/\/vosgesinfo.fr\/epinalinfo\/2017\/04\/legislatives-seule-primaire-entre-republicains-ludi-premier-tour-vosges\/\",\"name\":\"L\u00e9gislatives \u2013 Une seule primaire entre Les R\u00e9publicains et l\u2019UDI au premier tour dans les Vosges - Epinal Info\",\"isPartOf\":{\"@id\":\"https:\/\/vosgesinfo.fr\/epinalinfo\/#website\"},\"primaryImageOfPage\":{\"@id\":\"https:\/\/vosgesinfo.fr\/epinalinfo\/2017\/04\/legislatives-seule-primaire-entre-republicains-ludi-premier-tour-vosges\/#primaryimage\"},\"image\":{\"@id\":\"https:\/\/vosgesinfo.fr\/epinalinfo\/2017\/04\/legislatives-seule-primaire-entre-republicains-ludi-premier-tour-vosges\/#primaryimage\"},\"thumbnailUrl\":\"https:\/\/vosgesinfo.fr\/app\/uploads\/sites\/3\/2024\/08\/201704legislatives-2017-studio-mike.jpg\",\"datePublished\":\"2017-04-07T03:17:12+00:00\",\"dateModified\":\"2017-04-07T03:17:12+00:00\",\"breadcrumb\":{\"@id\":\"https:\/\/vosgesinfo.fr\/epinalinfo\/2017\/04\/legislatives-seule-primaire-entre-republicains-ludi-premier-tour-vosges\/#breadcrumb\"},\"inLanguage\":\"fr-FR\",\"potentialAction\":[{\"@type\":\"ReadAction\",\"target\":[\"https:\/\/vosgesinfo.fr\/epinalinfo\/2017\/04\/legislatives-seule-primaire-entre-republicains-ludi-premier-tour-vosges\/\"]}]},{\"@type\":\"ImageObject\",\"inLanguage\":\"fr-FR\",\"@id\":\"https:\/\/vosgesinfo.fr\/epinalinfo\/2017\/04\/legislatives-seule-primaire-entre-republicains-ludi-premier-tour-vosges\/#primaryimage\",\"url\":\"https:\/\/vosgesinfo.fr\/app\/uploads\/sites\/3\/2024\/08\/201704legislatives-2017-studio-mike.jpg\",\"contentUrl\":\"https:\/\/vosgesinfo.fr\/app\/uploads\/sites\/3\/2024\/08\/201704legislatives-2017-studio-mike.jpg\",\"width\":424,\"height\":283},{\"@type\":\"BreadcrumbList\",\"@id\":\"https:\/\/vosgesinfo.fr\/epinalinfo\/2017\/04\/legislatives-seule-primaire-entre-republicains-ludi-premier-tour-vosges\/#breadcrumb\",\"itemListElement\":[{\"@type\":\"ListItem\",\"position\":1,\"name\":\"Home\",\"item\":\"https:\/\/vosgesinfo.fr\/epinalinfo\/\"},{\"@type\":\"ListItem\",\"position\":2,\"name\":\"L\u00e9gislatives \u2013 Une seule primaire entre Les R\u00e9publicains et l\u2019UDI au premier tour dans les Vosges\"}]},{\"@type\":\"WebSite\",\"@id\":\"https:\/\/vosgesinfo.fr\/epinalinfo\/#website\",\"url\":\"https:\/\/vosgesinfo.fr\/epinalinfo\/\",\"name\":\"Epinal Info\",\"description\":\"Toute l&#039;actualit\u00e9 d&#039;\u00c9pinal\",\"publisher\":{\"@id\":\"https:\/\/vosgesinfo.fr\/epinalinfo\/#organization\"},\"alternateName\":\"Toute l'actualit\u00e9 d'\u00c9pinal\",\"potentialAction\":[{\"@type\":\"SearchAction\",\"target\":{\"@type\":\"EntryPoint\",\"urlTemplate\":\"https:\/\/vosgesinfo.fr\/epinalinfo\/?s={search_term_string}\"},\"query-input\":\"required name=search_term_string\"}],\"inLanguage\":\"fr-FR\"},{\"@type\":\"Organization\",\"@id\":\"https:\/\/vosgesinfo.fr\/epinalinfo\/#organization\",\"name\":\"Epinal Info\",\"url\":\"https:\/\/vosgesinfo.fr\/epinalinfo\/\",\"logo\":{\"@type\":\"ImageObject\",\"inLanguage\":\"fr-FR\",\"@id\":\"https:\/\/vosgesinfo.fr\/epinalinfo\/#\/schema\/logo\/image\/\",\"url\":\"https:\/\/vosgesinfo.fr\/app\/uploads\/sites\/3\/2023\/08\/logo-epinalinfos.svg\",\"contentUrl\":\"https:\/\/vosgesinfo.fr\/app\/uploads\/sites\/3\/2023\/08\/logo-epinalinfos.svg\",\"width\":1,\"height\":1,\"caption\":\"Epinal Info\"},\"image\":{\"@id\":\"https:\/\/vosgesinfo.fr\/epinalinfo\/#\/schema\/logo\/image\/\"},\"sameAs\":[\"https:\/\/www.facebook.com\/Epinalinfos\",\"https:\/\/x.com\/VosgesInfo88\",\"https:\/\/www.youtube.com\/@vosgesinfo\"]},{\"@type\":\"Person\",\"@id\":\"https:\/\/vosgesinfo.fr\/epinalinfo\/#\/schema\/person\/6f9a650eeea99d969b6c4ab78fccbe81\",\"name\":\"C.K.\",\"image\":{\"@type\":\"ImageObject\",\"inLanguage\":\"fr-FR\",\"@id\":\"https:\/\/vosgesinfo.fr\/epinalinfo\/#\/schema\/person\/image\/\",\"url\":\"https:\/\/secure.gravatar.com\/avatar\/48e3fc7f8421ba8942be6b74a2b7f014ca39bc00dece156b7a8e098ae7dc87bf?s=96&d=mm&r=g\",\"contentUrl\":\"https:\/\/secure.gravatar.com\/avatar\/48e3fc7f8421ba8942be6b74a2b7f014ca39bc00dece156b7a8e098ae7dc87bf?s=96&d=mm&r=g\",\"caption\":\"C.K.\"},\"url\":\"https:\/\/vosgesinfo.fr\/epinalinfo\/author\/celia-k-n\/\"}]}<\/script>\n<!-- \/ Yoast SEO plugin. -->","yoast_head_json":{"title":"L\u00e9gislatives \u2013 Une seule primaire entre Les R\u00e9publicains et l\u2019UDI au premier tour dans les Vosges - Epinal Info","robots":{"index":"index","follow":"follow","max-snippet":"max-snippet:-1","max-image-preview":"max-image-preview:large","max-video-preview":"max-video-preview:-1"},"canonical":"https:\/\/vosgesinfo.fr\/epinalinfo\/2017\/04\/legislatives-seule-primaire-entre-republicains-ludi-premier-tour-vosges\/","twitter_card":"summary_large_image","twitter_title":"L\u00e9gislatives \u2013 Une seule primaire entre Les R\u00e9publicains et l\u2019UDI au premier tour dans les Vosges - Epinal Info","twitter_description":"L\u2019UDI (Union des\u00a0D\u00e9mocrates et Ind\u00e9pendants)\u00a0vient de d\u00e9voiler la liste de ses candidats aux \u00e9lection l\u00e9gislatives des 11 et 18 juin [&hellip;]","twitter_image":"https:\/\/vosgesinfo.fr\/app\/uploads\/sites\/3\/2024\/08\/201704legislatives-2017-studio-mike.jpg","twitter_creator":"@VosgesInfo88","twitter_site":"@VosgesInfo88","twitter_misc":{"\u00c9crit par":"C.K.","Dur\u00e9e de lecture estim\u00e9e":"1 minute"},"schema":{"@context":"https:\/\/schema.org","@graph":[{"@type":"Article","@id":"https:\/\/vosgesinfo.fr\/epinalinfo\/2017\/04\/legislatives-seule-primaire-entre-republicains-ludi-premier-tour-vosges\/#article","isPartOf":{"@id":"https:\/\/vosgesinfo.fr\/epinalinfo\/2017\/04\/legislatives-seule-primaire-entre-republicains-ludi-premier-tour-vosges\/"},"author":{"name":"C.K.","@id":"https:\/\/vosgesinfo.fr\/epinalinfo\/#\/schema\/person\/6f9a650eeea99d969b6c4ab78fccbe81"},"headline":"L\u00e9gislatives \u2013 Une seule primaire entre Les R\u00e9publicains et l\u2019UDI au premier tour dans les Vosges","datePublished":"2017-04-07T03:17:12+00:00","dateModified":"2017-04-07T03:17:12+00:00","mainEntityOfPage":{"@id":"https:\/\/vosgesinfo.fr\/epinalinfo\/2017\/04\/legislatives-seule-primaire-entre-republicains-ludi-premier-tour-vosges\/"},"wordCount":254,"commentCount":0,"publisher":{"@id":"https:\/\/vosgesinfo.fr\/epinalinfo\/#organization"},"image":{"@id":"https:\/\/vosgesinfo.fr\/epinalinfo\/2017\/04\/legislatives-seule-primaire-entre-republicains-ludi-premier-tour-vosges\/#primaryimage"},"thumbnailUrl":"https:\/\/vosgesinfo.fr\/app\/uploads\/sites\/3\/2024\/08\/201704legislatives-2017-studio-mike.jpg","keywords":["\u00e9lections","L\u00e9gislatives","politique","Une seule primaire entre Les R\u00e9publicains et l\u2019UDI au premier tour dans les Vosges"],"articleSection":["Politique","Vosges"],"inLanguage":"fr-FR","potentialAction":[{"@type":"CommentAction","name":"Comment","target":["https:\/\/vosgesinfo.fr\/epinalinfo\/2017\/04\/legislatives-seule-primaire-entre-republicains-ludi-premier-tour-vosges\/#respond"]}]},{"@type":"WebPage","@id":"https:\/\/vosgesinfo.fr\/epinalinfo\/2017\/04\/legislatives-seule-primaire-entre-republicains-ludi-premier-tour-vosges\/","url":"https:\/\/vosgesinfo.fr\/epinalinfo\/2017\/04\/legislatives-seule-primaire-entre-republicains-ludi-premier-tour-vosges\/","name":"L\u00e9gislatives \u2013 Une seule primaire entre Les R\u00e9publicains et l\u2019UDI au premier tour dans les Vosges - Epinal Info","isPartOf":{"@id":"https:\/\/vosgesinfo.fr\/epinalinfo\/#website"},"primaryImageOfPage":{"@id":"https:\/\/vosgesinfo.fr\/epinalinfo\/2017\/04\/legislatives-seule-primaire-entre-republicains-ludi-premier-tour-vosges\/#primaryimage"},"image":{"@id":"https:\/\/vosgesinfo.fr\/epinalinfo\/2017\/04\/legislatives-seule-primaire-entre-republicains-ludi-premier-tour-vosges\/#primaryimage"},"thumbnailUrl":"https:\/\/vosgesinfo.fr\/app\/uploads\/sites\/3\/2024\/08\/201704legislatives-2017-studio-mike.jpg","datePublished":"2017-04-07T03:17:12+00:00","dateModified":"2017-04-07T03:17:12+00:00","breadcrumb":{"@id":"https:\/\/vosgesinfo.fr\/epinalinfo\/2017\/04\/legislatives-seule-primaire-entre-republicains-ludi-premier-tour-vosges\/#breadcrumb"},"inLanguage":"fr-FR","potentialAction":[{"@type":"ReadAction","target":["https:\/\/vosgesinfo.fr\/epinalinfo\/2017\/04\/legislatives-seule-primaire-entre-republicains-ludi-premier-tour-vosges\/"]}]},{"@type":"ImageObject","inLanguage":"fr-FR","@id":"https:\/\/vosgesinfo.fr\/epinalinfo\/2017\/04\/legislatives-seule-primaire-entre-republicains-ludi-premier-tour-vosges\/#primaryimage","url":"https:\/\/vosgesinfo.fr\/app\/uploads\/sites\/3\/2024\/08\/201704legislatives-2017-studio-mike.jpg","contentUrl":"https:\/\/vosgesinfo.fr\/app\/uploads\/sites\/3\/2024\/08\/201704legislatives-2017-studio-mike.jpg","width":424,"height":283},{"@type":"BreadcrumbList","@id":"https:\/\/vosgesinfo.fr\/epinalinfo\/2017\/04\/legislatives-seule-primaire-entre-republicains-ludi-premier-tour-vosges\/#breadcrumb","itemListElement":[{"@type":"ListItem","position":1,"name":"Home","item":"https:\/\/vosgesinfo.fr\/epinalinfo\/"},{"@type":"ListItem","position":2,"name":"L\u00e9gislatives \u2013 Une seule primaire entre Les R\u00e9publicains et l\u2019UDI au premier tour dans les Vosges"}]},{"@type":"WebSite","@id":"https:\/\/vosgesinfo.fr\/epinalinfo\/#website","url":"https:\/\/vosgesinfo.fr\/epinalinfo\/","name":"Epinal Info","description":"Toute l&#039;actualit\u00e9 d&#039;\u00c9pinal","publisher":{"@id":"https:\/\/vosgesinfo.fr\/epinalinfo\/#organization"},"alternateName":"Toute l'actualit\u00e9 d'\u00c9pinal","potentialAction":[{"@type":"SearchAction","target":{"@type":"EntryPoint","urlTemplate":"https:\/\/vosgesinfo.fr\/epinalinfo\/?s={search_term_string}"},"query-input":"required name=search_term_string"}],"inLanguage":"fr-FR"},{"@type":"Organization","@id":"https:\/\/vosgesinfo.fr\/epinalinfo\/#organization","name":"Epinal Info","url":"https:\/\/vosgesinfo.fr\/epinalinfo\/","logo":{"@type":"ImageObject","inLanguage":"fr-FR","@id":"https:\/\/vosgesinfo.fr\/epinalinfo\/#\/schema\/logo\/image\/","url":"https:\/\/vosgesinfo.fr\/app\/uploads\/sites\/3\/2023\/08\/logo-epinalinfos.svg","contentUrl":"https:\/\/vosgesinfo.fr\/app\/uploads\/sites\/3\/2023\/08\/logo-epinalinfos.svg","width":1,"height":1,"caption":"Epinal Info"},"image":{"@id":"https:\/\/vosgesinfo.fr\/epinalinfo\/#\/schema\/logo\/image\/"},"sameAs":["https:\/\/www.facebook.com\/Epinalinfos","https:\/\/x.com\/VosgesInfo88","https:\/\/www.youtube.com\/@vosgesinfo"]},{"@type":"Person","@id":"https:\/\/vosgesinfo.fr\/epinalinfo\/#\/schema\/person\/6f9a650eeea99d969b6c4ab78fccbe81","name":"C.K.","image":{"@type":"ImageObject","inLanguage":"fr-FR","@id":"https:\/\/vosgesinfo.fr\/epinalinfo\/#\/schema\/person\/image\/","url":"https:\/\/secure.gravatar.com\/avatar\/48e3fc7f8421ba8942be6b74a2b7f014ca39bc00dece156b7a8e098ae7dc87bf?s=96&d=mm&r=g","contentUrl":"https:\/\/secure.gravatar.com\/avatar\/48e3fc7f8421ba8942be6b74a2b7f014ca39bc00dece156b7a8e098ae7dc87bf?s=96&d=mm&r=g","caption":"C.K."},"url":"https:\/\/vosgesinfo.fr\/epinalinfo\/author\/celia-k-n\/"}]}},"_links":{"self":[{"href":"https:\/\/vosgesinfo.fr\/epinalinfo\/wp-json\/wp\/v2\/posts\/71459","targetHints":{"allow":["GET"]}}],"collection":[{"href":"https:\/\/vosgesinfo.fr\/epinalinfo\/wp-json\/wp\/v2\/posts"}],"about":[{"href":"https:\/\/vosgesinfo.fr\/epinalinfo\/wp-json\/wp\/v2\/types\/post"}],"author":[{"embeddable":true,"href":"https:\/\/vosgesinfo.fr\/epinalinfo\/wp-json\/wp\/v2\/users\/52"}],"replies":[{"embeddable":true,"href":"https:\/\/vosgesinfo.fr\/epinalinfo\/wp-json\/wp\/v2\/comments?post=71459"}],"version-history":[{"count":0,"href":"https:\/\/vosgesinfo.fr\/epinalinfo\/wp-json\/wp\/v2\/posts\/71459\/revisions"}],"wp:featuredmedia":[{"embeddable":true,"href":"https:\/\/vosgesinfo.fr\/epinalinfo\/wp-json\/wp\/v2\/media\/71460"}],"wp:attachment":[{"href":"https:\/\/vosgesinfo.fr\/epinalinfo\/wp-json\/wp\/v2\/media?parent=71459"}],"wp:term":[{"taxonomy":"category","embeddable":true,"href":"https:\/\/vosgesinfo.fr\/epinalinfo\/wp-json\/wp\/v2\/categories?post=71459"},{"taxonomy":"post_tag","embeddable":true,"href":"https:\/\/vosgesinfo.fr\/epinalinfo\/wp-json\/wp\/v2\/tags?post=71459"}],"curies":[{"name":"wp","href":"https:\/\/api.w.org\/{rel}","templated":true}]}}