{"id":71463,"date":"2017-04-07T09:42:57","date_gmt":"2017-04-07T07:42:57","guid":{"rendered":"https:\/\/vosgesinfo.fr\/epinalinfo\/2017\/04\/operation-jeunes-agriculteurs-rayons-carrefour-jeuxey\/"},"modified":"2017-04-07T09:42:57","modified_gmt":"2017-04-07T07:42:57","slug":"operation-jeunes-agriculteurs-rayons-carrefour-jeuxey","status":"publish","type":"post","link":"https:\/\/vosgesinfo.fr\/epinalinfo\/2017\/04\/operation-jeunes-agriculteurs-rayons-carrefour-jeuxey\/","title":{"rendered":"Op\u00e9ration des Jeunes agriculteurs dans les rayons du Carrefour Jeuxey"},"content":{"rendered":"<div id=\"attachment_111796\" style=\"width: 810px\" class=\"wp-caption aligncenter\"><a href=\"http:\/\/epinalinfos.fr\/2017\/04\/operation-jeunes-agriculteurs-rayons-carrefour-jeuxey\/jeunes-agriculteurs-carrefour-jeuxey-12\/\" rel=\"attachment wp-att-111796\"><img decoding=\"async\" aria-describedby=\"caption-attachment-111796\" class=\"size-full wp-image-111796\" src=\"\/2017\/04\/jeunes-agriculteurs-carrefour-jeuxey-12.jpg\" alt=\"(photographies Michel Conraud)\" width=\"800\" height=\"533\" \/><\/a><p id=\"caption-attachment-111796\" class=\"wp-caption-text\">(photographies Michel Conraud)<\/p><\/div>\n<h4>Les jeunes agriculteurs des Vosges se mobilisent pour promouvoir la tra\u00e7abilit\u00e9 des produits. Dans le cadre du d\u00e9cret obligeant d\u00e8s le 1<sup>er<\/sup> avril 2017 les entreprises \u00e0 indiquer sur les emballages, l\u2019origine des produits transform\u00e9s contenant de la viande et du lait, les jeunes agriculteurs ont lanc\u00e9 leur campagne #OrigineConnue ce vendredi matin au magasin Carrefour de Jeuxey.<\/h4>\n<div id=\"attachment_111797\" style=\"width: 810px\" class=\"wp-caption aligncenter\"><a href=\"http:\/\/epinalinfos.fr\/2017\/04\/operation-jeunes-agriculteurs-rayons-carrefour-jeuxey\/jeunes-agriculteurs-carrefour-jeuxey-4\/\" rel=\"attachment wp-att-111797\"><img decoding=\"async\" aria-describedby=\"caption-attachment-111797\" class=\"size-full wp-image-111797\" src=\"\/2017\/04\/jeunes-agriculteurs-carrefour-jeuxey-4.jpg\" alt=\"(photographies Michel Conraud)\" width=\"800\" height=\"533\" \/><\/a><p id=\"caption-attachment-111797\" class=\"wp-caption-text\">(photographies Michel Conraud)<\/p><\/div>\n<p>Depuis pr\u00e8s de deux ans, les jeunes agriculteurs militent pour la tra\u00e7abilit\u00e9 des produits \u00e0 travers notamment des campagnes \u00ab\u00a0Lait et Viande de Nulle Part\u00a0\u00bb. Le gouvernement a publi\u00e9 un d\u00e9cret obligeant les industriels et distributeurs \u00e0 indiquer le pays d\u2019origine des produits transform\u00e9s contenant de la viande et du lait avec les mentions \u00ab\u00a0n\u00e9\u00a0\u00bb, \u00ab\u00a0\u00e9lev\u00e9\u00a0\u00bb, \u00ab\u00a0abattu\u00a0\u00bb sur l\u2019\u00e9tiquette de l\u2019emballage.<\/p>\n<p>Cette obligation est entr\u00e9e en vigueur \u00e0 titre exp\u00e9rimental le 1<sup>er<\/sup> janvier 2017 pour une dur\u00e9e de 2 ans, avec une tol\u00e9rance jusqu\u2019au 31 mars 2017 pour permettre aux entreprises d\u2019\u00e9couler leurs stocks.<\/p>\n<p>Les jeunes agriculteurs des Vosges ont lanc\u00e9 la campagne #OrigineConnue pour promouvoir les industriels et les distributeurs qui jouent le jeu de la transparence. Le r\u00e9seau Jeunes Agriculteurs a d\u00e9cid\u00e9 d\u2019enqu\u00eater dans les grandes et moyennes surfaces pour effectuer les v\u00e9rifications, ainsi que dans la restauration collective. Ils \u00e9taient ce vendredi matin au magasin Carrefour de Jeuxey. Apr\u00e8s cette vaste enqu\u00eate, le syndicat fera savoir quels \u00e9tablissements jouent le jeu.<\/p>\n<p>Cette campagne durera 2 ans et pourra \u00eatre reconduite. D\u2019autres pays europ\u00e9ens sont d\u00e9j\u00e0 pr\u00eats \u00e0 suivre la m\u00eame d\u00e9marche.<\/p>\n\n\t\t<style type=\"text\/css\">\n\t\t\t#gallery-1 {\n\t\t\t\tmargin: auto;\n\t\t\t}\n\t\t\t#gallery-1 .gallery-item {\n\t\t\t\tfloat: left;\n\t\t\t\tmargin-top: 10px;\n\t\t\t\ttext-align: center;\n\t\t\t\twidth: 33%;\n\t\t\t}\n\t\t\t#gallery-1 img {\n\t\t\t\tborder: 2px solid #cfcfcf;\n\t\t\t}\n\t\t\t#gallery-1 .gallery-caption {\n\t\t\t\tmargin-left: 0;\n\t\t\t}\n\t\t\t\/* see gallery_shortcode() in wp-includes\/media.php *\/\n\t\t<\/style>\n\t\t<div id='gallery-1' class='gallery galleryid-71463 gallery-columns-3 gallery-size-medium'><dl class='gallery-item'>\n\t\t\t<dt class='gallery-icon landscape'>\n\t\t\t\t<a href='https:\/\/vosgesinfo.fr\/app\/uploads\/sites\/3\/2024\/08\/202109radar-aydoilles.jpg'><img decoding=\"async\" width=\"300\" height=\"225\" src=\"https:\/\/vosgesinfo.fr\/app\/uploads\/sites\/3\/2024\/08\/202109radar-aydoilles-300x225.jpg\" class=\"attachment-medium size-medium\" alt=\"\" srcset=\"https:\/\/vosgesinfo.fr\/app\/uploads\/sites\/3\/2024\/08\/202109radar-aydoilles-300x225.jpg 300w, https:\/\/vosgesinfo.fr\/app\/uploads\/sites\/3\/2024\/08\/202109radar-aydoilles-768x576.jpg 768w, https:\/\/vosgesinfo.fr\/app\/uploads\/sites\/3\/2024\/08\/202109radar-aydoilles.jpg 800w\" sizes=\"(max-width: 300px) 100vw, 300px\" \/><\/a>\n\t\t\t<\/dt><\/dl><dl class='gallery-item'>\n\t\t\t<dt class='gallery-icon landscape'>\n\t\t\t\t<a href='https:\/\/vosgesinfo.fr\/app\/uploads\/sites\/3\/2024\/08\/202109capture-decran-2021-09-04-164350.png'><img decoding=\"async\" width=\"300\" height=\"212\" src=\"https:\/\/vosgesinfo.fr\/app\/uploads\/sites\/3\/2024\/08\/202109capture-decran-2021-09-04-164350-300x212.png\" class=\"attachment-medium size-medium\" alt=\"\" srcset=\"https:\/\/vosgesinfo.fr\/app\/uploads\/sites\/3\/2024\/08\/202109capture-decran-2021-09-04-164350-300x212.png 300w, https:\/\/vosgesinfo.fr\/app\/uploads\/sites\/3\/2024\/08\/202109capture-decran-2021-09-04-164350.png 691w\" sizes=\"(max-width: 300px) 100vw, 300px\" \/><\/a>\n\t\t\t<\/dt><\/dl><dl class='gallery-item'>\n\t\t\t<dt class='gallery-icon landscape'>\n\t\t\t\t<a href='https:\/\/vosgesinfo.fr\/app\/uploads\/sites\/3\/2024\/08\/202109img-4413.jpg'><img decoding=\"async\" width=\"300\" height=\"200\" src=\"https:\/\/vosgesinfo.fr\/app\/uploads\/sites\/3\/2024\/08\/202109img-4413-300x200.jpg\" class=\"attachment-medium size-medium\" alt=\"\" srcset=\"https:\/\/vosgesinfo.fr\/app\/uploads\/sites\/3\/2024\/08\/202109img-4413-300x200.jpg 300w, https:\/\/vosgesinfo.fr\/app\/uploads\/sites\/3\/2024\/08\/202109img-4413-768x512.jpg 768w, https:\/\/vosgesinfo.fr\/app\/uploads\/sites\/3\/2024\/08\/202109img-4413.jpg 800w\" sizes=\"(max-width: 300px) 100vw, 300px\" \/><\/a>\n\t\t\t<\/dt><\/dl><br style=\"clear: both\" \/><dl class='gallery-item'>\n\t\t\t<dt class='gallery-icon landscape'>\n\t\t\t\t<a href='https:\/\/vosgesinfo.fr\/app\/uploads\/sites\/3\/2024\/08\/202109img-4406.jpg'><img decoding=\"async\" width=\"300\" height=\"200\" src=\"https:\/\/vosgesinfo.fr\/app\/uploads\/sites\/3\/2024\/08\/202109img-4406-300x200.jpg\" class=\"attachment-medium size-medium\" alt=\"\" srcset=\"https:\/\/vosgesinfo.fr\/app\/uploads\/sites\/3\/2024\/08\/202109img-4406-300x200.jpg 300w, https:\/\/vosgesinfo.fr\/app\/uploads\/sites\/3\/2024\/08\/202109img-4406-768x512.jpg 768w, https:\/\/vosgesinfo.fr\/app\/uploads\/sites\/3\/2024\/08\/202109img-4406.jpg 800w\" sizes=\"(max-width: 300px) 100vw, 300px\" \/><\/a>\n\t\t\t<\/dt><\/dl>\n\t\t\t<br style='clear: both' \/>\n\t\t<\/div>\n\n","protected":false},"excerpt":{"rendered":"<p>Les jeunes agriculteurs des Vosges se mobilisent pour promouvoir la tra\u00e7abilit\u00e9 des produits. Dans le cadre du d\u00e9cret obligeant d\u00e8s [&hellip;]<\/p>\n","protected":false},"author":52,"featured_media":27846,"comment_status":"open","ping_status":"open","sticky":false,"template":"","format":"standard","meta":{"footnotes":""},"categories":[22,316,8,532,5],"tags":[10263,1364,10264,310,10265],"class_list":["post-71463","post","type-post","status-publish","format-standard","has-post-thumbnail","hentry","category-a-la-une","category-agriculture","category-economie","category-jeuxey","category-vosges","tag-campagne-origineconnue","tag-carrefour","tag-jeunes-agriculteurs","tag-jeuxey","tag-la-tracabilite-des-produits"],"acf":[],"yoast_head":"<!-- This site is optimized with the Yoast SEO plugin v22.5 - https:\/\/yoast.com\/wordpress\/plugins\/seo\/ -->\n<title>Op\u00e9ration des Jeunes agriculteurs dans les rayons du Carrefour Jeuxey - Epinal Info<\/title>\n<meta name=\"robots\" content=\"index, follow, max-snippet:-1, max-image-preview:large, max-video-preview:-1\" \/>\n<link rel=\"canonical\" href=\"https:\/\/vosgesinfo.fr\/epinalinfo\/2017\/04\/operation-jeunes-agriculteurs-rayons-carrefour-jeuxey\/\" \/>\n<meta name=\"twitter:card\" content=\"summary_large_image\" \/>\n<meta name=\"twitter:title\" content=\"Op\u00e9ration des Jeunes agriculteurs dans les rayons du Carrefour Jeuxey - Epinal Info\" \/>\n<meta name=\"twitter:description\" content=\"Les jeunes agriculteurs des Vosges se mobilisent pour promouvoir la tra\u00e7abilit\u00e9 des produits. Dans le cadre du d\u00e9cret obligeant d\u00e8s [&hellip;]\" \/>\n<meta name=\"twitter:image\" content=\"https:\/\/vosgesinfo.fr\/app\/uploads\/sites\/3\/2017\/04\/jeunes-agriculteurs-carrefour-jeuxey-12.jpg\" \/>\n<meta name=\"twitter:creator\" content=\"@VosgesInfo88\" \/>\n<meta name=\"twitter:site\" content=\"@VosgesInfo88\" \/>\n<meta name=\"twitter:label1\" content=\"\u00c9crit par\" \/>\n\t<meta name=\"twitter:data1\" content=\"C.K.\" \/>\n\t<meta name=\"twitter:label2\" content=\"Dur\u00e9e de lecture estim\u00e9e\" \/>\n\t<meta name=\"twitter:data2\" content=\"1 minute\" \/>\n<script type=\"application\/ld+json\" class=\"yoast-schema-graph\">{\"@context\":\"https:\/\/schema.org\",\"@graph\":[{\"@type\":\"Article\",\"@id\":\"https:\/\/vosgesinfo.fr\/epinalinfo\/2017\/04\/operation-jeunes-agriculteurs-rayons-carrefour-jeuxey\/#article\",\"isPartOf\":{\"@id\":\"https:\/\/vosgesinfo.fr\/epinalinfo\/2017\/04\/operation-jeunes-agriculteurs-rayons-carrefour-jeuxey\/\"},\"author\":{\"name\":\"C.K.\",\"@id\":\"https:\/\/vosgesinfo.fr\/epinalinfo\/#\/schema\/person\/6f9a650eeea99d969b6c4ab78fccbe81\"},\"headline\":\"Op\u00e9ration des Jeunes agriculteurs dans les rayons du Carrefour Jeuxey\",\"datePublished\":\"2017-04-07T07:42:57+00:00\",\"dateModified\":\"2017-04-07T07:42:57+00:00\",\"mainEntityOfPage\":{\"@id\":\"https:\/\/vosgesinfo.fr\/epinalinfo\/2017\/04\/operation-jeunes-agriculteurs-rayons-carrefour-jeuxey\/\"},\"wordCount\":301,\"commentCount\":0,\"publisher\":{\"@id\":\"https:\/\/vosgesinfo.fr\/epinalinfo\/#organization\"},\"image\":{\"@id\":\"https:\/\/vosgesinfo.fr\/epinalinfo\/2017\/04\/operation-jeunes-agriculteurs-rayons-carrefour-jeuxey\/#primaryimage\"},\"thumbnailUrl\":\"https:\/\/vosgesinfo.fr\/app\/uploads\/sites\/3\/2017\/04\/jeunes-agriculteurs-carrefour-jeuxey-12.jpg\",\"keywords\":[\"campagne #OrigineConnue\",\"Carrefour\",\"Jeunes agriculteurs\",\"Jeuxey\",\"la tra\u00e7abilit\u00e9 des produits\"],\"articleSection\":[\"A la Une\",\"Agriculture\",\"\u00c9conomie\",\"Jeuxey\",\"Vosges\"],\"inLanguage\":\"fr-FR\",\"potentialAction\":[{\"@type\":\"CommentAction\",\"name\":\"Comment\",\"target\":[\"https:\/\/vosgesinfo.fr\/epinalinfo\/2017\/04\/operation-jeunes-agriculteurs-rayons-carrefour-jeuxey\/#respond\"]}]},{\"@type\":\"WebPage\",\"@id\":\"https:\/\/vosgesinfo.fr\/epinalinfo\/2017\/04\/operation-jeunes-agriculteurs-rayons-carrefour-jeuxey\/\",\"url\":\"https:\/\/vosgesinfo.fr\/epinalinfo\/2017\/04\/operation-jeunes-agriculteurs-rayons-carrefour-jeuxey\/\",\"name\":\"Op\u00e9ration des Jeunes agriculteurs dans les rayons du Carrefour Jeuxey - Epinal Info\",\"isPartOf\":{\"@id\":\"https:\/\/vosgesinfo.fr\/epinalinfo\/#website\"},\"primaryImageOfPage\":{\"@id\":\"https:\/\/vosgesinfo.fr\/epinalinfo\/2017\/04\/operation-jeunes-agriculteurs-rayons-carrefour-jeuxey\/#primaryimage\"},\"image\":{\"@id\":\"https:\/\/vosgesinfo.fr\/epinalinfo\/2017\/04\/operation-jeunes-agriculteurs-rayons-carrefour-jeuxey\/#primaryimage\"},\"thumbnailUrl\":\"https:\/\/vosgesinfo.fr\/app\/uploads\/sites\/3\/2017\/04\/jeunes-agriculteurs-carrefour-jeuxey-12.jpg\",\"datePublished\":\"2017-04-07T07:42:57+00:00\",\"dateModified\":\"2017-04-07T07:42:57+00:00\",\"breadcrumb\":{\"@id\":\"https:\/\/vosgesinfo.fr\/epinalinfo\/2017\/04\/operation-jeunes-agriculteurs-rayons-carrefour-jeuxey\/#breadcrumb\"},\"inLanguage\":\"fr-FR\",\"potentialAction\":[{\"@type\":\"ReadAction\",\"target\":[\"https:\/\/vosgesinfo.fr\/epinalinfo\/2017\/04\/operation-jeunes-agriculteurs-rayons-carrefour-jeuxey\/\"]}]},{\"@type\":\"ImageObject\",\"inLanguage\":\"fr-FR\",\"@id\":\"https:\/\/vosgesinfo.fr\/epinalinfo\/2017\/04\/operation-jeunes-agriculteurs-rayons-carrefour-jeuxey\/#primaryimage\",\"url\":\"https:\/\/vosgesinfo.fr\/app\/uploads\/sites\/3\/2017\/04\/jeunes-agriculteurs-carrefour-jeuxey-12.jpg\",\"contentUrl\":\"https:\/\/vosgesinfo.fr\/app\/uploads\/sites\/3\/2017\/04\/jeunes-agriculteurs-carrefour-jeuxey-12.jpg\"},{\"@type\":\"BreadcrumbList\",\"@id\":\"https:\/\/vosgesinfo.fr\/epinalinfo\/2017\/04\/operation-jeunes-agriculteurs-rayons-carrefour-jeuxey\/#breadcrumb\",\"itemListElement\":[{\"@type\":\"ListItem\",\"position\":1,\"name\":\"Home\",\"item\":\"https:\/\/vosgesinfo.fr\/epinalinfo\/\"},{\"@type\":\"ListItem\",\"position\":2,\"name\":\"Op\u00e9ration des Jeunes agriculteurs dans les rayons du Carrefour Jeuxey\"}]},{\"@type\":\"WebSite\",\"@id\":\"https:\/\/vosgesinfo.fr\/epinalinfo\/#website\",\"url\":\"https:\/\/vosgesinfo.fr\/epinalinfo\/\",\"name\":\"Epinal Info\",\"description\":\"Toute l&#039;actualit\u00e9 d&#039;\u00c9pinal\",\"publisher\":{\"@id\":\"https:\/\/vosgesinfo.fr\/epinalinfo\/#organization\"},\"alternateName\":\"Toute l'actualit\u00e9 d'\u00c9pinal\",\"potentialAction\":[{\"@type\":\"SearchAction\",\"target\":{\"@type\":\"EntryPoint\",\"urlTemplate\":\"https:\/\/vosgesinfo.fr\/epinalinfo\/?s={search_term_string}\"},\"query-input\":\"required name=search_term_string\"}],\"inLanguage\":\"fr-FR\"},{\"@type\":\"Organization\",\"@id\":\"https:\/\/vosgesinfo.fr\/epinalinfo\/#organization\",\"name\":\"Epinal Info\",\"url\":\"https:\/\/vosgesinfo.fr\/epinalinfo\/\",\"logo\":{\"@type\":\"ImageObject\",\"inLanguage\":\"fr-FR\",\"@id\":\"https:\/\/vosgesinfo.fr\/epinalinfo\/#\/schema\/logo\/image\/\",\"url\":\"https:\/\/vosgesinfo.fr\/app\/uploads\/sites\/3\/2023\/08\/logo-epinalinfos.svg\",\"contentUrl\":\"https:\/\/vosgesinfo.fr\/app\/uploads\/sites\/3\/2023\/08\/logo-epinalinfos.svg\",\"width\":1,\"height\":1,\"caption\":\"Epinal Info\"},\"image\":{\"@id\":\"https:\/\/vosgesinfo.fr\/epinalinfo\/#\/schema\/logo\/image\/\"},\"sameAs\":[\"https:\/\/www.facebook.com\/Epinalinfos\",\"https:\/\/x.com\/VosgesInfo88\",\"https:\/\/www.youtube.com\/@vosgesinfo\"]},{\"@type\":\"Person\",\"@id\":\"https:\/\/vosgesinfo.fr\/epinalinfo\/#\/schema\/person\/6f9a650eeea99d969b6c4ab78fccbe81\",\"name\":\"C.K.\",\"image\":{\"@type\":\"ImageObject\",\"inLanguage\":\"fr-FR\",\"@id\":\"https:\/\/vosgesinfo.fr\/epinalinfo\/#\/schema\/person\/image\/\",\"url\":\"https:\/\/secure.gravatar.com\/avatar\/48e3fc7f8421ba8942be6b74a2b7f014ca39bc00dece156b7a8e098ae7dc87bf?s=96&d=mm&r=g\",\"contentUrl\":\"https:\/\/secure.gravatar.com\/avatar\/48e3fc7f8421ba8942be6b74a2b7f014ca39bc00dece156b7a8e098ae7dc87bf?s=96&d=mm&r=g\",\"caption\":\"C.K.\"},\"url\":\"https:\/\/vosgesinfo.fr\/epinalinfo\/author\/celia-k-n\/\"}]}<\/script>\n<!-- \/ Yoast SEO plugin. -->","yoast_head_json":{"title":"Op\u00e9ration des Jeunes agriculteurs dans les rayons du Carrefour Jeuxey - Epinal Info","robots":{"index":"index","follow":"follow","max-snippet":"max-snippet:-1","max-image-preview":"max-image-preview:large","max-video-preview":"max-video-preview:-1"},"canonical":"https:\/\/vosgesinfo.fr\/epinalinfo\/2017\/04\/operation-jeunes-agriculteurs-rayons-carrefour-jeuxey\/","twitter_card":"summary_large_image","twitter_title":"Op\u00e9ration des Jeunes agriculteurs dans les rayons du Carrefour Jeuxey - Epinal Info","twitter_description":"Les jeunes agriculteurs des Vosges se mobilisent pour promouvoir la tra\u00e7abilit\u00e9 des produits. Dans le cadre du d\u00e9cret obligeant d\u00e8s [&hellip;]","twitter_image":"https:\/\/vosgesinfo.fr\/app\/uploads\/sites\/3\/2017\/04\/jeunes-agriculteurs-carrefour-jeuxey-12.jpg","twitter_creator":"@VosgesInfo88","twitter_site":"@VosgesInfo88","twitter_misc":{"\u00c9crit par":"C.K.","Dur\u00e9e de lecture estim\u00e9e":"1 minute"},"schema":{"@context":"https:\/\/schema.org","@graph":[{"@type":"Article","@id":"https:\/\/vosgesinfo.fr\/epinalinfo\/2017\/04\/operation-jeunes-agriculteurs-rayons-carrefour-jeuxey\/#article","isPartOf":{"@id":"https:\/\/vosgesinfo.fr\/epinalinfo\/2017\/04\/operation-jeunes-agriculteurs-rayons-carrefour-jeuxey\/"},"author":{"name":"C.K.","@id":"https:\/\/vosgesinfo.fr\/epinalinfo\/#\/schema\/person\/6f9a650eeea99d969b6c4ab78fccbe81"},"headline":"Op\u00e9ration des Jeunes agriculteurs dans les rayons du Carrefour Jeuxey","datePublished":"2017-04-07T07:42:57+00:00","dateModified":"2017-04-07T07:42:57+00:00","mainEntityOfPage":{"@id":"https:\/\/vosgesinfo.fr\/epinalinfo\/2017\/04\/operation-jeunes-agriculteurs-rayons-carrefour-jeuxey\/"},"wordCount":301,"commentCount":0,"publisher":{"@id":"https:\/\/vosgesinfo.fr\/epinalinfo\/#organization"},"image":{"@id":"https:\/\/vosgesinfo.fr\/epinalinfo\/2017\/04\/operation-jeunes-agriculteurs-rayons-carrefour-jeuxey\/#primaryimage"},"thumbnailUrl":"https:\/\/vosgesinfo.fr\/app\/uploads\/sites\/3\/2017\/04\/jeunes-agriculteurs-carrefour-jeuxey-12.jpg","keywords":["campagne #OrigineConnue","Carrefour","Jeunes agriculteurs","Jeuxey","la tra\u00e7abilit\u00e9 des produits"],"articleSection":["A la Une","Agriculture","\u00c9conomie","Jeuxey","Vosges"],"inLanguage":"fr-FR","potentialAction":[{"@type":"CommentAction","name":"Comment","target":["https:\/\/vosgesinfo.fr\/epinalinfo\/2017\/04\/operation-jeunes-agriculteurs-rayons-carrefour-jeuxey\/#respond"]}]},{"@type":"WebPage","@id":"https:\/\/vosgesinfo.fr\/epinalinfo\/2017\/04\/operation-jeunes-agriculteurs-rayons-carrefour-jeuxey\/","url":"https:\/\/vosgesinfo.fr\/epinalinfo\/2017\/04\/operation-jeunes-agriculteurs-rayons-carrefour-jeuxey\/","name":"Op\u00e9ration des Jeunes agriculteurs dans les rayons du Carrefour Jeuxey - Epinal Info","isPartOf":{"@id":"https:\/\/vosgesinfo.fr\/epinalinfo\/#website"},"primaryImageOfPage":{"@id":"https:\/\/vosgesinfo.fr\/epinalinfo\/2017\/04\/operation-jeunes-agriculteurs-rayons-carrefour-jeuxey\/#primaryimage"},"image":{"@id":"https:\/\/vosgesinfo.fr\/epinalinfo\/2017\/04\/operation-jeunes-agriculteurs-rayons-carrefour-jeuxey\/#primaryimage"},"thumbnailUrl":"https:\/\/vosgesinfo.fr\/app\/uploads\/sites\/3\/2017\/04\/jeunes-agriculteurs-carrefour-jeuxey-12.jpg","datePublished":"2017-04-07T07:42:57+00:00","dateModified":"2017-04-07T07:42:57+00:00","breadcrumb":{"@id":"https:\/\/vosgesinfo.fr\/epinalinfo\/2017\/04\/operation-jeunes-agriculteurs-rayons-carrefour-jeuxey\/#breadcrumb"},"inLanguage":"fr-FR","potentialAction":[{"@type":"ReadAction","target":["https:\/\/vosgesinfo.fr\/epinalinfo\/2017\/04\/operation-jeunes-agriculteurs-rayons-carrefour-jeuxey\/"]}]},{"@type":"ImageObject","inLanguage":"fr-FR","@id":"https:\/\/vosgesinfo.fr\/epinalinfo\/2017\/04\/operation-jeunes-agriculteurs-rayons-carrefour-jeuxey\/#primaryimage","url":"https:\/\/vosgesinfo.fr\/app\/uploads\/sites\/3\/2017\/04\/jeunes-agriculteurs-carrefour-jeuxey-12.jpg","contentUrl":"https:\/\/vosgesinfo.fr\/app\/uploads\/sites\/3\/2017\/04\/jeunes-agriculteurs-carrefour-jeuxey-12.jpg"},{"@type":"BreadcrumbList","@id":"https:\/\/vosgesinfo.fr\/epinalinfo\/2017\/04\/operation-jeunes-agriculteurs-rayons-carrefour-jeuxey\/#breadcrumb","itemListElement":[{"@type":"ListItem","position":1,"name":"Home","item":"https:\/\/vosgesinfo.fr\/epinalinfo\/"},{"@type":"ListItem","position":2,"name":"Op\u00e9ration des Jeunes agriculteurs dans les rayons du Carrefour Jeuxey"}]},{"@type":"WebSite","@id":"https:\/\/vosgesinfo.fr\/epinalinfo\/#website","url":"https:\/\/vosgesinfo.fr\/epinalinfo\/","name":"Epinal Info","description":"Toute l&#039;actualit\u00e9 d&#039;\u00c9pinal","publisher":{"@id":"https:\/\/vosgesinfo.fr\/epinalinfo\/#organization"},"alternateName":"Toute l'actualit\u00e9 d'\u00c9pinal","potentialAction":[{"@type":"SearchAction","target":{"@type":"EntryPoint","urlTemplate":"https:\/\/vosgesinfo.fr\/epinalinfo\/?s={search_term_string}"},"query-input":"required name=search_term_string"}],"inLanguage":"fr-FR"},{"@type":"Organization","@id":"https:\/\/vosgesinfo.fr\/epinalinfo\/#organization","name":"Epinal Info","url":"https:\/\/vosgesinfo.fr\/epinalinfo\/","logo":{"@type":"ImageObject","inLanguage":"fr-FR","@id":"https:\/\/vosgesinfo.fr\/epinalinfo\/#\/schema\/logo\/image\/","url":"https:\/\/vosgesinfo.fr\/app\/uploads\/sites\/3\/2023\/08\/logo-epinalinfos.svg","contentUrl":"https:\/\/vosgesinfo.fr\/app\/uploads\/sites\/3\/2023\/08\/logo-epinalinfos.svg","width":1,"height":1,"caption":"Epinal Info"},"image":{"@id":"https:\/\/vosgesinfo.fr\/epinalinfo\/#\/schema\/logo\/image\/"},"sameAs":["https:\/\/www.facebook.com\/Epinalinfos","https:\/\/x.com\/VosgesInfo88","https:\/\/www.youtube.com\/@vosgesinfo"]},{"@type":"Person","@id":"https:\/\/vosgesinfo.fr\/epinalinfo\/#\/schema\/person\/6f9a650eeea99d969b6c4ab78fccbe81","name":"C.K.","image":{"@type":"ImageObject","inLanguage":"fr-FR","@id":"https:\/\/vosgesinfo.fr\/epinalinfo\/#\/schema\/person\/image\/","url":"https:\/\/secure.gravatar.com\/avatar\/48e3fc7f8421ba8942be6b74a2b7f014ca39bc00dece156b7a8e098ae7dc87bf?s=96&d=mm&r=g","contentUrl":"https:\/\/secure.gravatar.com\/avatar\/48e3fc7f8421ba8942be6b74a2b7f014ca39bc00dece156b7a8e098ae7dc87bf?s=96&d=mm&r=g","caption":"C.K."},"url":"https:\/\/vosgesinfo.fr\/epinalinfo\/author\/celia-k-n\/"}]}},"_links":{"self":[{"href":"https:\/\/vosgesinfo.fr\/epinalinfo\/wp-json\/wp\/v2\/posts\/71463","targetHints":{"allow":["GET"]}}],"collection":[{"href":"https:\/\/vosgesinfo.fr\/epinalinfo\/wp-json\/wp\/v2\/posts"}],"about":[{"href":"https:\/\/vosgesinfo.fr\/epinalinfo\/wp-json\/wp\/v2\/types\/post"}],"author":[{"embeddable":true,"href":"https:\/\/vosgesinfo.fr\/epinalinfo\/wp-json\/wp\/v2\/users\/52"}],"replies":[{"embeddable":true,"href":"https:\/\/vosgesinfo.fr\/epinalinfo\/wp-json\/wp\/v2\/comments?post=71463"}],"version-history":[{"count":0,"href":"https:\/\/vosgesinfo.fr\/epinalinfo\/wp-json\/wp\/v2\/posts\/71463\/revisions"}],"wp:featuredmedia":[{"embeddable":true,"href":"https:\/\/vosgesinfo.fr\/epinalinfo\/wp-json\/wp\/v2\/media\/27846"}],"wp:attachment":[{"href":"https:\/\/vosgesinfo.fr\/epinalinfo\/wp-json\/wp\/v2\/media?parent=71463"}],"wp:term":[{"taxonomy":"category","embeddable":true,"href":"https:\/\/vosgesinfo.fr\/epinalinfo\/wp-json\/wp\/v2\/categories?post=71463"},{"taxonomy":"post_tag","embeddable":true,"href":"https:\/\/vosgesinfo.fr\/epinalinfo\/wp-json\/wp\/v2\/tags?post=71463"}],"curies":[{"name":"wp","href":"https:\/\/api.w.org\/{rel}","templated":true}]}}