{"id":71480,"date":"2017-04-07T05:39:42","date_gmt":"2017-04-07T03:39:42","guid":{"rendered":"https:\/\/vosgesinfo.fr\/epinalinfo\/2017\/04\/journee-mendesienne-de-lemploi\/"},"modified":"2017-04-07T05:39:42","modified_gmt":"2017-04-07T03:39:42","slug":"journee-mendesienne-de-lemploi","status":"publish","type":"post","link":"https:\/\/vosgesinfo.fr\/epinalinfo\/2017\/04\/journee-mendesienne-de-lemploi\/","title":{"rendered":"Une Journ\u00e9e Mend\u00e9sienne de l\u2019Emploi"},"content":{"rendered":"<h4><a href=\"http:\/\/epinalinfos.fr\/2017\/04\/journee-mendesienne-de-lemploi\/1-7\/\" rel=\"attachment wp-att-111819\"><img decoding=\"async\" class=\"aligncenter size-full wp-image-111819\" src=\"\/2017\/04\/1.jpg\" alt=\"1\" width=\"720\" height=\"480\" \/><\/a>\u00ab\u00a0JEM\u2019 2017 \u00bb un acronyme pour une Journ\u00e9e Mend\u00e9sienne de l\u2019Emploi, \u00ab\u00a0JEM\u2019 2017\u00a0\u00bb un acronyme pour permettre \u00e0 chaque lyc\u00e9en en Terminale Professionnelle de dire\u00a0: \u00ab\u00a0j\u2019aime\u00a0en 2017 \u00bb ma formation et je veux devenir un professionnel.<\/h4>\n<p><a href=\"http:\/\/epinalinfos.fr\/2017\/04\/journee-mendesienne-de-lemploi\/2-8\/\" rel=\"attachment wp-att-111820\"><img decoding=\"async\" class=\" wp-image-111820 alignleft\" src=\"\/2017\/04\/2.jpg\" alt=\"2\" width=\"482\" height=\"349\" \/><\/a>Op\u00e9ration collective qui s\u2019inscrit dans un \u00ab\u00a0Parcours Avenir\u00a0\u00bb o\u00f9 durant 4 mois, professeurs, CPE, COP, AED et \u00e9l\u00e8ves pr\u00e9parent des documents de pr\u00e9sentation, \u00e9changent des informations, se forment \u00e0 des modules de communication\u2026<\/p>\n<p>La JEM\u2019 2017, ce sont 58 lyc\u00e9ens qui le jeudi 6 avril, ont v\u00e9cu quatre, voire cinq entretiens personnalis\u00e9s aupr\u00e8s de 22 professionnels qui ont r\u00e9pondu favorablement \u00e0 ce projet original qui leur \u00e9tait propos\u00e9 par le Lyc\u00e9e Pierre Mend\u00e8s France d\u2019\u00c9pinal.<\/p>\n<p>Ces lyc\u00e9ens de 18, 19 ans terminent un cursus de 3 ans et devront d\u2019ici quelques semaines trouver un emploi ou poursuivre des \u00e9tudes. Face \u00e0 ces enjeux cruciaux, ils ont besoin de prendre confiance en eux et qu\u2019on leur offre l\u2019occasion de d\u00e9montrer leurs comp\u00e9tences. En vivant cette exp\u00e9rience privil\u00e9gi\u00e9e o\u00f9 chacun va devoir d\u00e9passer sa l\u00e9gitime appr\u00e9hension d\u2019un exercice exigeant, chaque jeune va \u00e9galement y puiser un v\u00e9ritable enrichissement personnel.<\/p>\n<p>Quant aux professionnels, pour la 5<sup>\u00e8me<\/sup> ann\u00e9e cons\u00e9cutive, ils adh\u00e8rent pleinement \u00e0 ce partenariat avec l\u2019\u00e9ducation nationale en r\u00e9servant une demi-journ\u00e9e ou une journ\u00e9e \u00e0 ces rencontres. Par leurs diff\u00e9rents parcours, ils apportent une exp\u00e9rience sp\u00e9cifique et souhaitent inscrire cette contribution dans une d\u00e9marche de transmission entre g\u00e9n\u00e9rations.<\/p>\n<p>La \u00ab\u00a0JEM\u2019 2017\u00a0\u00bb confirme l\u2019importance d\u2019une collaboration profitable entre le monde professionnel et celui de la formation, une bonne raison pour d\u00e8s \u00e0 pr\u00e9sent envisager une \u00ab\u00a0JEM\u2019 2018\u00a0\u00bb\u00a0!<\/p>\n\n\t\t<style type=\"text\/css\">\n\t\t\t#gallery-1 {\n\t\t\t\tmargin: auto;\n\t\t\t}\n\t\t\t#gallery-1 .gallery-item {\n\t\t\t\tfloat: left;\n\t\t\t\tmargin-top: 10px;\n\t\t\t\ttext-align: center;\n\t\t\t\twidth: 33%;\n\t\t\t}\n\t\t\t#gallery-1 img {\n\t\t\t\tborder: 2px solid #cfcfcf;\n\t\t\t}\n\t\t\t#gallery-1 .gallery-caption {\n\t\t\t\tmargin-left: 0;\n\t\t\t}\n\t\t\t\/* see gallery_shortcode() in wp-includes\/media.php *\/\n\t\t<\/style>\n\t\t<div id='gallery-1' class='gallery galleryid-71480 gallery-columns-3 gallery-size-medium'><dl class='gallery-item'>\n\t\t\t<dt class='gallery-icon landscape'>\n\t\t\t\t<a href='https:\/\/vosgesinfo.fr\/app\/uploads\/sites\/3\/2024\/08\/202109img-4495.jpg'><img decoding=\"async\" width=\"300\" height=\"169\" src=\"https:\/\/vosgesinfo.fr\/app\/uploads\/sites\/3\/2024\/08\/202109img-4495-300x169.jpg\" class=\"attachment-medium size-medium\" alt=\"\" srcset=\"https:\/\/vosgesinfo.fr\/app\/uploads\/sites\/3\/2024\/08\/202109img-4495-300x169.jpg 300w, https:\/\/vosgesinfo.fr\/app\/uploads\/sites\/3\/2024\/08\/202109img-4495-768x432.jpg 768w, https:\/\/vosgesinfo.fr\/app\/uploads\/sites\/3\/2024\/08\/202109img-4495.jpg 800w\" sizes=\"(max-width: 300px) 100vw, 300px\" \/><\/a>\n\t\t\t<\/dt><\/dl><dl class='gallery-item'>\n\t\t\t<dt class='gallery-icon landscape'>\n\t\t\t\t<a href='https:\/\/vosgesinfo.fr\/app\/uploads\/sites\/3\/2024\/08\/202109img-4481.jpg'><img decoding=\"async\" width=\"300\" height=\"169\" src=\"https:\/\/vosgesinfo.fr\/app\/uploads\/sites\/3\/2024\/08\/202109img-4481-300x169.jpg\" class=\"attachment-medium size-medium\" alt=\"\" srcset=\"https:\/\/vosgesinfo.fr\/app\/uploads\/sites\/3\/2024\/08\/202109img-4481-300x169.jpg 300w, https:\/\/vosgesinfo.fr\/app\/uploads\/sites\/3\/2024\/08\/202109img-4481-768x432.jpg 768w, https:\/\/vosgesinfo.fr\/app\/uploads\/sites\/3\/2024\/08\/202109img-4481.jpg 800w\" sizes=\"(max-width: 300px) 100vw, 300px\" \/><\/a>\n\t\t\t<\/dt><\/dl><dl class='gallery-item'>\n\t\t\t<dt class='gallery-icon landscape'>\n\t\t\t\t<a href='https:\/\/vosgesinfo.fr\/app\/uploads\/sites\/3\/2024\/08\/202109img-4480.jpg'><img decoding=\"async\" width=\"300\" height=\"169\" src=\"https:\/\/vosgesinfo.fr\/app\/uploads\/sites\/3\/2024\/08\/202109img-4480-300x169.jpg\" class=\"attachment-medium size-medium\" alt=\"\" srcset=\"https:\/\/vosgesinfo.fr\/app\/uploads\/sites\/3\/2024\/08\/202109img-4480-300x169.jpg 300w, https:\/\/vosgesinfo.fr\/app\/uploads\/sites\/3\/2024\/08\/202109img-4480-768x432.jpg 768w, https:\/\/vosgesinfo.fr\/app\/uploads\/sites\/3\/2024\/08\/202109img-4480.jpg 800w\" sizes=\"(max-width: 300px) 100vw, 300px\" \/><\/a>\n\t\t\t<\/dt><\/dl><br style=\"clear: both\" \/><dl class='gallery-item'>\n\t\t\t<dt class='gallery-icon landscape'>\n\t\t\t\t<a href='https:\/\/vosgesinfo.fr\/app\/uploads\/sites\/3\/2024\/08\/202109img-44581.jpg'><img decoding=\"async\" width=\"300\" height=\"169\" src=\"https:\/\/vosgesinfo.fr\/app\/uploads\/sites\/3\/2024\/08\/202109img-44581-300x169.jpg\" class=\"attachment-medium size-medium\" alt=\"\" srcset=\"https:\/\/vosgesinfo.fr\/app\/uploads\/sites\/3\/2024\/08\/202109img-44581-300x169.jpg 300w, https:\/\/vosgesinfo.fr\/app\/uploads\/sites\/3\/2024\/08\/202109img-44581-768x432.jpg 768w, https:\/\/vosgesinfo.fr\/app\/uploads\/sites\/3\/2024\/08\/202109img-44581.jpg 800w\" sizes=\"(max-width: 300px) 100vw, 300px\" \/><\/a>\n\t\t\t<\/dt><\/dl>\n\t\t\t<br style='clear: both' \/>\n\t\t<\/div>\n\n","protected":false},"excerpt":{"rendered":"<p>\u00ab\u00a0JEM\u2019 2017 \u00bb un acronyme pour une Journ\u00e9e Mend\u00e9sienne de l\u2019Emploi, \u00ab\u00a0JEM\u2019 2017\u00a0\u00bb un acronyme pour permettre \u00e0 chaque lyc\u00e9en [&hellip;]<\/p>\n","protected":false},"author":52,"featured_media":71481,"comment_status":"open","ping_status":"open","sticky":false,"template":"","format":"standard","meta":{"footnotes":""},"categories":[22,15,24],"tags":[744,70,3459,10268],"class_list":["post-71480","post","type-post","status-publish","format-standard","has-post-thumbnail","hentry","category-a-la-une","category-education","category-epinal","tag-emploi","tag-epinal","tag-lycee-mendes-france","tag-une-journee-mendesienne-de-lemploi"],"acf":[],"yoast_head":"<!-- This site is optimized with the Yoast SEO plugin v22.5 - https:\/\/yoast.com\/wordpress\/plugins\/seo\/ -->\n<title>Une Journ\u00e9e Mend\u00e9sienne de l\u2019Emploi - Epinal Info<\/title>\n<meta name=\"robots\" content=\"index, follow, max-snippet:-1, max-image-preview:large, max-video-preview:-1\" \/>\n<link rel=\"canonical\" href=\"https:\/\/vosgesinfo.fr\/epinalinfo\/2017\/04\/journee-mendesienne-de-lemploi\/\" \/>\n<meta name=\"twitter:card\" content=\"summary_large_image\" \/>\n<meta name=\"twitter:title\" content=\"Une Journ\u00e9e Mend\u00e9sienne de l\u2019Emploi - Epinal Info\" \/>\n<meta name=\"twitter:description\" content=\"\u00ab\u00a0JEM\u2019 2017 \u00bb un acronyme pour une Journ\u00e9e Mend\u00e9sienne de l\u2019Emploi, \u00ab\u00a0JEM\u2019 2017\u00a0\u00bb un acronyme pour permettre \u00e0 chaque lyc\u00e9en [&hellip;]\" \/>\n<meta name=\"twitter:image\" content=\"https:\/\/vosgesinfo.fr\/app\/uploads\/sites\/3\/2024\/08\/2017045.jpg\" \/>\n<meta name=\"twitter:creator\" content=\"@VosgesInfo88\" \/>\n<meta name=\"twitter:site\" content=\"@VosgesInfo88\" \/>\n<meta name=\"twitter:label1\" content=\"\u00c9crit par\" \/>\n\t<meta name=\"twitter:data1\" content=\"C.K.\" \/>\n\t<meta name=\"twitter:label2\" content=\"Dur\u00e9e de lecture estim\u00e9e\" \/>\n\t<meta name=\"twitter:data2\" content=\"1 minute\" \/>\n<script type=\"application\/ld+json\" class=\"yoast-schema-graph\">{\"@context\":\"https:\/\/schema.org\",\"@graph\":[{\"@type\":\"Article\",\"@id\":\"https:\/\/vosgesinfo.fr\/epinalinfo\/2017\/04\/journee-mendesienne-de-lemploi\/#article\",\"isPartOf\":{\"@id\":\"https:\/\/vosgesinfo.fr\/epinalinfo\/2017\/04\/journee-mendesienne-de-lemploi\/\"},\"author\":{\"name\":\"C.K.\",\"@id\":\"https:\/\/vosgesinfo.fr\/epinalinfo\/#\/schema\/person\/6f9a650eeea99d969b6c4ab78fccbe81\"},\"headline\":\"Une Journ\u00e9e Mend\u00e9sienne de l\u2019Emploi\",\"datePublished\":\"2017-04-07T03:39:42+00:00\",\"dateModified\":\"2017-04-07T03:39:42+00:00\",\"mainEntityOfPage\":{\"@id\":\"https:\/\/vosgesinfo.fr\/epinalinfo\/2017\/04\/journee-mendesienne-de-lemploi\/\"},\"wordCount\":303,\"commentCount\":0,\"publisher\":{\"@id\":\"https:\/\/vosgesinfo.fr\/epinalinfo\/#organization\"},\"image\":{\"@id\":\"https:\/\/vosgesinfo.fr\/epinalinfo\/2017\/04\/journee-mendesienne-de-lemploi\/#primaryimage\"},\"thumbnailUrl\":\"https:\/\/vosgesinfo.fr\/app\/uploads\/sites\/3\/2024\/08\/2017045.jpg\",\"keywords\":[\"Emploi\",\"Epinal\",\"lyc\u00e9e Mend\u00e8s France\",\"Une Journ\u00e9e Mend\u00e9sienne de l\u2019Emploi\"],\"articleSection\":[\"A la Une\",\"\u00c9ducation\",\"Epinal\"],\"inLanguage\":\"fr-FR\",\"potentialAction\":[{\"@type\":\"CommentAction\",\"name\":\"Comment\",\"target\":[\"https:\/\/vosgesinfo.fr\/epinalinfo\/2017\/04\/journee-mendesienne-de-lemploi\/#respond\"]}]},{\"@type\":\"WebPage\",\"@id\":\"https:\/\/vosgesinfo.fr\/epinalinfo\/2017\/04\/journee-mendesienne-de-lemploi\/\",\"url\":\"https:\/\/vosgesinfo.fr\/epinalinfo\/2017\/04\/journee-mendesienne-de-lemploi\/\",\"name\":\"Une Journ\u00e9e Mend\u00e9sienne de l\u2019Emploi - Epinal Info\",\"isPartOf\":{\"@id\":\"https:\/\/vosgesinfo.fr\/epinalinfo\/#website\"},\"primaryImageOfPage\":{\"@id\":\"https:\/\/vosgesinfo.fr\/epinalinfo\/2017\/04\/journee-mendesienne-de-lemploi\/#primaryimage\"},\"image\":{\"@id\":\"https:\/\/vosgesinfo.fr\/epinalinfo\/2017\/04\/journee-mendesienne-de-lemploi\/#primaryimage\"},\"thumbnailUrl\":\"https:\/\/vosgesinfo.fr\/app\/uploads\/sites\/3\/2024\/08\/2017045.jpg\",\"datePublished\":\"2017-04-07T03:39:42+00:00\",\"dateModified\":\"2017-04-07T03:39:42+00:00\",\"breadcrumb\":{\"@id\":\"https:\/\/vosgesinfo.fr\/epinalinfo\/2017\/04\/journee-mendesienne-de-lemploi\/#breadcrumb\"},\"inLanguage\":\"fr-FR\",\"potentialAction\":[{\"@type\":\"ReadAction\",\"target\":[\"https:\/\/vosgesinfo.fr\/epinalinfo\/2017\/04\/journee-mendesienne-de-lemploi\/\"]}]},{\"@type\":\"ImageObject\",\"inLanguage\":\"fr-FR\",\"@id\":\"https:\/\/vosgesinfo.fr\/epinalinfo\/2017\/04\/journee-mendesienne-de-lemploi\/#primaryimage\",\"url\":\"https:\/\/vosgesinfo.fr\/app\/uploads\/sites\/3\/2024\/08\/2017045.jpg\",\"contentUrl\":\"https:\/\/vosgesinfo.fr\/app\/uploads\/sites\/3\/2024\/08\/2017045.jpg\",\"width\":720,\"height\":480},{\"@type\":\"BreadcrumbList\",\"@id\":\"https:\/\/vosgesinfo.fr\/epinalinfo\/2017\/04\/journee-mendesienne-de-lemploi\/#breadcrumb\",\"itemListElement\":[{\"@type\":\"ListItem\",\"position\":1,\"name\":\"Home\",\"item\":\"https:\/\/vosgesinfo.fr\/epinalinfo\/\"},{\"@type\":\"ListItem\",\"position\":2,\"name\":\"Une Journ\u00e9e Mend\u00e9sienne de l\u2019Emploi\"}]},{\"@type\":\"WebSite\",\"@id\":\"https:\/\/vosgesinfo.fr\/epinalinfo\/#website\",\"url\":\"https:\/\/vosgesinfo.fr\/epinalinfo\/\",\"name\":\"Epinal Info\",\"description\":\"Toute l&#039;actualit\u00e9 d&#039;\u00c9pinal\",\"publisher\":{\"@id\":\"https:\/\/vosgesinfo.fr\/epinalinfo\/#organization\"},\"alternateName\":\"Toute l'actualit\u00e9 d'\u00c9pinal\",\"potentialAction\":[{\"@type\":\"SearchAction\",\"target\":{\"@type\":\"EntryPoint\",\"urlTemplate\":\"https:\/\/vosgesinfo.fr\/epinalinfo\/?s={search_term_string}\"},\"query-input\":\"required name=search_term_string\"}],\"inLanguage\":\"fr-FR\"},{\"@type\":\"Organization\",\"@id\":\"https:\/\/vosgesinfo.fr\/epinalinfo\/#organization\",\"name\":\"Epinal Info\",\"url\":\"https:\/\/vosgesinfo.fr\/epinalinfo\/\",\"logo\":{\"@type\":\"ImageObject\",\"inLanguage\":\"fr-FR\",\"@id\":\"https:\/\/vosgesinfo.fr\/epinalinfo\/#\/schema\/logo\/image\/\",\"url\":\"https:\/\/vosgesinfo.fr\/app\/uploads\/sites\/3\/2023\/08\/logo-epinalinfos.svg\",\"contentUrl\":\"https:\/\/vosgesinfo.fr\/app\/uploads\/sites\/3\/2023\/08\/logo-epinalinfos.svg\",\"width\":1,\"height\":1,\"caption\":\"Epinal Info\"},\"image\":{\"@id\":\"https:\/\/vosgesinfo.fr\/epinalinfo\/#\/schema\/logo\/image\/\"},\"sameAs\":[\"https:\/\/www.facebook.com\/Epinalinfos\",\"https:\/\/x.com\/VosgesInfo88\",\"https:\/\/www.youtube.com\/@vosgesinfo\"]},{\"@type\":\"Person\",\"@id\":\"https:\/\/vosgesinfo.fr\/epinalinfo\/#\/schema\/person\/6f9a650eeea99d969b6c4ab78fccbe81\",\"name\":\"C.K.\",\"image\":{\"@type\":\"ImageObject\",\"inLanguage\":\"fr-FR\",\"@id\":\"https:\/\/vosgesinfo.fr\/epinalinfo\/#\/schema\/person\/image\/\",\"url\":\"https:\/\/secure.gravatar.com\/avatar\/48e3fc7f8421ba8942be6b74a2b7f014ca39bc00dece156b7a8e098ae7dc87bf?s=96&d=mm&r=g\",\"contentUrl\":\"https:\/\/secure.gravatar.com\/avatar\/48e3fc7f8421ba8942be6b74a2b7f014ca39bc00dece156b7a8e098ae7dc87bf?s=96&d=mm&r=g\",\"caption\":\"C.K.\"},\"url\":\"https:\/\/vosgesinfo.fr\/epinalinfo\/author\/celia-k-n\/\"}]}<\/script>\n<!-- \/ Yoast SEO plugin. -->","yoast_head_json":{"title":"Une Journ\u00e9e Mend\u00e9sienne de l\u2019Emploi - Epinal Info","robots":{"index":"index","follow":"follow","max-snippet":"max-snippet:-1","max-image-preview":"max-image-preview:large","max-video-preview":"max-video-preview:-1"},"canonical":"https:\/\/vosgesinfo.fr\/epinalinfo\/2017\/04\/journee-mendesienne-de-lemploi\/","twitter_card":"summary_large_image","twitter_title":"Une Journ\u00e9e Mend\u00e9sienne de l\u2019Emploi - Epinal Info","twitter_description":"\u00ab\u00a0JEM\u2019 2017 \u00bb un acronyme pour une Journ\u00e9e Mend\u00e9sienne de l\u2019Emploi, \u00ab\u00a0JEM\u2019 2017\u00a0\u00bb un acronyme pour permettre \u00e0 chaque lyc\u00e9en [&hellip;]","twitter_image":"https:\/\/vosgesinfo.fr\/app\/uploads\/sites\/3\/2024\/08\/2017045.jpg","twitter_creator":"@VosgesInfo88","twitter_site":"@VosgesInfo88","twitter_misc":{"\u00c9crit par":"C.K.","Dur\u00e9e de lecture estim\u00e9e":"1 minute"},"schema":{"@context":"https:\/\/schema.org","@graph":[{"@type":"Article","@id":"https:\/\/vosgesinfo.fr\/epinalinfo\/2017\/04\/journee-mendesienne-de-lemploi\/#article","isPartOf":{"@id":"https:\/\/vosgesinfo.fr\/epinalinfo\/2017\/04\/journee-mendesienne-de-lemploi\/"},"author":{"name":"C.K.","@id":"https:\/\/vosgesinfo.fr\/epinalinfo\/#\/schema\/person\/6f9a650eeea99d969b6c4ab78fccbe81"},"headline":"Une Journ\u00e9e Mend\u00e9sienne de l\u2019Emploi","datePublished":"2017-04-07T03:39:42+00:00","dateModified":"2017-04-07T03:39:42+00:00","mainEntityOfPage":{"@id":"https:\/\/vosgesinfo.fr\/epinalinfo\/2017\/04\/journee-mendesienne-de-lemploi\/"},"wordCount":303,"commentCount":0,"publisher":{"@id":"https:\/\/vosgesinfo.fr\/epinalinfo\/#organization"},"image":{"@id":"https:\/\/vosgesinfo.fr\/epinalinfo\/2017\/04\/journee-mendesienne-de-lemploi\/#primaryimage"},"thumbnailUrl":"https:\/\/vosgesinfo.fr\/app\/uploads\/sites\/3\/2024\/08\/2017045.jpg","keywords":["Emploi","Epinal","lyc\u00e9e Mend\u00e8s France","Une Journ\u00e9e Mend\u00e9sienne de l\u2019Emploi"],"articleSection":["A la Une","\u00c9ducation","Epinal"],"inLanguage":"fr-FR","potentialAction":[{"@type":"CommentAction","name":"Comment","target":["https:\/\/vosgesinfo.fr\/epinalinfo\/2017\/04\/journee-mendesienne-de-lemploi\/#respond"]}]},{"@type":"WebPage","@id":"https:\/\/vosgesinfo.fr\/epinalinfo\/2017\/04\/journee-mendesienne-de-lemploi\/","url":"https:\/\/vosgesinfo.fr\/epinalinfo\/2017\/04\/journee-mendesienne-de-lemploi\/","name":"Une Journ\u00e9e Mend\u00e9sienne de l\u2019Emploi - Epinal Info","isPartOf":{"@id":"https:\/\/vosgesinfo.fr\/epinalinfo\/#website"},"primaryImageOfPage":{"@id":"https:\/\/vosgesinfo.fr\/epinalinfo\/2017\/04\/journee-mendesienne-de-lemploi\/#primaryimage"},"image":{"@id":"https:\/\/vosgesinfo.fr\/epinalinfo\/2017\/04\/journee-mendesienne-de-lemploi\/#primaryimage"},"thumbnailUrl":"https:\/\/vosgesinfo.fr\/app\/uploads\/sites\/3\/2024\/08\/2017045.jpg","datePublished":"2017-04-07T03:39:42+00:00","dateModified":"2017-04-07T03:39:42+00:00","breadcrumb":{"@id":"https:\/\/vosgesinfo.fr\/epinalinfo\/2017\/04\/journee-mendesienne-de-lemploi\/#breadcrumb"},"inLanguage":"fr-FR","potentialAction":[{"@type":"ReadAction","target":["https:\/\/vosgesinfo.fr\/epinalinfo\/2017\/04\/journee-mendesienne-de-lemploi\/"]}]},{"@type":"ImageObject","inLanguage":"fr-FR","@id":"https:\/\/vosgesinfo.fr\/epinalinfo\/2017\/04\/journee-mendesienne-de-lemploi\/#primaryimage","url":"https:\/\/vosgesinfo.fr\/app\/uploads\/sites\/3\/2024\/08\/2017045.jpg","contentUrl":"https:\/\/vosgesinfo.fr\/app\/uploads\/sites\/3\/2024\/08\/2017045.jpg","width":720,"height":480},{"@type":"BreadcrumbList","@id":"https:\/\/vosgesinfo.fr\/epinalinfo\/2017\/04\/journee-mendesienne-de-lemploi\/#breadcrumb","itemListElement":[{"@type":"ListItem","position":1,"name":"Home","item":"https:\/\/vosgesinfo.fr\/epinalinfo\/"},{"@type":"ListItem","position":2,"name":"Une Journ\u00e9e Mend\u00e9sienne de l\u2019Emploi"}]},{"@type":"WebSite","@id":"https:\/\/vosgesinfo.fr\/epinalinfo\/#website","url":"https:\/\/vosgesinfo.fr\/epinalinfo\/","name":"Epinal Info","description":"Toute l&#039;actualit\u00e9 d&#039;\u00c9pinal","publisher":{"@id":"https:\/\/vosgesinfo.fr\/epinalinfo\/#organization"},"alternateName":"Toute l'actualit\u00e9 d'\u00c9pinal","potentialAction":[{"@type":"SearchAction","target":{"@type":"EntryPoint","urlTemplate":"https:\/\/vosgesinfo.fr\/epinalinfo\/?s={search_term_string}"},"query-input":"required name=search_term_string"}],"inLanguage":"fr-FR"},{"@type":"Organization","@id":"https:\/\/vosgesinfo.fr\/epinalinfo\/#organization","name":"Epinal Info","url":"https:\/\/vosgesinfo.fr\/epinalinfo\/","logo":{"@type":"ImageObject","inLanguage":"fr-FR","@id":"https:\/\/vosgesinfo.fr\/epinalinfo\/#\/schema\/logo\/image\/","url":"https:\/\/vosgesinfo.fr\/app\/uploads\/sites\/3\/2023\/08\/logo-epinalinfos.svg","contentUrl":"https:\/\/vosgesinfo.fr\/app\/uploads\/sites\/3\/2023\/08\/logo-epinalinfos.svg","width":1,"height":1,"caption":"Epinal Info"},"image":{"@id":"https:\/\/vosgesinfo.fr\/epinalinfo\/#\/schema\/logo\/image\/"},"sameAs":["https:\/\/www.facebook.com\/Epinalinfos","https:\/\/x.com\/VosgesInfo88","https:\/\/www.youtube.com\/@vosgesinfo"]},{"@type":"Person","@id":"https:\/\/vosgesinfo.fr\/epinalinfo\/#\/schema\/person\/6f9a650eeea99d969b6c4ab78fccbe81","name":"C.K.","image":{"@type":"ImageObject","inLanguage":"fr-FR","@id":"https:\/\/vosgesinfo.fr\/epinalinfo\/#\/schema\/person\/image\/","url":"https:\/\/secure.gravatar.com\/avatar\/48e3fc7f8421ba8942be6b74a2b7f014ca39bc00dece156b7a8e098ae7dc87bf?s=96&d=mm&r=g","contentUrl":"https:\/\/secure.gravatar.com\/avatar\/48e3fc7f8421ba8942be6b74a2b7f014ca39bc00dece156b7a8e098ae7dc87bf?s=96&d=mm&r=g","caption":"C.K."},"url":"https:\/\/vosgesinfo.fr\/epinalinfo\/author\/celia-k-n\/"}]}},"_links":{"self":[{"href":"https:\/\/vosgesinfo.fr\/epinalinfo\/wp-json\/wp\/v2\/posts\/71480","targetHints":{"allow":["GET"]}}],"collection":[{"href":"https:\/\/vosgesinfo.fr\/epinalinfo\/wp-json\/wp\/v2\/posts"}],"about":[{"href":"https:\/\/vosgesinfo.fr\/epinalinfo\/wp-json\/wp\/v2\/types\/post"}],"author":[{"embeddable":true,"href":"https:\/\/vosgesinfo.fr\/epinalinfo\/wp-json\/wp\/v2\/users\/52"}],"replies":[{"embeddable":true,"href":"https:\/\/vosgesinfo.fr\/epinalinfo\/wp-json\/wp\/v2\/comments?post=71480"}],"version-history":[{"count":0,"href":"https:\/\/vosgesinfo.fr\/epinalinfo\/wp-json\/wp\/v2\/posts\/71480\/revisions"}],"wp:featuredmedia":[{"embeddable":true,"href":"https:\/\/vosgesinfo.fr\/epinalinfo\/wp-json\/wp\/v2\/media\/71481"}],"wp:attachment":[{"href":"https:\/\/vosgesinfo.fr\/epinalinfo\/wp-json\/wp\/v2\/media?parent=71480"}],"wp:term":[{"taxonomy":"category","embeddable":true,"href":"https:\/\/vosgesinfo.fr\/epinalinfo\/wp-json\/wp\/v2\/categories?post=71480"},{"taxonomy":"post_tag","embeddable":true,"href":"https:\/\/vosgesinfo.fr\/epinalinfo\/wp-json\/wp\/v2\/tags?post=71480"}],"curies":[{"name":"wp","href":"https:\/\/api.w.org\/{rel}","templated":true}]}}