{"id":71663,"date":"2017-04-13T05:47:38","date_gmt":"2017-04-13T03:47:38","guid":{"rendered":"https:\/\/vosgesinfo.fr\/epinalinfo\/2017\/04\/enfants-ont-rendez-pays-de-limaginaire-parc-thermal-de-contrexeville\/"},"modified":"2017-04-13T05:47:38","modified_gmt":"2017-04-13T03:47:38","slug":"enfants-ont-rendez-pays-de-limaginaire-parc-thermal-de-contrexeville","status":"publish","type":"post","link":"https:\/\/vosgesinfo.fr\/epinalinfo\/2017\/04\/enfants-ont-rendez-pays-de-limaginaire-parc-thermal-de-contrexeville\/","title":{"rendered":"Les enfants ont rendez-vous au pays de l\u2019imaginaire au parc thermal de Contrex\u00e9ville !"},"content":{"rendered":"<h4><a href=\"http:\/\/epinalinfos.fr\/2017\/04\/enfants-ont-rendez-pays-de-limaginaire-parc-thermal-de-contrexeville\/spectacle-jolies-momes-6\/\" rel=\"attachment wp-att-112155\"><img decoding=\"async\" class=\"aligncenter size-full wp-image-112155\" src=\"\/2017\/04\/spectacle-jolies-momes-6.jpg\" alt=\"spectacle-jolies-momes-6\" width=\"800\" height=\"632\" \/><\/a>Durant une apr\u00e8s-midi, plongez-vous dans un monde merveilleux avec contes, chansons, th\u00e9\u00e2tre et du chocolat ! A l\u2019occasion des f\u00eates de P\u00e2ques, la ville de Contrex\u00e9ville vous offre un v\u00e9ritable festival familial haut en couleurs et en imagination.<\/h4>\n<p>Plusieurs sc\u00e8nes seront install\u00e9es en int\u00e9rieur et en ext\u00e9rieur, o\u00f9 vous pourrez y voir des spectacles et participer \u00e0 des ateliers artistiques. Il y en aura pour tous les go\u00fbts et pour petits et grands ! C\u00f4t\u00e9 spectacles, vous trouverez \u00e0 14h30 Sam et Patt, un duo de clowns. Ce sont deux hurluberlus qui se retrouvent enferm\u00e9s dans le monde pas si merveilleux et \u00f4 combien hypnotisant des \u00e9crans et d\u2019internet. Arm\u00e9s de chanson, de bons mots et d\u2019une s\u00e9v\u00e8re dose d\u2019humour, ils vont tenter de s\u2019extirper de la matrice.com.<\/p>\n<p><a href=\"https:\/\/vosgesinfo.fr\/app\/uploads\/sites\/3\/2017\/04\/photo-groupe.jpg\" data-featherlight=\"image\"><img decoding=\"async\" class=\"wp-image-86721 alignleft\" src=\"https:\/\/vosgesinfo.fr\/app\/uploads\/sites\/3\/2017\/04\/photo-groupe.jpg\" alt=\"photo groupe\" width=\"335\" height=\"251\" \/><\/a>A 16h, venez d\u00e9couvrir le chanteur pour enfants Gyraf, avec son spectacle \u00ab\u00a0Les 3 tr\u00e9sors\u00a0\u00bb. Homme orchestre, animal multi-instrumentiste qui sillonne \u00e0 grandes enjamb\u00e9es la savane musicale. Ce spectacle transcende les cultures et les \u00e9poques.<\/p>\n<p>A 15h et 16h30, petites et grandes oreilles sont invit\u00e9es \u00e0 plonger dans des histoires extra, pas ordinaires pour un sou !<\/p>\n<p>Les plus manuels pourront participer \u00e0 des ateliers afin de d\u00e9couvrir les arts, inventer et s\u2019\u00e9panouir. A 15h et 16h, un atelier de fabrication d\u2019instruments de musique sera mis en place, ainsi qu\u2019une initiation au djemb\u00e9 par les musiciens de l\u2019association ASKA musique. A 15h30, la Cie des Joli(e)s M\u00f4mes proposera un atelier d\u2019improvisation th\u00e9\u00e2trale et durant toute l\u2019apr\u00e8s-midi, des jeux en bois, grandeur nature, participatifs seront install\u00e9s par Pl\u2019asso Jeux.<\/p>\n<p>Mais aussi\u2026 De faire un go\u00fbter magique avec diabolos, g\u00e2teaux maison, cr\u00eapes et un coin pour bouquiner avec des albums jeunesse pr\u00eat\u00e9s par la m\u00e9diath\u00e8que et bien \u00e9videmment, des canap\u00e9s ! Bref, du rire, de la joie, du partage et du chocolat, tous les ingr\u00e9dients seront r\u00e9unis pour passer un agr\u00e9able lundi de P\u00e2ques.<\/p>\n<p><a href=\"https:\/\/vosgesinfo.fr\/app\/uploads\/sites\/3\/2017\/04\/contrex-enfants-1.jpg\" data-featherlight=\"image\"><img decoding=\"async\" class=\"wp-image-86722 alignright\" src=\"https:\/\/vosgesinfo.fr\/app\/uploads\/sites\/3\/2017\/04\/contrex-enfants-1.jpg\" alt=\"Contrex_enfants (1)\" width=\"332\" height=\"221\" \/><\/a>C\u00f4t\u00e9 pratique, s\u2019il pleut, pas d\u2019inqui\u00e9tude \u00e0 avoir, tout sera abrit\u00e9. Un spectacle d\u00e9butera toutes les demi-heures, ce qui permet d\u2019arriver \u00e0 n\u2019importe quel moment de l\u2019apr\u00e8s-midi. Alors, n\u2019h\u00e9sitez pas \u00e0 venir passer un agr\u00e9able moment familial.<\/p>\n<p><strong>Festival \u00ab\u00a0Les enfants au pays de l\u2019imaginaire\u00a0\u00bb, lundi 17 avril de 14h30 \u00e0 17h30 au parc thermal de Contrex\u00e9ville.<\/strong><\/p>\n<p>&nbsp;<\/p>\n","protected":false},"excerpt":{"rendered":"<p>Durant une apr\u00e8s-midi, plongez-vous dans un monde merveilleux avec contes, chansons, th\u00e9\u00e2tre et du chocolat ! A l\u2019occasion des f\u00eates [&hellip;]<\/p>\n","protected":false},"author":52,"featured_media":71664,"comment_status":"open","ping_status":"open","sticky":false,"template":"","format":"standard","meta":{"footnotes":""},"categories":[10,5],"tags":[10312],"class_list":["post-71663","post","type-post","status-publish","format-standard","has-post-thumbnail","hentry","category-societe","category-vosges","tag-les-enfants-ont-rendez-vous-au-pays-de-limaginaire-au-parc-thermal-de-contrexeville"],"acf":[],"yoast_head":"<!-- This site is optimized with the Yoast SEO plugin v22.5 - https:\/\/yoast.com\/wordpress\/plugins\/seo\/ -->\n<title>Les enfants ont rendez-vous au pays de l\u2019imaginaire au parc thermal de Contrex\u00e9ville ! - Epinal Info<\/title>\n<meta name=\"robots\" content=\"index, follow, max-snippet:-1, max-image-preview:large, max-video-preview:-1\" \/>\n<link rel=\"canonical\" href=\"https:\/\/vosgesinfo.fr\/epinalinfo\/2017\/04\/enfants-ont-rendez-pays-de-limaginaire-parc-thermal-de-contrexeville\/\" \/>\n<meta name=\"twitter:card\" content=\"summary_large_image\" \/>\n<meta name=\"twitter:title\" content=\"Les enfants ont rendez-vous au pays de l\u2019imaginaire au parc thermal de Contrex\u00e9ville ! - Epinal Info\" \/>\n<meta name=\"twitter:description\" content=\"Durant une apr\u00e8s-midi, plongez-vous dans un monde merveilleux avec contes, chansons, th\u00e9\u00e2tre et du chocolat ! A l\u2019occasion des f\u00eates [&hellip;]\" \/>\n<meta name=\"twitter:image\" content=\"https:\/\/vosgesinfo.fr\/app\/uploads\/sites\/3\/2024\/08\/201704spectacle-jolies-momes-6.jpg\" \/>\n<meta name=\"twitter:creator\" content=\"@VosgesInfo88\" \/>\n<meta name=\"twitter:site\" content=\"@VosgesInfo88\" \/>\n<meta name=\"twitter:label1\" content=\"\u00c9crit par\" \/>\n\t<meta name=\"twitter:data1\" content=\"C.K.\" \/>\n\t<meta name=\"twitter:label2\" content=\"Dur\u00e9e de lecture estim\u00e9e\" \/>\n\t<meta name=\"twitter:data2\" content=\"2 minutes\" \/>\n<script type=\"application\/ld+json\" class=\"yoast-schema-graph\">{\"@context\":\"https:\/\/schema.org\",\"@graph\":[{\"@type\":\"Article\",\"@id\":\"https:\/\/vosgesinfo.fr\/epinalinfo\/2017\/04\/enfants-ont-rendez-pays-de-limaginaire-parc-thermal-de-contrexeville\/#article\",\"isPartOf\":{\"@id\":\"https:\/\/vosgesinfo.fr\/epinalinfo\/2017\/04\/enfants-ont-rendez-pays-de-limaginaire-parc-thermal-de-contrexeville\/\"},\"author\":{\"name\":\"C.K.\",\"@id\":\"https:\/\/vosgesinfo.fr\/epinalinfo\/#\/schema\/person\/6f9a650eeea99d969b6c4ab78fccbe81\"},\"headline\":\"Les enfants ont rendez-vous au pays de l\u2019imaginaire au parc thermal de Contrex\u00e9ville !\",\"datePublished\":\"2017-04-13T03:47:38+00:00\",\"dateModified\":\"2017-04-13T03:47:38+00:00\",\"mainEntityOfPage\":{\"@id\":\"https:\/\/vosgesinfo.fr\/epinalinfo\/2017\/04\/enfants-ont-rendez-pays-de-limaginaire-parc-thermal-de-contrexeville\/\"},\"wordCount\":432,\"commentCount\":0,\"publisher\":{\"@id\":\"https:\/\/vosgesinfo.fr\/epinalinfo\/#organization\"},\"image\":{\"@id\":\"https:\/\/vosgesinfo.fr\/epinalinfo\/2017\/04\/enfants-ont-rendez-pays-de-limaginaire-parc-thermal-de-contrexeville\/#primaryimage\"},\"thumbnailUrl\":\"https:\/\/vosgesinfo.fr\/app\/uploads\/sites\/3\/2024\/08\/201704spectacle-jolies-momes-6.jpg\",\"keywords\":[\"Les enfants ont rendez-vous au pays de l\u2019imaginaire au parc thermal de Contrex\u00e9ville\"],\"articleSection\":[\"Soci\u00e9t\u00e9\",\"Vosges\"],\"inLanguage\":\"fr-FR\",\"potentialAction\":[{\"@type\":\"CommentAction\",\"name\":\"Comment\",\"target\":[\"https:\/\/vosgesinfo.fr\/epinalinfo\/2017\/04\/enfants-ont-rendez-pays-de-limaginaire-parc-thermal-de-contrexeville\/#respond\"]}]},{\"@type\":\"WebPage\",\"@id\":\"https:\/\/vosgesinfo.fr\/epinalinfo\/2017\/04\/enfants-ont-rendez-pays-de-limaginaire-parc-thermal-de-contrexeville\/\",\"url\":\"https:\/\/vosgesinfo.fr\/epinalinfo\/2017\/04\/enfants-ont-rendez-pays-de-limaginaire-parc-thermal-de-contrexeville\/\",\"name\":\"Les enfants ont rendez-vous au pays de l\u2019imaginaire au parc thermal de Contrex\u00e9ville ! - Epinal Info\",\"isPartOf\":{\"@id\":\"https:\/\/vosgesinfo.fr\/epinalinfo\/#website\"},\"primaryImageOfPage\":{\"@id\":\"https:\/\/vosgesinfo.fr\/epinalinfo\/2017\/04\/enfants-ont-rendez-pays-de-limaginaire-parc-thermal-de-contrexeville\/#primaryimage\"},\"image\":{\"@id\":\"https:\/\/vosgesinfo.fr\/epinalinfo\/2017\/04\/enfants-ont-rendez-pays-de-limaginaire-parc-thermal-de-contrexeville\/#primaryimage\"},\"thumbnailUrl\":\"https:\/\/vosgesinfo.fr\/app\/uploads\/sites\/3\/2024\/08\/201704spectacle-jolies-momes-6.jpg\",\"datePublished\":\"2017-04-13T03:47:38+00:00\",\"dateModified\":\"2017-04-13T03:47:38+00:00\",\"breadcrumb\":{\"@id\":\"https:\/\/vosgesinfo.fr\/epinalinfo\/2017\/04\/enfants-ont-rendez-pays-de-limaginaire-parc-thermal-de-contrexeville\/#breadcrumb\"},\"inLanguage\":\"fr-FR\",\"potentialAction\":[{\"@type\":\"ReadAction\",\"target\":[\"https:\/\/vosgesinfo.fr\/epinalinfo\/2017\/04\/enfants-ont-rendez-pays-de-limaginaire-parc-thermal-de-contrexeville\/\"]}]},{\"@type\":\"ImageObject\",\"inLanguage\":\"fr-FR\",\"@id\":\"https:\/\/vosgesinfo.fr\/epinalinfo\/2017\/04\/enfants-ont-rendez-pays-de-limaginaire-parc-thermal-de-contrexeville\/#primaryimage\",\"url\":\"https:\/\/vosgesinfo.fr\/app\/uploads\/sites\/3\/2024\/08\/201704spectacle-jolies-momes-6.jpg\",\"contentUrl\":\"https:\/\/vosgesinfo.fr\/app\/uploads\/sites\/3\/2024\/08\/201704spectacle-jolies-momes-6.jpg\",\"width\":800,\"height\":632},{\"@type\":\"BreadcrumbList\",\"@id\":\"https:\/\/vosgesinfo.fr\/epinalinfo\/2017\/04\/enfants-ont-rendez-pays-de-limaginaire-parc-thermal-de-contrexeville\/#breadcrumb\",\"itemListElement\":[{\"@type\":\"ListItem\",\"position\":1,\"name\":\"Home\",\"item\":\"https:\/\/vosgesinfo.fr\/epinalinfo\/\"},{\"@type\":\"ListItem\",\"position\":2,\"name\":\"Les enfants ont rendez-vous au pays de l\u2019imaginaire au parc thermal de Contrex\u00e9ville !\"}]},{\"@type\":\"WebSite\",\"@id\":\"https:\/\/vosgesinfo.fr\/epinalinfo\/#website\",\"url\":\"https:\/\/vosgesinfo.fr\/epinalinfo\/\",\"name\":\"Epinal Info\",\"description\":\"Toute l&#039;actualit\u00e9 d&#039;\u00c9pinal\",\"publisher\":{\"@id\":\"https:\/\/vosgesinfo.fr\/epinalinfo\/#organization\"},\"alternateName\":\"Toute l'actualit\u00e9 d'\u00c9pinal\",\"potentialAction\":[{\"@type\":\"SearchAction\",\"target\":{\"@type\":\"EntryPoint\",\"urlTemplate\":\"https:\/\/vosgesinfo.fr\/epinalinfo\/?s={search_term_string}\"},\"query-input\":\"required name=search_term_string\"}],\"inLanguage\":\"fr-FR\"},{\"@type\":\"Organization\",\"@id\":\"https:\/\/vosgesinfo.fr\/epinalinfo\/#organization\",\"name\":\"Epinal Info\",\"url\":\"https:\/\/vosgesinfo.fr\/epinalinfo\/\",\"logo\":{\"@type\":\"ImageObject\",\"inLanguage\":\"fr-FR\",\"@id\":\"https:\/\/vosgesinfo.fr\/epinalinfo\/#\/schema\/logo\/image\/\",\"url\":\"https:\/\/vosgesinfo.fr\/app\/uploads\/sites\/3\/2023\/08\/logo-epinalinfos.svg\",\"contentUrl\":\"https:\/\/vosgesinfo.fr\/app\/uploads\/sites\/3\/2023\/08\/logo-epinalinfos.svg\",\"width\":1,\"height\":1,\"caption\":\"Epinal Info\"},\"image\":{\"@id\":\"https:\/\/vosgesinfo.fr\/epinalinfo\/#\/schema\/logo\/image\/\"},\"sameAs\":[\"https:\/\/www.facebook.com\/Epinalinfos\",\"https:\/\/x.com\/VosgesInfo88\",\"https:\/\/www.youtube.com\/@vosgesinfo\"]},{\"@type\":\"Person\",\"@id\":\"https:\/\/vosgesinfo.fr\/epinalinfo\/#\/schema\/person\/6f9a650eeea99d969b6c4ab78fccbe81\",\"name\":\"C.K.\",\"image\":{\"@type\":\"ImageObject\",\"inLanguage\":\"fr-FR\",\"@id\":\"https:\/\/vosgesinfo.fr\/epinalinfo\/#\/schema\/person\/image\/\",\"url\":\"https:\/\/secure.gravatar.com\/avatar\/48e3fc7f8421ba8942be6b74a2b7f014ca39bc00dece156b7a8e098ae7dc87bf?s=96&d=mm&r=g\",\"contentUrl\":\"https:\/\/secure.gravatar.com\/avatar\/48e3fc7f8421ba8942be6b74a2b7f014ca39bc00dece156b7a8e098ae7dc87bf?s=96&d=mm&r=g\",\"caption\":\"C.K.\"},\"url\":\"https:\/\/vosgesinfo.fr\/epinalinfo\/author\/celia-k-n\/\"}]}<\/script>\n<!-- \/ Yoast SEO plugin. -->","yoast_head_json":{"title":"Les enfants ont rendez-vous au pays de l\u2019imaginaire au parc thermal de Contrex\u00e9ville ! - Epinal Info","robots":{"index":"index","follow":"follow","max-snippet":"max-snippet:-1","max-image-preview":"max-image-preview:large","max-video-preview":"max-video-preview:-1"},"canonical":"https:\/\/vosgesinfo.fr\/epinalinfo\/2017\/04\/enfants-ont-rendez-pays-de-limaginaire-parc-thermal-de-contrexeville\/","twitter_card":"summary_large_image","twitter_title":"Les enfants ont rendez-vous au pays de l\u2019imaginaire au parc thermal de Contrex\u00e9ville ! - Epinal Info","twitter_description":"Durant une apr\u00e8s-midi, plongez-vous dans un monde merveilleux avec contes, chansons, th\u00e9\u00e2tre et du chocolat ! A l\u2019occasion des f\u00eates [&hellip;]","twitter_image":"https:\/\/vosgesinfo.fr\/app\/uploads\/sites\/3\/2024\/08\/201704spectacle-jolies-momes-6.jpg","twitter_creator":"@VosgesInfo88","twitter_site":"@VosgesInfo88","twitter_misc":{"\u00c9crit par":"C.K.","Dur\u00e9e de lecture estim\u00e9e":"2 minutes"},"schema":{"@context":"https:\/\/schema.org","@graph":[{"@type":"Article","@id":"https:\/\/vosgesinfo.fr\/epinalinfo\/2017\/04\/enfants-ont-rendez-pays-de-limaginaire-parc-thermal-de-contrexeville\/#article","isPartOf":{"@id":"https:\/\/vosgesinfo.fr\/epinalinfo\/2017\/04\/enfants-ont-rendez-pays-de-limaginaire-parc-thermal-de-contrexeville\/"},"author":{"name":"C.K.","@id":"https:\/\/vosgesinfo.fr\/epinalinfo\/#\/schema\/person\/6f9a650eeea99d969b6c4ab78fccbe81"},"headline":"Les enfants ont rendez-vous au pays de l\u2019imaginaire au parc thermal de Contrex\u00e9ville !","datePublished":"2017-04-13T03:47:38+00:00","dateModified":"2017-04-13T03:47:38+00:00","mainEntityOfPage":{"@id":"https:\/\/vosgesinfo.fr\/epinalinfo\/2017\/04\/enfants-ont-rendez-pays-de-limaginaire-parc-thermal-de-contrexeville\/"},"wordCount":432,"commentCount":0,"publisher":{"@id":"https:\/\/vosgesinfo.fr\/epinalinfo\/#organization"},"image":{"@id":"https:\/\/vosgesinfo.fr\/epinalinfo\/2017\/04\/enfants-ont-rendez-pays-de-limaginaire-parc-thermal-de-contrexeville\/#primaryimage"},"thumbnailUrl":"https:\/\/vosgesinfo.fr\/app\/uploads\/sites\/3\/2024\/08\/201704spectacle-jolies-momes-6.jpg","keywords":["Les enfants ont rendez-vous au pays de l\u2019imaginaire au parc thermal de Contrex\u00e9ville"],"articleSection":["Soci\u00e9t\u00e9","Vosges"],"inLanguage":"fr-FR","potentialAction":[{"@type":"CommentAction","name":"Comment","target":["https:\/\/vosgesinfo.fr\/epinalinfo\/2017\/04\/enfants-ont-rendez-pays-de-limaginaire-parc-thermal-de-contrexeville\/#respond"]}]},{"@type":"WebPage","@id":"https:\/\/vosgesinfo.fr\/epinalinfo\/2017\/04\/enfants-ont-rendez-pays-de-limaginaire-parc-thermal-de-contrexeville\/","url":"https:\/\/vosgesinfo.fr\/epinalinfo\/2017\/04\/enfants-ont-rendez-pays-de-limaginaire-parc-thermal-de-contrexeville\/","name":"Les enfants ont rendez-vous au pays de l\u2019imaginaire au parc thermal de Contrex\u00e9ville ! - Epinal Info","isPartOf":{"@id":"https:\/\/vosgesinfo.fr\/epinalinfo\/#website"},"primaryImageOfPage":{"@id":"https:\/\/vosgesinfo.fr\/epinalinfo\/2017\/04\/enfants-ont-rendez-pays-de-limaginaire-parc-thermal-de-contrexeville\/#primaryimage"},"image":{"@id":"https:\/\/vosgesinfo.fr\/epinalinfo\/2017\/04\/enfants-ont-rendez-pays-de-limaginaire-parc-thermal-de-contrexeville\/#primaryimage"},"thumbnailUrl":"https:\/\/vosgesinfo.fr\/app\/uploads\/sites\/3\/2024\/08\/201704spectacle-jolies-momes-6.jpg","datePublished":"2017-04-13T03:47:38+00:00","dateModified":"2017-04-13T03:47:38+00:00","breadcrumb":{"@id":"https:\/\/vosgesinfo.fr\/epinalinfo\/2017\/04\/enfants-ont-rendez-pays-de-limaginaire-parc-thermal-de-contrexeville\/#breadcrumb"},"inLanguage":"fr-FR","potentialAction":[{"@type":"ReadAction","target":["https:\/\/vosgesinfo.fr\/epinalinfo\/2017\/04\/enfants-ont-rendez-pays-de-limaginaire-parc-thermal-de-contrexeville\/"]}]},{"@type":"ImageObject","inLanguage":"fr-FR","@id":"https:\/\/vosgesinfo.fr\/epinalinfo\/2017\/04\/enfants-ont-rendez-pays-de-limaginaire-parc-thermal-de-contrexeville\/#primaryimage","url":"https:\/\/vosgesinfo.fr\/app\/uploads\/sites\/3\/2024\/08\/201704spectacle-jolies-momes-6.jpg","contentUrl":"https:\/\/vosgesinfo.fr\/app\/uploads\/sites\/3\/2024\/08\/201704spectacle-jolies-momes-6.jpg","width":800,"height":632},{"@type":"BreadcrumbList","@id":"https:\/\/vosgesinfo.fr\/epinalinfo\/2017\/04\/enfants-ont-rendez-pays-de-limaginaire-parc-thermal-de-contrexeville\/#breadcrumb","itemListElement":[{"@type":"ListItem","position":1,"name":"Home","item":"https:\/\/vosgesinfo.fr\/epinalinfo\/"},{"@type":"ListItem","position":2,"name":"Les enfants ont rendez-vous au pays de l\u2019imaginaire au parc thermal de Contrex\u00e9ville !"}]},{"@type":"WebSite","@id":"https:\/\/vosgesinfo.fr\/epinalinfo\/#website","url":"https:\/\/vosgesinfo.fr\/epinalinfo\/","name":"Epinal Info","description":"Toute l&#039;actualit\u00e9 d&#039;\u00c9pinal","publisher":{"@id":"https:\/\/vosgesinfo.fr\/epinalinfo\/#organization"},"alternateName":"Toute l'actualit\u00e9 d'\u00c9pinal","potentialAction":[{"@type":"SearchAction","target":{"@type":"EntryPoint","urlTemplate":"https:\/\/vosgesinfo.fr\/epinalinfo\/?s={search_term_string}"},"query-input":"required name=search_term_string"}],"inLanguage":"fr-FR"},{"@type":"Organization","@id":"https:\/\/vosgesinfo.fr\/epinalinfo\/#organization","name":"Epinal Info","url":"https:\/\/vosgesinfo.fr\/epinalinfo\/","logo":{"@type":"ImageObject","inLanguage":"fr-FR","@id":"https:\/\/vosgesinfo.fr\/epinalinfo\/#\/schema\/logo\/image\/","url":"https:\/\/vosgesinfo.fr\/app\/uploads\/sites\/3\/2023\/08\/logo-epinalinfos.svg","contentUrl":"https:\/\/vosgesinfo.fr\/app\/uploads\/sites\/3\/2023\/08\/logo-epinalinfos.svg","width":1,"height":1,"caption":"Epinal Info"},"image":{"@id":"https:\/\/vosgesinfo.fr\/epinalinfo\/#\/schema\/logo\/image\/"},"sameAs":["https:\/\/www.facebook.com\/Epinalinfos","https:\/\/x.com\/VosgesInfo88","https:\/\/www.youtube.com\/@vosgesinfo"]},{"@type":"Person","@id":"https:\/\/vosgesinfo.fr\/epinalinfo\/#\/schema\/person\/6f9a650eeea99d969b6c4ab78fccbe81","name":"C.K.","image":{"@type":"ImageObject","inLanguage":"fr-FR","@id":"https:\/\/vosgesinfo.fr\/epinalinfo\/#\/schema\/person\/image\/","url":"https:\/\/secure.gravatar.com\/avatar\/48e3fc7f8421ba8942be6b74a2b7f014ca39bc00dece156b7a8e098ae7dc87bf?s=96&d=mm&r=g","contentUrl":"https:\/\/secure.gravatar.com\/avatar\/48e3fc7f8421ba8942be6b74a2b7f014ca39bc00dece156b7a8e098ae7dc87bf?s=96&d=mm&r=g","caption":"C.K."},"url":"https:\/\/vosgesinfo.fr\/epinalinfo\/author\/celia-k-n\/"}]}},"_links":{"self":[{"href":"https:\/\/vosgesinfo.fr\/epinalinfo\/wp-json\/wp\/v2\/posts\/71663","targetHints":{"allow":["GET"]}}],"collection":[{"href":"https:\/\/vosgesinfo.fr\/epinalinfo\/wp-json\/wp\/v2\/posts"}],"about":[{"href":"https:\/\/vosgesinfo.fr\/epinalinfo\/wp-json\/wp\/v2\/types\/post"}],"author":[{"embeddable":true,"href":"https:\/\/vosgesinfo.fr\/epinalinfo\/wp-json\/wp\/v2\/users\/52"}],"replies":[{"embeddable":true,"href":"https:\/\/vosgesinfo.fr\/epinalinfo\/wp-json\/wp\/v2\/comments?post=71663"}],"version-history":[{"count":0,"href":"https:\/\/vosgesinfo.fr\/epinalinfo\/wp-json\/wp\/v2\/posts\/71663\/revisions"}],"wp:featuredmedia":[{"embeddable":true,"href":"https:\/\/vosgesinfo.fr\/epinalinfo\/wp-json\/wp\/v2\/media\/71664"}],"wp:attachment":[{"href":"https:\/\/vosgesinfo.fr\/epinalinfo\/wp-json\/wp\/v2\/media?parent=71663"}],"wp:term":[{"taxonomy":"category","embeddable":true,"href":"https:\/\/vosgesinfo.fr\/epinalinfo\/wp-json\/wp\/v2\/categories?post=71663"},{"taxonomy":"post_tag","embeddable":true,"href":"https:\/\/vosgesinfo.fr\/epinalinfo\/wp-json\/wp\/v2\/tags?post=71663"}],"curies":[{"name":"wp","href":"https:\/\/api.w.org\/{rel}","templated":true}]}}