{"id":71666,"date":"2017-04-13T05:37:18","date_gmt":"2017-04-13T03:37:18","guid":{"rendered":"https:\/\/vosgesinfo.fr\/epinalinfo\/2017\/04\/agglomerations-de-st-die-epinal-renforcent-leurs-liens\/"},"modified":"2017-04-13T05:37:18","modified_gmt":"2017-04-13T03:37:18","slug":"agglomerations-de-st-die-epinal-renforcent-leurs-liens","status":"publish","type":"post","link":"https:\/\/vosgesinfo.fr\/epinalinfo\/2017\/04\/agglomerations-de-st-die-epinal-renforcent-leurs-liens\/","title":{"rendered":"Les agglom\u00e9rations de St-Di\u00e9 et Epinal renforcent leurs liens"},"content":{"rendered":"<div id=\"attachment_112238\" style=\"width: 810px\" class=\"wp-caption aligncenter\"><a href=\"http:\/\/epinalinfos.fr\/2017\/04\/agglomerations-de-st-die-epinal-renforcent-leurs-liens\/visite_michel_heinrich_la_nef_02\/\" rel=\"attachment wp-att-112238\"><img decoding=\"async\" aria-describedby=\"caption-attachment-112238\" class=\"size-full wp-image-112238\" src=\"\/2017\/04\/Visite_Michel_Heinrich_La_Nef_02.jpg\" alt=\"(photographie d'archives)\" width=\"800\" height=\"765\" \/><\/a><p id=\"caption-attachment-112238\" class=\"wp-caption-text\">(photographie d&rsquo;archives)<\/p><\/div>\n<p>Ce jeudi, \u00e0 Epinal, Michel Heinrich, pr\u00e9sident de la Communaut\u00e9 d\u2019Agglom\u00e9ration d\u2019Epinal, a accueilli David Valence, pr\u00e9sident de la Communaut\u00e9 d\u2019Agglom\u00e9ration de Saint-Di\u00e9-des-Vosges.<\/p>\n<p>L\u2019objectif de cette rencontre est de renforcer les liens dans les domaines \u00e9conomique et culturel entre les deux collectivit\u00e9s les plus importantes des Vosges afin de collaborer sur des actions concr\u00e8tes.<\/p>\n<p>Dans le cadre des relations tiss\u00e9es avec le Sillon Lorrain, Michel Heinrich a d\u00e9j\u00e0 \u00e9t\u00e9 accueilli \u00e0 Saint-Di\u00e9 des Vosges pour d\u00e9couvrir les \u00e9quipements et notamment le CIRTES et l\u2019IUT.<\/p>\n","protected":false},"excerpt":{"rendered":"<p>Ce jeudi, \u00e0 Epinal, Michel Heinrich, pr\u00e9sident de la Communaut\u00e9 d\u2019Agglom\u00e9ration d\u2019Epinal, a accueilli David Valence, pr\u00e9sident de la Communaut\u00e9 [&hellip;]<\/p>\n","protected":false},"author":52,"featured_media":71667,"comment_status":"open","ping_status":"open","sticky":false,"template":"","format":"standard","meta":{"footnotes":""},"categories":[24,9],"tags":[10314],"class_list":["post-71666","post","type-post","status-publish","format-standard","has-post-thumbnail","hentry","category-epinal","category-politique","tag-les-agglomerations-de-st-die-et-epinal-renforcent-leurs-liens"],"acf":[],"yoast_head":"<!-- This site is optimized with the Yoast SEO plugin v22.5 - https:\/\/yoast.com\/wordpress\/plugins\/seo\/ -->\n<title>Les agglom\u00e9rations de St-Di\u00e9 et Epinal renforcent leurs liens - Epinal Info<\/title>\n<meta name=\"robots\" content=\"index, follow, max-snippet:-1, max-image-preview:large, max-video-preview:-1\" \/>\n<link rel=\"canonical\" href=\"https:\/\/vosgesinfo.fr\/epinalinfo\/2017\/04\/agglomerations-de-st-die-epinal-renforcent-leurs-liens\/\" \/>\n<meta name=\"twitter:card\" content=\"summary_large_image\" \/>\n<meta name=\"twitter:title\" content=\"Les agglom\u00e9rations de St-Di\u00e9 et Epinal renforcent leurs liens - Epinal Info\" \/>\n<meta name=\"twitter:description\" content=\"Ce jeudi, \u00e0 Epinal, Michel Heinrich, pr\u00e9sident de la Communaut\u00e9 d\u2019Agglom\u00e9ration d\u2019Epinal, a accueilli David Valence, pr\u00e9sident de la Communaut\u00e9 [&hellip;]\" \/>\n<meta name=\"twitter:image\" content=\"https:\/\/vosgesinfo.fr\/app\/uploads\/sites\/3\/2024\/08\/201704visite-michel-heinrich-la-nef-02.jpg\" \/>\n<meta name=\"twitter:creator\" content=\"@VosgesInfo88\" \/>\n<meta name=\"twitter:site\" content=\"@VosgesInfo88\" \/>\n<meta name=\"twitter:label1\" content=\"\u00c9crit par\" \/>\n\t<meta name=\"twitter:data1\" content=\"C.K.\" \/>\n\t<meta name=\"twitter:label2\" content=\"Dur\u00e9e de lecture estim\u00e9e\" \/>\n\t<meta name=\"twitter:data2\" content=\"1 minute\" \/>\n<script type=\"application\/ld+json\" class=\"yoast-schema-graph\">{\"@context\":\"https:\/\/schema.org\",\"@graph\":[{\"@type\":\"Article\",\"@id\":\"https:\/\/vosgesinfo.fr\/epinalinfo\/2017\/04\/agglomerations-de-st-die-epinal-renforcent-leurs-liens\/#article\",\"isPartOf\":{\"@id\":\"https:\/\/vosgesinfo.fr\/epinalinfo\/2017\/04\/agglomerations-de-st-die-epinal-renforcent-leurs-liens\/\"},\"author\":{\"name\":\"C.K.\",\"@id\":\"https:\/\/vosgesinfo.fr\/epinalinfo\/#\/schema\/person\/6f9a650eeea99d969b6c4ab78fccbe81\"},\"headline\":\"Les agglom\u00e9rations de St-Di\u00e9 et Epinal renforcent leurs liens\",\"datePublished\":\"2017-04-13T03:37:18+00:00\",\"dateModified\":\"2017-04-13T03:37:18+00:00\",\"mainEntityOfPage\":{\"@id\":\"https:\/\/vosgesinfo.fr\/epinalinfo\/2017\/04\/agglomerations-de-st-die-epinal-renforcent-leurs-liens\/\"},\"wordCount\":117,\"commentCount\":0,\"publisher\":{\"@id\":\"https:\/\/vosgesinfo.fr\/epinalinfo\/#organization\"},\"image\":{\"@id\":\"https:\/\/vosgesinfo.fr\/epinalinfo\/2017\/04\/agglomerations-de-st-die-epinal-renforcent-leurs-liens\/#primaryimage\"},\"thumbnailUrl\":\"https:\/\/vosgesinfo.fr\/app\/uploads\/sites\/3\/2024\/08\/201704visite-michel-heinrich-la-nef-02.jpg\",\"keywords\":[\"Les agglom\u00e9rations de St-Di\u00e9 et Epinal renforcent leurs liens\"],\"articleSection\":[\"Epinal\",\"Politique\"],\"inLanguage\":\"fr-FR\",\"potentialAction\":[{\"@type\":\"CommentAction\",\"name\":\"Comment\",\"target\":[\"https:\/\/vosgesinfo.fr\/epinalinfo\/2017\/04\/agglomerations-de-st-die-epinal-renforcent-leurs-liens\/#respond\"]}]},{\"@type\":\"WebPage\",\"@id\":\"https:\/\/vosgesinfo.fr\/epinalinfo\/2017\/04\/agglomerations-de-st-die-epinal-renforcent-leurs-liens\/\",\"url\":\"https:\/\/vosgesinfo.fr\/epinalinfo\/2017\/04\/agglomerations-de-st-die-epinal-renforcent-leurs-liens\/\",\"name\":\"Les agglom\u00e9rations de St-Di\u00e9 et Epinal renforcent leurs liens - Epinal Info\",\"isPartOf\":{\"@id\":\"https:\/\/vosgesinfo.fr\/epinalinfo\/#website\"},\"primaryImageOfPage\":{\"@id\":\"https:\/\/vosgesinfo.fr\/epinalinfo\/2017\/04\/agglomerations-de-st-die-epinal-renforcent-leurs-liens\/#primaryimage\"},\"image\":{\"@id\":\"https:\/\/vosgesinfo.fr\/epinalinfo\/2017\/04\/agglomerations-de-st-die-epinal-renforcent-leurs-liens\/#primaryimage\"},\"thumbnailUrl\":\"https:\/\/vosgesinfo.fr\/app\/uploads\/sites\/3\/2024\/08\/201704visite-michel-heinrich-la-nef-02.jpg\",\"datePublished\":\"2017-04-13T03:37:18+00:00\",\"dateModified\":\"2017-04-13T03:37:18+00:00\",\"breadcrumb\":{\"@id\":\"https:\/\/vosgesinfo.fr\/epinalinfo\/2017\/04\/agglomerations-de-st-die-epinal-renforcent-leurs-liens\/#breadcrumb\"},\"inLanguage\":\"fr-FR\",\"potentialAction\":[{\"@type\":\"ReadAction\",\"target\":[\"https:\/\/vosgesinfo.fr\/epinalinfo\/2017\/04\/agglomerations-de-st-die-epinal-renforcent-leurs-liens\/\"]}]},{\"@type\":\"ImageObject\",\"inLanguage\":\"fr-FR\",\"@id\":\"https:\/\/vosgesinfo.fr\/epinalinfo\/2017\/04\/agglomerations-de-st-die-epinal-renforcent-leurs-liens\/#primaryimage\",\"url\":\"https:\/\/vosgesinfo.fr\/app\/uploads\/sites\/3\/2024\/08\/201704visite-michel-heinrich-la-nef-02.jpg\",\"contentUrl\":\"https:\/\/vosgesinfo.fr\/app\/uploads\/sites\/3\/2024\/08\/201704visite-michel-heinrich-la-nef-02.jpg\",\"width\":800,\"height\":765},{\"@type\":\"BreadcrumbList\",\"@id\":\"https:\/\/vosgesinfo.fr\/epinalinfo\/2017\/04\/agglomerations-de-st-die-epinal-renforcent-leurs-liens\/#breadcrumb\",\"itemListElement\":[{\"@type\":\"ListItem\",\"position\":1,\"name\":\"Home\",\"item\":\"https:\/\/vosgesinfo.fr\/epinalinfo\/\"},{\"@type\":\"ListItem\",\"position\":2,\"name\":\"Les agglom\u00e9rations de St-Di\u00e9 et Epinal renforcent leurs liens\"}]},{\"@type\":\"WebSite\",\"@id\":\"https:\/\/vosgesinfo.fr\/epinalinfo\/#website\",\"url\":\"https:\/\/vosgesinfo.fr\/epinalinfo\/\",\"name\":\"Epinal Info\",\"description\":\"Toute l&#039;actualit\u00e9 d&#039;\u00c9pinal\",\"publisher\":{\"@id\":\"https:\/\/vosgesinfo.fr\/epinalinfo\/#organization\"},\"alternateName\":\"Toute l'actualit\u00e9 d'\u00c9pinal\",\"potentialAction\":[{\"@type\":\"SearchAction\",\"target\":{\"@type\":\"EntryPoint\",\"urlTemplate\":\"https:\/\/vosgesinfo.fr\/epinalinfo\/?s={search_term_string}\"},\"query-input\":\"required name=search_term_string\"}],\"inLanguage\":\"fr-FR\"},{\"@type\":\"Organization\",\"@id\":\"https:\/\/vosgesinfo.fr\/epinalinfo\/#organization\",\"name\":\"Epinal Info\",\"url\":\"https:\/\/vosgesinfo.fr\/epinalinfo\/\",\"logo\":{\"@type\":\"ImageObject\",\"inLanguage\":\"fr-FR\",\"@id\":\"https:\/\/vosgesinfo.fr\/epinalinfo\/#\/schema\/logo\/image\/\",\"url\":\"https:\/\/vosgesinfo.fr\/app\/uploads\/sites\/3\/2023\/08\/logo-epinalinfos.svg\",\"contentUrl\":\"https:\/\/vosgesinfo.fr\/app\/uploads\/sites\/3\/2023\/08\/logo-epinalinfos.svg\",\"width\":1,\"height\":1,\"caption\":\"Epinal Info\"},\"image\":{\"@id\":\"https:\/\/vosgesinfo.fr\/epinalinfo\/#\/schema\/logo\/image\/\"},\"sameAs\":[\"https:\/\/www.facebook.com\/Epinalinfos\",\"https:\/\/x.com\/VosgesInfo88\",\"https:\/\/www.youtube.com\/@vosgesinfo\"]},{\"@type\":\"Person\",\"@id\":\"https:\/\/vosgesinfo.fr\/epinalinfo\/#\/schema\/person\/6f9a650eeea99d969b6c4ab78fccbe81\",\"name\":\"C.K.\",\"image\":{\"@type\":\"ImageObject\",\"inLanguage\":\"fr-FR\",\"@id\":\"https:\/\/vosgesinfo.fr\/epinalinfo\/#\/schema\/person\/image\/\",\"url\":\"https:\/\/secure.gravatar.com\/avatar\/48e3fc7f8421ba8942be6b74a2b7f014ca39bc00dece156b7a8e098ae7dc87bf?s=96&d=mm&r=g\",\"contentUrl\":\"https:\/\/secure.gravatar.com\/avatar\/48e3fc7f8421ba8942be6b74a2b7f014ca39bc00dece156b7a8e098ae7dc87bf?s=96&d=mm&r=g\",\"caption\":\"C.K.\"},\"url\":\"https:\/\/vosgesinfo.fr\/epinalinfo\/author\/celia-k-n\/\"}]}<\/script>\n<!-- \/ Yoast SEO plugin. -->","yoast_head_json":{"title":"Les agglom\u00e9rations de St-Di\u00e9 et Epinal renforcent leurs liens - Epinal Info","robots":{"index":"index","follow":"follow","max-snippet":"max-snippet:-1","max-image-preview":"max-image-preview:large","max-video-preview":"max-video-preview:-1"},"canonical":"https:\/\/vosgesinfo.fr\/epinalinfo\/2017\/04\/agglomerations-de-st-die-epinal-renforcent-leurs-liens\/","twitter_card":"summary_large_image","twitter_title":"Les agglom\u00e9rations de St-Di\u00e9 et Epinal renforcent leurs liens - Epinal Info","twitter_description":"Ce jeudi, \u00e0 Epinal, Michel Heinrich, pr\u00e9sident de la Communaut\u00e9 d\u2019Agglom\u00e9ration d\u2019Epinal, a accueilli David Valence, pr\u00e9sident de la Communaut\u00e9 [&hellip;]","twitter_image":"https:\/\/vosgesinfo.fr\/app\/uploads\/sites\/3\/2024\/08\/201704visite-michel-heinrich-la-nef-02.jpg","twitter_creator":"@VosgesInfo88","twitter_site":"@VosgesInfo88","twitter_misc":{"\u00c9crit par":"C.K.","Dur\u00e9e de lecture estim\u00e9e":"1 minute"},"schema":{"@context":"https:\/\/schema.org","@graph":[{"@type":"Article","@id":"https:\/\/vosgesinfo.fr\/epinalinfo\/2017\/04\/agglomerations-de-st-die-epinal-renforcent-leurs-liens\/#article","isPartOf":{"@id":"https:\/\/vosgesinfo.fr\/epinalinfo\/2017\/04\/agglomerations-de-st-die-epinal-renforcent-leurs-liens\/"},"author":{"name":"C.K.","@id":"https:\/\/vosgesinfo.fr\/epinalinfo\/#\/schema\/person\/6f9a650eeea99d969b6c4ab78fccbe81"},"headline":"Les agglom\u00e9rations de St-Di\u00e9 et Epinal renforcent leurs liens","datePublished":"2017-04-13T03:37:18+00:00","dateModified":"2017-04-13T03:37:18+00:00","mainEntityOfPage":{"@id":"https:\/\/vosgesinfo.fr\/epinalinfo\/2017\/04\/agglomerations-de-st-die-epinal-renforcent-leurs-liens\/"},"wordCount":117,"commentCount":0,"publisher":{"@id":"https:\/\/vosgesinfo.fr\/epinalinfo\/#organization"},"image":{"@id":"https:\/\/vosgesinfo.fr\/epinalinfo\/2017\/04\/agglomerations-de-st-die-epinal-renforcent-leurs-liens\/#primaryimage"},"thumbnailUrl":"https:\/\/vosgesinfo.fr\/app\/uploads\/sites\/3\/2024\/08\/201704visite-michel-heinrich-la-nef-02.jpg","keywords":["Les agglom\u00e9rations de St-Di\u00e9 et Epinal renforcent leurs liens"],"articleSection":["Epinal","Politique"],"inLanguage":"fr-FR","potentialAction":[{"@type":"CommentAction","name":"Comment","target":["https:\/\/vosgesinfo.fr\/epinalinfo\/2017\/04\/agglomerations-de-st-die-epinal-renforcent-leurs-liens\/#respond"]}]},{"@type":"WebPage","@id":"https:\/\/vosgesinfo.fr\/epinalinfo\/2017\/04\/agglomerations-de-st-die-epinal-renforcent-leurs-liens\/","url":"https:\/\/vosgesinfo.fr\/epinalinfo\/2017\/04\/agglomerations-de-st-die-epinal-renforcent-leurs-liens\/","name":"Les agglom\u00e9rations de St-Di\u00e9 et Epinal renforcent leurs liens - Epinal Info","isPartOf":{"@id":"https:\/\/vosgesinfo.fr\/epinalinfo\/#website"},"primaryImageOfPage":{"@id":"https:\/\/vosgesinfo.fr\/epinalinfo\/2017\/04\/agglomerations-de-st-die-epinal-renforcent-leurs-liens\/#primaryimage"},"image":{"@id":"https:\/\/vosgesinfo.fr\/epinalinfo\/2017\/04\/agglomerations-de-st-die-epinal-renforcent-leurs-liens\/#primaryimage"},"thumbnailUrl":"https:\/\/vosgesinfo.fr\/app\/uploads\/sites\/3\/2024\/08\/201704visite-michel-heinrich-la-nef-02.jpg","datePublished":"2017-04-13T03:37:18+00:00","dateModified":"2017-04-13T03:37:18+00:00","breadcrumb":{"@id":"https:\/\/vosgesinfo.fr\/epinalinfo\/2017\/04\/agglomerations-de-st-die-epinal-renforcent-leurs-liens\/#breadcrumb"},"inLanguage":"fr-FR","potentialAction":[{"@type":"ReadAction","target":["https:\/\/vosgesinfo.fr\/epinalinfo\/2017\/04\/agglomerations-de-st-die-epinal-renforcent-leurs-liens\/"]}]},{"@type":"ImageObject","inLanguage":"fr-FR","@id":"https:\/\/vosgesinfo.fr\/epinalinfo\/2017\/04\/agglomerations-de-st-die-epinal-renforcent-leurs-liens\/#primaryimage","url":"https:\/\/vosgesinfo.fr\/app\/uploads\/sites\/3\/2024\/08\/201704visite-michel-heinrich-la-nef-02.jpg","contentUrl":"https:\/\/vosgesinfo.fr\/app\/uploads\/sites\/3\/2024\/08\/201704visite-michel-heinrich-la-nef-02.jpg","width":800,"height":765},{"@type":"BreadcrumbList","@id":"https:\/\/vosgesinfo.fr\/epinalinfo\/2017\/04\/agglomerations-de-st-die-epinal-renforcent-leurs-liens\/#breadcrumb","itemListElement":[{"@type":"ListItem","position":1,"name":"Home","item":"https:\/\/vosgesinfo.fr\/epinalinfo\/"},{"@type":"ListItem","position":2,"name":"Les agglom\u00e9rations de St-Di\u00e9 et Epinal renforcent leurs liens"}]},{"@type":"WebSite","@id":"https:\/\/vosgesinfo.fr\/epinalinfo\/#website","url":"https:\/\/vosgesinfo.fr\/epinalinfo\/","name":"Epinal Info","description":"Toute l&#039;actualit\u00e9 d&#039;\u00c9pinal","publisher":{"@id":"https:\/\/vosgesinfo.fr\/epinalinfo\/#organization"},"alternateName":"Toute l'actualit\u00e9 d'\u00c9pinal","potentialAction":[{"@type":"SearchAction","target":{"@type":"EntryPoint","urlTemplate":"https:\/\/vosgesinfo.fr\/epinalinfo\/?s={search_term_string}"},"query-input":"required name=search_term_string"}],"inLanguage":"fr-FR"},{"@type":"Organization","@id":"https:\/\/vosgesinfo.fr\/epinalinfo\/#organization","name":"Epinal Info","url":"https:\/\/vosgesinfo.fr\/epinalinfo\/","logo":{"@type":"ImageObject","inLanguage":"fr-FR","@id":"https:\/\/vosgesinfo.fr\/epinalinfo\/#\/schema\/logo\/image\/","url":"https:\/\/vosgesinfo.fr\/app\/uploads\/sites\/3\/2023\/08\/logo-epinalinfos.svg","contentUrl":"https:\/\/vosgesinfo.fr\/app\/uploads\/sites\/3\/2023\/08\/logo-epinalinfos.svg","width":1,"height":1,"caption":"Epinal Info"},"image":{"@id":"https:\/\/vosgesinfo.fr\/epinalinfo\/#\/schema\/logo\/image\/"},"sameAs":["https:\/\/www.facebook.com\/Epinalinfos","https:\/\/x.com\/VosgesInfo88","https:\/\/www.youtube.com\/@vosgesinfo"]},{"@type":"Person","@id":"https:\/\/vosgesinfo.fr\/epinalinfo\/#\/schema\/person\/6f9a650eeea99d969b6c4ab78fccbe81","name":"C.K.","image":{"@type":"ImageObject","inLanguage":"fr-FR","@id":"https:\/\/vosgesinfo.fr\/epinalinfo\/#\/schema\/person\/image\/","url":"https:\/\/secure.gravatar.com\/avatar\/48e3fc7f8421ba8942be6b74a2b7f014ca39bc00dece156b7a8e098ae7dc87bf?s=96&d=mm&r=g","contentUrl":"https:\/\/secure.gravatar.com\/avatar\/48e3fc7f8421ba8942be6b74a2b7f014ca39bc00dece156b7a8e098ae7dc87bf?s=96&d=mm&r=g","caption":"C.K."},"url":"https:\/\/vosgesinfo.fr\/epinalinfo\/author\/celia-k-n\/"}]}},"_links":{"self":[{"href":"https:\/\/vosgesinfo.fr\/epinalinfo\/wp-json\/wp\/v2\/posts\/71666","targetHints":{"allow":["GET"]}}],"collection":[{"href":"https:\/\/vosgesinfo.fr\/epinalinfo\/wp-json\/wp\/v2\/posts"}],"about":[{"href":"https:\/\/vosgesinfo.fr\/epinalinfo\/wp-json\/wp\/v2\/types\/post"}],"author":[{"embeddable":true,"href":"https:\/\/vosgesinfo.fr\/epinalinfo\/wp-json\/wp\/v2\/users\/52"}],"replies":[{"embeddable":true,"href":"https:\/\/vosgesinfo.fr\/epinalinfo\/wp-json\/wp\/v2\/comments?post=71666"}],"version-history":[{"count":0,"href":"https:\/\/vosgesinfo.fr\/epinalinfo\/wp-json\/wp\/v2\/posts\/71666\/revisions"}],"wp:featuredmedia":[{"embeddable":true,"href":"https:\/\/vosgesinfo.fr\/epinalinfo\/wp-json\/wp\/v2\/media\/71667"}],"wp:attachment":[{"href":"https:\/\/vosgesinfo.fr\/epinalinfo\/wp-json\/wp\/v2\/media?parent=71666"}],"wp:term":[{"taxonomy":"category","embeddable":true,"href":"https:\/\/vosgesinfo.fr\/epinalinfo\/wp-json\/wp\/v2\/categories?post=71666"},{"taxonomy":"post_tag","embeddable":true,"href":"https:\/\/vosgesinfo.fr\/epinalinfo\/wp-json\/wp\/v2\/tags?post=71666"}],"curies":[{"name":"wp","href":"https:\/\/api.w.org\/{rel}","templated":true}]}}