{"id":71684,"date":"2017-04-13T08:38:51","date_gmt":"2017-04-13T06:38:51","guid":{"rendered":"https:\/\/vosgesinfo.fr\/epinalinfo\/2017\/04\/samedi-de-paques-gourmand-musee-departemental\/"},"modified":"2017-04-13T08:38:51","modified_gmt":"2017-04-13T06:38:51","slug":"samedi-de-paques-gourmand-musee-departemental","status":"publish","type":"post","link":"https:\/\/vosgesinfo.fr\/epinalinfo\/2017\/04\/samedi-de-paques-gourmand-musee-departemental\/","title":{"rendered":"Samedi de P\u00e2ques gourmand au mus\u00e9e d\u00e9partemental !"},"content":{"rendered":"<p><strong><a href=\"http:\/\/epinalinfos.fr\/2017\/03\/musee-departemental-depinal-nouveautes-saison-2017\/p1260797-2\/\" rel=\"attachment wp-att-110665\"><img decoding=\"async\" class=\"aligncenter size-full wp-image-110665\" src=\"\/2017\/03\/P1260797.jpg\" alt=\"musee-departemental-d-art\" width=\"800\" height=\"600\" \/><\/a>Samedi 15 avril 2017<\/strong><strong>,<\/strong> venez f\u00eater P\u00e2ques en famille au mus\u00e9e d\u00e9partemental. Des animations sont propos\u00e9es de 10h30 \u00e0 12h30 et de 14h \u00e0 17h\u00a0:<\/p>\n<p>&nbsp;<\/p>\n<ul>\n<li>Retrouve Firmin le lapin, qui est pass\u00e9 par de nombreux endroits dans le mus\u00e9e avant de se cacher quelque part\u2026 Retrouve-le gr\u00e2ce \u00e0 des \u00e9nigmes et tu trouveras son tr\u00e9sor en chocolat\u00a0!<\/li>\n<\/ul>\n<ul>\n<li>Participe \u00e0 un atelier de d\u00e9coration d&rsquo;\u0153ufs, version classique, d\u00e9guis\u00e9e ou d\u00e9tourn\u00e9e\u2026<\/li>\n<\/ul>\n<ul>\n<li>Tente le jeu \u00ab\u00a0des trois \u0153ufs\u00a0\u00bb\u00a0: seul ou en \u00e9quipe, essayez d\u2019obtenir un maximum de points et de gagner des chocolats\u00a0!<\/li>\n<\/ul>\n<p>&nbsp;<\/p>\n<p><strong>Infos pratiques\u00a0:<\/strong><\/p>\n<p>De 10h30 \u00e0 12h30 et de 14h \u00e0 17h (accessible avec le billet d\u2019entr\u00e9e)<\/p>\n<p>Pour le public familial, enfants d\u00e8s 5 ans.<\/p>\n<p>&nbsp;<\/p>\n<p><strong>Mus\u00e9e d\u00e9partemental d\u2019art ancien et contemporain <\/strong><\/p>\n<p>1, place Lagarde \u2013 EPINAL<\/p>\n<p>T\u00e9l\u00e9phone\u00a0: 03 29 82 20 33 \/ Courriel\u00a0: <a href=\"mailto:musee-mdaac@vosges.fr\">musee-mdaac@vosges.fr<\/a> \/ Site\u00a0: <a href=\"http:\/\/culture.vosges.fr\">http:\/\/culture.vosges.fr<\/a><\/p>\n<p>Facebook\u00a0: <a href=\"https:\/\/www.facebook.com\/Museedepartemental\">https:\/\/www.facebook.com\/Museedepartemental<\/a><\/p>\n","protected":false},"excerpt":{"rendered":"<p>Samedi 15 avril 2017, venez f\u00eater P\u00e2ques en famille au mus\u00e9e d\u00e9partemental. Des animations sont propos\u00e9es de 10h30 \u00e0 12h30 [&hellip;]<\/p>\n","protected":false},"author":52,"featured_media":71685,"comment_status":"open","ping_status":"open","sticky":false,"template":"","format":"standard","meta":{"footnotes":""},"categories":[22,20,24],"tags":[10320],"class_list":["post-71684","post","type-post","status-publish","format-standard","has-post-thumbnail","hentry","category-a-la-une","category-divertissement","category-epinal","tag-samedi-de-paques-gourmand-au-musee-departemental"],"acf":[],"yoast_head":"<!-- This site is optimized with the Yoast SEO plugin v22.5 - https:\/\/yoast.com\/wordpress\/plugins\/seo\/ -->\n<title>Samedi de P\u00e2ques gourmand au mus\u00e9e d\u00e9partemental ! - Epinal Info<\/title>\n<meta name=\"robots\" content=\"index, follow, max-snippet:-1, max-image-preview:large, max-video-preview:-1\" \/>\n<link rel=\"canonical\" href=\"https:\/\/vosgesinfo.fr\/epinalinfo\/2017\/04\/samedi-de-paques-gourmand-musee-departemental\/\" \/>\n<meta name=\"twitter:card\" content=\"summary_large_image\" \/>\n<meta name=\"twitter:title\" content=\"Samedi de P\u00e2ques gourmand au mus\u00e9e d\u00e9partemental ! - Epinal Info\" \/>\n<meta name=\"twitter:description\" content=\"Samedi 15 avril 2017, venez f\u00eater P\u00e2ques en famille au mus\u00e9e d\u00e9partemental. Des animations sont propos\u00e9es de 10h30 \u00e0 12h30 [&hellip;]\" \/>\n<meta name=\"twitter:image\" content=\"https:\/\/vosgesinfo.fr\/app\/uploads\/sites\/3\/2024\/08\/201703p1260797-2.jpg\" \/>\n<meta name=\"twitter:creator\" content=\"@VosgesInfo88\" \/>\n<meta name=\"twitter:site\" content=\"@VosgesInfo88\" \/>\n<meta name=\"twitter:label1\" content=\"\u00c9crit par\" \/>\n\t<meta name=\"twitter:data1\" content=\"C.K.\" \/>\n\t<meta name=\"twitter:label2\" content=\"Dur\u00e9e de lecture estim\u00e9e\" \/>\n\t<meta name=\"twitter:data2\" content=\"1 minute\" \/>\n<script type=\"application\/ld+json\" class=\"yoast-schema-graph\">{\"@context\":\"https:\/\/schema.org\",\"@graph\":[{\"@type\":\"Article\",\"@id\":\"https:\/\/vosgesinfo.fr\/epinalinfo\/2017\/04\/samedi-de-paques-gourmand-musee-departemental\/#article\",\"isPartOf\":{\"@id\":\"https:\/\/vosgesinfo.fr\/epinalinfo\/2017\/04\/samedi-de-paques-gourmand-musee-departemental\/\"},\"author\":{\"name\":\"C.K.\",\"@id\":\"https:\/\/vosgesinfo.fr\/epinalinfo\/#\/schema\/person\/6f9a650eeea99d969b6c4ab78fccbe81\"},\"headline\":\"Samedi de P\u00e2ques gourmand au mus\u00e9e d\u00e9partemental !\",\"datePublished\":\"2017-04-13T06:38:51+00:00\",\"dateModified\":\"2017-04-13T06:38:51+00:00\",\"mainEntityOfPage\":{\"@id\":\"https:\/\/vosgesinfo.fr\/epinalinfo\/2017\/04\/samedi-de-paques-gourmand-musee-departemental\/\"},\"wordCount\":166,\"commentCount\":0,\"publisher\":{\"@id\":\"https:\/\/vosgesinfo.fr\/epinalinfo\/#organization\"},\"image\":{\"@id\":\"https:\/\/vosgesinfo.fr\/epinalinfo\/2017\/04\/samedi-de-paques-gourmand-musee-departemental\/#primaryimage\"},\"thumbnailUrl\":\"https:\/\/vosgesinfo.fr\/app\/uploads\/sites\/3\/2024\/08\/201703p1260797-2.jpg\",\"keywords\":[\"Samedi de P\u00e2ques gourmand au mus\u00e9e d\u00e9partemental\"],\"articleSection\":[\"A la Une\",\"Divertissement\",\"Epinal\"],\"inLanguage\":\"fr-FR\",\"potentialAction\":[{\"@type\":\"CommentAction\",\"name\":\"Comment\",\"target\":[\"https:\/\/vosgesinfo.fr\/epinalinfo\/2017\/04\/samedi-de-paques-gourmand-musee-departemental\/#respond\"]}]},{\"@type\":\"WebPage\",\"@id\":\"https:\/\/vosgesinfo.fr\/epinalinfo\/2017\/04\/samedi-de-paques-gourmand-musee-departemental\/\",\"url\":\"https:\/\/vosgesinfo.fr\/epinalinfo\/2017\/04\/samedi-de-paques-gourmand-musee-departemental\/\",\"name\":\"Samedi de P\u00e2ques gourmand au mus\u00e9e d\u00e9partemental ! - Epinal Info\",\"isPartOf\":{\"@id\":\"https:\/\/vosgesinfo.fr\/epinalinfo\/#website\"},\"primaryImageOfPage\":{\"@id\":\"https:\/\/vosgesinfo.fr\/epinalinfo\/2017\/04\/samedi-de-paques-gourmand-musee-departemental\/#primaryimage\"},\"image\":{\"@id\":\"https:\/\/vosgesinfo.fr\/epinalinfo\/2017\/04\/samedi-de-paques-gourmand-musee-departemental\/#primaryimage\"},\"thumbnailUrl\":\"https:\/\/vosgesinfo.fr\/app\/uploads\/sites\/3\/2024\/08\/201703p1260797-2.jpg\",\"datePublished\":\"2017-04-13T06:38:51+00:00\",\"dateModified\":\"2017-04-13T06:38:51+00:00\",\"breadcrumb\":{\"@id\":\"https:\/\/vosgesinfo.fr\/epinalinfo\/2017\/04\/samedi-de-paques-gourmand-musee-departemental\/#breadcrumb\"},\"inLanguage\":\"fr-FR\",\"potentialAction\":[{\"@type\":\"ReadAction\",\"target\":[\"https:\/\/vosgesinfo.fr\/epinalinfo\/2017\/04\/samedi-de-paques-gourmand-musee-departemental\/\"]}]},{\"@type\":\"ImageObject\",\"inLanguage\":\"fr-FR\",\"@id\":\"https:\/\/vosgesinfo.fr\/epinalinfo\/2017\/04\/samedi-de-paques-gourmand-musee-departemental\/#primaryimage\",\"url\":\"https:\/\/vosgesinfo.fr\/app\/uploads\/sites\/3\/2024\/08\/201703p1260797-2.jpg\",\"contentUrl\":\"https:\/\/vosgesinfo.fr\/app\/uploads\/sites\/3\/2024\/08\/201703p1260797-2.jpg\",\"width\":800,\"height\":600},{\"@type\":\"BreadcrumbList\",\"@id\":\"https:\/\/vosgesinfo.fr\/epinalinfo\/2017\/04\/samedi-de-paques-gourmand-musee-departemental\/#breadcrumb\",\"itemListElement\":[{\"@type\":\"ListItem\",\"position\":1,\"name\":\"Home\",\"item\":\"https:\/\/vosgesinfo.fr\/epinalinfo\/\"},{\"@type\":\"ListItem\",\"position\":2,\"name\":\"Samedi de P\u00e2ques gourmand au mus\u00e9e d\u00e9partemental !\"}]},{\"@type\":\"WebSite\",\"@id\":\"https:\/\/vosgesinfo.fr\/epinalinfo\/#website\",\"url\":\"https:\/\/vosgesinfo.fr\/epinalinfo\/\",\"name\":\"Epinal Info\",\"description\":\"Toute l&#039;actualit\u00e9 d&#039;\u00c9pinal\",\"publisher\":{\"@id\":\"https:\/\/vosgesinfo.fr\/epinalinfo\/#organization\"},\"alternateName\":\"Toute l'actualit\u00e9 d'\u00c9pinal\",\"potentialAction\":[{\"@type\":\"SearchAction\",\"target\":{\"@type\":\"EntryPoint\",\"urlTemplate\":\"https:\/\/vosgesinfo.fr\/epinalinfo\/?s={search_term_string}\"},\"query-input\":\"required name=search_term_string\"}],\"inLanguage\":\"fr-FR\"},{\"@type\":\"Organization\",\"@id\":\"https:\/\/vosgesinfo.fr\/epinalinfo\/#organization\",\"name\":\"Epinal Info\",\"url\":\"https:\/\/vosgesinfo.fr\/epinalinfo\/\",\"logo\":{\"@type\":\"ImageObject\",\"inLanguage\":\"fr-FR\",\"@id\":\"https:\/\/vosgesinfo.fr\/epinalinfo\/#\/schema\/logo\/image\/\",\"url\":\"https:\/\/vosgesinfo.fr\/app\/uploads\/sites\/3\/2023\/08\/logo-epinalinfos.svg\",\"contentUrl\":\"https:\/\/vosgesinfo.fr\/app\/uploads\/sites\/3\/2023\/08\/logo-epinalinfos.svg\",\"width\":1,\"height\":1,\"caption\":\"Epinal Info\"},\"image\":{\"@id\":\"https:\/\/vosgesinfo.fr\/epinalinfo\/#\/schema\/logo\/image\/\"},\"sameAs\":[\"https:\/\/www.facebook.com\/Epinalinfos\",\"https:\/\/x.com\/VosgesInfo88\",\"https:\/\/www.youtube.com\/@vosgesinfo\"]},{\"@type\":\"Person\",\"@id\":\"https:\/\/vosgesinfo.fr\/epinalinfo\/#\/schema\/person\/6f9a650eeea99d969b6c4ab78fccbe81\",\"name\":\"C.K.\",\"image\":{\"@type\":\"ImageObject\",\"inLanguage\":\"fr-FR\",\"@id\":\"https:\/\/vosgesinfo.fr\/epinalinfo\/#\/schema\/person\/image\/\",\"url\":\"https:\/\/secure.gravatar.com\/avatar\/48e3fc7f8421ba8942be6b74a2b7f014ca39bc00dece156b7a8e098ae7dc87bf?s=96&d=mm&r=g\",\"contentUrl\":\"https:\/\/secure.gravatar.com\/avatar\/48e3fc7f8421ba8942be6b74a2b7f014ca39bc00dece156b7a8e098ae7dc87bf?s=96&d=mm&r=g\",\"caption\":\"C.K.\"},\"url\":\"https:\/\/vosgesinfo.fr\/epinalinfo\/author\/celia-k-n\/\"}]}<\/script>\n<!-- \/ Yoast SEO plugin. -->","yoast_head_json":{"title":"Samedi de P\u00e2ques gourmand au mus\u00e9e d\u00e9partemental ! - Epinal Info","robots":{"index":"index","follow":"follow","max-snippet":"max-snippet:-1","max-image-preview":"max-image-preview:large","max-video-preview":"max-video-preview:-1"},"canonical":"https:\/\/vosgesinfo.fr\/epinalinfo\/2017\/04\/samedi-de-paques-gourmand-musee-departemental\/","twitter_card":"summary_large_image","twitter_title":"Samedi de P\u00e2ques gourmand au mus\u00e9e d\u00e9partemental ! - Epinal Info","twitter_description":"Samedi 15 avril 2017, venez f\u00eater P\u00e2ques en famille au mus\u00e9e d\u00e9partemental. Des animations sont propos\u00e9es de 10h30 \u00e0 12h30 [&hellip;]","twitter_image":"https:\/\/vosgesinfo.fr\/app\/uploads\/sites\/3\/2024\/08\/201703p1260797-2.jpg","twitter_creator":"@VosgesInfo88","twitter_site":"@VosgesInfo88","twitter_misc":{"\u00c9crit par":"C.K.","Dur\u00e9e de lecture estim\u00e9e":"1 minute"},"schema":{"@context":"https:\/\/schema.org","@graph":[{"@type":"Article","@id":"https:\/\/vosgesinfo.fr\/epinalinfo\/2017\/04\/samedi-de-paques-gourmand-musee-departemental\/#article","isPartOf":{"@id":"https:\/\/vosgesinfo.fr\/epinalinfo\/2017\/04\/samedi-de-paques-gourmand-musee-departemental\/"},"author":{"name":"C.K.","@id":"https:\/\/vosgesinfo.fr\/epinalinfo\/#\/schema\/person\/6f9a650eeea99d969b6c4ab78fccbe81"},"headline":"Samedi de P\u00e2ques gourmand au mus\u00e9e d\u00e9partemental !","datePublished":"2017-04-13T06:38:51+00:00","dateModified":"2017-04-13T06:38:51+00:00","mainEntityOfPage":{"@id":"https:\/\/vosgesinfo.fr\/epinalinfo\/2017\/04\/samedi-de-paques-gourmand-musee-departemental\/"},"wordCount":166,"commentCount":0,"publisher":{"@id":"https:\/\/vosgesinfo.fr\/epinalinfo\/#organization"},"image":{"@id":"https:\/\/vosgesinfo.fr\/epinalinfo\/2017\/04\/samedi-de-paques-gourmand-musee-departemental\/#primaryimage"},"thumbnailUrl":"https:\/\/vosgesinfo.fr\/app\/uploads\/sites\/3\/2024\/08\/201703p1260797-2.jpg","keywords":["Samedi de P\u00e2ques gourmand au mus\u00e9e d\u00e9partemental"],"articleSection":["A la Une","Divertissement","Epinal"],"inLanguage":"fr-FR","potentialAction":[{"@type":"CommentAction","name":"Comment","target":["https:\/\/vosgesinfo.fr\/epinalinfo\/2017\/04\/samedi-de-paques-gourmand-musee-departemental\/#respond"]}]},{"@type":"WebPage","@id":"https:\/\/vosgesinfo.fr\/epinalinfo\/2017\/04\/samedi-de-paques-gourmand-musee-departemental\/","url":"https:\/\/vosgesinfo.fr\/epinalinfo\/2017\/04\/samedi-de-paques-gourmand-musee-departemental\/","name":"Samedi de P\u00e2ques gourmand au mus\u00e9e d\u00e9partemental ! - Epinal Info","isPartOf":{"@id":"https:\/\/vosgesinfo.fr\/epinalinfo\/#website"},"primaryImageOfPage":{"@id":"https:\/\/vosgesinfo.fr\/epinalinfo\/2017\/04\/samedi-de-paques-gourmand-musee-departemental\/#primaryimage"},"image":{"@id":"https:\/\/vosgesinfo.fr\/epinalinfo\/2017\/04\/samedi-de-paques-gourmand-musee-departemental\/#primaryimage"},"thumbnailUrl":"https:\/\/vosgesinfo.fr\/app\/uploads\/sites\/3\/2024\/08\/201703p1260797-2.jpg","datePublished":"2017-04-13T06:38:51+00:00","dateModified":"2017-04-13T06:38:51+00:00","breadcrumb":{"@id":"https:\/\/vosgesinfo.fr\/epinalinfo\/2017\/04\/samedi-de-paques-gourmand-musee-departemental\/#breadcrumb"},"inLanguage":"fr-FR","potentialAction":[{"@type":"ReadAction","target":["https:\/\/vosgesinfo.fr\/epinalinfo\/2017\/04\/samedi-de-paques-gourmand-musee-departemental\/"]}]},{"@type":"ImageObject","inLanguage":"fr-FR","@id":"https:\/\/vosgesinfo.fr\/epinalinfo\/2017\/04\/samedi-de-paques-gourmand-musee-departemental\/#primaryimage","url":"https:\/\/vosgesinfo.fr\/app\/uploads\/sites\/3\/2024\/08\/201703p1260797-2.jpg","contentUrl":"https:\/\/vosgesinfo.fr\/app\/uploads\/sites\/3\/2024\/08\/201703p1260797-2.jpg","width":800,"height":600},{"@type":"BreadcrumbList","@id":"https:\/\/vosgesinfo.fr\/epinalinfo\/2017\/04\/samedi-de-paques-gourmand-musee-departemental\/#breadcrumb","itemListElement":[{"@type":"ListItem","position":1,"name":"Home","item":"https:\/\/vosgesinfo.fr\/epinalinfo\/"},{"@type":"ListItem","position":2,"name":"Samedi de P\u00e2ques gourmand au mus\u00e9e d\u00e9partemental !"}]},{"@type":"WebSite","@id":"https:\/\/vosgesinfo.fr\/epinalinfo\/#website","url":"https:\/\/vosgesinfo.fr\/epinalinfo\/","name":"Epinal Info","description":"Toute l&#039;actualit\u00e9 d&#039;\u00c9pinal","publisher":{"@id":"https:\/\/vosgesinfo.fr\/epinalinfo\/#organization"},"alternateName":"Toute l'actualit\u00e9 d'\u00c9pinal","potentialAction":[{"@type":"SearchAction","target":{"@type":"EntryPoint","urlTemplate":"https:\/\/vosgesinfo.fr\/epinalinfo\/?s={search_term_string}"},"query-input":"required name=search_term_string"}],"inLanguage":"fr-FR"},{"@type":"Organization","@id":"https:\/\/vosgesinfo.fr\/epinalinfo\/#organization","name":"Epinal Info","url":"https:\/\/vosgesinfo.fr\/epinalinfo\/","logo":{"@type":"ImageObject","inLanguage":"fr-FR","@id":"https:\/\/vosgesinfo.fr\/epinalinfo\/#\/schema\/logo\/image\/","url":"https:\/\/vosgesinfo.fr\/app\/uploads\/sites\/3\/2023\/08\/logo-epinalinfos.svg","contentUrl":"https:\/\/vosgesinfo.fr\/app\/uploads\/sites\/3\/2023\/08\/logo-epinalinfos.svg","width":1,"height":1,"caption":"Epinal Info"},"image":{"@id":"https:\/\/vosgesinfo.fr\/epinalinfo\/#\/schema\/logo\/image\/"},"sameAs":["https:\/\/www.facebook.com\/Epinalinfos","https:\/\/x.com\/VosgesInfo88","https:\/\/www.youtube.com\/@vosgesinfo"]},{"@type":"Person","@id":"https:\/\/vosgesinfo.fr\/epinalinfo\/#\/schema\/person\/6f9a650eeea99d969b6c4ab78fccbe81","name":"C.K.","image":{"@type":"ImageObject","inLanguage":"fr-FR","@id":"https:\/\/vosgesinfo.fr\/epinalinfo\/#\/schema\/person\/image\/","url":"https:\/\/secure.gravatar.com\/avatar\/48e3fc7f8421ba8942be6b74a2b7f014ca39bc00dece156b7a8e098ae7dc87bf?s=96&d=mm&r=g","contentUrl":"https:\/\/secure.gravatar.com\/avatar\/48e3fc7f8421ba8942be6b74a2b7f014ca39bc00dece156b7a8e098ae7dc87bf?s=96&d=mm&r=g","caption":"C.K."},"url":"https:\/\/vosgesinfo.fr\/epinalinfo\/author\/celia-k-n\/"}]}},"_links":{"self":[{"href":"https:\/\/vosgesinfo.fr\/epinalinfo\/wp-json\/wp\/v2\/posts\/71684","targetHints":{"allow":["GET"]}}],"collection":[{"href":"https:\/\/vosgesinfo.fr\/epinalinfo\/wp-json\/wp\/v2\/posts"}],"about":[{"href":"https:\/\/vosgesinfo.fr\/epinalinfo\/wp-json\/wp\/v2\/types\/post"}],"author":[{"embeddable":true,"href":"https:\/\/vosgesinfo.fr\/epinalinfo\/wp-json\/wp\/v2\/users\/52"}],"replies":[{"embeddable":true,"href":"https:\/\/vosgesinfo.fr\/epinalinfo\/wp-json\/wp\/v2\/comments?post=71684"}],"version-history":[{"count":0,"href":"https:\/\/vosgesinfo.fr\/epinalinfo\/wp-json\/wp\/v2\/posts\/71684\/revisions"}],"wp:featuredmedia":[{"embeddable":true,"href":"https:\/\/vosgesinfo.fr\/epinalinfo\/wp-json\/wp\/v2\/media\/71685"}],"wp:attachment":[{"href":"https:\/\/vosgesinfo.fr\/epinalinfo\/wp-json\/wp\/v2\/media?parent=71684"}],"wp:term":[{"taxonomy":"category","embeddable":true,"href":"https:\/\/vosgesinfo.fr\/epinalinfo\/wp-json\/wp\/v2\/categories?post=71684"},{"taxonomy":"post_tag","embeddable":true,"href":"https:\/\/vosgesinfo.fr\/epinalinfo\/wp-json\/wp\/v2\/tags?post=71684"}],"curies":[{"name":"wp","href":"https:\/\/api.w.org\/{rel}","templated":true}]}}