{"id":71694,"date":"2017-04-13T08:41:11","date_gmt":"2017-04-13T06:41:11","guid":{"rendered":"https:\/\/vosgesinfo.fr\/epinalinfo\/2017\/04\/casting-aux-animaux-guerre-roles-adultes\/"},"modified":"2017-04-13T08:41:11","modified_gmt":"2017-04-13T06:41:11","slug":"casting-aux-animaux-guerre-roles-adultes","status":"publish","type":"post","link":"https:\/\/vosgesinfo.fr\/epinalinfo\/2017\/04\/casting-aux-animaux-guerre-roles-adultes\/","title":{"rendered":"Casting \u00ab Aux animaux la guerre \u00bb : r\u00f4les adultes"},"content":{"rendered":"<h2><a href=\"http:\/\/epinalinfos.fr\/2016\/07\/serie-zone-blanche-recherche-garcon-de-8-12-ans-role\/camera-1378221_960_720\/\" rel=\"attachment wp-att-97177\"><img decoding=\"async\" class=\"aligncenter size-full wp-image-97177\" src=\"\/2016\/07\/camera-1378221_960_720.jpg\" alt=\"camera-1378221_960_720\" width=\"800\" height=\"562\" \/><\/a>Pour les besoins de la s\u00e9rie \u00ab\u00a0Aux animaux la guerre\u00a0\u00bb r\u00e9alis\u00e9e par Alain Tasma et produite par Europacorp pour France 3, la production recherche :<\/h2>\n<p>*R\u00f4le Madame : une jeune femme brune d\u2019allure dynamique \u00e2g\u00e9e d\u2019une trentaine d\u2019ann\u00e9es (mettre en objet : R\u00f4le Madame).<\/p>\n<p>*R\u00f4les d\u2019ouvriers : des hommes \u00e2g\u00e9s de 30 \u00e0 45 ans de toutes origines et des hommes \u00e2g\u00e9s de plus de 55 ans (mettre en objet : ROLES OUVRIERS et ROLES OUVRIERS 55 pour les plus de 55 ans).<\/p>\n<p>*R\u00f4le patron de bar : un homme au physique atypique (mettre en objet : R\u00f4le patron de bar).<\/p>\n<p>Pour postuler, merci d\u2019envoyer avant le 26 avril vos coordonn\u00e9es (adresse, t\u00e9l\u00e9phone, mail) + nom, pr\u00e9nom, date de naissance, taille + 2 photos comprenant un portrait avec sourire et une photo en pied sans sourire + CV CV en pr\u00e9cisant si vous avez une exp\u00e9rience en th\u00e9\u00e2tre ou tournage \u00e0 : castings.animauxlaguerre@gmail.com<br \/>\nIl est n\u00e9cessaire d\u2019\u00eatre disponible pour un \u00e0 plusieurs jours de tournages entre le 11 et le 31 mai 2017. Tournage en R\u00e9gion Grand Est.<br \/>\n\u2013 \u2013 \u2013 \u2013 \u2013 \u2013 \u2013 \u2013 \u2013 \u2013<br \/>\nLe Bureau d\u2019accueil des tournages Grand Est se fait le relais de cette annonce. Celle-ci rel\u00e8ve de la responsabilit\u00e9 de l\u2019annonceur. Merci de prendre contact \u00e0 l\u2019adresse indiqu\u00e9e pour toute demande concernant le casting.<\/p>\n","protected":false},"excerpt":{"rendered":"<p>Pour les besoins de la s\u00e9rie \u00ab\u00a0Aux animaux la guerre\u00a0\u00bb r\u00e9alis\u00e9e par Alain Tasma et produite par Europacorp pour France [&hellip;]<\/p>\n","protected":false},"author":52,"featured_media":13807,"comment_status":"open","ping_status":"open","sticky":false,"template":"","format":"standard","meta":{"footnotes":""},"categories":[2,5],"tags":[10322],"class_list":["post-71694","post","type-post","status-publish","format-standard","has-post-thumbnail","hentry","category-breves","category-vosges","tag-casting-aux-animaux-la-guerre-roles-adultes"],"acf":[],"yoast_head":"<!-- This site is optimized with the Yoast SEO plugin v22.5 - https:\/\/yoast.com\/wordpress\/plugins\/seo\/ -->\n<title>Casting \u00ab Aux animaux la guerre \u00bb : r\u00f4les adultes - Epinal Info<\/title>\n<meta name=\"robots\" content=\"index, follow, max-snippet:-1, max-image-preview:large, max-video-preview:-1\" \/>\n<link rel=\"canonical\" href=\"https:\/\/vosgesinfo.fr\/epinalinfo\/2017\/04\/casting-aux-animaux-guerre-roles-adultes\/\" \/>\n<meta name=\"twitter:card\" content=\"summary_large_image\" \/>\n<meta name=\"twitter:title\" content=\"Casting \u00ab Aux animaux la guerre \u00bb : r\u00f4les adultes - Epinal Info\" \/>\n<meta name=\"twitter:description\" content=\"Pour les besoins de la s\u00e9rie \u00ab\u00a0Aux animaux la guerre\u00a0\u00bb r\u00e9alis\u00e9e par Alain Tasma et produite par Europacorp pour France [&hellip;]\" \/>\n<meta name=\"twitter:image\" content=\"https:\/\/vosgesinfo.fr\/app\/uploads\/sites\/3\/2016\/07\/camera-1378221-960-720.jpg\" \/>\n<meta name=\"twitter:creator\" content=\"@VosgesInfo88\" \/>\n<meta name=\"twitter:site\" content=\"@VosgesInfo88\" \/>\n<meta name=\"twitter:label1\" content=\"\u00c9crit par\" \/>\n\t<meta name=\"twitter:data1\" content=\"C.K.\" \/>\n\t<meta name=\"twitter:label2\" content=\"Dur\u00e9e de lecture estim\u00e9e\" \/>\n\t<meta name=\"twitter:data2\" content=\"1 minute\" \/>\n<script type=\"application\/ld+json\" class=\"yoast-schema-graph\">{\"@context\":\"https:\/\/schema.org\",\"@graph\":[{\"@type\":\"Article\",\"@id\":\"https:\/\/vosgesinfo.fr\/epinalinfo\/2017\/04\/casting-aux-animaux-guerre-roles-adultes\/#article\",\"isPartOf\":{\"@id\":\"https:\/\/vosgesinfo.fr\/epinalinfo\/2017\/04\/casting-aux-animaux-guerre-roles-adultes\/\"},\"author\":{\"name\":\"C.K.\",\"@id\":\"https:\/\/vosgesinfo.fr\/epinalinfo\/#\/schema\/person\/6f9a650eeea99d969b6c4ab78fccbe81\"},\"headline\":\"Casting \u00ab Aux animaux la guerre \u00bb : r\u00f4les adultes\",\"datePublished\":\"2017-04-13T06:41:11+00:00\",\"dateModified\":\"2017-04-13T06:41:11+00:00\",\"mainEntityOfPage\":{\"@id\":\"https:\/\/vosgesinfo.fr\/epinalinfo\/2017\/04\/casting-aux-animaux-guerre-roles-adultes\/\"},\"wordCount\":229,\"commentCount\":0,\"publisher\":{\"@id\":\"https:\/\/vosgesinfo.fr\/epinalinfo\/#organization\"},\"image\":{\"@id\":\"https:\/\/vosgesinfo.fr\/epinalinfo\/2017\/04\/casting-aux-animaux-guerre-roles-adultes\/#primaryimage\"},\"thumbnailUrl\":\"https:\/\/vosgesinfo.fr\/app\/uploads\/sites\/3\/2016\/07\/camera-1378221-960-720.jpg\",\"keywords\":[\"Casting \u00ab Aux animaux la guerre \u00bb : r\u00f4les adultes\"],\"articleSection\":[\"Br\u00e8ves\",\"Vosges\"],\"inLanguage\":\"fr-FR\",\"potentialAction\":[{\"@type\":\"CommentAction\",\"name\":\"Comment\",\"target\":[\"https:\/\/vosgesinfo.fr\/epinalinfo\/2017\/04\/casting-aux-animaux-guerre-roles-adultes\/#respond\"]}]},{\"@type\":\"WebPage\",\"@id\":\"https:\/\/vosgesinfo.fr\/epinalinfo\/2017\/04\/casting-aux-animaux-guerre-roles-adultes\/\",\"url\":\"https:\/\/vosgesinfo.fr\/epinalinfo\/2017\/04\/casting-aux-animaux-guerre-roles-adultes\/\",\"name\":\"Casting \u00ab Aux animaux la guerre \u00bb : r\u00f4les adultes - Epinal Info\",\"isPartOf\":{\"@id\":\"https:\/\/vosgesinfo.fr\/epinalinfo\/#website\"},\"primaryImageOfPage\":{\"@id\":\"https:\/\/vosgesinfo.fr\/epinalinfo\/2017\/04\/casting-aux-animaux-guerre-roles-adultes\/#primaryimage\"},\"image\":{\"@id\":\"https:\/\/vosgesinfo.fr\/epinalinfo\/2017\/04\/casting-aux-animaux-guerre-roles-adultes\/#primaryimage\"},\"thumbnailUrl\":\"https:\/\/vosgesinfo.fr\/app\/uploads\/sites\/3\/2016\/07\/camera-1378221-960-720.jpg\",\"datePublished\":\"2017-04-13T06:41:11+00:00\",\"dateModified\":\"2017-04-13T06:41:11+00:00\",\"breadcrumb\":{\"@id\":\"https:\/\/vosgesinfo.fr\/epinalinfo\/2017\/04\/casting-aux-animaux-guerre-roles-adultes\/#breadcrumb\"},\"inLanguage\":\"fr-FR\",\"potentialAction\":[{\"@type\":\"ReadAction\",\"target\":[\"https:\/\/vosgesinfo.fr\/epinalinfo\/2017\/04\/casting-aux-animaux-guerre-roles-adultes\/\"]}]},{\"@type\":\"ImageObject\",\"inLanguage\":\"fr-FR\",\"@id\":\"https:\/\/vosgesinfo.fr\/epinalinfo\/2017\/04\/casting-aux-animaux-guerre-roles-adultes\/#primaryimage\",\"url\":\"https:\/\/vosgesinfo.fr\/app\/uploads\/sites\/3\/2016\/07\/camera-1378221-960-720.jpg\",\"contentUrl\":\"https:\/\/vosgesinfo.fr\/app\/uploads\/sites\/3\/2016\/07\/camera-1378221-960-720.jpg\"},{\"@type\":\"BreadcrumbList\",\"@id\":\"https:\/\/vosgesinfo.fr\/epinalinfo\/2017\/04\/casting-aux-animaux-guerre-roles-adultes\/#breadcrumb\",\"itemListElement\":[{\"@type\":\"ListItem\",\"position\":1,\"name\":\"Home\",\"item\":\"https:\/\/vosgesinfo.fr\/epinalinfo\/\"},{\"@type\":\"ListItem\",\"position\":2,\"name\":\"Casting \u00ab Aux animaux la guerre \u00bb : r\u00f4les adultes\"}]},{\"@type\":\"WebSite\",\"@id\":\"https:\/\/vosgesinfo.fr\/epinalinfo\/#website\",\"url\":\"https:\/\/vosgesinfo.fr\/epinalinfo\/\",\"name\":\"Epinal Info\",\"description\":\"Toute l&#039;actualit\u00e9 d&#039;\u00c9pinal\",\"publisher\":{\"@id\":\"https:\/\/vosgesinfo.fr\/epinalinfo\/#organization\"},\"alternateName\":\"Toute l'actualit\u00e9 d'\u00c9pinal\",\"potentialAction\":[{\"@type\":\"SearchAction\",\"target\":{\"@type\":\"EntryPoint\",\"urlTemplate\":\"https:\/\/vosgesinfo.fr\/epinalinfo\/?s={search_term_string}\"},\"query-input\":\"required name=search_term_string\"}],\"inLanguage\":\"fr-FR\"},{\"@type\":\"Organization\",\"@id\":\"https:\/\/vosgesinfo.fr\/epinalinfo\/#organization\",\"name\":\"Epinal Info\",\"url\":\"https:\/\/vosgesinfo.fr\/epinalinfo\/\",\"logo\":{\"@type\":\"ImageObject\",\"inLanguage\":\"fr-FR\",\"@id\":\"https:\/\/vosgesinfo.fr\/epinalinfo\/#\/schema\/logo\/image\/\",\"url\":\"https:\/\/vosgesinfo.fr\/app\/uploads\/sites\/3\/2023\/08\/logo-epinalinfos.svg\",\"contentUrl\":\"https:\/\/vosgesinfo.fr\/app\/uploads\/sites\/3\/2023\/08\/logo-epinalinfos.svg\",\"width\":1,\"height\":1,\"caption\":\"Epinal Info\"},\"image\":{\"@id\":\"https:\/\/vosgesinfo.fr\/epinalinfo\/#\/schema\/logo\/image\/\"},\"sameAs\":[\"https:\/\/www.facebook.com\/Epinalinfos\",\"https:\/\/x.com\/VosgesInfo88\",\"https:\/\/www.youtube.com\/@vosgesinfo\"]},{\"@type\":\"Person\",\"@id\":\"https:\/\/vosgesinfo.fr\/epinalinfo\/#\/schema\/person\/6f9a650eeea99d969b6c4ab78fccbe81\",\"name\":\"C.K.\",\"image\":{\"@type\":\"ImageObject\",\"inLanguage\":\"fr-FR\",\"@id\":\"https:\/\/vosgesinfo.fr\/epinalinfo\/#\/schema\/person\/image\/\",\"url\":\"https:\/\/secure.gravatar.com\/avatar\/48e3fc7f8421ba8942be6b74a2b7f014ca39bc00dece156b7a8e098ae7dc87bf?s=96&d=mm&r=g\",\"contentUrl\":\"https:\/\/secure.gravatar.com\/avatar\/48e3fc7f8421ba8942be6b74a2b7f014ca39bc00dece156b7a8e098ae7dc87bf?s=96&d=mm&r=g\",\"caption\":\"C.K.\"},\"url\":\"https:\/\/vosgesinfo.fr\/epinalinfo\/author\/celia-k-n\/\"}]}<\/script>\n<!-- \/ Yoast SEO plugin. -->","yoast_head_json":{"title":"Casting \u00ab Aux animaux la guerre \u00bb : r\u00f4les adultes - Epinal Info","robots":{"index":"index","follow":"follow","max-snippet":"max-snippet:-1","max-image-preview":"max-image-preview:large","max-video-preview":"max-video-preview:-1"},"canonical":"https:\/\/vosgesinfo.fr\/epinalinfo\/2017\/04\/casting-aux-animaux-guerre-roles-adultes\/","twitter_card":"summary_large_image","twitter_title":"Casting \u00ab Aux animaux la guerre \u00bb : r\u00f4les adultes - Epinal Info","twitter_description":"Pour les besoins de la s\u00e9rie \u00ab\u00a0Aux animaux la guerre\u00a0\u00bb r\u00e9alis\u00e9e par Alain Tasma et produite par Europacorp pour France [&hellip;]","twitter_image":"https:\/\/vosgesinfo.fr\/app\/uploads\/sites\/3\/2016\/07\/camera-1378221-960-720.jpg","twitter_creator":"@VosgesInfo88","twitter_site":"@VosgesInfo88","twitter_misc":{"\u00c9crit par":"C.K.","Dur\u00e9e de lecture estim\u00e9e":"1 minute"},"schema":{"@context":"https:\/\/schema.org","@graph":[{"@type":"Article","@id":"https:\/\/vosgesinfo.fr\/epinalinfo\/2017\/04\/casting-aux-animaux-guerre-roles-adultes\/#article","isPartOf":{"@id":"https:\/\/vosgesinfo.fr\/epinalinfo\/2017\/04\/casting-aux-animaux-guerre-roles-adultes\/"},"author":{"name":"C.K.","@id":"https:\/\/vosgesinfo.fr\/epinalinfo\/#\/schema\/person\/6f9a650eeea99d969b6c4ab78fccbe81"},"headline":"Casting \u00ab Aux animaux la guerre \u00bb : r\u00f4les adultes","datePublished":"2017-04-13T06:41:11+00:00","dateModified":"2017-04-13T06:41:11+00:00","mainEntityOfPage":{"@id":"https:\/\/vosgesinfo.fr\/epinalinfo\/2017\/04\/casting-aux-animaux-guerre-roles-adultes\/"},"wordCount":229,"commentCount":0,"publisher":{"@id":"https:\/\/vosgesinfo.fr\/epinalinfo\/#organization"},"image":{"@id":"https:\/\/vosgesinfo.fr\/epinalinfo\/2017\/04\/casting-aux-animaux-guerre-roles-adultes\/#primaryimage"},"thumbnailUrl":"https:\/\/vosgesinfo.fr\/app\/uploads\/sites\/3\/2016\/07\/camera-1378221-960-720.jpg","keywords":["Casting \u00ab Aux animaux la guerre \u00bb : r\u00f4les adultes"],"articleSection":["Br\u00e8ves","Vosges"],"inLanguage":"fr-FR","potentialAction":[{"@type":"CommentAction","name":"Comment","target":["https:\/\/vosgesinfo.fr\/epinalinfo\/2017\/04\/casting-aux-animaux-guerre-roles-adultes\/#respond"]}]},{"@type":"WebPage","@id":"https:\/\/vosgesinfo.fr\/epinalinfo\/2017\/04\/casting-aux-animaux-guerre-roles-adultes\/","url":"https:\/\/vosgesinfo.fr\/epinalinfo\/2017\/04\/casting-aux-animaux-guerre-roles-adultes\/","name":"Casting \u00ab Aux animaux la guerre \u00bb : r\u00f4les adultes - Epinal Info","isPartOf":{"@id":"https:\/\/vosgesinfo.fr\/epinalinfo\/#website"},"primaryImageOfPage":{"@id":"https:\/\/vosgesinfo.fr\/epinalinfo\/2017\/04\/casting-aux-animaux-guerre-roles-adultes\/#primaryimage"},"image":{"@id":"https:\/\/vosgesinfo.fr\/epinalinfo\/2017\/04\/casting-aux-animaux-guerre-roles-adultes\/#primaryimage"},"thumbnailUrl":"https:\/\/vosgesinfo.fr\/app\/uploads\/sites\/3\/2016\/07\/camera-1378221-960-720.jpg","datePublished":"2017-04-13T06:41:11+00:00","dateModified":"2017-04-13T06:41:11+00:00","breadcrumb":{"@id":"https:\/\/vosgesinfo.fr\/epinalinfo\/2017\/04\/casting-aux-animaux-guerre-roles-adultes\/#breadcrumb"},"inLanguage":"fr-FR","potentialAction":[{"@type":"ReadAction","target":["https:\/\/vosgesinfo.fr\/epinalinfo\/2017\/04\/casting-aux-animaux-guerre-roles-adultes\/"]}]},{"@type":"ImageObject","inLanguage":"fr-FR","@id":"https:\/\/vosgesinfo.fr\/epinalinfo\/2017\/04\/casting-aux-animaux-guerre-roles-adultes\/#primaryimage","url":"https:\/\/vosgesinfo.fr\/app\/uploads\/sites\/3\/2016\/07\/camera-1378221-960-720.jpg","contentUrl":"https:\/\/vosgesinfo.fr\/app\/uploads\/sites\/3\/2016\/07\/camera-1378221-960-720.jpg"},{"@type":"BreadcrumbList","@id":"https:\/\/vosgesinfo.fr\/epinalinfo\/2017\/04\/casting-aux-animaux-guerre-roles-adultes\/#breadcrumb","itemListElement":[{"@type":"ListItem","position":1,"name":"Home","item":"https:\/\/vosgesinfo.fr\/epinalinfo\/"},{"@type":"ListItem","position":2,"name":"Casting \u00ab Aux animaux la guerre \u00bb : r\u00f4les adultes"}]},{"@type":"WebSite","@id":"https:\/\/vosgesinfo.fr\/epinalinfo\/#website","url":"https:\/\/vosgesinfo.fr\/epinalinfo\/","name":"Epinal Info","description":"Toute l&#039;actualit\u00e9 d&#039;\u00c9pinal","publisher":{"@id":"https:\/\/vosgesinfo.fr\/epinalinfo\/#organization"},"alternateName":"Toute l'actualit\u00e9 d'\u00c9pinal","potentialAction":[{"@type":"SearchAction","target":{"@type":"EntryPoint","urlTemplate":"https:\/\/vosgesinfo.fr\/epinalinfo\/?s={search_term_string}"},"query-input":"required name=search_term_string"}],"inLanguage":"fr-FR"},{"@type":"Organization","@id":"https:\/\/vosgesinfo.fr\/epinalinfo\/#organization","name":"Epinal Info","url":"https:\/\/vosgesinfo.fr\/epinalinfo\/","logo":{"@type":"ImageObject","inLanguage":"fr-FR","@id":"https:\/\/vosgesinfo.fr\/epinalinfo\/#\/schema\/logo\/image\/","url":"https:\/\/vosgesinfo.fr\/app\/uploads\/sites\/3\/2023\/08\/logo-epinalinfos.svg","contentUrl":"https:\/\/vosgesinfo.fr\/app\/uploads\/sites\/3\/2023\/08\/logo-epinalinfos.svg","width":1,"height":1,"caption":"Epinal Info"},"image":{"@id":"https:\/\/vosgesinfo.fr\/epinalinfo\/#\/schema\/logo\/image\/"},"sameAs":["https:\/\/www.facebook.com\/Epinalinfos","https:\/\/x.com\/VosgesInfo88","https:\/\/www.youtube.com\/@vosgesinfo"]},{"@type":"Person","@id":"https:\/\/vosgesinfo.fr\/epinalinfo\/#\/schema\/person\/6f9a650eeea99d969b6c4ab78fccbe81","name":"C.K.","image":{"@type":"ImageObject","inLanguage":"fr-FR","@id":"https:\/\/vosgesinfo.fr\/epinalinfo\/#\/schema\/person\/image\/","url":"https:\/\/secure.gravatar.com\/avatar\/48e3fc7f8421ba8942be6b74a2b7f014ca39bc00dece156b7a8e098ae7dc87bf?s=96&d=mm&r=g","contentUrl":"https:\/\/secure.gravatar.com\/avatar\/48e3fc7f8421ba8942be6b74a2b7f014ca39bc00dece156b7a8e098ae7dc87bf?s=96&d=mm&r=g","caption":"C.K."},"url":"https:\/\/vosgesinfo.fr\/epinalinfo\/author\/celia-k-n\/"}]}},"_links":{"self":[{"href":"https:\/\/vosgesinfo.fr\/epinalinfo\/wp-json\/wp\/v2\/posts\/71694","targetHints":{"allow":["GET"]}}],"collection":[{"href":"https:\/\/vosgesinfo.fr\/epinalinfo\/wp-json\/wp\/v2\/posts"}],"about":[{"href":"https:\/\/vosgesinfo.fr\/epinalinfo\/wp-json\/wp\/v2\/types\/post"}],"author":[{"embeddable":true,"href":"https:\/\/vosgesinfo.fr\/epinalinfo\/wp-json\/wp\/v2\/users\/52"}],"replies":[{"embeddable":true,"href":"https:\/\/vosgesinfo.fr\/epinalinfo\/wp-json\/wp\/v2\/comments?post=71694"}],"version-history":[{"count":0,"href":"https:\/\/vosgesinfo.fr\/epinalinfo\/wp-json\/wp\/v2\/posts\/71694\/revisions"}],"wp:featuredmedia":[{"embeddable":true,"href":"https:\/\/vosgesinfo.fr\/epinalinfo\/wp-json\/wp\/v2\/media\/13807"}],"wp:attachment":[{"href":"https:\/\/vosgesinfo.fr\/epinalinfo\/wp-json\/wp\/v2\/media?parent=71694"}],"wp:term":[{"taxonomy":"category","embeddable":true,"href":"https:\/\/vosgesinfo.fr\/epinalinfo\/wp-json\/wp\/v2\/categories?post=71694"},{"taxonomy":"post_tag","embeddable":true,"href":"https:\/\/vosgesinfo.fr\/epinalinfo\/wp-json\/wp\/v2\/tags?post=71694"}],"curies":[{"name":"wp","href":"https:\/\/api.w.org\/{rel}","templated":true}]}}