{"id":71899,"date":"2017-04-21T14:16:37","date_gmt":"2017-04-21T12:16:37","guid":{"rendered":"https:\/\/vosgesinfo.fr\/epinalinfo\/2017\/04\/ramene-science-a-lespe-depinal\/"},"modified":"2017-04-21T14:16:37","modified_gmt":"2017-04-21T12:16:37","slug":"ramene-science-a-lespe-depinal","status":"publish","type":"post","link":"https:\/\/vosgesinfo.fr\/epinalinfo\/2017\/04\/ramene-science-a-lespe-depinal\/","title":{"rendered":"Ram\u00e8ne ta science \u00e0 l\u2019ESPE d\u2019Epinal"},"content":{"rendered":"<h4><a href=\"http:\/\/epinalinfos.fr\/2017\/04\/ramene-science-a-lespe-depinal\/sans-titre-381\/\" rel=\"attachment wp-att-112568\"><img decoding=\"async\" class=\"aligncenter size-full wp-image-112568\" src=\"\/2017\/04\/Sans-titre4.jpg\" alt=\"Sans titre\" width=\"705\" height=\"472\" \/><\/a>La 7\u00e8me \u00e9dition de la restitution\u00a0ASTEP\u00a0(Accompagnement en Science et Technologie \u00e0 l&rsquo;\u00c9cole Primaire), aura lieu cette ann\u00e9e les jeudi 27 et vendredi 28 avril 2017\u00a0(9h-11h) \u00e0 l&rsquo;ESP\u00c9 de Lorraine. Deux journ\u00e9es de pr\u00e9sentation d\u2019exp\u00e9riences scientifiques par les \u00e9l\u00e8ves des \u00e9coles primaires, accompagn\u00e9s par des \u00e9tudiants de l\u2019Universit\u00e9 de Lorraine<strong>. <\/strong><\/h4>\n<p>33 classes, soit pr\u00e8s de 850 \u00e9l\u00e8ves d\u2019\u00e9coles primaires des Vosges, sont attendues pour pr\u00e9senter leurs projets scientifiques. Il s\u2019agit de la restitution des activit\u00e9s r\u00e9alis\u00e9es en classe dans le cadre du dispositif national ASTEP (Accompagnement en Science et Technologie \u00e0 l\u2019\u00c9cole Primaire) initi\u00e9 par l\u2019Acad\u00e9mie des sciences et pilot\u00e9 en Lorraine par la Maison pour la science. C\u2019est une v\u00e9ritable rencontre entre le monde de la recherche et le milieu scolaire. Les \u00e9tudiants de l\u2019Universit\u00e9 de Lorraine et en particulier de l&rsquo;ESP\u00c9 (\u00c9cole Sup\u00e9rieure de Professorat et d\u2019\u00c9ducation) ont accompagn\u00e9 les \u00e9l\u00e8ves tout au long de leur projet et leur ont permis de se familiariser \u00e0 l\u2019univers scientifique. Aid\u00e9s de leurs professeurs et tuteurs, les \u00e9l\u00e8ves ont travaill\u00e9 sur diff\u00e9rents projets qu\u2019ils ont men\u00e9s durant plusieurs mois en classe. Exp\u00e9riences, maquettes, posters sont pr\u00e9sent\u00e9s sous forme de stands et d\u2019ateliers.<\/p>\n<h3>\u00a0Sensibiliser les jeunes aux sciences et \u00e0 la technologie<\/h3>\n<p>Depuis plusieurs ann\u00e9es, l\u2019Universit\u00e9 de Lorraine et le Rectorat de l\u2019Acad\u00e9mie de Nancy-Metz d\u00e9veloppent des actions destin\u00e9es \u00e0\u00a0sensibiliser les jeunes aux sciences et \u00e0 la technologie. L\u2019accompagnement scientifique et technologique \u00e0 l\u2019\u00e9cole primaire dans l\u2019esprit de l\u2019op\u00e9ration\u00a0<em>La main \u00e0 la p\u00e2te\u00a0<\/em>est maintenant bien ancr\u00e9 dans les Vosges.\u00a0En 2017, l\u2019ASTEP f\u00eate ses 20 ans en Lorraine !<\/p>\n<p>Les \u00e9tudiants ont second\u00e9 les enseignants dans la mise en \u0153uvre et le d\u00e9roulement d\u2019une d\u00e9marche d\u2019investigation conforme aux nouveaux programmes scolaires\u00a0et les \u00e9l\u00e8ves (cycles 1, 2 et 3) ont ainsi pu travailler sur diff\u00e9rents projets, qu&rsquo;ils ont men\u00e9 pendant plusieurs mois en classe.\u00a0Exp\u00e9riences, maquettes, posters seront pr\u00e9sent\u00e9s sous forme de stands et d&rsquo;ateliers, sur des th\u00e8mes tels que :\u00a0le corps humain : les mouvements corporels, la mati\u00e8re : l&rsquo;air et le vent, ombres et lumi\u00e8res, les engrenages, les phases de la lune, l&rsquo;\u00e9nergie, les circuits \u00e9lectriques, les objets techniques, etc.<\/p>\n<h3>Les enfants vont pr\u00e9senter leurs exp\u00e9riences<\/h3>\n<p>Les \u00e9l\u00e8ves n\u2019ont pas manqu\u00e9 d\u2019imagination dans le choix des sujets. Accompagn\u00e9s de leurs tuteurs scientifiques (\u00e9tudiants), les enfants vont pr\u00e9senter leurs exp\u00e9riences, expositions, enqu\u00eates et d\u00e9couvertes. Dans les Vosges, le projet concerne essentiellement les circonscriptions d\u2019\u00c9pinal et Golbey. Et il implique comme tuteurs des \u00e9tudiants de l\u2019ESP\u00c9 de Lorraine du site d\u2019\u00c9pinal.<\/p>\n<p>Les \u00e9tudiants re\u00e7oivent une formation pour mettre en \u0153uvre la d\u00e9marche d\u2019investigation dans des activit\u00e9s scientifiques men\u00e9es en classe. Ce projet est l\u2019occasion pour eux d\u2019avoir une premi\u00e8re exp\u00e9rience concr\u00e8te dans une classe, incluant la conception p\u00e9dagogique, la pr\u00e9paration mat\u00e9rielle et l\u2019animation d\u2019une s\u00e9quence de sciences ou de technologie, en partenariat avec l\u2019enseignant de la classe.<\/p>\n<h3><strong>Zoom sur un projet pr\u00e9sent\u00e9 : le vent et l\u2019air avec une classe de l\u2019\u00e9cole de Girmont<\/strong><\/h3>\n<p>Les \u00e9l\u00e8ves ont observ\u00e9 et dessin\u00e9 comment le vent pouvait mettre en mouvement des objets dans la cour (foulards, moulinets, \u2026). Ils ont essay\u00e9 d\u2019attraper du vent avec des sachets, des bouteilles. Ils ont ensuite essay\u00e9 de produire du vent dans la classe afin de mettre d\u2019autres objets en mouvement : souffler sur des plumes, des balles de ping-pong, agiter un \u00e9ventail, manipuler une pompe \u00e0 v\u00e9lo, un gonfleur, mettre en marche un ventilateur \u00e9lectrique, un s\u00e8che-cheveux\u2026 Ils ont \u00e9t\u00e9 amen\u00e9s \u00e0 comprendre que leur corps et ces objets ne \u00ab fabriquent \u00bb pas du vent mais mettent l\u2019air en mouvement et que l\u2019air est partout. Afin d\u2019ancrer ce concept de mat\u00e9rialit\u00e9 de l\u2019air, ils ont men\u00e9 diverses exp\u00e9riences : en plongeant des r\u00e9cipients dans l\u2019eau, ils ont v\u00e9rifi\u00e9 qu\u2019ils n\u2019\u00e9taient pas \u00ab vides \u00bb comme ils le pensaient, mais pleins d\u2019air, puisqu\u2019en appuyant dessus, ils produisaient des bulles. Ils ont observ\u00e9 comment l\u2019air pouvait faire obstacle \u00e0 l\u2019eau et ont exp\u00e9riment\u00e9 pour essayer de transvaser de l\u2019air d\u2019un r\u00e9cipient \u00e0 un autre.<\/p>\n","protected":false},"excerpt":{"rendered":"<p>La 7\u00e8me \u00e9dition de la restitution\u00a0ASTEP\u00a0(Accompagnement en Science et Technologie \u00e0 l&rsquo;\u00c9cole Primaire), aura lieu cette ann\u00e9e les jeudi 27 [&hellip;]<\/p>\n","protected":false},"author":52,"featured_media":900,"comment_status":"open","ping_status":"open","sticky":false,"template":"","format":"standard","meta":{"footnotes":""},"categories":[22,15,5],"tags":[1453,10398,10399,10400,10401,1340],"class_list":["post-71899","post","type-post","status-publish","format-standard","has-post-thumbnail","hentry","category-a-la-une","category-education","category-vosges","tag-enfants","tag-espe-depinal","tag-ramene-ta-science","tag-science","tag-technologie","tag-universite-de-lorraine"],"acf":[],"yoast_head":"<!-- This site is optimized with the Yoast SEO plugin v22.5 - https:\/\/yoast.com\/wordpress\/plugins\/seo\/ -->\n<title>Ram\u00e8ne ta science \u00e0 l\u2019ESPE d\u2019Epinal - Epinal Info<\/title>\n<meta name=\"robots\" content=\"index, follow, max-snippet:-1, max-image-preview:large, max-video-preview:-1\" \/>\n<link rel=\"canonical\" href=\"https:\/\/vosgesinfo.fr\/epinalinfo\/2017\/04\/ramene-science-a-lespe-depinal\/\" \/>\n<meta name=\"twitter:card\" content=\"summary_large_image\" \/>\n<meta name=\"twitter:title\" content=\"Ram\u00e8ne ta science \u00e0 l\u2019ESPE d\u2019Epinal - Epinal Info\" \/>\n<meta name=\"twitter:description\" content=\"La 7\u00e8me \u00e9dition de la restitution\u00a0ASTEP\u00a0(Accompagnement en Science et Technologie \u00e0 l&rsquo;\u00c9cole Primaire), aura lieu cette ann\u00e9e les jeudi 27 [&hellip;]\" \/>\n<meta name=\"twitter:image\" content=\"https:\/\/vosgesinfo.fr\/app\/uploads\/sites\/3\/2023\/09\/sans-titre4.jpg\" \/>\n<meta name=\"twitter:creator\" content=\"@VosgesInfo88\" \/>\n<meta name=\"twitter:site\" content=\"@VosgesInfo88\" \/>\n<meta name=\"twitter:label1\" content=\"\u00c9crit par\" \/>\n\t<meta name=\"twitter:data1\" content=\"C.K.\" \/>\n\t<meta name=\"twitter:label2\" content=\"Dur\u00e9e de lecture estim\u00e9e\" \/>\n\t<meta name=\"twitter:data2\" content=\"4 minutes\" \/>\n<script type=\"application\/ld+json\" class=\"yoast-schema-graph\">{\"@context\":\"https:\/\/schema.org\",\"@graph\":[{\"@type\":\"Article\",\"@id\":\"https:\/\/vosgesinfo.fr\/epinalinfo\/2017\/04\/ramene-science-a-lespe-depinal\/#article\",\"isPartOf\":{\"@id\":\"https:\/\/vosgesinfo.fr\/epinalinfo\/2017\/04\/ramene-science-a-lespe-depinal\/\"},\"author\":{\"name\":\"C.K.\",\"@id\":\"https:\/\/vosgesinfo.fr\/epinalinfo\/#\/schema\/person\/6f9a650eeea99d969b6c4ab78fccbe81\"},\"headline\":\"Ram\u00e8ne ta science \u00e0 l\u2019ESPE d\u2019Epinal\",\"datePublished\":\"2017-04-21T12:16:37+00:00\",\"dateModified\":\"2017-04-21T12:16:37+00:00\",\"mainEntityOfPage\":{\"@id\":\"https:\/\/vosgesinfo.fr\/epinalinfo\/2017\/04\/ramene-science-a-lespe-depinal\/\"},\"wordCount\":761,\"commentCount\":0,\"publisher\":{\"@id\":\"https:\/\/vosgesinfo.fr\/epinalinfo\/#organization\"},\"image\":{\"@id\":\"https:\/\/vosgesinfo.fr\/epinalinfo\/2017\/04\/ramene-science-a-lespe-depinal\/#primaryimage\"},\"thumbnailUrl\":\"https:\/\/vosgesinfo.fr\/app\/uploads\/sites\/3\/2023\/09\/sans-titre4.jpg\",\"keywords\":[\"enfants\",\"ESPE d'Epinal\",\"Ram\u00e8ne ta science\",\"science\",\"technologie\",\"Universit\u00e9 de Lorraine\"],\"articleSection\":[\"A la Une\",\"\u00c9ducation\",\"Vosges\"],\"inLanguage\":\"fr-FR\",\"potentialAction\":[{\"@type\":\"CommentAction\",\"name\":\"Comment\",\"target\":[\"https:\/\/vosgesinfo.fr\/epinalinfo\/2017\/04\/ramene-science-a-lespe-depinal\/#respond\"]}]},{\"@type\":\"WebPage\",\"@id\":\"https:\/\/vosgesinfo.fr\/epinalinfo\/2017\/04\/ramene-science-a-lespe-depinal\/\",\"url\":\"https:\/\/vosgesinfo.fr\/epinalinfo\/2017\/04\/ramene-science-a-lespe-depinal\/\",\"name\":\"Ram\u00e8ne ta science \u00e0 l\u2019ESPE d\u2019Epinal - Epinal Info\",\"isPartOf\":{\"@id\":\"https:\/\/vosgesinfo.fr\/epinalinfo\/#website\"},\"primaryImageOfPage\":{\"@id\":\"https:\/\/vosgesinfo.fr\/epinalinfo\/2017\/04\/ramene-science-a-lespe-depinal\/#primaryimage\"},\"image\":{\"@id\":\"https:\/\/vosgesinfo.fr\/epinalinfo\/2017\/04\/ramene-science-a-lespe-depinal\/#primaryimage\"},\"thumbnailUrl\":\"https:\/\/vosgesinfo.fr\/app\/uploads\/sites\/3\/2023\/09\/sans-titre4.jpg\",\"datePublished\":\"2017-04-21T12:16:37+00:00\",\"dateModified\":\"2017-04-21T12:16:37+00:00\",\"breadcrumb\":{\"@id\":\"https:\/\/vosgesinfo.fr\/epinalinfo\/2017\/04\/ramene-science-a-lespe-depinal\/#breadcrumb\"},\"inLanguage\":\"fr-FR\",\"potentialAction\":[{\"@type\":\"ReadAction\",\"target\":[\"https:\/\/vosgesinfo.fr\/epinalinfo\/2017\/04\/ramene-science-a-lespe-depinal\/\"]}]},{\"@type\":\"ImageObject\",\"inLanguage\":\"fr-FR\",\"@id\":\"https:\/\/vosgesinfo.fr\/epinalinfo\/2017\/04\/ramene-science-a-lespe-depinal\/#primaryimage\",\"url\":\"https:\/\/vosgesinfo.fr\/app\/uploads\/sites\/3\/2023\/09\/sans-titre4.jpg\",\"contentUrl\":\"https:\/\/vosgesinfo.fr\/app\/uploads\/sites\/3\/2023\/09\/sans-titre4.jpg\",\"width\":800,\"height\":445},{\"@type\":\"BreadcrumbList\",\"@id\":\"https:\/\/vosgesinfo.fr\/epinalinfo\/2017\/04\/ramene-science-a-lespe-depinal\/#breadcrumb\",\"itemListElement\":[{\"@type\":\"ListItem\",\"position\":1,\"name\":\"Home\",\"item\":\"https:\/\/vosgesinfo.fr\/epinalinfo\/\"},{\"@type\":\"ListItem\",\"position\":2,\"name\":\"Ram\u00e8ne ta science \u00e0 l\u2019ESPE d\u2019Epinal\"}]},{\"@type\":\"WebSite\",\"@id\":\"https:\/\/vosgesinfo.fr\/epinalinfo\/#website\",\"url\":\"https:\/\/vosgesinfo.fr\/epinalinfo\/\",\"name\":\"Epinal Info\",\"description\":\"Toute l&#039;actualit\u00e9 d&#039;\u00c9pinal\",\"publisher\":{\"@id\":\"https:\/\/vosgesinfo.fr\/epinalinfo\/#organization\"},\"alternateName\":\"Toute l'actualit\u00e9 d'\u00c9pinal\",\"potentialAction\":[{\"@type\":\"SearchAction\",\"target\":{\"@type\":\"EntryPoint\",\"urlTemplate\":\"https:\/\/vosgesinfo.fr\/epinalinfo\/?s={search_term_string}\"},\"query-input\":\"required name=search_term_string\"}],\"inLanguage\":\"fr-FR\"},{\"@type\":\"Organization\",\"@id\":\"https:\/\/vosgesinfo.fr\/epinalinfo\/#organization\",\"name\":\"Epinal Info\",\"url\":\"https:\/\/vosgesinfo.fr\/epinalinfo\/\",\"logo\":{\"@type\":\"ImageObject\",\"inLanguage\":\"fr-FR\",\"@id\":\"https:\/\/vosgesinfo.fr\/epinalinfo\/#\/schema\/logo\/image\/\",\"url\":\"https:\/\/vosgesinfo.fr\/app\/uploads\/sites\/3\/2023\/08\/logo-epinalinfos.svg\",\"contentUrl\":\"https:\/\/vosgesinfo.fr\/app\/uploads\/sites\/3\/2023\/08\/logo-epinalinfos.svg\",\"width\":1,\"height\":1,\"caption\":\"Epinal Info\"},\"image\":{\"@id\":\"https:\/\/vosgesinfo.fr\/epinalinfo\/#\/schema\/logo\/image\/\"},\"sameAs\":[\"https:\/\/www.facebook.com\/Epinalinfos\",\"https:\/\/x.com\/VosgesInfo88\",\"https:\/\/www.youtube.com\/@vosgesinfo\"]},{\"@type\":\"Person\",\"@id\":\"https:\/\/vosgesinfo.fr\/epinalinfo\/#\/schema\/person\/6f9a650eeea99d969b6c4ab78fccbe81\",\"name\":\"C.K.\",\"image\":{\"@type\":\"ImageObject\",\"inLanguage\":\"fr-FR\",\"@id\":\"https:\/\/vosgesinfo.fr\/epinalinfo\/#\/schema\/person\/image\/\",\"url\":\"https:\/\/secure.gravatar.com\/avatar\/48e3fc7f8421ba8942be6b74a2b7f014ca39bc00dece156b7a8e098ae7dc87bf?s=96&d=mm&r=g\",\"contentUrl\":\"https:\/\/secure.gravatar.com\/avatar\/48e3fc7f8421ba8942be6b74a2b7f014ca39bc00dece156b7a8e098ae7dc87bf?s=96&d=mm&r=g\",\"caption\":\"C.K.\"},\"url\":\"https:\/\/vosgesinfo.fr\/epinalinfo\/author\/celia-k-n\/\"}]}<\/script>\n<!-- \/ Yoast SEO plugin. -->","yoast_head_json":{"title":"Ram\u00e8ne ta science \u00e0 l\u2019ESPE d\u2019Epinal - Epinal Info","robots":{"index":"index","follow":"follow","max-snippet":"max-snippet:-1","max-image-preview":"max-image-preview:large","max-video-preview":"max-video-preview:-1"},"canonical":"https:\/\/vosgesinfo.fr\/epinalinfo\/2017\/04\/ramene-science-a-lespe-depinal\/","twitter_card":"summary_large_image","twitter_title":"Ram\u00e8ne ta science \u00e0 l\u2019ESPE d\u2019Epinal - Epinal Info","twitter_description":"La 7\u00e8me \u00e9dition de la restitution\u00a0ASTEP\u00a0(Accompagnement en Science et Technologie \u00e0 l&rsquo;\u00c9cole Primaire), aura lieu cette ann\u00e9e les jeudi 27 [&hellip;]","twitter_image":"https:\/\/vosgesinfo.fr\/app\/uploads\/sites\/3\/2023\/09\/sans-titre4.jpg","twitter_creator":"@VosgesInfo88","twitter_site":"@VosgesInfo88","twitter_misc":{"\u00c9crit par":"C.K.","Dur\u00e9e de lecture estim\u00e9e":"4 minutes"},"schema":{"@context":"https:\/\/schema.org","@graph":[{"@type":"Article","@id":"https:\/\/vosgesinfo.fr\/epinalinfo\/2017\/04\/ramene-science-a-lespe-depinal\/#article","isPartOf":{"@id":"https:\/\/vosgesinfo.fr\/epinalinfo\/2017\/04\/ramene-science-a-lespe-depinal\/"},"author":{"name":"C.K.","@id":"https:\/\/vosgesinfo.fr\/epinalinfo\/#\/schema\/person\/6f9a650eeea99d969b6c4ab78fccbe81"},"headline":"Ram\u00e8ne ta science \u00e0 l\u2019ESPE d\u2019Epinal","datePublished":"2017-04-21T12:16:37+00:00","dateModified":"2017-04-21T12:16:37+00:00","mainEntityOfPage":{"@id":"https:\/\/vosgesinfo.fr\/epinalinfo\/2017\/04\/ramene-science-a-lespe-depinal\/"},"wordCount":761,"commentCount":0,"publisher":{"@id":"https:\/\/vosgesinfo.fr\/epinalinfo\/#organization"},"image":{"@id":"https:\/\/vosgesinfo.fr\/epinalinfo\/2017\/04\/ramene-science-a-lespe-depinal\/#primaryimage"},"thumbnailUrl":"https:\/\/vosgesinfo.fr\/app\/uploads\/sites\/3\/2023\/09\/sans-titre4.jpg","keywords":["enfants","ESPE d'Epinal","Ram\u00e8ne ta science","science","technologie","Universit\u00e9 de Lorraine"],"articleSection":["A la Une","\u00c9ducation","Vosges"],"inLanguage":"fr-FR","potentialAction":[{"@type":"CommentAction","name":"Comment","target":["https:\/\/vosgesinfo.fr\/epinalinfo\/2017\/04\/ramene-science-a-lespe-depinal\/#respond"]}]},{"@type":"WebPage","@id":"https:\/\/vosgesinfo.fr\/epinalinfo\/2017\/04\/ramene-science-a-lespe-depinal\/","url":"https:\/\/vosgesinfo.fr\/epinalinfo\/2017\/04\/ramene-science-a-lespe-depinal\/","name":"Ram\u00e8ne ta science \u00e0 l\u2019ESPE d\u2019Epinal - Epinal Info","isPartOf":{"@id":"https:\/\/vosgesinfo.fr\/epinalinfo\/#website"},"primaryImageOfPage":{"@id":"https:\/\/vosgesinfo.fr\/epinalinfo\/2017\/04\/ramene-science-a-lespe-depinal\/#primaryimage"},"image":{"@id":"https:\/\/vosgesinfo.fr\/epinalinfo\/2017\/04\/ramene-science-a-lespe-depinal\/#primaryimage"},"thumbnailUrl":"https:\/\/vosgesinfo.fr\/app\/uploads\/sites\/3\/2023\/09\/sans-titre4.jpg","datePublished":"2017-04-21T12:16:37+00:00","dateModified":"2017-04-21T12:16:37+00:00","breadcrumb":{"@id":"https:\/\/vosgesinfo.fr\/epinalinfo\/2017\/04\/ramene-science-a-lespe-depinal\/#breadcrumb"},"inLanguage":"fr-FR","potentialAction":[{"@type":"ReadAction","target":["https:\/\/vosgesinfo.fr\/epinalinfo\/2017\/04\/ramene-science-a-lespe-depinal\/"]}]},{"@type":"ImageObject","inLanguage":"fr-FR","@id":"https:\/\/vosgesinfo.fr\/epinalinfo\/2017\/04\/ramene-science-a-lespe-depinal\/#primaryimage","url":"https:\/\/vosgesinfo.fr\/app\/uploads\/sites\/3\/2023\/09\/sans-titre4.jpg","contentUrl":"https:\/\/vosgesinfo.fr\/app\/uploads\/sites\/3\/2023\/09\/sans-titre4.jpg","width":800,"height":445},{"@type":"BreadcrumbList","@id":"https:\/\/vosgesinfo.fr\/epinalinfo\/2017\/04\/ramene-science-a-lespe-depinal\/#breadcrumb","itemListElement":[{"@type":"ListItem","position":1,"name":"Home","item":"https:\/\/vosgesinfo.fr\/epinalinfo\/"},{"@type":"ListItem","position":2,"name":"Ram\u00e8ne ta science \u00e0 l\u2019ESPE d\u2019Epinal"}]},{"@type":"WebSite","@id":"https:\/\/vosgesinfo.fr\/epinalinfo\/#website","url":"https:\/\/vosgesinfo.fr\/epinalinfo\/","name":"Epinal Info","description":"Toute l&#039;actualit\u00e9 d&#039;\u00c9pinal","publisher":{"@id":"https:\/\/vosgesinfo.fr\/epinalinfo\/#organization"},"alternateName":"Toute l'actualit\u00e9 d'\u00c9pinal","potentialAction":[{"@type":"SearchAction","target":{"@type":"EntryPoint","urlTemplate":"https:\/\/vosgesinfo.fr\/epinalinfo\/?s={search_term_string}"},"query-input":"required name=search_term_string"}],"inLanguage":"fr-FR"},{"@type":"Organization","@id":"https:\/\/vosgesinfo.fr\/epinalinfo\/#organization","name":"Epinal Info","url":"https:\/\/vosgesinfo.fr\/epinalinfo\/","logo":{"@type":"ImageObject","inLanguage":"fr-FR","@id":"https:\/\/vosgesinfo.fr\/epinalinfo\/#\/schema\/logo\/image\/","url":"https:\/\/vosgesinfo.fr\/app\/uploads\/sites\/3\/2023\/08\/logo-epinalinfos.svg","contentUrl":"https:\/\/vosgesinfo.fr\/app\/uploads\/sites\/3\/2023\/08\/logo-epinalinfos.svg","width":1,"height":1,"caption":"Epinal Info"},"image":{"@id":"https:\/\/vosgesinfo.fr\/epinalinfo\/#\/schema\/logo\/image\/"},"sameAs":["https:\/\/www.facebook.com\/Epinalinfos","https:\/\/x.com\/VosgesInfo88","https:\/\/www.youtube.com\/@vosgesinfo"]},{"@type":"Person","@id":"https:\/\/vosgesinfo.fr\/epinalinfo\/#\/schema\/person\/6f9a650eeea99d969b6c4ab78fccbe81","name":"C.K.","image":{"@type":"ImageObject","inLanguage":"fr-FR","@id":"https:\/\/vosgesinfo.fr\/epinalinfo\/#\/schema\/person\/image\/","url":"https:\/\/secure.gravatar.com\/avatar\/48e3fc7f8421ba8942be6b74a2b7f014ca39bc00dece156b7a8e098ae7dc87bf?s=96&d=mm&r=g","contentUrl":"https:\/\/secure.gravatar.com\/avatar\/48e3fc7f8421ba8942be6b74a2b7f014ca39bc00dece156b7a8e098ae7dc87bf?s=96&d=mm&r=g","caption":"C.K."},"url":"https:\/\/vosgesinfo.fr\/epinalinfo\/author\/celia-k-n\/"}]}},"_links":{"self":[{"href":"https:\/\/vosgesinfo.fr\/epinalinfo\/wp-json\/wp\/v2\/posts\/71899","targetHints":{"allow":["GET"]}}],"collection":[{"href":"https:\/\/vosgesinfo.fr\/epinalinfo\/wp-json\/wp\/v2\/posts"}],"about":[{"href":"https:\/\/vosgesinfo.fr\/epinalinfo\/wp-json\/wp\/v2\/types\/post"}],"author":[{"embeddable":true,"href":"https:\/\/vosgesinfo.fr\/epinalinfo\/wp-json\/wp\/v2\/users\/52"}],"replies":[{"embeddable":true,"href":"https:\/\/vosgesinfo.fr\/epinalinfo\/wp-json\/wp\/v2\/comments?post=71899"}],"version-history":[{"count":0,"href":"https:\/\/vosgesinfo.fr\/epinalinfo\/wp-json\/wp\/v2\/posts\/71899\/revisions"}],"wp:featuredmedia":[{"embeddable":true,"href":"https:\/\/vosgesinfo.fr\/epinalinfo\/wp-json\/wp\/v2\/media\/900"}],"wp:attachment":[{"href":"https:\/\/vosgesinfo.fr\/epinalinfo\/wp-json\/wp\/v2\/media?parent=71899"}],"wp:term":[{"taxonomy":"category","embeddable":true,"href":"https:\/\/vosgesinfo.fr\/epinalinfo\/wp-json\/wp\/v2\/categories?post=71899"},{"taxonomy":"post_tag","embeddable":true,"href":"https:\/\/vosgesinfo.fr\/epinalinfo\/wp-json\/wp\/v2\/tags?post=71899"}],"curies":[{"name":"wp","href":"https:\/\/api.w.org\/{rel}","templated":true}]}}