{"id":71904,"date":"2017-04-22T04:04:47","date_gmt":"2017-04-22T02:04:47","guid":{"rendered":"https:\/\/vosgesinfo.fr\/epinalinfo\/2017\/04\/vosges-nouvelle-maison-detruite-incendie-pleine-nuit\/"},"modified":"2017-04-22T04:04:47","modified_gmt":"2017-04-22T02:04:47","slug":"vosges-nouvelle-maison-detruite-incendie-pleine-nuit","status":"publish","type":"post","link":"https:\/\/vosgesinfo.fr\/epinalinfo\/2017\/04\/vosges-nouvelle-maison-detruite-incendie-pleine-nuit\/","title":{"rendered":"Vosges \u2013 Une nouvelle maison d\u00e9truite par un incendie en pleine nuit"},"content":{"rendered":"<p><a href=\"http:\/\/epinalinfos.fr\/?attachment_id=108735\" rel=\"attachment wp-att-108735\"><img decoding=\"async\" class=\"aligncenter size-full wp-image-108735\" src=\"\/2017\/02\/870x489_pompiers.jpg\" alt=\"870x489_pompiers\" width=\"622\" height=\"350\" \/><\/a>Une maison d\u2019habitation a \u00e9t\u00e9 totalement d\u00e9truite par un incendie ce samedi 22 avril 2017 en pleine nuit \u00e0 Gironcourt-sur-Vraine, dans la Plaine des Vosges. Il \u00e9tait 2 heures 30 du matin lorsque les sapeurs-pompiers ont \u00e9t\u00e9 appel\u00e9s. Heureusement, la maison n\u2019\u00e9tait pas habit\u00e9e.<\/p>\n<p>C\u2019est la deuxi\u00e8me incendie d\u2019affil\u00e9e dans le secteur. Dans la nuit de jeudi 20 \u00e0 vendredi 21 avril 2017, un hangar et une habitation ont connu le m\u00eame sort \u00e0 Suriauville, 20 kilom\u00e8tres plus loin.<\/p>\n<p>Pour sa part, la gendarmerie des Vosges a ouvert les investigations d\u2019usage.<\/p>\n<p><strong>D.J.<\/strong><\/p>\n","protected":false},"excerpt":{"rendered":"<p>Une maison d\u2019habitation a \u00e9t\u00e9 totalement d\u00e9truite par un incendie ce samedi 22 avril 2017 en pleine nuit \u00e0 Gironcourt-sur-Vraine, [&hellip;]<\/p>\n","protected":false},"author":52,"featured_media":18426,"comment_status":"open","ping_status":"open","sticky":false,"template":"","format":"standard","meta":{"footnotes":""},"categories":[22,6,5],"tags":[588,10404,5386,173,10405],"class_list":["post-71904","post","type-post","status-publish","format-standard","has-post-thumbnail","hentry","category-a-la-une","category-faits-divers","category-vosges","tag-gendarmerie","tag-gironcourt-sur-vraine","tag-habitation","tag-pompiers","tag-une-nouvelle-maison-detruite-par-un-incendie-en-pleine-nuit"],"acf":[],"yoast_head":"<!-- This site is optimized with the Yoast SEO plugin v22.5 - https:\/\/yoast.com\/wordpress\/plugins\/seo\/ -->\n<title>Vosges \u2013 Une nouvelle maison d\u00e9truite par un incendie en pleine nuit - Epinal Info<\/title>\n<meta name=\"robots\" content=\"index, follow, max-snippet:-1, max-image-preview:large, max-video-preview:-1\" \/>\n<link rel=\"canonical\" href=\"https:\/\/vosgesinfo.fr\/epinalinfo\/2017\/04\/vosges-nouvelle-maison-detruite-incendie-pleine-nuit\/\" \/>\n<meta name=\"twitter:card\" content=\"summary_large_image\" \/>\n<meta name=\"twitter:title\" content=\"Vosges \u2013 Une nouvelle maison d\u00e9truite par un incendie en pleine nuit - Epinal Info\" \/>\n<meta name=\"twitter:description\" content=\"Une maison d\u2019habitation a \u00e9t\u00e9 totalement d\u00e9truite par un incendie ce samedi 22 avril 2017 en pleine nuit \u00e0 Gironcourt-sur-Vraine, [&hellip;]\" \/>\n<meta name=\"twitter:image\" content=\"https:\/\/vosgesinfo.fr\/app\/uploads\/sites\/3\/2017\/02\/870x489-pompiers.jpg\" \/>\n<meta name=\"twitter:creator\" content=\"@VosgesInfo88\" \/>\n<meta name=\"twitter:site\" content=\"@VosgesInfo88\" \/>\n<meta name=\"twitter:label1\" content=\"\u00c9crit par\" \/>\n\t<meta name=\"twitter:data1\" content=\"C.K.\" \/>\n<script type=\"application\/ld+json\" class=\"yoast-schema-graph\">{\"@context\":\"https:\/\/schema.org\",\"@graph\":[{\"@type\":\"Article\",\"@id\":\"https:\/\/vosgesinfo.fr\/epinalinfo\/2017\/04\/vosges-nouvelle-maison-detruite-incendie-pleine-nuit\/#article\",\"isPartOf\":{\"@id\":\"https:\/\/vosgesinfo.fr\/epinalinfo\/2017\/04\/vosges-nouvelle-maison-detruite-incendie-pleine-nuit\/\"},\"author\":{\"name\":\"C.K.\",\"@id\":\"https:\/\/vosgesinfo.fr\/epinalinfo\/#\/schema\/person\/6f9a650eeea99d969b6c4ab78fccbe81\"},\"headline\":\"Vosges \u2013 Une nouvelle maison d\u00e9truite par un incendie en pleine nuit\",\"datePublished\":\"2017-04-22T02:04:47+00:00\",\"dateModified\":\"2017-04-22T02:04:47+00:00\",\"mainEntityOfPage\":{\"@id\":\"https:\/\/vosgesinfo.fr\/epinalinfo\/2017\/04\/vosges-nouvelle-maison-detruite-incendie-pleine-nuit\/\"},\"wordCount\":106,\"commentCount\":0,\"publisher\":{\"@id\":\"https:\/\/vosgesinfo.fr\/epinalinfo\/#organization\"},\"image\":{\"@id\":\"https:\/\/vosgesinfo.fr\/epinalinfo\/2017\/04\/vosges-nouvelle-maison-detruite-incendie-pleine-nuit\/#primaryimage\"},\"thumbnailUrl\":\"https:\/\/vosgesinfo.fr\/app\/uploads\/sites\/3\/2017\/02\/870x489-pompiers.jpg\",\"keywords\":[\"gendarmerie\",\"Gironcourt-sur-Vraine\",\"habitation\",\"pompiers\",\"Une nouvelle maison d\u00e9truite par un incendie en pleine nuit\"],\"articleSection\":[\"A la Une\",\"Faits-divers\",\"Vosges\"],\"inLanguage\":\"fr-FR\",\"potentialAction\":[{\"@type\":\"CommentAction\",\"name\":\"Comment\",\"target\":[\"https:\/\/vosgesinfo.fr\/epinalinfo\/2017\/04\/vosges-nouvelle-maison-detruite-incendie-pleine-nuit\/#respond\"]}]},{\"@type\":\"WebPage\",\"@id\":\"https:\/\/vosgesinfo.fr\/epinalinfo\/2017\/04\/vosges-nouvelle-maison-detruite-incendie-pleine-nuit\/\",\"url\":\"https:\/\/vosgesinfo.fr\/epinalinfo\/2017\/04\/vosges-nouvelle-maison-detruite-incendie-pleine-nuit\/\",\"name\":\"Vosges \u2013 Une nouvelle maison d\u00e9truite par un incendie en pleine nuit - Epinal Info\",\"isPartOf\":{\"@id\":\"https:\/\/vosgesinfo.fr\/epinalinfo\/#website\"},\"primaryImageOfPage\":{\"@id\":\"https:\/\/vosgesinfo.fr\/epinalinfo\/2017\/04\/vosges-nouvelle-maison-detruite-incendie-pleine-nuit\/#primaryimage\"},\"image\":{\"@id\":\"https:\/\/vosgesinfo.fr\/epinalinfo\/2017\/04\/vosges-nouvelle-maison-detruite-incendie-pleine-nuit\/#primaryimage\"},\"thumbnailUrl\":\"https:\/\/vosgesinfo.fr\/app\/uploads\/sites\/3\/2017\/02\/870x489-pompiers.jpg\",\"datePublished\":\"2017-04-22T02:04:47+00:00\",\"dateModified\":\"2017-04-22T02:04:47+00:00\",\"breadcrumb\":{\"@id\":\"https:\/\/vosgesinfo.fr\/epinalinfo\/2017\/04\/vosges-nouvelle-maison-detruite-incendie-pleine-nuit\/#breadcrumb\"},\"inLanguage\":\"fr-FR\",\"potentialAction\":[{\"@type\":\"ReadAction\",\"target\":[\"https:\/\/vosgesinfo.fr\/epinalinfo\/2017\/04\/vosges-nouvelle-maison-detruite-incendie-pleine-nuit\/\"]}]},{\"@type\":\"ImageObject\",\"inLanguage\":\"fr-FR\",\"@id\":\"https:\/\/vosgesinfo.fr\/epinalinfo\/2017\/04\/vosges-nouvelle-maison-detruite-incendie-pleine-nuit\/#primaryimage\",\"url\":\"https:\/\/vosgesinfo.fr\/app\/uploads\/sites\/3\/2017\/02\/870x489-pompiers.jpg\",\"contentUrl\":\"https:\/\/vosgesinfo.fr\/app\/uploads\/sites\/3\/2017\/02\/870x489-pompiers.jpg\"},{\"@type\":\"BreadcrumbList\",\"@id\":\"https:\/\/vosgesinfo.fr\/epinalinfo\/2017\/04\/vosges-nouvelle-maison-detruite-incendie-pleine-nuit\/#breadcrumb\",\"itemListElement\":[{\"@type\":\"ListItem\",\"position\":1,\"name\":\"Home\",\"item\":\"https:\/\/vosgesinfo.fr\/epinalinfo\/\"},{\"@type\":\"ListItem\",\"position\":2,\"name\":\"Vosges \u2013 Une nouvelle maison d\u00e9truite par un incendie en pleine nuit\"}]},{\"@type\":\"WebSite\",\"@id\":\"https:\/\/vosgesinfo.fr\/epinalinfo\/#website\",\"url\":\"https:\/\/vosgesinfo.fr\/epinalinfo\/\",\"name\":\"Epinal Info\",\"description\":\"Toute l&#039;actualit\u00e9 d&#039;\u00c9pinal\",\"publisher\":{\"@id\":\"https:\/\/vosgesinfo.fr\/epinalinfo\/#organization\"},\"alternateName\":\"Toute l'actualit\u00e9 d'\u00c9pinal\",\"potentialAction\":[{\"@type\":\"SearchAction\",\"target\":{\"@type\":\"EntryPoint\",\"urlTemplate\":\"https:\/\/vosgesinfo.fr\/epinalinfo\/?s={search_term_string}\"},\"query-input\":\"required name=search_term_string\"}],\"inLanguage\":\"fr-FR\"},{\"@type\":\"Organization\",\"@id\":\"https:\/\/vosgesinfo.fr\/epinalinfo\/#organization\",\"name\":\"Epinal Info\",\"url\":\"https:\/\/vosgesinfo.fr\/epinalinfo\/\",\"logo\":{\"@type\":\"ImageObject\",\"inLanguage\":\"fr-FR\",\"@id\":\"https:\/\/vosgesinfo.fr\/epinalinfo\/#\/schema\/logo\/image\/\",\"url\":\"https:\/\/vosgesinfo.fr\/app\/uploads\/sites\/3\/2023\/08\/logo-epinalinfos.svg\",\"contentUrl\":\"https:\/\/vosgesinfo.fr\/app\/uploads\/sites\/3\/2023\/08\/logo-epinalinfos.svg\",\"width\":1,\"height\":1,\"caption\":\"Epinal Info\"},\"image\":{\"@id\":\"https:\/\/vosgesinfo.fr\/epinalinfo\/#\/schema\/logo\/image\/\"},\"sameAs\":[\"https:\/\/www.facebook.com\/Epinalinfos\",\"https:\/\/x.com\/VosgesInfo88\",\"https:\/\/www.youtube.com\/@vosgesinfo\"]},{\"@type\":\"Person\",\"@id\":\"https:\/\/vosgesinfo.fr\/epinalinfo\/#\/schema\/person\/6f9a650eeea99d969b6c4ab78fccbe81\",\"name\":\"C.K.\",\"image\":{\"@type\":\"ImageObject\",\"inLanguage\":\"fr-FR\",\"@id\":\"https:\/\/vosgesinfo.fr\/epinalinfo\/#\/schema\/person\/image\/\",\"url\":\"https:\/\/secure.gravatar.com\/avatar\/48e3fc7f8421ba8942be6b74a2b7f014ca39bc00dece156b7a8e098ae7dc87bf?s=96&d=mm&r=g\",\"contentUrl\":\"https:\/\/secure.gravatar.com\/avatar\/48e3fc7f8421ba8942be6b74a2b7f014ca39bc00dece156b7a8e098ae7dc87bf?s=96&d=mm&r=g\",\"caption\":\"C.K.\"},\"url\":\"https:\/\/vosgesinfo.fr\/epinalinfo\/author\/celia-k-n\/\"}]}<\/script>\n<!-- \/ Yoast SEO plugin. -->","yoast_head_json":{"title":"Vosges \u2013 Une nouvelle maison d\u00e9truite par un incendie en pleine nuit - Epinal Info","robots":{"index":"index","follow":"follow","max-snippet":"max-snippet:-1","max-image-preview":"max-image-preview:large","max-video-preview":"max-video-preview:-1"},"canonical":"https:\/\/vosgesinfo.fr\/epinalinfo\/2017\/04\/vosges-nouvelle-maison-detruite-incendie-pleine-nuit\/","twitter_card":"summary_large_image","twitter_title":"Vosges \u2013 Une nouvelle maison d\u00e9truite par un incendie en pleine nuit - Epinal Info","twitter_description":"Une maison d\u2019habitation a \u00e9t\u00e9 totalement d\u00e9truite par un incendie ce samedi 22 avril 2017 en pleine nuit \u00e0 Gironcourt-sur-Vraine, [&hellip;]","twitter_image":"https:\/\/vosgesinfo.fr\/app\/uploads\/sites\/3\/2017\/02\/870x489-pompiers.jpg","twitter_creator":"@VosgesInfo88","twitter_site":"@VosgesInfo88","twitter_misc":{"\u00c9crit par":"C.K."},"schema":{"@context":"https:\/\/schema.org","@graph":[{"@type":"Article","@id":"https:\/\/vosgesinfo.fr\/epinalinfo\/2017\/04\/vosges-nouvelle-maison-detruite-incendie-pleine-nuit\/#article","isPartOf":{"@id":"https:\/\/vosgesinfo.fr\/epinalinfo\/2017\/04\/vosges-nouvelle-maison-detruite-incendie-pleine-nuit\/"},"author":{"name":"C.K.","@id":"https:\/\/vosgesinfo.fr\/epinalinfo\/#\/schema\/person\/6f9a650eeea99d969b6c4ab78fccbe81"},"headline":"Vosges \u2013 Une nouvelle maison d\u00e9truite par un incendie en pleine nuit","datePublished":"2017-04-22T02:04:47+00:00","dateModified":"2017-04-22T02:04:47+00:00","mainEntityOfPage":{"@id":"https:\/\/vosgesinfo.fr\/epinalinfo\/2017\/04\/vosges-nouvelle-maison-detruite-incendie-pleine-nuit\/"},"wordCount":106,"commentCount":0,"publisher":{"@id":"https:\/\/vosgesinfo.fr\/epinalinfo\/#organization"},"image":{"@id":"https:\/\/vosgesinfo.fr\/epinalinfo\/2017\/04\/vosges-nouvelle-maison-detruite-incendie-pleine-nuit\/#primaryimage"},"thumbnailUrl":"https:\/\/vosgesinfo.fr\/app\/uploads\/sites\/3\/2017\/02\/870x489-pompiers.jpg","keywords":["gendarmerie","Gironcourt-sur-Vraine","habitation","pompiers","Une nouvelle maison d\u00e9truite par un incendie en pleine nuit"],"articleSection":["A la Une","Faits-divers","Vosges"],"inLanguage":"fr-FR","potentialAction":[{"@type":"CommentAction","name":"Comment","target":["https:\/\/vosgesinfo.fr\/epinalinfo\/2017\/04\/vosges-nouvelle-maison-detruite-incendie-pleine-nuit\/#respond"]}]},{"@type":"WebPage","@id":"https:\/\/vosgesinfo.fr\/epinalinfo\/2017\/04\/vosges-nouvelle-maison-detruite-incendie-pleine-nuit\/","url":"https:\/\/vosgesinfo.fr\/epinalinfo\/2017\/04\/vosges-nouvelle-maison-detruite-incendie-pleine-nuit\/","name":"Vosges \u2013 Une nouvelle maison d\u00e9truite par un incendie en pleine nuit - Epinal Info","isPartOf":{"@id":"https:\/\/vosgesinfo.fr\/epinalinfo\/#website"},"primaryImageOfPage":{"@id":"https:\/\/vosgesinfo.fr\/epinalinfo\/2017\/04\/vosges-nouvelle-maison-detruite-incendie-pleine-nuit\/#primaryimage"},"image":{"@id":"https:\/\/vosgesinfo.fr\/epinalinfo\/2017\/04\/vosges-nouvelle-maison-detruite-incendie-pleine-nuit\/#primaryimage"},"thumbnailUrl":"https:\/\/vosgesinfo.fr\/app\/uploads\/sites\/3\/2017\/02\/870x489-pompiers.jpg","datePublished":"2017-04-22T02:04:47+00:00","dateModified":"2017-04-22T02:04:47+00:00","breadcrumb":{"@id":"https:\/\/vosgesinfo.fr\/epinalinfo\/2017\/04\/vosges-nouvelle-maison-detruite-incendie-pleine-nuit\/#breadcrumb"},"inLanguage":"fr-FR","potentialAction":[{"@type":"ReadAction","target":["https:\/\/vosgesinfo.fr\/epinalinfo\/2017\/04\/vosges-nouvelle-maison-detruite-incendie-pleine-nuit\/"]}]},{"@type":"ImageObject","inLanguage":"fr-FR","@id":"https:\/\/vosgesinfo.fr\/epinalinfo\/2017\/04\/vosges-nouvelle-maison-detruite-incendie-pleine-nuit\/#primaryimage","url":"https:\/\/vosgesinfo.fr\/app\/uploads\/sites\/3\/2017\/02\/870x489-pompiers.jpg","contentUrl":"https:\/\/vosgesinfo.fr\/app\/uploads\/sites\/3\/2017\/02\/870x489-pompiers.jpg"},{"@type":"BreadcrumbList","@id":"https:\/\/vosgesinfo.fr\/epinalinfo\/2017\/04\/vosges-nouvelle-maison-detruite-incendie-pleine-nuit\/#breadcrumb","itemListElement":[{"@type":"ListItem","position":1,"name":"Home","item":"https:\/\/vosgesinfo.fr\/epinalinfo\/"},{"@type":"ListItem","position":2,"name":"Vosges \u2013 Une nouvelle maison d\u00e9truite par un incendie en pleine nuit"}]},{"@type":"WebSite","@id":"https:\/\/vosgesinfo.fr\/epinalinfo\/#website","url":"https:\/\/vosgesinfo.fr\/epinalinfo\/","name":"Epinal Info","description":"Toute l&#039;actualit\u00e9 d&#039;\u00c9pinal","publisher":{"@id":"https:\/\/vosgesinfo.fr\/epinalinfo\/#organization"},"alternateName":"Toute l'actualit\u00e9 d'\u00c9pinal","potentialAction":[{"@type":"SearchAction","target":{"@type":"EntryPoint","urlTemplate":"https:\/\/vosgesinfo.fr\/epinalinfo\/?s={search_term_string}"},"query-input":"required name=search_term_string"}],"inLanguage":"fr-FR"},{"@type":"Organization","@id":"https:\/\/vosgesinfo.fr\/epinalinfo\/#organization","name":"Epinal Info","url":"https:\/\/vosgesinfo.fr\/epinalinfo\/","logo":{"@type":"ImageObject","inLanguage":"fr-FR","@id":"https:\/\/vosgesinfo.fr\/epinalinfo\/#\/schema\/logo\/image\/","url":"https:\/\/vosgesinfo.fr\/app\/uploads\/sites\/3\/2023\/08\/logo-epinalinfos.svg","contentUrl":"https:\/\/vosgesinfo.fr\/app\/uploads\/sites\/3\/2023\/08\/logo-epinalinfos.svg","width":1,"height":1,"caption":"Epinal Info"},"image":{"@id":"https:\/\/vosgesinfo.fr\/epinalinfo\/#\/schema\/logo\/image\/"},"sameAs":["https:\/\/www.facebook.com\/Epinalinfos","https:\/\/x.com\/VosgesInfo88","https:\/\/www.youtube.com\/@vosgesinfo"]},{"@type":"Person","@id":"https:\/\/vosgesinfo.fr\/epinalinfo\/#\/schema\/person\/6f9a650eeea99d969b6c4ab78fccbe81","name":"C.K.","image":{"@type":"ImageObject","inLanguage":"fr-FR","@id":"https:\/\/vosgesinfo.fr\/epinalinfo\/#\/schema\/person\/image\/","url":"https:\/\/secure.gravatar.com\/avatar\/48e3fc7f8421ba8942be6b74a2b7f014ca39bc00dece156b7a8e098ae7dc87bf?s=96&d=mm&r=g","contentUrl":"https:\/\/secure.gravatar.com\/avatar\/48e3fc7f8421ba8942be6b74a2b7f014ca39bc00dece156b7a8e098ae7dc87bf?s=96&d=mm&r=g","caption":"C.K."},"url":"https:\/\/vosgesinfo.fr\/epinalinfo\/author\/celia-k-n\/"}]}},"_links":{"self":[{"href":"https:\/\/vosgesinfo.fr\/epinalinfo\/wp-json\/wp\/v2\/posts\/71904","targetHints":{"allow":["GET"]}}],"collection":[{"href":"https:\/\/vosgesinfo.fr\/epinalinfo\/wp-json\/wp\/v2\/posts"}],"about":[{"href":"https:\/\/vosgesinfo.fr\/epinalinfo\/wp-json\/wp\/v2\/types\/post"}],"author":[{"embeddable":true,"href":"https:\/\/vosgesinfo.fr\/epinalinfo\/wp-json\/wp\/v2\/users\/52"}],"replies":[{"embeddable":true,"href":"https:\/\/vosgesinfo.fr\/epinalinfo\/wp-json\/wp\/v2\/comments?post=71904"}],"version-history":[{"count":0,"href":"https:\/\/vosgesinfo.fr\/epinalinfo\/wp-json\/wp\/v2\/posts\/71904\/revisions"}],"wp:featuredmedia":[{"embeddable":true,"href":"https:\/\/vosgesinfo.fr\/epinalinfo\/wp-json\/wp\/v2\/media\/18426"}],"wp:attachment":[{"href":"https:\/\/vosgesinfo.fr\/epinalinfo\/wp-json\/wp\/v2\/media?parent=71904"}],"wp:term":[{"taxonomy":"category","embeddable":true,"href":"https:\/\/vosgesinfo.fr\/epinalinfo\/wp-json\/wp\/v2\/categories?post=71904"},{"taxonomy":"post_tag","embeddable":true,"href":"https:\/\/vosgesinfo.fr\/epinalinfo\/wp-json\/wp\/v2\/tags?post=71904"}],"curies":[{"name":"wp","href":"https:\/\/api.w.org\/{rel}","templated":true}]}}