{"id":72865,"date":"2017-05-19T04:06:33","date_gmt":"2017-05-19T02:06:33","guid":{"rendered":"https:\/\/vosgesinfo.fr\/epinalinfo\/2017\/05\/21eme-edition-challenge-performances-a-epinal\/"},"modified":"2017-05-19T04:06:33","modified_gmt":"2017-05-19T02:06:33","slug":"21eme-edition-challenge-performances-a-epinal","status":"publish","type":"post","link":"https:\/\/vosgesinfo.fr\/epinalinfo\/2017\/05\/21eme-edition-challenge-performances-a-epinal\/","title":{"rendered":"21\u00e8me \u00e9dition du Challenge Performances \u00e0 Epinal"},"content":{"rendered":"<h4><a href=\"http:\/\/epinalinfos.fr\/2017\/05\/21eme-edition-challenge-performances-a-epinal\/14715075_978126812298263_5587267138743211588_o-2\/\" rel=\"attachment wp-att-114269\"><img decoding=\"async\" class=\"aligncenter size-full wp-image-114269\" src=\"\/2017\/05\/14715075_978126812298263_5587267138743211588_o.jpg\" alt=\"14715075_978126812298263_5587267138743211588_o\" width=\"800\" height=\"480\" \/><\/a>L\u2019ASO, en partenariat avec la Ville d\u2019Epinal organise la 21\u00e8me \u00e9dition du Challenge Performances, inter-entreprises. Apr\u00e8s avoir d\u00e9but\u00e9e par la premi\u00e8re session d\u2019\u00e9preuves : Perform\u2019in qui s\u2019est d\u00e9roul\u00e9 les vendredi 10 et samedi 11 mars 2017, place \u00e0 la partie estivale, Perform\u2019OUT, les 19 et 20 mai 2017.<\/h4>\n<p>Pour Perform\u2019OUT, ce sont 25 \u00e9quipes repr\u00e9sentant 22 entreprises ou administrations qui tenteront de battre les \u2018\u2019Sapeurs de rien\u2019\u2019 du Centre de secours d\u2019Epinal. Tous en d\u00e9coudront tout au long du week end.lors des \u00e9preuves pr\u00e9par\u00e9es par les \u00e9ducateurs sportifs municipaux. Les sites de la quarante semaine et du Spinaparc le vendredi et la base Roland Naudin le samedi \u00e0 Bouzey serviront de cadre \u00e0 ces joutes sportives, ludiques et vari\u00e9es. La convivialit\u00e9 est le ma\u00eetre mot de ce Challenge Performances dans lequel les entreprises trouvent mati\u00e8re \u00e0 enrichir les relations internes de leur personnel.<\/p>\n<p><a href=\"http:\/\/epinalinfos.fr\/2017\/05\/21eme-edition-challenge-performances-a-epinal\/sans-titre-393\/\" rel=\"attachment wp-att-114268\"><img decoding=\"async\" class=\"aligncenter size-full wp-image-114268\" src=\"\/2017\/05\/Sans-titre9.jpg\" alt=\"Sans titre\" width=\"581\" height=\"773\" \/><\/a><\/p>\n","protected":false},"excerpt":{"rendered":"<p>L\u2019ASO, en partenariat avec la Ville d\u2019Epinal organise la 21\u00e8me \u00e9dition du Challenge Performances, inter-entreprises. Apr\u00e8s avoir d\u00e9but\u00e9e par la [&hellip;]<\/p>\n","protected":false},"author":52,"featured_media":72866,"comment_status":"open","ping_status":"open","sticky":false,"template":"","format":"standard","meta":{"footnotes":""},"categories":[20,24],"tags":[10744,70],"class_list":["post-72865","post","type-post","status-publish","format-standard","has-post-thumbnail","hentry","category-divertissement","category-epinal","tag-challenge-performances","tag-epinal"],"acf":[],"yoast_head":"<!-- This site is optimized with the Yoast SEO plugin v22.5 - https:\/\/yoast.com\/wordpress\/plugins\/seo\/ -->\n<title>21\u00e8me \u00e9dition du Challenge Performances \u00e0 Epinal - Epinal Info<\/title>\n<meta name=\"robots\" content=\"index, follow, max-snippet:-1, max-image-preview:large, max-video-preview:-1\" \/>\n<link rel=\"canonical\" href=\"https:\/\/vosgesinfo.fr\/epinalinfo\/2017\/05\/21eme-edition-challenge-performances-a-epinal\/\" \/>\n<meta name=\"twitter:card\" content=\"summary_large_image\" \/>\n<meta name=\"twitter:title\" content=\"21\u00e8me \u00e9dition du Challenge Performances \u00e0 Epinal - Epinal Info\" \/>\n<meta name=\"twitter:description\" content=\"L\u2019ASO, en partenariat avec la Ville d\u2019Epinal organise la 21\u00e8me \u00e9dition du Challenge Performances, inter-entreprises. Apr\u00e8s avoir d\u00e9but\u00e9e par la [&hellip;]\" \/>\n<meta name=\"twitter:image\" content=\"https:\/\/vosgesinfo.fr\/app\/uploads\/sites\/3\/2024\/08\/20170514715075-978126812298263-5587267138743211588-o.jpg\" \/>\n<meta name=\"twitter:creator\" content=\"@VosgesInfo88\" \/>\n<meta name=\"twitter:site\" content=\"@VosgesInfo88\" \/>\n<meta name=\"twitter:label1\" content=\"\u00c9crit par\" \/>\n\t<meta name=\"twitter:data1\" content=\"C.K.\" \/>\n\t<meta name=\"twitter:label2\" content=\"Dur\u00e9e de lecture estim\u00e9e\" \/>\n\t<meta name=\"twitter:data2\" content=\"1 minute\" \/>\n<script type=\"application\/ld+json\" class=\"yoast-schema-graph\">{\"@context\":\"https:\/\/schema.org\",\"@graph\":[{\"@type\":\"Article\",\"@id\":\"https:\/\/vosgesinfo.fr\/epinalinfo\/2017\/05\/21eme-edition-challenge-performances-a-epinal\/#article\",\"isPartOf\":{\"@id\":\"https:\/\/vosgesinfo.fr\/epinalinfo\/2017\/05\/21eme-edition-challenge-performances-a-epinal\/\"},\"author\":{\"name\":\"C.K.\",\"@id\":\"https:\/\/vosgesinfo.fr\/epinalinfo\/#\/schema\/person\/6f9a650eeea99d969b6c4ab78fccbe81\"},\"headline\":\"21\u00e8me \u00e9dition du Challenge Performances \u00e0 Epinal\",\"datePublished\":\"2017-05-19T02:06:33+00:00\",\"dateModified\":\"2017-05-19T02:06:33+00:00\",\"mainEntityOfPage\":{\"@id\":\"https:\/\/vosgesinfo.fr\/epinalinfo\/2017\/05\/21eme-edition-challenge-performances-a-epinal\/\"},\"wordCount\":157,\"commentCount\":0,\"publisher\":{\"@id\":\"https:\/\/vosgesinfo.fr\/epinalinfo\/#organization\"},\"image\":{\"@id\":\"https:\/\/vosgesinfo.fr\/epinalinfo\/2017\/05\/21eme-edition-challenge-performances-a-epinal\/#primaryimage\"},\"thumbnailUrl\":\"https:\/\/vosgesinfo.fr\/app\/uploads\/sites\/3\/2024\/08\/20170514715075-978126812298263-5587267138743211588-o.jpg\",\"keywords\":[\"Challenge Performances\",\"Epinal\"],\"articleSection\":[\"Divertissement\",\"Epinal\"],\"inLanguage\":\"fr-FR\",\"potentialAction\":[{\"@type\":\"CommentAction\",\"name\":\"Comment\",\"target\":[\"https:\/\/vosgesinfo.fr\/epinalinfo\/2017\/05\/21eme-edition-challenge-performances-a-epinal\/#respond\"]}]},{\"@type\":\"WebPage\",\"@id\":\"https:\/\/vosgesinfo.fr\/epinalinfo\/2017\/05\/21eme-edition-challenge-performances-a-epinal\/\",\"url\":\"https:\/\/vosgesinfo.fr\/epinalinfo\/2017\/05\/21eme-edition-challenge-performances-a-epinal\/\",\"name\":\"21\u00e8me \u00e9dition du Challenge Performances \u00e0 Epinal - Epinal Info\",\"isPartOf\":{\"@id\":\"https:\/\/vosgesinfo.fr\/epinalinfo\/#website\"},\"primaryImageOfPage\":{\"@id\":\"https:\/\/vosgesinfo.fr\/epinalinfo\/2017\/05\/21eme-edition-challenge-performances-a-epinal\/#primaryimage\"},\"image\":{\"@id\":\"https:\/\/vosgesinfo.fr\/epinalinfo\/2017\/05\/21eme-edition-challenge-performances-a-epinal\/#primaryimage\"},\"thumbnailUrl\":\"https:\/\/vosgesinfo.fr\/app\/uploads\/sites\/3\/2024\/08\/20170514715075-978126812298263-5587267138743211588-o.jpg\",\"datePublished\":\"2017-05-19T02:06:33+00:00\",\"dateModified\":\"2017-05-19T02:06:33+00:00\",\"breadcrumb\":{\"@id\":\"https:\/\/vosgesinfo.fr\/epinalinfo\/2017\/05\/21eme-edition-challenge-performances-a-epinal\/#breadcrumb\"},\"inLanguage\":\"fr-FR\",\"potentialAction\":[{\"@type\":\"ReadAction\",\"target\":[\"https:\/\/vosgesinfo.fr\/epinalinfo\/2017\/05\/21eme-edition-challenge-performances-a-epinal\/\"]}]},{\"@type\":\"ImageObject\",\"inLanguage\":\"fr-FR\",\"@id\":\"https:\/\/vosgesinfo.fr\/epinalinfo\/2017\/05\/21eme-edition-challenge-performances-a-epinal\/#primaryimage\",\"url\":\"https:\/\/vosgesinfo.fr\/app\/uploads\/sites\/3\/2024\/08\/20170514715075-978126812298263-5587267138743211588-o.jpg\",\"contentUrl\":\"https:\/\/vosgesinfo.fr\/app\/uploads\/sites\/3\/2024\/08\/20170514715075-978126812298263-5587267138743211588-o.jpg\",\"width\":800,\"height\":480},{\"@type\":\"BreadcrumbList\",\"@id\":\"https:\/\/vosgesinfo.fr\/epinalinfo\/2017\/05\/21eme-edition-challenge-performances-a-epinal\/#breadcrumb\",\"itemListElement\":[{\"@type\":\"ListItem\",\"position\":1,\"name\":\"Home\",\"item\":\"https:\/\/vosgesinfo.fr\/epinalinfo\/\"},{\"@type\":\"ListItem\",\"position\":2,\"name\":\"21\u00e8me \u00e9dition du Challenge Performances \u00e0 Epinal\"}]},{\"@type\":\"WebSite\",\"@id\":\"https:\/\/vosgesinfo.fr\/epinalinfo\/#website\",\"url\":\"https:\/\/vosgesinfo.fr\/epinalinfo\/\",\"name\":\"Epinal Info\",\"description\":\"Toute l&#039;actualit\u00e9 d&#039;\u00c9pinal\",\"publisher\":{\"@id\":\"https:\/\/vosgesinfo.fr\/epinalinfo\/#organization\"},\"alternateName\":\"Toute l'actualit\u00e9 d'\u00c9pinal\",\"potentialAction\":[{\"@type\":\"SearchAction\",\"target\":{\"@type\":\"EntryPoint\",\"urlTemplate\":\"https:\/\/vosgesinfo.fr\/epinalinfo\/?s={search_term_string}\"},\"query-input\":\"required name=search_term_string\"}],\"inLanguage\":\"fr-FR\"},{\"@type\":\"Organization\",\"@id\":\"https:\/\/vosgesinfo.fr\/epinalinfo\/#organization\",\"name\":\"Epinal Info\",\"url\":\"https:\/\/vosgesinfo.fr\/epinalinfo\/\",\"logo\":{\"@type\":\"ImageObject\",\"inLanguage\":\"fr-FR\",\"@id\":\"https:\/\/vosgesinfo.fr\/epinalinfo\/#\/schema\/logo\/image\/\",\"url\":\"https:\/\/vosgesinfo.fr\/app\/uploads\/sites\/3\/2023\/08\/logo-epinalinfos.svg\",\"contentUrl\":\"https:\/\/vosgesinfo.fr\/app\/uploads\/sites\/3\/2023\/08\/logo-epinalinfos.svg\",\"width\":1,\"height\":1,\"caption\":\"Epinal Info\"},\"image\":{\"@id\":\"https:\/\/vosgesinfo.fr\/epinalinfo\/#\/schema\/logo\/image\/\"},\"sameAs\":[\"https:\/\/www.facebook.com\/Epinalinfos\",\"https:\/\/x.com\/VosgesInfo88\",\"https:\/\/www.youtube.com\/@vosgesinfo\"]},{\"@type\":\"Person\",\"@id\":\"https:\/\/vosgesinfo.fr\/epinalinfo\/#\/schema\/person\/6f9a650eeea99d969b6c4ab78fccbe81\",\"name\":\"C.K.\",\"image\":{\"@type\":\"ImageObject\",\"inLanguage\":\"fr-FR\",\"@id\":\"https:\/\/vosgesinfo.fr\/epinalinfo\/#\/schema\/person\/image\/\",\"url\":\"https:\/\/secure.gravatar.com\/avatar\/48e3fc7f8421ba8942be6b74a2b7f014ca39bc00dece156b7a8e098ae7dc87bf?s=96&d=mm&r=g\",\"contentUrl\":\"https:\/\/secure.gravatar.com\/avatar\/48e3fc7f8421ba8942be6b74a2b7f014ca39bc00dece156b7a8e098ae7dc87bf?s=96&d=mm&r=g\",\"caption\":\"C.K.\"},\"url\":\"https:\/\/vosgesinfo.fr\/epinalinfo\/author\/celia-k-n\/\"}]}<\/script>\n<!-- \/ Yoast SEO plugin. -->","yoast_head_json":{"title":"21\u00e8me \u00e9dition du Challenge Performances \u00e0 Epinal - Epinal Info","robots":{"index":"index","follow":"follow","max-snippet":"max-snippet:-1","max-image-preview":"max-image-preview:large","max-video-preview":"max-video-preview:-1"},"canonical":"https:\/\/vosgesinfo.fr\/epinalinfo\/2017\/05\/21eme-edition-challenge-performances-a-epinal\/","twitter_card":"summary_large_image","twitter_title":"21\u00e8me \u00e9dition du Challenge Performances \u00e0 Epinal - Epinal Info","twitter_description":"L\u2019ASO, en partenariat avec la Ville d\u2019Epinal organise la 21\u00e8me \u00e9dition du Challenge Performances, inter-entreprises. Apr\u00e8s avoir d\u00e9but\u00e9e par la [&hellip;]","twitter_image":"https:\/\/vosgesinfo.fr\/app\/uploads\/sites\/3\/2024\/08\/20170514715075-978126812298263-5587267138743211588-o.jpg","twitter_creator":"@VosgesInfo88","twitter_site":"@VosgesInfo88","twitter_misc":{"\u00c9crit par":"C.K.","Dur\u00e9e de lecture estim\u00e9e":"1 minute"},"schema":{"@context":"https:\/\/schema.org","@graph":[{"@type":"Article","@id":"https:\/\/vosgesinfo.fr\/epinalinfo\/2017\/05\/21eme-edition-challenge-performances-a-epinal\/#article","isPartOf":{"@id":"https:\/\/vosgesinfo.fr\/epinalinfo\/2017\/05\/21eme-edition-challenge-performances-a-epinal\/"},"author":{"name":"C.K.","@id":"https:\/\/vosgesinfo.fr\/epinalinfo\/#\/schema\/person\/6f9a650eeea99d969b6c4ab78fccbe81"},"headline":"21\u00e8me \u00e9dition du Challenge Performances \u00e0 Epinal","datePublished":"2017-05-19T02:06:33+00:00","dateModified":"2017-05-19T02:06:33+00:00","mainEntityOfPage":{"@id":"https:\/\/vosgesinfo.fr\/epinalinfo\/2017\/05\/21eme-edition-challenge-performances-a-epinal\/"},"wordCount":157,"commentCount":0,"publisher":{"@id":"https:\/\/vosgesinfo.fr\/epinalinfo\/#organization"},"image":{"@id":"https:\/\/vosgesinfo.fr\/epinalinfo\/2017\/05\/21eme-edition-challenge-performances-a-epinal\/#primaryimage"},"thumbnailUrl":"https:\/\/vosgesinfo.fr\/app\/uploads\/sites\/3\/2024\/08\/20170514715075-978126812298263-5587267138743211588-o.jpg","keywords":["Challenge Performances","Epinal"],"articleSection":["Divertissement","Epinal"],"inLanguage":"fr-FR","potentialAction":[{"@type":"CommentAction","name":"Comment","target":["https:\/\/vosgesinfo.fr\/epinalinfo\/2017\/05\/21eme-edition-challenge-performances-a-epinal\/#respond"]}]},{"@type":"WebPage","@id":"https:\/\/vosgesinfo.fr\/epinalinfo\/2017\/05\/21eme-edition-challenge-performances-a-epinal\/","url":"https:\/\/vosgesinfo.fr\/epinalinfo\/2017\/05\/21eme-edition-challenge-performances-a-epinal\/","name":"21\u00e8me \u00e9dition du Challenge Performances \u00e0 Epinal - Epinal Info","isPartOf":{"@id":"https:\/\/vosgesinfo.fr\/epinalinfo\/#website"},"primaryImageOfPage":{"@id":"https:\/\/vosgesinfo.fr\/epinalinfo\/2017\/05\/21eme-edition-challenge-performances-a-epinal\/#primaryimage"},"image":{"@id":"https:\/\/vosgesinfo.fr\/epinalinfo\/2017\/05\/21eme-edition-challenge-performances-a-epinal\/#primaryimage"},"thumbnailUrl":"https:\/\/vosgesinfo.fr\/app\/uploads\/sites\/3\/2024\/08\/20170514715075-978126812298263-5587267138743211588-o.jpg","datePublished":"2017-05-19T02:06:33+00:00","dateModified":"2017-05-19T02:06:33+00:00","breadcrumb":{"@id":"https:\/\/vosgesinfo.fr\/epinalinfo\/2017\/05\/21eme-edition-challenge-performances-a-epinal\/#breadcrumb"},"inLanguage":"fr-FR","potentialAction":[{"@type":"ReadAction","target":["https:\/\/vosgesinfo.fr\/epinalinfo\/2017\/05\/21eme-edition-challenge-performances-a-epinal\/"]}]},{"@type":"ImageObject","inLanguage":"fr-FR","@id":"https:\/\/vosgesinfo.fr\/epinalinfo\/2017\/05\/21eme-edition-challenge-performances-a-epinal\/#primaryimage","url":"https:\/\/vosgesinfo.fr\/app\/uploads\/sites\/3\/2024\/08\/20170514715075-978126812298263-5587267138743211588-o.jpg","contentUrl":"https:\/\/vosgesinfo.fr\/app\/uploads\/sites\/3\/2024\/08\/20170514715075-978126812298263-5587267138743211588-o.jpg","width":800,"height":480},{"@type":"BreadcrumbList","@id":"https:\/\/vosgesinfo.fr\/epinalinfo\/2017\/05\/21eme-edition-challenge-performances-a-epinal\/#breadcrumb","itemListElement":[{"@type":"ListItem","position":1,"name":"Home","item":"https:\/\/vosgesinfo.fr\/epinalinfo\/"},{"@type":"ListItem","position":2,"name":"21\u00e8me \u00e9dition du Challenge Performances \u00e0 Epinal"}]},{"@type":"WebSite","@id":"https:\/\/vosgesinfo.fr\/epinalinfo\/#website","url":"https:\/\/vosgesinfo.fr\/epinalinfo\/","name":"Epinal Info","description":"Toute l&#039;actualit\u00e9 d&#039;\u00c9pinal","publisher":{"@id":"https:\/\/vosgesinfo.fr\/epinalinfo\/#organization"},"alternateName":"Toute l'actualit\u00e9 d'\u00c9pinal","potentialAction":[{"@type":"SearchAction","target":{"@type":"EntryPoint","urlTemplate":"https:\/\/vosgesinfo.fr\/epinalinfo\/?s={search_term_string}"},"query-input":"required name=search_term_string"}],"inLanguage":"fr-FR"},{"@type":"Organization","@id":"https:\/\/vosgesinfo.fr\/epinalinfo\/#organization","name":"Epinal Info","url":"https:\/\/vosgesinfo.fr\/epinalinfo\/","logo":{"@type":"ImageObject","inLanguage":"fr-FR","@id":"https:\/\/vosgesinfo.fr\/epinalinfo\/#\/schema\/logo\/image\/","url":"https:\/\/vosgesinfo.fr\/app\/uploads\/sites\/3\/2023\/08\/logo-epinalinfos.svg","contentUrl":"https:\/\/vosgesinfo.fr\/app\/uploads\/sites\/3\/2023\/08\/logo-epinalinfos.svg","width":1,"height":1,"caption":"Epinal Info"},"image":{"@id":"https:\/\/vosgesinfo.fr\/epinalinfo\/#\/schema\/logo\/image\/"},"sameAs":["https:\/\/www.facebook.com\/Epinalinfos","https:\/\/x.com\/VosgesInfo88","https:\/\/www.youtube.com\/@vosgesinfo"]},{"@type":"Person","@id":"https:\/\/vosgesinfo.fr\/epinalinfo\/#\/schema\/person\/6f9a650eeea99d969b6c4ab78fccbe81","name":"C.K.","image":{"@type":"ImageObject","inLanguage":"fr-FR","@id":"https:\/\/vosgesinfo.fr\/epinalinfo\/#\/schema\/person\/image\/","url":"https:\/\/secure.gravatar.com\/avatar\/48e3fc7f8421ba8942be6b74a2b7f014ca39bc00dece156b7a8e098ae7dc87bf?s=96&d=mm&r=g","contentUrl":"https:\/\/secure.gravatar.com\/avatar\/48e3fc7f8421ba8942be6b74a2b7f014ca39bc00dece156b7a8e098ae7dc87bf?s=96&d=mm&r=g","caption":"C.K."},"url":"https:\/\/vosgesinfo.fr\/epinalinfo\/author\/celia-k-n\/"}]}},"_links":{"self":[{"href":"https:\/\/vosgesinfo.fr\/epinalinfo\/wp-json\/wp\/v2\/posts\/72865","targetHints":{"allow":["GET"]}}],"collection":[{"href":"https:\/\/vosgesinfo.fr\/epinalinfo\/wp-json\/wp\/v2\/posts"}],"about":[{"href":"https:\/\/vosgesinfo.fr\/epinalinfo\/wp-json\/wp\/v2\/types\/post"}],"author":[{"embeddable":true,"href":"https:\/\/vosgesinfo.fr\/epinalinfo\/wp-json\/wp\/v2\/users\/52"}],"replies":[{"embeddable":true,"href":"https:\/\/vosgesinfo.fr\/epinalinfo\/wp-json\/wp\/v2\/comments?post=72865"}],"version-history":[{"count":0,"href":"https:\/\/vosgesinfo.fr\/epinalinfo\/wp-json\/wp\/v2\/posts\/72865\/revisions"}],"wp:featuredmedia":[{"embeddable":true,"href":"https:\/\/vosgesinfo.fr\/epinalinfo\/wp-json\/wp\/v2\/media\/72866"}],"wp:attachment":[{"href":"https:\/\/vosgesinfo.fr\/epinalinfo\/wp-json\/wp\/v2\/media?parent=72865"}],"wp:term":[{"taxonomy":"category","embeddable":true,"href":"https:\/\/vosgesinfo.fr\/epinalinfo\/wp-json\/wp\/v2\/categories?post=72865"},{"taxonomy":"post_tag","embeddable":true,"href":"https:\/\/vosgesinfo.fr\/epinalinfo\/wp-json\/wp\/v2\/tags?post=72865"}],"curies":[{"name":"wp","href":"https:\/\/api.w.org\/{rel}","templated":true}]}}