{"id":72888,"date":"2017-05-19T05:17:52","date_gmt":"2017-05-19T03:17:52","guid":{"rendered":"https:\/\/vosgesinfo.fr\/epinalinfo\/2017\/05\/anould-parcelle-reboisee-grace-a-aide-a-plantation\/"},"modified":"2017-05-19T05:17:52","modified_gmt":"2017-05-19T03:17:52","slug":"anould-parcelle-reboisee-grace-a-aide-a-plantation","status":"publish","type":"post","link":"https:\/\/vosgesinfo.fr\/epinalinfo\/2017\/05\/anould-parcelle-reboisee-grace-a-aide-a-plantation\/","title":{"rendered":"Anould &#8211; Une parcelle rebois\u00e9e gr\u00e2ce \u00e0 une aide \u00e0 la plantation"},"content":{"rendered":"<h4><a href=\"http:\/\/epinalinfos.fr\/2017\/05\/anould-parcelle-reboisee-grace-a-aide-a-plantation\/arbre-2\/\" rel=\"attachment wp-att-114308\"><img decoding=\"async\" class=\"aligncenter size-full wp-image-114308\" src=\"\/2017\/05\/arbre.jpg\" alt=\"arbre\" width=\"800\" height=\"337\" \/><\/a>C\u2019est un fait : en France, le nombre d\u2019arbres replant\u00e9s diminuait ces derni\u00e8res ann\u00e9es. Et ce constat \u00e9tait d\u2019autant plus alarmant sur le Massif Vosgien, o\u00f9 une \u00e9tude du CRPF a montr\u00e9 en 2010 que 75% des surfaces exploit\u00e9es de hagis vosgiens (petites parcelles priv\u00e9es r\u00e9sineuses) n\u2019\u00e9taient pas rebois\u00e9es et laiss\u00e9es en friche. A Anould, une parcelle a pu \u00eatre rebois\u00e9e gr\u00e2ce au soutien du\u00a0Fonds d\u2019Aide \u00e0 la Reconstitution de la Ressource R\u00e9sineuse.<\/h4>\n<p>Face \u00e0 ce bilan, afin de soutenir les propri\u00e9taires priv\u00e9s et les aider \u00e0 replanter, le Fonds d\u2019Aide \u00e0 la Reconstitution de la Ressource R\u00e9sineuse (FA3R) est n\u00e9 en 2012 d\u2019une initiative des professionnels de la fili\u00e8re, accompagn\u00e9s par les inter-professions GIPEBLOR et FIBOIS Alsace et le CRPF Grand Est. Le FA3R est le premier fonds de plantation enti\u00e8rement priv\u00e9, cr\u00e9\u00e9 en France.<\/p>\n<p>En proposant une aide financi\u00e8re allant de 500 \u00e0 1 500 \u20ac par hectare (en fonction de certains crit\u00e8res li\u00e9s au chantier), l\u2019objectif du FA3R est de redonner l\u2019envi et les moyens aux propri\u00e9taires forestiers de replanter leurs parcelles sur le Massif Vosgien et la V\u00f4ge : en Lorraine, en Alsace et en Franche-Comt\u00e9. Depuis 5 ans, la synergie de l\u2019ensemble de la fili\u00e8re qui s\u2019est mise en place autour de ce projet a port\u00e9 ses fruits : Aujourd\u2019hui plus de 500 000 petits r\u00e9sineux ont \u00e9t\u00e9 aid\u00e9s par le FA3R !<\/p>\n<p>Plus de 380 000 \u20ac engag\u00e9s<\/p>\n<p>\uf0b7 308 dossiers financ\u00e9s<\/p>\n<p>\uf0b7 Pr\u00e8s de 390 ha de for\u00eat aid\u00e9s<\/p>\n<p>\uf0b7 550 000 plants r\u00e9partis en 4 essences : &#8211; 67 % \u00e9pic\u00e9a &#8211; 25 % douglas &#8211; 7 % m\u00e9l\u00e8ze &#8211; 1 % sapin<\/p>\n<p>&nbsp;<\/p>\n","protected":false},"excerpt":{"rendered":"<p>C\u2019est un fait : en France, le nombre d\u2019arbres replant\u00e9s diminuait ces derni\u00e8res ann\u00e9es. Et ce constat \u00e9tait d\u2019autant plus [&hellip;]<\/p>\n","protected":false},"author":52,"featured_media":72889,"comment_status":"open","ping_status":"open","sticky":false,"template":"","format":"standard","meta":{"footnotes":""},"categories":[22,16,5],"tags":[10757,6197,10758,10759,10760],"class_list":["post-72888","post","type-post","status-publish","format-standard","has-post-thumbnail","hentry","category-a-la-une","category-environnement","category-vosges","tag-1er-fonds-forestier-prive","tag-anould","tag-parcelle","tag-reboisee","tag-un-demi-million-darbres-replantes"],"acf":[],"yoast_head":"<!-- This site is optimized with the Yoast SEO plugin v22.5 - https:\/\/yoast.com\/wordpress\/plugins\/seo\/ -->\n<title>Anould - Une parcelle rebois\u00e9e gr\u00e2ce \u00e0 une aide \u00e0 la plantation - Epinal Info<\/title>\n<meta name=\"robots\" content=\"index, follow, max-snippet:-1, max-image-preview:large, max-video-preview:-1\" \/>\n<link rel=\"canonical\" href=\"https:\/\/vosgesinfo.fr\/epinalinfo\/2017\/05\/anould-parcelle-reboisee-grace-a-aide-a-plantation\/\" \/>\n<meta name=\"twitter:card\" content=\"summary_large_image\" \/>\n<meta name=\"twitter:title\" content=\"Anould - Une parcelle rebois\u00e9e gr\u00e2ce \u00e0 une aide \u00e0 la plantation - Epinal Info\" \/>\n<meta name=\"twitter:description\" content=\"C\u2019est un fait : en France, le nombre d\u2019arbres replant\u00e9s diminuait ces derni\u00e8res ann\u00e9es. Et ce constat \u00e9tait d\u2019autant plus [&hellip;]\" \/>\n<meta name=\"twitter:image\" content=\"https:\/\/vosgesinfo.fr\/app\/uploads\/sites\/3\/2024\/08\/201705arbre.jpg\" \/>\n<meta name=\"twitter:creator\" content=\"@VosgesInfo88\" \/>\n<meta name=\"twitter:site\" content=\"@VosgesInfo88\" \/>\n<meta name=\"twitter:label1\" content=\"\u00c9crit par\" \/>\n\t<meta name=\"twitter:data1\" content=\"C.K.\" \/>\n\t<meta name=\"twitter:label2\" content=\"Dur\u00e9e de lecture estim\u00e9e\" \/>\n\t<meta name=\"twitter:data2\" content=\"1 minute\" \/>\n<script type=\"application\/ld+json\" class=\"yoast-schema-graph\">{\"@context\":\"https:\/\/schema.org\",\"@graph\":[{\"@type\":\"Article\",\"@id\":\"https:\/\/vosgesinfo.fr\/epinalinfo\/2017\/05\/anould-parcelle-reboisee-grace-a-aide-a-plantation\/#article\",\"isPartOf\":{\"@id\":\"https:\/\/vosgesinfo.fr\/epinalinfo\/2017\/05\/anould-parcelle-reboisee-grace-a-aide-a-plantation\/\"},\"author\":{\"name\":\"C.K.\",\"@id\":\"https:\/\/vosgesinfo.fr\/epinalinfo\/#\/schema\/person\/6f9a650eeea99d969b6c4ab78fccbe81\"},\"headline\":\"Anould &#8211; Une parcelle rebois\u00e9e gr\u00e2ce \u00e0 une aide \u00e0 la plantation\",\"datePublished\":\"2017-05-19T03:17:52+00:00\",\"dateModified\":\"2017-05-19T03:17:52+00:00\",\"mainEntityOfPage\":{\"@id\":\"https:\/\/vosgesinfo.fr\/epinalinfo\/2017\/05\/anould-parcelle-reboisee-grace-a-aide-a-plantation\/\"},\"wordCount\":296,\"commentCount\":0,\"publisher\":{\"@id\":\"https:\/\/vosgesinfo.fr\/epinalinfo\/#organization\"},\"image\":{\"@id\":\"https:\/\/vosgesinfo.fr\/epinalinfo\/2017\/05\/anould-parcelle-reboisee-grace-a-aide-a-plantation\/#primaryimage\"},\"thumbnailUrl\":\"https:\/\/vosgesinfo.fr\/app\/uploads\/sites\/3\/2024\/08\/201705arbre.jpg\",\"keywords\":[\"1er fonds forestier priv\u00e9\",\"Anould\",\"parcelle\",\"rebois\u00e9e\",\"un demi-million d\u2019arbres replant\u00e9s\"],\"articleSection\":[\"A la Une\",\"Environnement\",\"Vosges\"],\"inLanguage\":\"fr-FR\",\"potentialAction\":[{\"@type\":\"CommentAction\",\"name\":\"Comment\",\"target\":[\"https:\/\/vosgesinfo.fr\/epinalinfo\/2017\/05\/anould-parcelle-reboisee-grace-a-aide-a-plantation\/#respond\"]}]},{\"@type\":\"WebPage\",\"@id\":\"https:\/\/vosgesinfo.fr\/epinalinfo\/2017\/05\/anould-parcelle-reboisee-grace-a-aide-a-plantation\/\",\"url\":\"https:\/\/vosgesinfo.fr\/epinalinfo\/2017\/05\/anould-parcelle-reboisee-grace-a-aide-a-plantation\/\",\"name\":\"Anould - Une parcelle rebois\u00e9e gr\u00e2ce \u00e0 une aide \u00e0 la plantation - Epinal Info\",\"isPartOf\":{\"@id\":\"https:\/\/vosgesinfo.fr\/epinalinfo\/#website\"},\"primaryImageOfPage\":{\"@id\":\"https:\/\/vosgesinfo.fr\/epinalinfo\/2017\/05\/anould-parcelle-reboisee-grace-a-aide-a-plantation\/#primaryimage\"},\"image\":{\"@id\":\"https:\/\/vosgesinfo.fr\/epinalinfo\/2017\/05\/anould-parcelle-reboisee-grace-a-aide-a-plantation\/#primaryimage\"},\"thumbnailUrl\":\"https:\/\/vosgesinfo.fr\/app\/uploads\/sites\/3\/2024\/08\/201705arbre.jpg\",\"datePublished\":\"2017-05-19T03:17:52+00:00\",\"dateModified\":\"2017-05-19T03:17:52+00:00\",\"breadcrumb\":{\"@id\":\"https:\/\/vosgesinfo.fr\/epinalinfo\/2017\/05\/anould-parcelle-reboisee-grace-a-aide-a-plantation\/#breadcrumb\"},\"inLanguage\":\"fr-FR\",\"potentialAction\":[{\"@type\":\"ReadAction\",\"target\":[\"https:\/\/vosgesinfo.fr\/epinalinfo\/2017\/05\/anould-parcelle-reboisee-grace-a-aide-a-plantation\/\"]}]},{\"@type\":\"ImageObject\",\"inLanguage\":\"fr-FR\",\"@id\":\"https:\/\/vosgesinfo.fr\/epinalinfo\/2017\/05\/anould-parcelle-reboisee-grace-a-aide-a-plantation\/#primaryimage\",\"url\":\"https:\/\/vosgesinfo.fr\/app\/uploads\/sites\/3\/2024\/08\/201705arbre.jpg\",\"contentUrl\":\"https:\/\/vosgesinfo.fr\/app\/uploads\/sites\/3\/2024\/08\/201705arbre.jpg\",\"width\":800,\"height\":337},{\"@type\":\"BreadcrumbList\",\"@id\":\"https:\/\/vosgesinfo.fr\/epinalinfo\/2017\/05\/anould-parcelle-reboisee-grace-a-aide-a-plantation\/#breadcrumb\",\"itemListElement\":[{\"@type\":\"ListItem\",\"position\":1,\"name\":\"Home\",\"item\":\"https:\/\/vosgesinfo.fr\/epinalinfo\/\"},{\"@type\":\"ListItem\",\"position\":2,\"name\":\"Anould &#8211; Une parcelle rebois\u00e9e gr\u00e2ce \u00e0 une aide \u00e0 la plantation\"}]},{\"@type\":\"WebSite\",\"@id\":\"https:\/\/vosgesinfo.fr\/epinalinfo\/#website\",\"url\":\"https:\/\/vosgesinfo.fr\/epinalinfo\/\",\"name\":\"Epinal Info\",\"description\":\"Toute l&#039;actualit\u00e9 d&#039;\u00c9pinal\",\"publisher\":{\"@id\":\"https:\/\/vosgesinfo.fr\/epinalinfo\/#organization\"},\"alternateName\":\"Toute l'actualit\u00e9 d'\u00c9pinal\",\"potentialAction\":[{\"@type\":\"SearchAction\",\"target\":{\"@type\":\"EntryPoint\",\"urlTemplate\":\"https:\/\/vosgesinfo.fr\/epinalinfo\/?s={search_term_string}\"},\"query-input\":\"required name=search_term_string\"}],\"inLanguage\":\"fr-FR\"},{\"@type\":\"Organization\",\"@id\":\"https:\/\/vosgesinfo.fr\/epinalinfo\/#organization\",\"name\":\"Epinal Info\",\"url\":\"https:\/\/vosgesinfo.fr\/epinalinfo\/\",\"logo\":{\"@type\":\"ImageObject\",\"inLanguage\":\"fr-FR\",\"@id\":\"https:\/\/vosgesinfo.fr\/epinalinfo\/#\/schema\/logo\/image\/\",\"url\":\"https:\/\/vosgesinfo.fr\/app\/uploads\/sites\/3\/2023\/08\/logo-epinalinfos.svg\",\"contentUrl\":\"https:\/\/vosgesinfo.fr\/app\/uploads\/sites\/3\/2023\/08\/logo-epinalinfos.svg\",\"width\":1,\"height\":1,\"caption\":\"Epinal Info\"},\"image\":{\"@id\":\"https:\/\/vosgesinfo.fr\/epinalinfo\/#\/schema\/logo\/image\/\"},\"sameAs\":[\"https:\/\/www.facebook.com\/Epinalinfos\",\"https:\/\/x.com\/VosgesInfo88\",\"https:\/\/www.youtube.com\/@vosgesinfo\"]},{\"@type\":\"Person\",\"@id\":\"https:\/\/vosgesinfo.fr\/epinalinfo\/#\/schema\/person\/6f9a650eeea99d969b6c4ab78fccbe81\",\"name\":\"C.K.\",\"image\":{\"@type\":\"ImageObject\",\"inLanguage\":\"fr-FR\",\"@id\":\"https:\/\/vosgesinfo.fr\/epinalinfo\/#\/schema\/person\/image\/\",\"url\":\"https:\/\/secure.gravatar.com\/avatar\/48e3fc7f8421ba8942be6b74a2b7f014ca39bc00dece156b7a8e098ae7dc87bf?s=96&d=mm&r=g\",\"contentUrl\":\"https:\/\/secure.gravatar.com\/avatar\/48e3fc7f8421ba8942be6b74a2b7f014ca39bc00dece156b7a8e098ae7dc87bf?s=96&d=mm&r=g\",\"caption\":\"C.K.\"},\"url\":\"https:\/\/vosgesinfo.fr\/epinalinfo\/author\/celia-k-n\/\"}]}<\/script>\n<!-- \/ Yoast SEO plugin. -->","yoast_head_json":{"title":"Anould - Une parcelle rebois\u00e9e gr\u00e2ce \u00e0 une aide \u00e0 la plantation - Epinal Info","robots":{"index":"index","follow":"follow","max-snippet":"max-snippet:-1","max-image-preview":"max-image-preview:large","max-video-preview":"max-video-preview:-1"},"canonical":"https:\/\/vosgesinfo.fr\/epinalinfo\/2017\/05\/anould-parcelle-reboisee-grace-a-aide-a-plantation\/","twitter_card":"summary_large_image","twitter_title":"Anould - Une parcelle rebois\u00e9e gr\u00e2ce \u00e0 une aide \u00e0 la plantation - Epinal Info","twitter_description":"C\u2019est un fait : en France, le nombre d\u2019arbres replant\u00e9s diminuait ces derni\u00e8res ann\u00e9es. Et ce constat \u00e9tait d\u2019autant plus [&hellip;]","twitter_image":"https:\/\/vosgesinfo.fr\/app\/uploads\/sites\/3\/2024\/08\/201705arbre.jpg","twitter_creator":"@VosgesInfo88","twitter_site":"@VosgesInfo88","twitter_misc":{"\u00c9crit par":"C.K.","Dur\u00e9e de lecture estim\u00e9e":"1 minute"},"schema":{"@context":"https:\/\/schema.org","@graph":[{"@type":"Article","@id":"https:\/\/vosgesinfo.fr\/epinalinfo\/2017\/05\/anould-parcelle-reboisee-grace-a-aide-a-plantation\/#article","isPartOf":{"@id":"https:\/\/vosgesinfo.fr\/epinalinfo\/2017\/05\/anould-parcelle-reboisee-grace-a-aide-a-plantation\/"},"author":{"name":"C.K.","@id":"https:\/\/vosgesinfo.fr\/epinalinfo\/#\/schema\/person\/6f9a650eeea99d969b6c4ab78fccbe81"},"headline":"Anould &#8211; Une parcelle rebois\u00e9e gr\u00e2ce \u00e0 une aide \u00e0 la plantation","datePublished":"2017-05-19T03:17:52+00:00","dateModified":"2017-05-19T03:17:52+00:00","mainEntityOfPage":{"@id":"https:\/\/vosgesinfo.fr\/epinalinfo\/2017\/05\/anould-parcelle-reboisee-grace-a-aide-a-plantation\/"},"wordCount":296,"commentCount":0,"publisher":{"@id":"https:\/\/vosgesinfo.fr\/epinalinfo\/#organization"},"image":{"@id":"https:\/\/vosgesinfo.fr\/epinalinfo\/2017\/05\/anould-parcelle-reboisee-grace-a-aide-a-plantation\/#primaryimage"},"thumbnailUrl":"https:\/\/vosgesinfo.fr\/app\/uploads\/sites\/3\/2024\/08\/201705arbre.jpg","keywords":["1er fonds forestier priv\u00e9","Anould","parcelle","rebois\u00e9e","un demi-million d\u2019arbres replant\u00e9s"],"articleSection":["A la Une","Environnement","Vosges"],"inLanguage":"fr-FR","potentialAction":[{"@type":"CommentAction","name":"Comment","target":["https:\/\/vosgesinfo.fr\/epinalinfo\/2017\/05\/anould-parcelle-reboisee-grace-a-aide-a-plantation\/#respond"]}]},{"@type":"WebPage","@id":"https:\/\/vosgesinfo.fr\/epinalinfo\/2017\/05\/anould-parcelle-reboisee-grace-a-aide-a-plantation\/","url":"https:\/\/vosgesinfo.fr\/epinalinfo\/2017\/05\/anould-parcelle-reboisee-grace-a-aide-a-plantation\/","name":"Anould - Une parcelle rebois\u00e9e gr\u00e2ce \u00e0 une aide \u00e0 la plantation - Epinal Info","isPartOf":{"@id":"https:\/\/vosgesinfo.fr\/epinalinfo\/#website"},"primaryImageOfPage":{"@id":"https:\/\/vosgesinfo.fr\/epinalinfo\/2017\/05\/anould-parcelle-reboisee-grace-a-aide-a-plantation\/#primaryimage"},"image":{"@id":"https:\/\/vosgesinfo.fr\/epinalinfo\/2017\/05\/anould-parcelle-reboisee-grace-a-aide-a-plantation\/#primaryimage"},"thumbnailUrl":"https:\/\/vosgesinfo.fr\/app\/uploads\/sites\/3\/2024\/08\/201705arbre.jpg","datePublished":"2017-05-19T03:17:52+00:00","dateModified":"2017-05-19T03:17:52+00:00","breadcrumb":{"@id":"https:\/\/vosgesinfo.fr\/epinalinfo\/2017\/05\/anould-parcelle-reboisee-grace-a-aide-a-plantation\/#breadcrumb"},"inLanguage":"fr-FR","potentialAction":[{"@type":"ReadAction","target":["https:\/\/vosgesinfo.fr\/epinalinfo\/2017\/05\/anould-parcelle-reboisee-grace-a-aide-a-plantation\/"]}]},{"@type":"ImageObject","inLanguage":"fr-FR","@id":"https:\/\/vosgesinfo.fr\/epinalinfo\/2017\/05\/anould-parcelle-reboisee-grace-a-aide-a-plantation\/#primaryimage","url":"https:\/\/vosgesinfo.fr\/app\/uploads\/sites\/3\/2024\/08\/201705arbre.jpg","contentUrl":"https:\/\/vosgesinfo.fr\/app\/uploads\/sites\/3\/2024\/08\/201705arbre.jpg","width":800,"height":337},{"@type":"BreadcrumbList","@id":"https:\/\/vosgesinfo.fr\/epinalinfo\/2017\/05\/anould-parcelle-reboisee-grace-a-aide-a-plantation\/#breadcrumb","itemListElement":[{"@type":"ListItem","position":1,"name":"Home","item":"https:\/\/vosgesinfo.fr\/epinalinfo\/"},{"@type":"ListItem","position":2,"name":"Anould &#8211; Une parcelle rebois\u00e9e gr\u00e2ce \u00e0 une aide \u00e0 la plantation"}]},{"@type":"WebSite","@id":"https:\/\/vosgesinfo.fr\/epinalinfo\/#website","url":"https:\/\/vosgesinfo.fr\/epinalinfo\/","name":"Epinal Info","description":"Toute l&#039;actualit\u00e9 d&#039;\u00c9pinal","publisher":{"@id":"https:\/\/vosgesinfo.fr\/epinalinfo\/#organization"},"alternateName":"Toute l'actualit\u00e9 d'\u00c9pinal","potentialAction":[{"@type":"SearchAction","target":{"@type":"EntryPoint","urlTemplate":"https:\/\/vosgesinfo.fr\/epinalinfo\/?s={search_term_string}"},"query-input":"required name=search_term_string"}],"inLanguage":"fr-FR"},{"@type":"Organization","@id":"https:\/\/vosgesinfo.fr\/epinalinfo\/#organization","name":"Epinal Info","url":"https:\/\/vosgesinfo.fr\/epinalinfo\/","logo":{"@type":"ImageObject","inLanguage":"fr-FR","@id":"https:\/\/vosgesinfo.fr\/epinalinfo\/#\/schema\/logo\/image\/","url":"https:\/\/vosgesinfo.fr\/app\/uploads\/sites\/3\/2023\/08\/logo-epinalinfos.svg","contentUrl":"https:\/\/vosgesinfo.fr\/app\/uploads\/sites\/3\/2023\/08\/logo-epinalinfos.svg","width":1,"height":1,"caption":"Epinal Info"},"image":{"@id":"https:\/\/vosgesinfo.fr\/epinalinfo\/#\/schema\/logo\/image\/"},"sameAs":["https:\/\/www.facebook.com\/Epinalinfos","https:\/\/x.com\/VosgesInfo88","https:\/\/www.youtube.com\/@vosgesinfo"]},{"@type":"Person","@id":"https:\/\/vosgesinfo.fr\/epinalinfo\/#\/schema\/person\/6f9a650eeea99d969b6c4ab78fccbe81","name":"C.K.","image":{"@type":"ImageObject","inLanguage":"fr-FR","@id":"https:\/\/vosgesinfo.fr\/epinalinfo\/#\/schema\/person\/image\/","url":"https:\/\/secure.gravatar.com\/avatar\/48e3fc7f8421ba8942be6b74a2b7f014ca39bc00dece156b7a8e098ae7dc87bf?s=96&d=mm&r=g","contentUrl":"https:\/\/secure.gravatar.com\/avatar\/48e3fc7f8421ba8942be6b74a2b7f014ca39bc00dece156b7a8e098ae7dc87bf?s=96&d=mm&r=g","caption":"C.K."},"url":"https:\/\/vosgesinfo.fr\/epinalinfo\/author\/celia-k-n\/"}]}},"_links":{"self":[{"href":"https:\/\/vosgesinfo.fr\/epinalinfo\/wp-json\/wp\/v2\/posts\/72888","targetHints":{"allow":["GET"]}}],"collection":[{"href":"https:\/\/vosgesinfo.fr\/epinalinfo\/wp-json\/wp\/v2\/posts"}],"about":[{"href":"https:\/\/vosgesinfo.fr\/epinalinfo\/wp-json\/wp\/v2\/types\/post"}],"author":[{"embeddable":true,"href":"https:\/\/vosgesinfo.fr\/epinalinfo\/wp-json\/wp\/v2\/users\/52"}],"replies":[{"embeddable":true,"href":"https:\/\/vosgesinfo.fr\/epinalinfo\/wp-json\/wp\/v2\/comments?post=72888"}],"version-history":[{"count":0,"href":"https:\/\/vosgesinfo.fr\/epinalinfo\/wp-json\/wp\/v2\/posts\/72888\/revisions"}],"wp:featuredmedia":[{"embeddable":true,"href":"https:\/\/vosgesinfo.fr\/epinalinfo\/wp-json\/wp\/v2\/media\/72889"}],"wp:attachment":[{"href":"https:\/\/vosgesinfo.fr\/epinalinfo\/wp-json\/wp\/v2\/media?parent=72888"}],"wp:term":[{"taxonomy":"category","embeddable":true,"href":"https:\/\/vosgesinfo.fr\/epinalinfo\/wp-json\/wp\/v2\/categories?post=72888"},{"taxonomy":"post_tag","embeddable":true,"href":"https:\/\/vosgesinfo.fr\/epinalinfo\/wp-json\/wp\/v2\/tags?post=72888"}],"curies":[{"name":"wp","href":"https:\/\/api.w.org\/{rel}","templated":true}]}}