{"id":732,"date":"2023-09-01T10:26:20","date_gmt":"2023-09-01T08:26:20","guid":{"rendered":"https:\/\/vosgesinfo.fr\/epinalinfo\/2023\/09\/pierre-manzo-un-spinalien-champion-de-jiu-jitsu-bresilien\/"},"modified":"2024-02-27T18:11:22","modified_gmt":"2024-02-27T17:11:22","slug":"pierre-manzo-spinalien-champion-de-jiu-jitsu-bresilien","status":"publish","type":"post","link":"https:\/\/vosgesinfo.fr\/epinalinfo\/2023\/09\/pierre-manzo-spinalien-champion-de-jiu-jitsu-bresilien\/","title":{"rendered":"Pierre Manzo, un Spinalien champion de jiu-jitsu br\u00e9silien"},"content":{"rendered":"<h2><span style=\"font-size: 14pt;\"><strong><a href=\"https:\/\/epinalinfos.fr\/wp-content\/uploads\/2023\/09\/pierre-manzo-champion-de-jiu-jitsu-br\u00e9silien-1.jpg\"><img decoding=\"async\" class=\"aligncenter size-large wp-image-223532\" src=\"https:\/\/vosgesinfo.fr\/app\/uploads\/sites\/3\/2023\/09\/pierre-manzo-champion-de-jiu-jitsu-bresilien-1.jpg\" alt=\"pierre-manzo-champion de jiu-jitsu br\u00e9silien (1)\" width=\"800\" height=\"450\" \/><\/a>Inspir\u00e9 du judo, le <span class=\"x193iq5w xeuugli x13faqbe x1vvkbs x1xmvt09 x1lliihq x1s928wv xhkezso x1gmr53x x1cpjm7i x1fgarty x1943h6x xudqn12 x3x7a5m x6prxxf xvq8zen xo1l8bm xzsf02u\" dir=\"auto\">Jiu Jitsu Br\u00e9silien<\/span> conna\u00eet un succ\u00e8s grandissant en France. A Epinal, Pierre Manzo, 33 ans est un habitu\u00e9 des podiums.<\/strong><\/span><\/h2>\n<p>A 33 ans, Pierre Manzo a d\u00e9j\u00e0 un beau palmar\u00e8s en Jiu Jitsu Br\u00e9silien, un sport inspir\u00e9 du Judo. Cet athl\u00e8te Spinalien de haut niveau dans les arts martiaux est en \u00e9quipe de France de Grappling (sans kimono) depuis 3 ans et il revient tout juste des championnats du monde en Pologne o\u00f9 il \u00e0 termin\u00e9 sur la 2 \u00e8me marche du podium. Il est \u00e9galement vice champion du monde 2023 et 3 \u00e8me aux championnats d&rsquo;Europe en Roumanie il y a quelques mois. Il pr\u00e9pare les Jeux Mondiaux en octobre en Arabie Saoudite (World Combat Games ).<\/p>\n<p>Cela fait plus de 10 ans qu&rsquo;il pratique le <span class=\"x193iq5w xeuugli x13faqbe x1vvkbs x1xmvt09 x1lliihq x1s928wv xhkezso x1gmr53x x1cpjm7i x1fgarty x1943h6x xudqn12 x3x7a5m x6prxxf xvq8zen xo1l8bm xzsf02u\" dir=\"auto\">Jiu Jitsu Br\u00e9silien<\/span>. Il a obtenu sa ceinture noire aux \u00c9tats-Unis en 2019. Pour lui cet art martial est l&rsquo;occasion de se d\u00e9passer et il souhaite populariser\u00a0<span id=\"103\">ce sport<\/span> montant en France.<\/p>\n<h3>Le <span class=\"x193iq5w xeuugli x13faqbe x1vvkbs x1xmvt09 x1lliihq x1s928wv xhkezso x1gmr53x x1cpjm7i x1fgarty x1943h6x xudqn12 x3x7a5m x6prxxf xvq8zen xo1l8bm xzsf02u\" dir=\"auto\">Jiu Jitsu Br\u00e9silien<\/span> : \u00ab\u00a0jeu d&rsquo;\u00e9checs humain\u00a0\u00bb<\/h3>\n<p>Le <span class=\"x193iq5w xeuugli x13faqbe x1vvkbs x1xmvt09 x1lliihq x1s928wv xhkezso x1gmr53x x1cpjm7i x1fgarty x1943h6x xudqn12 x3x7a5m x6prxxf xvq8zen xo1l8bm xzsf02u\" dir=\"auto\">Jiu Jitsu Br\u00e9silien<\/span>, aussi surnomm\u00e9 le \u00ab\u00a0jeu d&rsquo;\u00e9checs humain\u00a0\u00bb, est un sport de combat, d\u00e9riv\u00e9 du judo et d\u00e9velopp\u00e9 au Br\u00e9sil, qui a notamment gagn\u00e9 ses lettres de noblesse en s&rsquo;imposant comme la discipline la plus efficace lors des premi\u00e8res comp\u00e9titions d&rsquo;Arts Martiaux Mixte.<\/p>\n<p>Au Jui Jitsu Br\u00e9silien, on retrouve des techniques de combat au sol, \u00e0 base de compressions, cl\u00e9s articulaires et strangulations. Seules les frappes sont proscrites.<span id=\"p134\"> Apparue en France il y a 25 ans, la discipline a rejoint la f\u00e9d\u00e9ration de judo en juillet 2021. <\/span><\/p>\n<h3>Une \u00e9cole \u00e0 Epinal : la Jiu Jitsu Family<\/h3>\n<p>Depuis pr\u00e8s de 3 ans, le Spinalien tient une \u00e9cole, la Jiu Jitsu Family, situ\u00e9e r<span class=\"x193iq5w xeuugli x13faqbe x1vvkbs x1xmvt09 x1lliihq x1s928wv xhkezso x1gmr53x x1cpjm7i x1fgarty x1943h6x xudqn12 x3x7a5m x6prxxf xvq8zen xo1l8bm xzsf02u\" dir=\"auto\">ue de la Bazaine, \u00e0 \u00c9pinal. Les deux disciplines pratiqu\u00e9s sont le Jiu Jitsu Br\u00e9silien (avec kimono) et le Grappling (sans kimono). Ce sport est un m\u00e9lange de lutte et de judo. Il y a des cours chaque jour (sauf le week-end) accessibles aux enfants \u00e0 partir de 7 ans et aux adultes pour d\u00e9butants ou confirm\u00e9s. <em>\u00ab\u00a0C&rsquo;est un sport que l&rsquo;on peut pratiquer \u00e0 n&rsquo;importe quel \u00e2ge. Il faut juste \u00eatre motiv\u00e9.<\/em>\u00a0\u00bb explique Pierre Manzo. Pour les d\u00e9butants, les cours permettent d&rsquo;apprendre les bases du d\u00e9placement au sol.<em> \u00ab\u00a0C&rsquo;est aussi le sport id\u00e9al pour les gens qui souhaitent perdre du poids en s&rsquo;amusant. C&rsquo;est un beau moyen de se remettre en forme\u00a0\u00bb<\/em> poursuit-il. <\/span><\/p>\n<p>Les enseignants sont tous dipl\u00f4m\u00e9s et parmi eux 3 ceintures noires dont Pierre Manzo.<\/p>\n<p>L&rsquo;\u00e9cole de Jiu Jitsu spinalienne sera pr\u00e9sente au parc du cours ce samedi 2 septembre \u00e0 l&rsquo;occasion des associations en f\u00eates. Elle participera \u00e9galement aux portes ouvertes des sports de combat organis\u00e9es par le magasin D\u00e9cathlon Epinal.<\/p>\n","protected":false},"excerpt":{"rendered":"<p>Inspir\u00e9 du judo, le Jiu Jitsu Br\u00e9silien conna\u00eet un succ\u00e8s grandissant en France. A Epinal, Pierre Manzo, 33 ans est [&hellip;]<\/p>\n","protected":false},"author":52,"featured_media":731,"comment_status":"open","ping_status":"open","sticky":false,"template":"","format":"standard","meta":{"footnotes":""},"categories":[22,7,5],"tags":[70,336,337,338,218,75],"class_list":["post-732","post","type-post","status-publish","format-standard","has-post-thumbnail","hentry","category-a-la-une","category-sport","category-vosges","tag-epinal","tag-jiu-jitsu-bresilien","tag-judo","tag-pierre-manzo","tag-sport","tag-vosges"],"acf":[],"yoast_head":"<!-- This site is optimized with the Yoast SEO plugin v22.5 - https:\/\/yoast.com\/wordpress\/plugins\/seo\/ -->\n<title>Pierre Manzo, un Spinalien champion de jiu-jitsu br\u00e9silien - Epinal Info<\/title>\n<meta name=\"robots\" content=\"index, follow, max-snippet:-1, max-image-preview:large, max-video-preview:-1\" \/>\n<link rel=\"canonical\" href=\"https:\/\/vosgesinfo.fr\/epinalinfo\/2023\/09\/pierre-manzo-spinalien-champion-de-jiu-jitsu-bresilien\/\" \/>\n<meta name=\"twitter:card\" content=\"summary_large_image\" \/>\n<meta name=\"twitter:title\" content=\"Pierre Manzo, un Spinalien champion de jiu-jitsu br\u00e9silien - Epinal Info\" \/>\n<meta name=\"twitter:description\" content=\"Inspir\u00e9 du judo, le Jiu Jitsu Br\u00e9silien conna\u00eet un succ\u00e8s grandissant en France. A Epinal, Pierre Manzo, 33 ans est [&hellip;]\" \/>\n<meta name=\"twitter:image\" content=\"https:\/\/vosgesinfo.fr\/app\/uploads\/sites\/3\/2023\/09\/pierre-manzo-champion-de-jiu-jitsu-bresilien-1.jpg\" \/>\n<meta name=\"twitter:creator\" content=\"@VosgesInfo88\" \/>\n<meta name=\"twitter:site\" content=\"@VosgesInfo88\" \/>\n<meta name=\"twitter:label1\" content=\"\u00c9crit par\" \/>\n\t<meta name=\"twitter:data1\" content=\"C.K.\" \/>\n\t<meta name=\"twitter:label2\" content=\"Dur\u00e9e de lecture estim\u00e9e\" \/>\n\t<meta name=\"twitter:data2\" content=\"2 minutes\" \/>\n<script type=\"application\/ld+json\" class=\"yoast-schema-graph\">{\"@context\":\"https:\/\/schema.org\",\"@graph\":[{\"@type\":\"Article\",\"@id\":\"https:\/\/vosgesinfo.fr\/epinalinfo\/2023\/09\/pierre-manzo-spinalien-champion-de-jiu-jitsu-bresilien\/#article\",\"isPartOf\":{\"@id\":\"https:\/\/vosgesinfo.fr\/epinalinfo\/2023\/09\/pierre-manzo-spinalien-champion-de-jiu-jitsu-bresilien\/\"},\"author\":{\"name\":\"C.K.\",\"@id\":\"https:\/\/vosgesinfo.fr\/epinalinfo\/#\/schema\/person\/6f9a650eeea99d969b6c4ab78fccbe81\"},\"headline\":\"Pierre Manzo, un Spinalien champion de jiu-jitsu br\u00e9silien\",\"datePublished\":\"2023-09-01T08:26:20+00:00\",\"dateModified\":\"2024-02-27T17:11:22+00:00\",\"mainEntityOfPage\":{\"@id\":\"https:\/\/vosgesinfo.fr\/epinalinfo\/2023\/09\/pierre-manzo-spinalien-champion-de-jiu-jitsu-bresilien\/\"},\"wordCount\":487,\"commentCount\":0,\"publisher\":{\"@id\":\"https:\/\/vosgesinfo.fr\/epinalinfo\/#organization\"},\"image\":{\"@id\":\"https:\/\/vosgesinfo.fr\/epinalinfo\/2023\/09\/pierre-manzo-spinalien-champion-de-jiu-jitsu-bresilien\/#primaryimage\"},\"thumbnailUrl\":\"https:\/\/vosgesinfo.fr\/app\/uploads\/sites\/3\/2023\/09\/pierre-manzo-champion-de-jiu-jitsu-bresilien-1.jpg\",\"keywords\":[\"Epinal\",\"jiu-jitsu br\u00e9silien\",\"judo\",\"Pierre Manzo\",\"sport\",\"vosges\"],\"articleSection\":[\"A la Une\",\"Sport\",\"Vosges\"],\"inLanguage\":\"fr-FR\",\"potentialAction\":[{\"@type\":\"CommentAction\",\"name\":\"Comment\",\"target\":[\"https:\/\/vosgesinfo.fr\/epinalinfo\/2023\/09\/pierre-manzo-spinalien-champion-de-jiu-jitsu-bresilien\/#respond\"]}]},{\"@type\":\"WebPage\",\"@id\":\"https:\/\/vosgesinfo.fr\/epinalinfo\/2023\/09\/pierre-manzo-spinalien-champion-de-jiu-jitsu-bresilien\/\",\"url\":\"https:\/\/vosgesinfo.fr\/epinalinfo\/2023\/09\/pierre-manzo-spinalien-champion-de-jiu-jitsu-bresilien\/\",\"name\":\"Pierre Manzo, un Spinalien champion de jiu-jitsu br\u00e9silien - Epinal Info\",\"isPartOf\":{\"@id\":\"https:\/\/vosgesinfo.fr\/epinalinfo\/#website\"},\"primaryImageOfPage\":{\"@id\":\"https:\/\/vosgesinfo.fr\/epinalinfo\/2023\/09\/pierre-manzo-spinalien-champion-de-jiu-jitsu-bresilien\/#primaryimage\"},\"image\":{\"@id\":\"https:\/\/vosgesinfo.fr\/epinalinfo\/2023\/09\/pierre-manzo-spinalien-champion-de-jiu-jitsu-bresilien\/#primaryimage\"},\"thumbnailUrl\":\"https:\/\/vosgesinfo.fr\/app\/uploads\/sites\/3\/2023\/09\/pierre-manzo-champion-de-jiu-jitsu-bresilien-1.jpg\",\"datePublished\":\"2023-09-01T08:26:20+00:00\",\"dateModified\":\"2024-02-27T17:11:22+00:00\",\"breadcrumb\":{\"@id\":\"https:\/\/vosgesinfo.fr\/epinalinfo\/2023\/09\/pierre-manzo-spinalien-champion-de-jiu-jitsu-bresilien\/#breadcrumb\"},\"inLanguage\":\"fr-FR\",\"potentialAction\":[{\"@type\":\"ReadAction\",\"target\":[\"https:\/\/vosgesinfo.fr\/epinalinfo\/2023\/09\/pierre-manzo-spinalien-champion-de-jiu-jitsu-bresilien\/\"]}]},{\"@type\":\"ImageObject\",\"inLanguage\":\"fr-FR\",\"@id\":\"https:\/\/vosgesinfo.fr\/epinalinfo\/2023\/09\/pierre-manzo-spinalien-champion-de-jiu-jitsu-bresilien\/#primaryimage\",\"url\":\"https:\/\/vosgesinfo.fr\/app\/uploads\/sites\/3\/2023\/09\/pierre-manzo-champion-de-jiu-jitsu-bresilien-1.jpg\",\"contentUrl\":\"https:\/\/vosgesinfo.fr\/app\/uploads\/sites\/3\/2023\/09\/pierre-manzo-champion-de-jiu-jitsu-bresilien-1.jpg\",\"width\":800,\"height\":450},{\"@type\":\"BreadcrumbList\",\"@id\":\"https:\/\/vosgesinfo.fr\/epinalinfo\/2023\/09\/pierre-manzo-spinalien-champion-de-jiu-jitsu-bresilien\/#breadcrumb\",\"itemListElement\":[{\"@type\":\"ListItem\",\"position\":1,\"name\":\"Home\",\"item\":\"https:\/\/vosgesinfo.fr\/epinalinfo\/\"},{\"@type\":\"ListItem\",\"position\":2,\"name\":\"Pierre Manzo, un Spinalien champion de jiu-jitsu br\u00e9silien\"}]},{\"@type\":\"WebSite\",\"@id\":\"https:\/\/vosgesinfo.fr\/epinalinfo\/#website\",\"url\":\"https:\/\/vosgesinfo.fr\/epinalinfo\/\",\"name\":\"Epinal Info\",\"description\":\"Toute l&#039;actualit\u00e9 d&#039;\u00c9pinal\",\"publisher\":{\"@id\":\"https:\/\/vosgesinfo.fr\/epinalinfo\/#organization\"},\"alternateName\":\"Toute l'actualit\u00e9 d'\u00c9pinal\",\"potentialAction\":[{\"@type\":\"SearchAction\",\"target\":{\"@type\":\"EntryPoint\",\"urlTemplate\":\"https:\/\/vosgesinfo.fr\/epinalinfo\/?s={search_term_string}\"},\"query-input\":\"required name=search_term_string\"}],\"inLanguage\":\"fr-FR\"},{\"@type\":\"Organization\",\"@id\":\"https:\/\/vosgesinfo.fr\/epinalinfo\/#organization\",\"name\":\"Epinal Info\",\"url\":\"https:\/\/vosgesinfo.fr\/epinalinfo\/\",\"logo\":{\"@type\":\"ImageObject\",\"inLanguage\":\"fr-FR\",\"@id\":\"https:\/\/vosgesinfo.fr\/epinalinfo\/#\/schema\/logo\/image\/\",\"url\":\"https:\/\/vosgesinfo.fr\/app\/uploads\/sites\/3\/2023\/08\/logo-epinalinfos.svg\",\"contentUrl\":\"https:\/\/vosgesinfo.fr\/app\/uploads\/sites\/3\/2023\/08\/logo-epinalinfos.svg\",\"width\":1,\"height\":1,\"caption\":\"Epinal Info\"},\"image\":{\"@id\":\"https:\/\/vosgesinfo.fr\/epinalinfo\/#\/schema\/logo\/image\/\"},\"sameAs\":[\"https:\/\/www.facebook.com\/Epinalinfos\",\"https:\/\/x.com\/VosgesInfo88\",\"https:\/\/www.youtube.com\/@vosgesinfo\"]},{\"@type\":\"Person\",\"@id\":\"https:\/\/vosgesinfo.fr\/epinalinfo\/#\/schema\/person\/6f9a650eeea99d969b6c4ab78fccbe81\",\"name\":\"C.K.\",\"image\":{\"@type\":\"ImageObject\",\"inLanguage\":\"fr-FR\",\"@id\":\"https:\/\/vosgesinfo.fr\/epinalinfo\/#\/schema\/person\/image\/\",\"url\":\"https:\/\/secure.gravatar.com\/avatar\/48e3fc7f8421ba8942be6b74a2b7f014ca39bc00dece156b7a8e098ae7dc87bf?s=96&d=mm&r=g\",\"contentUrl\":\"https:\/\/secure.gravatar.com\/avatar\/48e3fc7f8421ba8942be6b74a2b7f014ca39bc00dece156b7a8e098ae7dc87bf?s=96&d=mm&r=g\",\"caption\":\"C.K.\"},\"url\":\"https:\/\/vosgesinfo.fr\/epinalinfo\/author\/celia-k-n\/\"}]}<\/script>\n<!-- \/ Yoast SEO plugin. -->","yoast_head_json":{"title":"Pierre Manzo, un Spinalien champion de jiu-jitsu br\u00e9silien - Epinal Info","robots":{"index":"index","follow":"follow","max-snippet":"max-snippet:-1","max-image-preview":"max-image-preview:large","max-video-preview":"max-video-preview:-1"},"canonical":"https:\/\/vosgesinfo.fr\/epinalinfo\/2023\/09\/pierre-manzo-spinalien-champion-de-jiu-jitsu-bresilien\/","twitter_card":"summary_large_image","twitter_title":"Pierre Manzo, un Spinalien champion de jiu-jitsu br\u00e9silien - Epinal Info","twitter_description":"Inspir\u00e9 du judo, le Jiu Jitsu Br\u00e9silien conna\u00eet un succ\u00e8s grandissant en France. A Epinal, Pierre Manzo, 33 ans est [&hellip;]","twitter_image":"https:\/\/vosgesinfo.fr\/app\/uploads\/sites\/3\/2023\/09\/pierre-manzo-champion-de-jiu-jitsu-bresilien-1.jpg","twitter_creator":"@VosgesInfo88","twitter_site":"@VosgesInfo88","twitter_misc":{"\u00c9crit par":"C.K.","Dur\u00e9e de lecture estim\u00e9e":"2 minutes"},"schema":{"@context":"https:\/\/schema.org","@graph":[{"@type":"Article","@id":"https:\/\/vosgesinfo.fr\/epinalinfo\/2023\/09\/pierre-manzo-spinalien-champion-de-jiu-jitsu-bresilien\/#article","isPartOf":{"@id":"https:\/\/vosgesinfo.fr\/epinalinfo\/2023\/09\/pierre-manzo-spinalien-champion-de-jiu-jitsu-bresilien\/"},"author":{"name":"C.K.","@id":"https:\/\/vosgesinfo.fr\/epinalinfo\/#\/schema\/person\/6f9a650eeea99d969b6c4ab78fccbe81"},"headline":"Pierre Manzo, un Spinalien champion de jiu-jitsu br\u00e9silien","datePublished":"2023-09-01T08:26:20+00:00","dateModified":"2024-02-27T17:11:22+00:00","mainEntityOfPage":{"@id":"https:\/\/vosgesinfo.fr\/epinalinfo\/2023\/09\/pierre-manzo-spinalien-champion-de-jiu-jitsu-bresilien\/"},"wordCount":487,"commentCount":0,"publisher":{"@id":"https:\/\/vosgesinfo.fr\/epinalinfo\/#organization"},"image":{"@id":"https:\/\/vosgesinfo.fr\/epinalinfo\/2023\/09\/pierre-manzo-spinalien-champion-de-jiu-jitsu-bresilien\/#primaryimage"},"thumbnailUrl":"https:\/\/vosgesinfo.fr\/app\/uploads\/sites\/3\/2023\/09\/pierre-manzo-champion-de-jiu-jitsu-bresilien-1.jpg","keywords":["Epinal","jiu-jitsu br\u00e9silien","judo","Pierre Manzo","sport","vosges"],"articleSection":["A la Une","Sport","Vosges"],"inLanguage":"fr-FR","potentialAction":[{"@type":"CommentAction","name":"Comment","target":["https:\/\/vosgesinfo.fr\/epinalinfo\/2023\/09\/pierre-manzo-spinalien-champion-de-jiu-jitsu-bresilien\/#respond"]}]},{"@type":"WebPage","@id":"https:\/\/vosgesinfo.fr\/epinalinfo\/2023\/09\/pierre-manzo-spinalien-champion-de-jiu-jitsu-bresilien\/","url":"https:\/\/vosgesinfo.fr\/epinalinfo\/2023\/09\/pierre-manzo-spinalien-champion-de-jiu-jitsu-bresilien\/","name":"Pierre Manzo, un Spinalien champion de jiu-jitsu br\u00e9silien - Epinal Info","isPartOf":{"@id":"https:\/\/vosgesinfo.fr\/epinalinfo\/#website"},"primaryImageOfPage":{"@id":"https:\/\/vosgesinfo.fr\/epinalinfo\/2023\/09\/pierre-manzo-spinalien-champion-de-jiu-jitsu-bresilien\/#primaryimage"},"image":{"@id":"https:\/\/vosgesinfo.fr\/epinalinfo\/2023\/09\/pierre-manzo-spinalien-champion-de-jiu-jitsu-bresilien\/#primaryimage"},"thumbnailUrl":"https:\/\/vosgesinfo.fr\/app\/uploads\/sites\/3\/2023\/09\/pierre-manzo-champion-de-jiu-jitsu-bresilien-1.jpg","datePublished":"2023-09-01T08:26:20+00:00","dateModified":"2024-02-27T17:11:22+00:00","breadcrumb":{"@id":"https:\/\/vosgesinfo.fr\/epinalinfo\/2023\/09\/pierre-manzo-spinalien-champion-de-jiu-jitsu-bresilien\/#breadcrumb"},"inLanguage":"fr-FR","potentialAction":[{"@type":"ReadAction","target":["https:\/\/vosgesinfo.fr\/epinalinfo\/2023\/09\/pierre-manzo-spinalien-champion-de-jiu-jitsu-bresilien\/"]}]},{"@type":"ImageObject","inLanguage":"fr-FR","@id":"https:\/\/vosgesinfo.fr\/epinalinfo\/2023\/09\/pierre-manzo-spinalien-champion-de-jiu-jitsu-bresilien\/#primaryimage","url":"https:\/\/vosgesinfo.fr\/app\/uploads\/sites\/3\/2023\/09\/pierre-manzo-champion-de-jiu-jitsu-bresilien-1.jpg","contentUrl":"https:\/\/vosgesinfo.fr\/app\/uploads\/sites\/3\/2023\/09\/pierre-manzo-champion-de-jiu-jitsu-bresilien-1.jpg","width":800,"height":450},{"@type":"BreadcrumbList","@id":"https:\/\/vosgesinfo.fr\/epinalinfo\/2023\/09\/pierre-manzo-spinalien-champion-de-jiu-jitsu-bresilien\/#breadcrumb","itemListElement":[{"@type":"ListItem","position":1,"name":"Home","item":"https:\/\/vosgesinfo.fr\/epinalinfo\/"},{"@type":"ListItem","position":2,"name":"Pierre Manzo, un Spinalien champion de jiu-jitsu br\u00e9silien"}]},{"@type":"WebSite","@id":"https:\/\/vosgesinfo.fr\/epinalinfo\/#website","url":"https:\/\/vosgesinfo.fr\/epinalinfo\/","name":"Epinal Info","description":"Toute l&#039;actualit\u00e9 d&#039;\u00c9pinal","publisher":{"@id":"https:\/\/vosgesinfo.fr\/epinalinfo\/#organization"},"alternateName":"Toute l'actualit\u00e9 d'\u00c9pinal","potentialAction":[{"@type":"SearchAction","target":{"@type":"EntryPoint","urlTemplate":"https:\/\/vosgesinfo.fr\/epinalinfo\/?s={search_term_string}"},"query-input":"required name=search_term_string"}],"inLanguage":"fr-FR"},{"@type":"Organization","@id":"https:\/\/vosgesinfo.fr\/epinalinfo\/#organization","name":"Epinal Info","url":"https:\/\/vosgesinfo.fr\/epinalinfo\/","logo":{"@type":"ImageObject","inLanguage":"fr-FR","@id":"https:\/\/vosgesinfo.fr\/epinalinfo\/#\/schema\/logo\/image\/","url":"https:\/\/vosgesinfo.fr\/app\/uploads\/sites\/3\/2023\/08\/logo-epinalinfos.svg","contentUrl":"https:\/\/vosgesinfo.fr\/app\/uploads\/sites\/3\/2023\/08\/logo-epinalinfos.svg","width":1,"height":1,"caption":"Epinal Info"},"image":{"@id":"https:\/\/vosgesinfo.fr\/epinalinfo\/#\/schema\/logo\/image\/"},"sameAs":["https:\/\/www.facebook.com\/Epinalinfos","https:\/\/x.com\/VosgesInfo88","https:\/\/www.youtube.com\/@vosgesinfo"]},{"@type":"Person","@id":"https:\/\/vosgesinfo.fr\/epinalinfo\/#\/schema\/person\/6f9a650eeea99d969b6c4ab78fccbe81","name":"C.K.","image":{"@type":"ImageObject","inLanguage":"fr-FR","@id":"https:\/\/vosgesinfo.fr\/epinalinfo\/#\/schema\/person\/image\/","url":"https:\/\/secure.gravatar.com\/avatar\/48e3fc7f8421ba8942be6b74a2b7f014ca39bc00dece156b7a8e098ae7dc87bf?s=96&d=mm&r=g","contentUrl":"https:\/\/secure.gravatar.com\/avatar\/48e3fc7f8421ba8942be6b74a2b7f014ca39bc00dece156b7a8e098ae7dc87bf?s=96&d=mm&r=g","caption":"C.K."},"url":"https:\/\/vosgesinfo.fr\/epinalinfo\/author\/celia-k-n\/"}]}},"_links":{"self":[{"href":"https:\/\/vosgesinfo.fr\/epinalinfo\/wp-json\/wp\/v2\/posts\/732","targetHints":{"allow":["GET"]}}],"collection":[{"href":"https:\/\/vosgesinfo.fr\/epinalinfo\/wp-json\/wp\/v2\/posts"}],"about":[{"href":"https:\/\/vosgesinfo.fr\/epinalinfo\/wp-json\/wp\/v2\/types\/post"}],"author":[{"embeddable":true,"href":"https:\/\/vosgesinfo.fr\/epinalinfo\/wp-json\/wp\/v2\/users\/52"}],"replies":[{"embeddable":true,"href":"https:\/\/vosgesinfo.fr\/epinalinfo\/wp-json\/wp\/v2\/comments?post=732"}],"version-history":[{"count":1,"href":"https:\/\/vosgesinfo.fr\/epinalinfo\/wp-json\/wp\/v2\/posts\/732\/revisions"}],"predecessor-version":[{"id":37398,"href":"https:\/\/vosgesinfo.fr\/epinalinfo\/wp-json\/wp\/v2\/posts\/732\/revisions\/37398"}],"wp:featuredmedia":[{"embeddable":true,"href":"https:\/\/vosgesinfo.fr\/epinalinfo\/wp-json\/wp\/v2\/media\/731"}],"wp:attachment":[{"href":"https:\/\/vosgesinfo.fr\/epinalinfo\/wp-json\/wp\/v2\/media?parent=732"}],"wp:term":[{"taxonomy":"category","embeddable":true,"href":"https:\/\/vosgesinfo.fr\/epinalinfo\/wp-json\/wp\/v2\/categories?post=732"},{"taxonomy":"post_tag","embeddable":true,"href":"https:\/\/vosgesinfo.fr\/epinalinfo\/wp-json\/wp\/v2\/tags?post=732"}],"curies":[{"name":"wp","href":"https:\/\/api.w.org\/{rel}","templated":true}]}}