{"id":74222,"date":"2017-06-21T15:08:50","date_gmt":"2017-06-21T13:08:50","guid":{"rendered":"https:\/\/vosgesinfo.fr\/epinalinfo\/2017\/06\/vosges-politique-renouveau-ps-passer-militants\/"},"modified":"2017-06-21T15:08:50","modified_gmt":"2017-06-21T13:08:50","slug":"vosges-politique-renouveau-ps-passer-militants","status":"publish","type":"post","link":"https:\/\/vosgesinfo.fr\/epinalinfo\/2017\/06\/vosges-politique-renouveau-ps-passer-militants\/","title":{"rendered":"Vosges \u2013 Politique : \u00ab le renouveau du PS doit passer par ses militants \u00bb"},"content":{"rendered":"<h4><a href=\"http:\/\/epinalinfos.fr\/2017\/06\/vosges-politique-renouveau-ps-passer-militants\/gh_sayer-3\/\" rel=\"attachment wp-att-116624\"><img decoding=\"async\" class=\"aligncenter size-full wp-image-116624\" src=\"\/2017\/06\/gh_sayer.png\" alt=\"gh_sayer\" width=\"631\" height=\"294\" \/><\/a>De jeunes premiers secr\u00e9taires de f\u00e9d\u00e9rations socialistes ne veulent pas se laisser voler leur \u00abrefondation\u00bb. Ni par d\u2019anciens ministres, ni par de jeunes chefs, ils souhaitent une r\u00e9flexion collective, empreinte d\u2019humilit\u00e9 comme ils l\u2019\u00e9crivent dans un communiqu\u00e9 commun sign\u00e9 par 33 secr\u00e9taires f\u00e9d\u00e9raux dont Ghislain Sayer, secr\u00e9taire de la f\u00e9d\u00e9ration des Vosges. Un communiqu\u00e9 \u00e0 lire ci dessous.<\/h4>\n<p><em>\u00ab\u00a0Notre<\/em><em class=\"aligncenter\">parti vient de vivre deux d\u00e9b\u00e2cles historiques.<\/em><\/p>\n<p><em>Il n\u2019y a pas de place ici pour le d\u00e9ni. La d\u00e9faite est totale et il faudra donc tout changer, du sol au plafond, la forme comme le fond.<\/em><\/p>\n<p><em>Bien \u00e9videmment, il faudra faire le bilan du quinquennat et des diff\u00e9rentes campagnes, mais il ne faudra pas s\u2019y perdre. Il faudra bien entendu analyser le pass\u00e9 mais pour mieux nous tourner vers l\u2019avenir, avec volont\u00e9 et avec ambition.<\/em><\/p>\n<p><em>Vous l\u2019aurez compris, ce texte ne s\u2019adresse pas \u00e0 celles et ceux qui ont d\u00e9j\u00e0 renonc\u00e9 \u00e0 notre histoire commune et qui, tous les quatre matins, se d\u00e9lectent d\u2019annoncer l\u2019acte de d\u00e9c\u00e8s de notre formation et de la social-d\u00e9mocratie.<\/em><\/p>\n<p><em>Il ne suffira pas de chercher les causes et les responsables. Car les causes viennent de loin et les responsabilit\u00e9s sont collectives. Ainsi, cette d\u00e9route ne se r\u00e9glera pas en sombrant dans une chasse aux boucs \u00e9missaires qui finirait de d\u00e9go\u00fbter les militants socialistes ou dans une Saint-Barth\u00e9lemy g\u00e9n\u00e9ralis\u00e9e qui chasserait les \u00e9lecteurs. Cette d\u00e9route ne pourra pas se solder dans une guerre de succession entre anciens ministres. Le renouveau ne pourra se r\u00e9sumer \u00e0 une guerre de jeunes chefs qui rejoueraient la pi\u00e8ce de leurs a\u00een\u00e9s dans un mauvais remake. C\u2019est d\u2019une d\u00e9marche collective, empreinte d\u2019humilit\u00e9 et de responsabilit\u00e9, que la refondation a besoin.<\/em><\/p>\n<p><em>Il n\u2019y a pas de place ici pour les r\u00e9flexes d\u2019appareils, pour les figures impos\u00e9es et les candidatures par tribunes interpos\u00e9es. Personne ne pourra en \u00eatre exclu par principe. Personne ne pourra revendiquer un r\u00f4le particulier d\u2019autorit\u00e9.<\/em><\/p>\n<p><em>Nous le disons ici clairement : nous ne nous laisserons pas voler cette refondation. Car il s\u2019agit de notre refondation. La refondation par les militants de ce que doit redevenir la famille socialiste.<\/em><\/p>\n<p><em>Depuis des ann\u00e9es, nous allons au contact de nos concitoyens, pour essayer de les convaincre de nos id\u00e9es et de nos r\u00e9alisations quand nous sommes aux responsabilit\u00e9s. A chaque \u00e9lection, dans nos f\u00e9d\u00e9rations, les militants font campagne sans tergiverser, sans compter, m\u00eame quand le contexte est difficile.<\/em><\/p>\n<p><em>Aujourd\u2019hui, tous les dirigeants de notre parti crient en c\u0153ur : \u00abLa refondation ! La refondation ! La refondation !\u00bb Ils ont raison. Mais, pour la mener \u00e0 bien, il faudra partir du c\u0153ur du parti et ce qui fait sa richesse : ses militants. Voil\u00e0, la cl\u00e9 de la refondation : \u00abLes militants ! Les militants ! Les militants !\u00bb<\/em><\/p>\n<p><em>Oui, cher-e-s militant-e-s, vous \u00eates le moteur du sursaut. Votre mobilisation est la meilleure ressource du rebond. Une ressource renouvelable, une ressource pr\u00e9cieuse car ancr\u00e9e dans le quotidien des luttes, enracin\u00e9e dans nos territoires, l\u00e0 o\u00f9 nos concitoyens vivent et esp\u00e8rent un avenir meilleur.<\/em><\/p>\n<p><em>Pour r\u00e9ussir notre refondation, il faudra avoir une approche beaucoup plus d\u00e9centralis\u00e9e, plus territorialis\u00e9e, en somme radicalement d\u00e9mocratique.<\/em><\/p>\n<p><em>C\u2019est indispensable dans une \u00e9poque qui semble c\u00e9der aux sir\u00e8nes de la verticalit\u00e9 et de l\u2019homme providentiel.<\/em><\/p>\n<p><em>Fid\u00e8les \u00e0 notre vocation d\u2019invention sociale, nous devons adopter une v\u00e9ritable logique de promotion des projets et des acteurs locaux. C\u2019est ainsi que nous pourrons faire vivre la promesse r\u00e9publicaine d\u2019\u00e9galit\u00e9 et de justice sociale.<\/em><\/p>\n<p><em>Nos valeurs seront notre meilleur aiguillon pour reformuler notre doctrine, repenser notre organisation ainsi que notre rapport \u00e0 l\u2019exercice du pouvoir, aux citoyens, aux syndicats, associations\u2026 sans oublier le p\u00e9rim\u00e8tre m\u00eame de notre nouvelle famille politique et son rapport \u00e0 d\u2019autres formations ou clubs de r\u00e9flexion. Il faudra aussi s\u2019appuyer sur nos \u00e9lus et les exp\u00e9riences des collectivit\u00e9s locales. Il est de notre devoir de r\u00e9armer la soci\u00e9t\u00e9 pour la prot\u00e9ger mais aussi pour la pr\u00e9parer \u00e0 chevaucher le nouveau monde globalis\u00e9 et technologis\u00e9. Rendre la soci\u00e9t\u00e9 plus juste, plus innovante, plus \u00e9cologique, plus s\u00fbre, plus europ\u00e9enne et plus d\u00e9mocratique, plus humaine aussi, voil\u00e0 le but \u00e0 atteindre, voil\u00e0 le r\u00e9cit \u00e0 construire.<\/em><\/p>\n<p><em>Voil\u00e0 la base sur laquelle nous voulons mener cette refondation.<\/em><\/p>\n<p><em>Redisons-le, il faudra du temps et il faudra de la dignit\u00e9 et de l\u2019humilit\u00e9.<\/em><\/p>\n<p><em>Il faudra une feuille de route \u00e0 l\u2019image de la gauche que nous voulons : volontaire, responsable, constructive et porteuse d\u2019espoir.<\/em><\/p>\n<p><em>Pour servir cette exigence, nous porterons \u00e0 tous les niveaux, dans les sections, les f\u00e9d\u00e9rations et dans les instances nationales, un projet de refondation organis\u00e9 autour des militants, de leurs id\u00e9es et ouvert aux forces vives, intellectuels, syndicalistes, chercheurs et \u00e0 tous nos concitoyens qui partagent nos id\u00e9aux. Nous voulons aussi un calendrier r\u00e9aliste et ambitieux. Conventions, universit\u00e9s, assises, \u00e9tats g\u00e9n\u00e9raux : faisons confiance \u00e0 l\u2019intelligence collective.<\/em><\/p>\n<p><em>Cette feuille de route devra \u00eatre soumise au vote des militants et chaque \u00e9tape, chaque d\u00e9cision recevra sa l\u00e9gitimit\u00e9 du d\u00e9bat et du vote des militants qui nous engageront toutes et tous. Tout autre chemin m\u00e8nerait \u00e0 l\u2019impasse. Nous n\u2019avons plus droit \u00e0 l\u2019\u00e9chec, le renouveau doit \u00eatre lui aussi total. Les militants y aspirent et y sont pr\u00eats. Allons-y !\u00a0\u00bb.<\/em><\/p>\n<p><strong>33\u00a0premiers\u00a0secr\u00e9taires\u00a0f\u00e9d\u00e9ra<wbr \/>ux du\u00a0PS\u00a0:<\/strong> Rachid\u00a0Temal (Val-d\u2019Oise), Pernelle\u00a0Richardot (Bas-Rhin), Hussein\u00a0Bourgi (H\u00e9rault), Nicolas\u00a0Rouly (Seine-Maritime), Florence\u00a0Blatrix (Ain), \u00adJean-Jacques\u00a0Thomas (Aisne), Paola\u00a0Valenti (Alpes-de-Haute-Provence), Xavier\u00a0Garcia (Alpes-Maritimes), Jean-Christophe\u00a0Bonrepaux (Ari\u00e8ge), Bertrand\u00a0Cavalerie (Aveyron), Jean-Marc\u00a0Ciabrini (Corse-du-Sud), Emmanuelle\u00a0De\u00a0Gentilli (Haute-Corse), Michel\u00a0Neugnot (C\u00f4te-d\u2019Or), Vincent\u00a0Le\u00a0Meaux (C\u00f4tes-d\u2019Armor), Olivier\u00a0Chabreyrou (Dordogne), Nicolas\u00a0Bodin (Doubs), St\u00e9phane\u00a0Cordier (Eure-et-Loir), Marc\u00a0Coatanea (Finist\u00e8re), Thierry\u00a0Trijoulet (Gironde), Christophe\u00a0Fouillere (Ille-et-Vilaine), Andr\u00e9\u00a0Chapaveire (Haute-Loire), Laurent\u00a0Fabre (Lot), Annie\u00a0Gerardin (Marne), Georges\u00a0Voirnesson (Haute-Marne), Bertrand\u00a0Masson (Meurthe-et-Moselle), Maxime\u00a0Picard (Morbihan), Martine\u00a0Filleul (Nord), St\u00e9phane\u00a0Coillard (Pyr\u00e9n\u00e9es-Atlantiques), Jean-Benoit\u00a0Cerino (Savoie), Guillaume\u00a0Mathelier (Haute-Savoie), St\u00e9phane\u00a0Ibarra (Vend\u00e9e), Ghislain Sayer (Vosges), Abdou\u00a0Ali\u00a0Mlanao (Mayotte).<\/p>\n","protected":false},"excerpt":{"rendered":"<p>De jeunes premiers secr\u00e9taires de f\u00e9d\u00e9rations socialistes ne veulent pas se laisser voler leur \u00abrefondation\u00bb. Ni par d\u2019anciens ministres, ni [&hellip;]<\/p>\n","protected":false},"author":52,"featured_media":74223,"comment_status":"open","ping_status":"open","sticky":false,"template":"","format":"standard","meta":{"footnotes":""},"categories":[22,9,5],"tags":[11265,11266,11267,75],"class_list":["post-74222","post","type-post","status-publish","format-standard","has-post-thumbnail","hentry","category-a-la-une","category-politique","category-vosges","tag-federation","tag-le-renouveau-du-ps","tag-ps","tag-vosges"],"acf":[],"yoast_head":"<!-- This site is optimized with the Yoast SEO plugin v22.5 - https:\/\/yoast.com\/wordpress\/plugins\/seo\/ -->\n<title>Vosges \u2013 Politique : \u00ab le renouveau du PS doit passer par ses militants \u00bb - Epinal Info<\/title>\n<meta name=\"robots\" content=\"index, follow, max-snippet:-1, max-image-preview:large, max-video-preview:-1\" \/>\n<link rel=\"canonical\" href=\"https:\/\/vosgesinfo.fr\/epinalinfo\/2017\/06\/vosges-politique-renouveau-ps-passer-militants\/\" \/>\n<meta name=\"twitter:card\" content=\"summary_large_image\" \/>\n<meta name=\"twitter:title\" content=\"Vosges \u2013 Politique : \u00ab le renouveau du PS doit passer par ses militants \u00bb - Epinal Info\" \/>\n<meta name=\"twitter:description\" content=\"De jeunes premiers secr\u00e9taires de f\u00e9d\u00e9rations socialistes ne veulent pas se laisser voler leur \u00abrefondation\u00bb. Ni par d\u2019anciens ministres, ni [&hellip;]\" \/>\n<meta name=\"twitter:image\" content=\"https:\/\/vosgesinfo.fr\/app\/uploads\/sites\/3\/2024\/08\/201706gh-sayer.png\" \/>\n<meta name=\"twitter:creator\" content=\"@VosgesInfo88\" \/>\n<meta name=\"twitter:site\" content=\"@VosgesInfo88\" \/>\n<meta name=\"twitter:label1\" content=\"\u00c9crit par\" \/>\n\t<meta name=\"twitter:data1\" content=\"C.K.\" \/>\n\t<meta name=\"twitter:label2\" content=\"Dur\u00e9e de lecture estim\u00e9e\" \/>\n\t<meta name=\"twitter:data2\" content=\"5 minutes\" \/>\n<script type=\"application\/ld+json\" class=\"yoast-schema-graph\">{\"@context\":\"https:\/\/schema.org\",\"@graph\":[{\"@type\":\"Article\",\"@id\":\"https:\/\/vosgesinfo.fr\/epinalinfo\/2017\/06\/vosges-politique-renouveau-ps-passer-militants\/#article\",\"isPartOf\":{\"@id\":\"https:\/\/vosgesinfo.fr\/epinalinfo\/2017\/06\/vosges-politique-renouveau-ps-passer-militants\/\"},\"author\":{\"name\":\"C.K.\",\"@id\":\"https:\/\/vosgesinfo.fr\/epinalinfo\/#\/schema\/person\/6f9a650eeea99d969b6c4ab78fccbe81\"},\"headline\":\"Vosges \u2013 Politique : \u00ab le renouveau du PS doit passer par ses militants \u00bb\",\"datePublished\":\"2017-06-21T13:08:50+00:00\",\"dateModified\":\"2017-06-21T13:08:50+00:00\",\"mainEntityOfPage\":{\"@id\":\"https:\/\/vosgesinfo.fr\/epinalinfo\/2017\/06\/vosges-politique-renouveau-ps-passer-militants\/\"},\"wordCount\":1083,\"commentCount\":0,\"publisher\":{\"@id\":\"https:\/\/vosgesinfo.fr\/epinalinfo\/#organization\"},\"image\":{\"@id\":\"https:\/\/vosgesinfo.fr\/epinalinfo\/2017\/06\/vosges-politique-renouveau-ps-passer-militants\/#primaryimage\"},\"thumbnailUrl\":\"https:\/\/vosgesinfo.fr\/app\/uploads\/sites\/3\/2024\/08\/201706gh-sayer.png\",\"keywords\":[\"f\u00e9d\u00e9ration\",\"le renouveau du PS\",\"PS\",\"vosges\"],\"articleSection\":[\"A la Une\",\"Politique\",\"Vosges\"],\"inLanguage\":\"fr-FR\",\"potentialAction\":[{\"@type\":\"CommentAction\",\"name\":\"Comment\",\"target\":[\"https:\/\/vosgesinfo.fr\/epinalinfo\/2017\/06\/vosges-politique-renouveau-ps-passer-militants\/#respond\"]}]},{\"@type\":\"WebPage\",\"@id\":\"https:\/\/vosgesinfo.fr\/epinalinfo\/2017\/06\/vosges-politique-renouveau-ps-passer-militants\/\",\"url\":\"https:\/\/vosgesinfo.fr\/epinalinfo\/2017\/06\/vosges-politique-renouveau-ps-passer-militants\/\",\"name\":\"Vosges \u2013 Politique : \u00ab le renouveau du PS doit passer par ses militants \u00bb - Epinal Info\",\"isPartOf\":{\"@id\":\"https:\/\/vosgesinfo.fr\/epinalinfo\/#website\"},\"primaryImageOfPage\":{\"@id\":\"https:\/\/vosgesinfo.fr\/epinalinfo\/2017\/06\/vosges-politique-renouveau-ps-passer-militants\/#primaryimage\"},\"image\":{\"@id\":\"https:\/\/vosgesinfo.fr\/epinalinfo\/2017\/06\/vosges-politique-renouveau-ps-passer-militants\/#primaryimage\"},\"thumbnailUrl\":\"https:\/\/vosgesinfo.fr\/app\/uploads\/sites\/3\/2024\/08\/201706gh-sayer.png\",\"datePublished\":\"2017-06-21T13:08:50+00:00\",\"dateModified\":\"2017-06-21T13:08:50+00:00\",\"breadcrumb\":{\"@id\":\"https:\/\/vosgesinfo.fr\/epinalinfo\/2017\/06\/vosges-politique-renouveau-ps-passer-militants\/#breadcrumb\"},\"inLanguage\":\"fr-FR\",\"potentialAction\":[{\"@type\":\"ReadAction\",\"target\":[\"https:\/\/vosgesinfo.fr\/epinalinfo\/2017\/06\/vosges-politique-renouveau-ps-passer-militants\/\"]}]},{\"@type\":\"ImageObject\",\"inLanguage\":\"fr-FR\",\"@id\":\"https:\/\/vosgesinfo.fr\/epinalinfo\/2017\/06\/vosges-politique-renouveau-ps-passer-militants\/#primaryimage\",\"url\":\"https:\/\/vosgesinfo.fr\/app\/uploads\/sites\/3\/2024\/08\/201706gh-sayer.png\",\"contentUrl\":\"https:\/\/vosgesinfo.fr\/app\/uploads\/sites\/3\/2024\/08\/201706gh-sayer.png\",\"width\":631,\"height\":294},{\"@type\":\"BreadcrumbList\",\"@id\":\"https:\/\/vosgesinfo.fr\/epinalinfo\/2017\/06\/vosges-politique-renouveau-ps-passer-militants\/#breadcrumb\",\"itemListElement\":[{\"@type\":\"ListItem\",\"position\":1,\"name\":\"Home\",\"item\":\"https:\/\/vosgesinfo.fr\/epinalinfo\/\"},{\"@type\":\"ListItem\",\"position\":2,\"name\":\"Vosges \u2013 Politique : \u00ab le renouveau du PS doit passer par ses militants \u00bb\"}]},{\"@type\":\"WebSite\",\"@id\":\"https:\/\/vosgesinfo.fr\/epinalinfo\/#website\",\"url\":\"https:\/\/vosgesinfo.fr\/epinalinfo\/\",\"name\":\"Epinal Info\",\"description\":\"Toute l&#039;actualit\u00e9 d&#039;\u00c9pinal\",\"publisher\":{\"@id\":\"https:\/\/vosgesinfo.fr\/epinalinfo\/#organization\"},\"alternateName\":\"Toute l'actualit\u00e9 d'\u00c9pinal\",\"potentialAction\":[{\"@type\":\"SearchAction\",\"target\":{\"@type\":\"EntryPoint\",\"urlTemplate\":\"https:\/\/vosgesinfo.fr\/epinalinfo\/?s={search_term_string}\"},\"query-input\":\"required name=search_term_string\"}],\"inLanguage\":\"fr-FR\"},{\"@type\":\"Organization\",\"@id\":\"https:\/\/vosgesinfo.fr\/epinalinfo\/#organization\",\"name\":\"Epinal Info\",\"url\":\"https:\/\/vosgesinfo.fr\/epinalinfo\/\",\"logo\":{\"@type\":\"ImageObject\",\"inLanguage\":\"fr-FR\",\"@id\":\"https:\/\/vosgesinfo.fr\/epinalinfo\/#\/schema\/logo\/image\/\",\"url\":\"https:\/\/vosgesinfo.fr\/app\/uploads\/sites\/3\/2023\/08\/logo-epinalinfos.svg\",\"contentUrl\":\"https:\/\/vosgesinfo.fr\/app\/uploads\/sites\/3\/2023\/08\/logo-epinalinfos.svg\",\"width\":1,\"height\":1,\"caption\":\"Epinal Info\"},\"image\":{\"@id\":\"https:\/\/vosgesinfo.fr\/epinalinfo\/#\/schema\/logo\/image\/\"},\"sameAs\":[\"https:\/\/www.facebook.com\/Epinalinfos\",\"https:\/\/x.com\/VosgesInfo88\",\"https:\/\/www.youtube.com\/@vosgesinfo\"]},{\"@type\":\"Person\",\"@id\":\"https:\/\/vosgesinfo.fr\/epinalinfo\/#\/schema\/person\/6f9a650eeea99d969b6c4ab78fccbe81\",\"name\":\"C.K.\",\"image\":{\"@type\":\"ImageObject\",\"inLanguage\":\"fr-FR\",\"@id\":\"https:\/\/vosgesinfo.fr\/epinalinfo\/#\/schema\/person\/image\/\",\"url\":\"https:\/\/secure.gravatar.com\/avatar\/48e3fc7f8421ba8942be6b74a2b7f014ca39bc00dece156b7a8e098ae7dc87bf?s=96&d=mm&r=g\",\"contentUrl\":\"https:\/\/secure.gravatar.com\/avatar\/48e3fc7f8421ba8942be6b74a2b7f014ca39bc00dece156b7a8e098ae7dc87bf?s=96&d=mm&r=g\",\"caption\":\"C.K.\"},\"url\":\"https:\/\/vosgesinfo.fr\/epinalinfo\/author\/celia-k-n\/\"}]}<\/script>\n<!-- \/ Yoast SEO plugin. -->","yoast_head_json":{"title":"Vosges \u2013 Politique : \u00ab le renouveau du PS doit passer par ses militants \u00bb - Epinal Info","robots":{"index":"index","follow":"follow","max-snippet":"max-snippet:-1","max-image-preview":"max-image-preview:large","max-video-preview":"max-video-preview:-1"},"canonical":"https:\/\/vosgesinfo.fr\/epinalinfo\/2017\/06\/vosges-politique-renouveau-ps-passer-militants\/","twitter_card":"summary_large_image","twitter_title":"Vosges \u2013 Politique : \u00ab le renouveau du PS doit passer par ses militants \u00bb - Epinal Info","twitter_description":"De jeunes premiers secr\u00e9taires de f\u00e9d\u00e9rations socialistes ne veulent pas se laisser voler leur \u00abrefondation\u00bb. Ni par d\u2019anciens ministres, ni [&hellip;]","twitter_image":"https:\/\/vosgesinfo.fr\/app\/uploads\/sites\/3\/2024\/08\/201706gh-sayer.png","twitter_creator":"@VosgesInfo88","twitter_site":"@VosgesInfo88","twitter_misc":{"\u00c9crit par":"C.K.","Dur\u00e9e de lecture estim\u00e9e":"5 minutes"},"schema":{"@context":"https:\/\/schema.org","@graph":[{"@type":"Article","@id":"https:\/\/vosgesinfo.fr\/epinalinfo\/2017\/06\/vosges-politique-renouveau-ps-passer-militants\/#article","isPartOf":{"@id":"https:\/\/vosgesinfo.fr\/epinalinfo\/2017\/06\/vosges-politique-renouveau-ps-passer-militants\/"},"author":{"name":"C.K.","@id":"https:\/\/vosgesinfo.fr\/epinalinfo\/#\/schema\/person\/6f9a650eeea99d969b6c4ab78fccbe81"},"headline":"Vosges \u2013 Politique : \u00ab le renouveau du PS doit passer par ses militants \u00bb","datePublished":"2017-06-21T13:08:50+00:00","dateModified":"2017-06-21T13:08:50+00:00","mainEntityOfPage":{"@id":"https:\/\/vosgesinfo.fr\/epinalinfo\/2017\/06\/vosges-politique-renouveau-ps-passer-militants\/"},"wordCount":1083,"commentCount":0,"publisher":{"@id":"https:\/\/vosgesinfo.fr\/epinalinfo\/#organization"},"image":{"@id":"https:\/\/vosgesinfo.fr\/epinalinfo\/2017\/06\/vosges-politique-renouveau-ps-passer-militants\/#primaryimage"},"thumbnailUrl":"https:\/\/vosgesinfo.fr\/app\/uploads\/sites\/3\/2024\/08\/201706gh-sayer.png","keywords":["f\u00e9d\u00e9ration","le renouveau du PS","PS","vosges"],"articleSection":["A la Une","Politique","Vosges"],"inLanguage":"fr-FR","potentialAction":[{"@type":"CommentAction","name":"Comment","target":["https:\/\/vosgesinfo.fr\/epinalinfo\/2017\/06\/vosges-politique-renouveau-ps-passer-militants\/#respond"]}]},{"@type":"WebPage","@id":"https:\/\/vosgesinfo.fr\/epinalinfo\/2017\/06\/vosges-politique-renouveau-ps-passer-militants\/","url":"https:\/\/vosgesinfo.fr\/epinalinfo\/2017\/06\/vosges-politique-renouveau-ps-passer-militants\/","name":"Vosges \u2013 Politique : \u00ab le renouveau du PS doit passer par ses militants \u00bb - Epinal Info","isPartOf":{"@id":"https:\/\/vosgesinfo.fr\/epinalinfo\/#website"},"primaryImageOfPage":{"@id":"https:\/\/vosgesinfo.fr\/epinalinfo\/2017\/06\/vosges-politique-renouveau-ps-passer-militants\/#primaryimage"},"image":{"@id":"https:\/\/vosgesinfo.fr\/epinalinfo\/2017\/06\/vosges-politique-renouveau-ps-passer-militants\/#primaryimage"},"thumbnailUrl":"https:\/\/vosgesinfo.fr\/app\/uploads\/sites\/3\/2024\/08\/201706gh-sayer.png","datePublished":"2017-06-21T13:08:50+00:00","dateModified":"2017-06-21T13:08:50+00:00","breadcrumb":{"@id":"https:\/\/vosgesinfo.fr\/epinalinfo\/2017\/06\/vosges-politique-renouveau-ps-passer-militants\/#breadcrumb"},"inLanguage":"fr-FR","potentialAction":[{"@type":"ReadAction","target":["https:\/\/vosgesinfo.fr\/epinalinfo\/2017\/06\/vosges-politique-renouveau-ps-passer-militants\/"]}]},{"@type":"ImageObject","inLanguage":"fr-FR","@id":"https:\/\/vosgesinfo.fr\/epinalinfo\/2017\/06\/vosges-politique-renouveau-ps-passer-militants\/#primaryimage","url":"https:\/\/vosgesinfo.fr\/app\/uploads\/sites\/3\/2024\/08\/201706gh-sayer.png","contentUrl":"https:\/\/vosgesinfo.fr\/app\/uploads\/sites\/3\/2024\/08\/201706gh-sayer.png","width":631,"height":294},{"@type":"BreadcrumbList","@id":"https:\/\/vosgesinfo.fr\/epinalinfo\/2017\/06\/vosges-politique-renouveau-ps-passer-militants\/#breadcrumb","itemListElement":[{"@type":"ListItem","position":1,"name":"Home","item":"https:\/\/vosgesinfo.fr\/epinalinfo\/"},{"@type":"ListItem","position":2,"name":"Vosges \u2013 Politique : \u00ab le renouveau du PS doit passer par ses militants \u00bb"}]},{"@type":"WebSite","@id":"https:\/\/vosgesinfo.fr\/epinalinfo\/#website","url":"https:\/\/vosgesinfo.fr\/epinalinfo\/","name":"Epinal Info","description":"Toute l&#039;actualit\u00e9 d&#039;\u00c9pinal","publisher":{"@id":"https:\/\/vosgesinfo.fr\/epinalinfo\/#organization"},"alternateName":"Toute l'actualit\u00e9 d'\u00c9pinal","potentialAction":[{"@type":"SearchAction","target":{"@type":"EntryPoint","urlTemplate":"https:\/\/vosgesinfo.fr\/epinalinfo\/?s={search_term_string}"},"query-input":"required name=search_term_string"}],"inLanguage":"fr-FR"},{"@type":"Organization","@id":"https:\/\/vosgesinfo.fr\/epinalinfo\/#organization","name":"Epinal Info","url":"https:\/\/vosgesinfo.fr\/epinalinfo\/","logo":{"@type":"ImageObject","inLanguage":"fr-FR","@id":"https:\/\/vosgesinfo.fr\/epinalinfo\/#\/schema\/logo\/image\/","url":"https:\/\/vosgesinfo.fr\/app\/uploads\/sites\/3\/2023\/08\/logo-epinalinfos.svg","contentUrl":"https:\/\/vosgesinfo.fr\/app\/uploads\/sites\/3\/2023\/08\/logo-epinalinfos.svg","width":1,"height":1,"caption":"Epinal Info"},"image":{"@id":"https:\/\/vosgesinfo.fr\/epinalinfo\/#\/schema\/logo\/image\/"},"sameAs":["https:\/\/www.facebook.com\/Epinalinfos","https:\/\/x.com\/VosgesInfo88","https:\/\/www.youtube.com\/@vosgesinfo"]},{"@type":"Person","@id":"https:\/\/vosgesinfo.fr\/epinalinfo\/#\/schema\/person\/6f9a650eeea99d969b6c4ab78fccbe81","name":"C.K.","image":{"@type":"ImageObject","inLanguage":"fr-FR","@id":"https:\/\/vosgesinfo.fr\/epinalinfo\/#\/schema\/person\/image\/","url":"https:\/\/secure.gravatar.com\/avatar\/48e3fc7f8421ba8942be6b74a2b7f014ca39bc00dece156b7a8e098ae7dc87bf?s=96&d=mm&r=g","contentUrl":"https:\/\/secure.gravatar.com\/avatar\/48e3fc7f8421ba8942be6b74a2b7f014ca39bc00dece156b7a8e098ae7dc87bf?s=96&d=mm&r=g","caption":"C.K."},"url":"https:\/\/vosgesinfo.fr\/epinalinfo\/author\/celia-k-n\/"}]}},"_links":{"self":[{"href":"https:\/\/vosgesinfo.fr\/epinalinfo\/wp-json\/wp\/v2\/posts\/74222","targetHints":{"allow":["GET"]}}],"collection":[{"href":"https:\/\/vosgesinfo.fr\/epinalinfo\/wp-json\/wp\/v2\/posts"}],"about":[{"href":"https:\/\/vosgesinfo.fr\/epinalinfo\/wp-json\/wp\/v2\/types\/post"}],"author":[{"embeddable":true,"href":"https:\/\/vosgesinfo.fr\/epinalinfo\/wp-json\/wp\/v2\/users\/52"}],"replies":[{"embeddable":true,"href":"https:\/\/vosgesinfo.fr\/epinalinfo\/wp-json\/wp\/v2\/comments?post=74222"}],"version-history":[{"count":0,"href":"https:\/\/vosgesinfo.fr\/epinalinfo\/wp-json\/wp\/v2\/posts\/74222\/revisions"}],"wp:featuredmedia":[{"embeddable":true,"href":"https:\/\/vosgesinfo.fr\/epinalinfo\/wp-json\/wp\/v2\/media\/74223"}],"wp:attachment":[{"href":"https:\/\/vosgesinfo.fr\/epinalinfo\/wp-json\/wp\/v2\/media?parent=74222"}],"wp:term":[{"taxonomy":"category","embeddable":true,"href":"https:\/\/vosgesinfo.fr\/epinalinfo\/wp-json\/wp\/v2\/categories?post=74222"},{"taxonomy":"post_tag","embeddable":true,"href":"https:\/\/vosgesinfo.fr\/epinalinfo\/wp-json\/wp\/v2\/tags?post=74222"}],"curies":[{"name":"wp","href":"https:\/\/api.w.org\/{rel}","templated":true}]}}