{"id":75504,"date":"2017-07-24T04:53:58","date_gmt":"2017-07-24T02:53:58","guid":{"rendered":"https:\/\/vosgesinfo.fr\/epinalinfo\/2017\/07\/vosges-nouveaux-statuts-de-republique-marche\/"},"modified":"2017-07-24T04:53:58","modified_gmt":"2017-07-24T02:53:58","slug":"vosges-nouveaux-statuts-de-republique-marche","status":"publish","type":"post","link":"https:\/\/vosgesinfo.fr\/epinalinfo\/2017\/07\/vosges-nouveaux-statuts-de-republique-marche\/","title":{"rendered":"Vosges &#8211; Nouveaux statuts de La R\u00e9publique En Marche"},"content":{"rendered":"<div id=\"attachment_118725\" style=\"width: 864px\" class=\"wp-caption aligncenter\"><a href=\"http:\/\/epinalinfos.fr\/2017\/07\/vosges-nouveaux-statuts-de-republique-marche\/serge-vincent\/\" rel=\"attachment wp-att-118725\"><img decoding=\"async\" aria-describedby=\"caption-attachment-118725\" class=\"size-full wp-image-118725\" src=\"\/2017\/07\/serge-vincent.jpg\" alt=\"(photographie FB)\" width=\"854\" height=\"854\" \/><\/a><p id=\"caption-attachment-118725\" class=\"wp-caption-text\">(photographie FB)<\/p><\/div>\n<p><em>\u00ab A l\u2019occasion de la premi\u00e8re convention de La R\u00e9publique En Marche organis\u00e9e le 8 juillet dernier, le mouvement a pr\u00e9sent\u00e9 les grandes lignes du projet de ses nouveaux statuts. Conform\u00e9ment au calendrier annonc\u00e9, le texte officiel a \u00e9t\u00e9 communiqu\u00e9 dimanche 16 juillet aux adh\u00e9rents et sera soumis \u00e0 leur vote du 23 au 30 juillet.<\/em><\/p>\n<p><em>Ce projet a \u00e9t\u00e9 enrichi des propositions et avis des adh\u00e9rents recueillis dans le cadre d\u2019une consultation qui a enregistr\u00e9 plus de 2 500 contributions.<\/em><\/p>\n<p><em>A travers ces nouveaux statuts, La R\u00e9publique En Marche tire les le\u00e7ons des erreurs des partis politiques traditionnels qui, dans leur fonctionnement, ont souvent \u00e9loign\u00e9 les Fran\u00e7ais de la vie politique. Ils r\u00e9affirment la promesse initiale d\u2019En Marche : celle de servir un mouvement politique ouvert, vivant, collectif, citoyen et paritaire.<\/em><\/p>\n<p><em>La R\u00e9publique En Marche sera le seul mouvement en France \u00e0 compter au sein de sa principale instance nationale \u2013 le Conseil \u2013 25% d\u2019adh\u00e9rents non \u00e9lus. La soci\u00e9t\u00e9 civile sera associ\u00e9e au mouvement et institutionnalis\u00e9e au sein du bureau ex\u00e9cutif : 10 membres sur 30 n\u2019auront pas de mandat \u00e9lectif.<\/em><\/p>\n<p><em>Le projet de statuts confirme les grands principes qui ont fond\u00e9 la cr\u00e9ation du mouvement en rupture avec les structures partisanes traditionnelles. Le principe de la gratuit\u00e9 d\u2019adh\u00e9sion est r\u00e9affirm\u00e9. Afin d\u2019accompagner la recomposition politique en cours, les statuts laissent la possibilit\u00e9 aux adh\u00e9rents du mouvement d\u2019\u00eatre membres d\u2019un autre parti politique d\u00e8s lors que ce dernier porte les valeurs r\u00e9publicaines.<\/em><\/p>\n<p><em>La parit\u00e9 entre les femmes et les hommes guide l\u2019acc\u00e8s aux responsabilit\u00e9s au sein de La R\u00e9publique En Marche et aux mandats \u00e9lectifs. Aucun autre parti n\u2019a \u00e0 ce stade int\u00e9gr\u00e9 une telle exigence.<\/em><\/p>\n<p><em>Les statuts limitent dans le temps et en nombre les mandats. C\u2019est une garantie forte pour limiter les ph\u00e9nom\u00e8nes de baronnie et pour favoriser le renouvellement au sein du mouvement.<\/em><\/p>\n<p><em>Au-del\u00e0 des remont\u00e9es d\u2019informations quotidiennes qui animent la vie du mouvement, les statuts institutionnalisent des m\u00e9canismes de consultation, interpellation, participation des adh\u00e9rents aupr\u00e8s des instances nationales.<\/em><\/p>\n<p><em>Les statuts pr\u00e9voient enfin un m\u00e9canisme d\u2019affiliation et de coop\u00e9ration avec les partis europ\u00e9ens partageant le m\u00eame socle de valeurs et d\u2019engagements. Ce m\u00e9canisme permettra de nouer des alliances avec des partis existants, voire d\u2019accompagner la cr\u00e9ation de partis progressistes dans d\u2019autres Etats.<\/em><\/p>\n<p><em>Les r\u00e9sultats du vote seront proclam\u00e9s le 1er ao\u00fbt. Les nouvelles instances seront constitu\u00e9es et se r\u00e9uniront \u00e0 l\u2019automne. \u00bb<\/em><\/p>\n<p style=\"text-align: left;\" align=\"RIGHT\"><strong>Serge Vincent, r\u00e9f\u00e9rent pour les Vosges du Mouvement La R\u00e9publique En Marche.<\/strong><\/p>\n","protected":false},"excerpt":{"rendered":"<p>\u00ab A l\u2019occasion de la premi\u00e8re convention de La R\u00e9publique En Marche organis\u00e9e le 8 juillet dernier, le mouvement a [&hellip;]<\/p>\n","protected":false},"author":52,"featured_media":75505,"comment_status":"open","ping_status":"open","sticky":false,"template":"","format":"standard","meta":{"footnotes":""},"categories":[5],"tags":[],"class_list":["post-75504","post","type-post","status-publish","format-standard","has-post-thumbnail","hentry","category-vosges"],"acf":[],"yoast_head":"<!-- This site is optimized with the Yoast SEO plugin v22.5 - https:\/\/yoast.com\/wordpress\/plugins\/seo\/ -->\n<title>Vosges - Nouveaux statuts de La R\u00e9publique En Marche - Epinal Info<\/title>\n<meta name=\"robots\" content=\"index, follow, max-snippet:-1, max-image-preview:large, max-video-preview:-1\" \/>\n<link rel=\"canonical\" href=\"https:\/\/vosgesinfo.fr\/epinalinfo\/2017\/07\/vosges-nouveaux-statuts-de-republique-marche\/\" \/>\n<meta name=\"twitter:card\" content=\"summary_large_image\" \/>\n<meta name=\"twitter:title\" content=\"Vosges - Nouveaux statuts de La R\u00e9publique En Marche - Epinal Info\" \/>\n<meta name=\"twitter:description\" content=\"\u00ab A l\u2019occasion de la premi\u00e8re convention de La R\u00e9publique En Marche organis\u00e9e le 8 juillet dernier, le mouvement a [&hellip;]\" \/>\n<meta name=\"twitter:image\" content=\"https:\/\/vosgesinfo.fr\/app\/uploads\/sites\/3\/2024\/08\/201707serge-vincent.jpg\" \/>\n<meta name=\"twitter:creator\" content=\"@VosgesInfo88\" \/>\n<meta name=\"twitter:site\" content=\"@VosgesInfo88\" \/>\n<meta name=\"twitter:label1\" content=\"\u00c9crit par\" \/>\n\t<meta name=\"twitter:data1\" content=\"C.K.\" \/>\n\t<meta name=\"twitter:label2\" content=\"Dur\u00e9e de lecture estim\u00e9e\" \/>\n\t<meta name=\"twitter:data2\" content=\"2 minutes\" \/>\n<script type=\"application\/ld+json\" class=\"yoast-schema-graph\">{\"@context\":\"https:\/\/schema.org\",\"@graph\":[{\"@type\":\"Article\",\"@id\":\"https:\/\/vosgesinfo.fr\/epinalinfo\/2017\/07\/vosges-nouveaux-statuts-de-republique-marche\/#article\",\"isPartOf\":{\"@id\":\"https:\/\/vosgesinfo.fr\/epinalinfo\/2017\/07\/vosges-nouveaux-statuts-de-republique-marche\/\"},\"author\":{\"name\":\"C.K.\",\"@id\":\"https:\/\/vosgesinfo.fr\/epinalinfo\/#\/schema\/person\/6f9a650eeea99d969b6c4ab78fccbe81\"},\"headline\":\"Vosges &#8211; Nouveaux statuts de La R\u00e9publique En Marche\",\"datePublished\":\"2017-07-24T02:53:58+00:00\",\"dateModified\":\"2017-07-24T02:53:58+00:00\",\"mainEntityOfPage\":{\"@id\":\"https:\/\/vosgesinfo.fr\/epinalinfo\/2017\/07\/vosges-nouveaux-statuts-de-republique-marche\/\"},\"wordCount\":475,\"commentCount\":0,\"publisher\":{\"@id\":\"https:\/\/vosgesinfo.fr\/epinalinfo\/#organization\"},\"image\":{\"@id\":\"https:\/\/vosgesinfo.fr\/epinalinfo\/2017\/07\/vosges-nouveaux-statuts-de-republique-marche\/#primaryimage\"},\"thumbnailUrl\":\"https:\/\/vosgesinfo.fr\/app\/uploads\/sites\/3\/2024\/08\/201707serge-vincent.jpg\",\"articleSection\":[\"Vosges\"],\"inLanguage\":\"fr-FR\",\"potentialAction\":[{\"@type\":\"CommentAction\",\"name\":\"Comment\",\"target\":[\"https:\/\/vosgesinfo.fr\/epinalinfo\/2017\/07\/vosges-nouveaux-statuts-de-republique-marche\/#respond\"]}]},{\"@type\":\"WebPage\",\"@id\":\"https:\/\/vosgesinfo.fr\/epinalinfo\/2017\/07\/vosges-nouveaux-statuts-de-republique-marche\/\",\"url\":\"https:\/\/vosgesinfo.fr\/epinalinfo\/2017\/07\/vosges-nouveaux-statuts-de-republique-marche\/\",\"name\":\"Vosges - Nouveaux statuts de La R\u00e9publique En Marche - Epinal Info\",\"isPartOf\":{\"@id\":\"https:\/\/vosgesinfo.fr\/epinalinfo\/#website\"},\"primaryImageOfPage\":{\"@id\":\"https:\/\/vosgesinfo.fr\/epinalinfo\/2017\/07\/vosges-nouveaux-statuts-de-republique-marche\/#primaryimage\"},\"image\":{\"@id\":\"https:\/\/vosgesinfo.fr\/epinalinfo\/2017\/07\/vosges-nouveaux-statuts-de-republique-marche\/#primaryimage\"},\"thumbnailUrl\":\"https:\/\/vosgesinfo.fr\/app\/uploads\/sites\/3\/2024\/08\/201707serge-vincent.jpg\",\"datePublished\":\"2017-07-24T02:53:58+00:00\",\"dateModified\":\"2017-07-24T02:53:58+00:00\",\"breadcrumb\":{\"@id\":\"https:\/\/vosgesinfo.fr\/epinalinfo\/2017\/07\/vosges-nouveaux-statuts-de-republique-marche\/#breadcrumb\"},\"inLanguage\":\"fr-FR\",\"potentialAction\":[{\"@type\":\"ReadAction\",\"target\":[\"https:\/\/vosgesinfo.fr\/epinalinfo\/2017\/07\/vosges-nouveaux-statuts-de-republique-marche\/\"]}]},{\"@type\":\"ImageObject\",\"inLanguage\":\"fr-FR\",\"@id\":\"https:\/\/vosgesinfo.fr\/epinalinfo\/2017\/07\/vosges-nouveaux-statuts-de-republique-marche\/#primaryimage\",\"url\":\"https:\/\/vosgesinfo.fr\/app\/uploads\/sites\/3\/2024\/08\/201707serge-vincent.jpg\",\"contentUrl\":\"https:\/\/vosgesinfo.fr\/app\/uploads\/sites\/3\/2024\/08\/201707serge-vincent.jpg\",\"width\":854,\"height\":854},{\"@type\":\"BreadcrumbList\",\"@id\":\"https:\/\/vosgesinfo.fr\/epinalinfo\/2017\/07\/vosges-nouveaux-statuts-de-republique-marche\/#breadcrumb\",\"itemListElement\":[{\"@type\":\"ListItem\",\"position\":1,\"name\":\"Home\",\"item\":\"https:\/\/vosgesinfo.fr\/epinalinfo\/\"},{\"@type\":\"ListItem\",\"position\":2,\"name\":\"Vosges &#8211; Nouveaux statuts de La R\u00e9publique En Marche\"}]},{\"@type\":\"WebSite\",\"@id\":\"https:\/\/vosgesinfo.fr\/epinalinfo\/#website\",\"url\":\"https:\/\/vosgesinfo.fr\/epinalinfo\/\",\"name\":\"Epinal Info\",\"description\":\"Toute l&#039;actualit\u00e9 d&#039;\u00c9pinal\",\"publisher\":{\"@id\":\"https:\/\/vosgesinfo.fr\/epinalinfo\/#organization\"},\"alternateName\":\"Toute l'actualit\u00e9 d'\u00c9pinal\",\"potentialAction\":[{\"@type\":\"SearchAction\",\"target\":{\"@type\":\"EntryPoint\",\"urlTemplate\":\"https:\/\/vosgesinfo.fr\/epinalinfo\/?s={search_term_string}\"},\"query-input\":\"required name=search_term_string\"}],\"inLanguage\":\"fr-FR\"},{\"@type\":\"Organization\",\"@id\":\"https:\/\/vosgesinfo.fr\/epinalinfo\/#organization\",\"name\":\"Epinal Info\",\"url\":\"https:\/\/vosgesinfo.fr\/epinalinfo\/\",\"logo\":{\"@type\":\"ImageObject\",\"inLanguage\":\"fr-FR\",\"@id\":\"https:\/\/vosgesinfo.fr\/epinalinfo\/#\/schema\/logo\/image\/\",\"url\":\"https:\/\/vosgesinfo.fr\/app\/uploads\/sites\/3\/2023\/08\/logo-epinalinfos.svg\",\"contentUrl\":\"https:\/\/vosgesinfo.fr\/app\/uploads\/sites\/3\/2023\/08\/logo-epinalinfos.svg\",\"width\":1,\"height\":1,\"caption\":\"Epinal Info\"},\"image\":{\"@id\":\"https:\/\/vosgesinfo.fr\/epinalinfo\/#\/schema\/logo\/image\/\"},\"sameAs\":[\"https:\/\/www.facebook.com\/Epinalinfos\",\"https:\/\/x.com\/VosgesInfo88\",\"https:\/\/www.youtube.com\/@vosgesinfo\"]},{\"@type\":\"Person\",\"@id\":\"https:\/\/vosgesinfo.fr\/epinalinfo\/#\/schema\/person\/6f9a650eeea99d969b6c4ab78fccbe81\",\"name\":\"C.K.\",\"image\":{\"@type\":\"ImageObject\",\"inLanguage\":\"fr-FR\",\"@id\":\"https:\/\/vosgesinfo.fr\/epinalinfo\/#\/schema\/person\/image\/\",\"url\":\"https:\/\/secure.gravatar.com\/avatar\/48e3fc7f8421ba8942be6b74a2b7f014ca39bc00dece156b7a8e098ae7dc87bf?s=96&d=mm&r=g\",\"contentUrl\":\"https:\/\/secure.gravatar.com\/avatar\/48e3fc7f8421ba8942be6b74a2b7f014ca39bc00dece156b7a8e098ae7dc87bf?s=96&d=mm&r=g\",\"caption\":\"C.K.\"},\"url\":\"https:\/\/vosgesinfo.fr\/epinalinfo\/author\/celia-k-n\/\"}]}<\/script>\n<!-- \/ Yoast SEO plugin. -->","yoast_head_json":{"title":"Vosges - Nouveaux statuts de La R\u00e9publique En Marche - Epinal Info","robots":{"index":"index","follow":"follow","max-snippet":"max-snippet:-1","max-image-preview":"max-image-preview:large","max-video-preview":"max-video-preview:-1"},"canonical":"https:\/\/vosgesinfo.fr\/epinalinfo\/2017\/07\/vosges-nouveaux-statuts-de-republique-marche\/","twitter_card":"summary_large_image","twitter_title":"Vosges - Nouveaux statuts de La R\u00e9publique En Marche - Epinal Info","twitter_description":"\u00ab A l\u2019occasion de la premi\u00e8re convention de La R\u00e9publique En Marche organis\u00e9e le 8 juillet dernier, le mouvement a [&hellip;]","twitter_image":"https:\/\/vosgesinfo.fr\/app\/uploads\/sites\/3\/2024\/08\/201707serge-vincent.jpg","twitter_creator":"@VosgesInfo88","twitter_site":"@VosgesInfo88","twitter_misc":{"\u00c9crit par":"C.K.","Dur\u00e9e de lecture estim\u00e9e":"2 minutes"},"schema":{"@context":"https:\/\/schema.org","@graph":[{"@type":"Article","@id":"https:\/\/vosgesinfo.fr\/epinalinfo\/2017\/07\/vosges-nouveaux-statuts-de-republique-marche\/#article","isPartOf":{"@id":"https:\/\/vosgesinfo.fr\/epinalinfo\/2017\/07\/vosges-nouveaux-statuts-de-republique-marche\/"},"author":{"name":"C.K.","@id":"https:\/\/vosgesinfo.fr\/epinalinfo\/#\/schema\/person\/6f9a650eeea99d969b6c4ab78fccbe81"},"headline":"Vosges &#8211; Nouveaux statuts de La R\u00e9publique En Marche","datePublished":"2017-07-24T02:53:58+00:00","dateModified":"2017-07-24T02:53:58+00:00","mainEntityOfPage":{"@id":"https:\/\/vosgesinfo.fr\/epinalinfo\/2017\/07\/vosges-nouveaux-statuts-de-republique-marche\/"},"wordCount":475,"commentCount":0,"publisher":{"@id":"https:\/\/vosgesinfo.fr\/epinalinfo\/#organization"},"image":{"@id":"https:\/\/vosgesinfo.fr\/epinalinfo\/2017\/07\/vosges-nouveaux-statuts-de-republique-marche\/#primaryimage"},"thumbnailUrl":"https:\/\/vosgesinfo.fr\/app\/uploads\/sites\/3\/2024\/08\/201707serge-vincent.jpg","articleSection":["Vosges"],"inLanguage":"fr-FR","potentialAction":[{"@type":"CommentAction","name":"Comment","target":["https:\/\/vosgesinfo.fr\/epinalinfo\/2017\/07\/vosges-nouveaux-statuts-de-republique-marche\/#respond"]}]},{"@type":"WebPage","@id":"https:\/\/vosgesinfo.fr\/epinalinfo\/2017\/07\/vosges-nouveaux-statuts-de-republique-marche\/","url":"https:\/\/vosgesinfo.fr\/epinalinfo\/2017\/07\/vosges-nouveaux-statuts-de-republique-marche\/","name":"Vosges - Nouveaux statuts de La R\u00e9publique En Marche - Epinal Info","isPartOf":{"@id":"https:\/\/vosgesinfo.fr\/epinalinfo\/#website"},"primaryImageOfPage":{"@id":"https:\/\/vosgesinfo.fr\/epinalinfo\/2017\/07\/vosges-nouveaux-statuts-de-republique-marche\/#primaryimage"},"image":{"@id":"https:\/\/vosgesinfo.fr\/epinalinfo\/2017\/07\/vosges-nouveaux-statuts-de-republique-marche\/#primaryimage"},"thumbnailUrl":"https:\/\/vosgesinfo.fr\/app\/uploads\/sites\/3\/2024\/08\/201707serge-vincent.jpg","datePublished":"2017-07-24T02:53:58+00:00","dateModified":"2017-07-24T02:53:58+00:00","breadcrumb":{"@id":"https:\/\/vosgesinfo.fr\/epinalinfo\/2017\/07\/vosges-nouveaux-statuts-de-republique-marche\/#breadcrumb"},"inLanguage":"fr-FR","potentialAction":[{"@type":"ReadAction","target":["https:\/\/vosgesinfo.fr\/epinalinfo\/2017\/07\/vosges-nouveaux-statuts-de-republique-marche\/"]}]},{"@type":"ImageObject","inLanguage":"fr-FR","@id":"https:\/\/vosgesinfo.fr\/epinalinfo\/2017\/07\/vosges-nouveaux-statuts-de-republique-marche\/#primaryimage","url":"https:\/\/vosgesinfo.fr\/app\/uploads\/sites\/3\/2024\/08\/201707serge-vincent.jpg","contentUrl":"https:\/\/vosgesinfo.fr\/app\/uploads\/sites\/3\/2024\/08\/201707serge-vincent.jpg","width":854,"height":854},{"@type":"BreadcrumbList","@id":"https:\/\/vosgesinfo.fr\/epinalinfo\/2017\/07\/vosges-nouveaux-statuts-de-republique-marche\/#breadcrumb","itemListElement":[{"@type":"ListItem","position":1,"name":"Home","item":"https:\/\/vosgesinfo.fr\/epinalinfo\/"},{"@type":"ListItem","position":2,"name":"Vosges &#8211; Nouveaux statuts de La R\u00e9publique En Marche"}]},{"@type":"WebSite","@id":"https:\/\/vosgesinfo.fr\/epinalinfo\/#website","url":"https:\/\/vosgesinfo.fr\/epinalinfo\/","name":"Epinal Info","description":"Toute l&#039;actualit\u00e9 d&#039;\u00c9pinal","publisher":{"@id":"https:\/\/vosgesinfo.fr\/epinalinfo\/#organization"},"alternateName":"Toute l'actualit\u00e9 d'\u00c9pinal","potentialAction":[{"@type":"SearchAction","target":{"@type":"EntryPoint","urlTemplate":"https:\/\/vosgesinfo.fr\/epinalinfo\/?s={search_term_string}"},"query-input":"required name=search_term_string"}],"inLanguage":"fr-FR"},{"@type":"Organization","@id":"https:\/\/vosgesinfo.fr\/epinalinfo\/#organization","name":"Epinal Info","url":"https:\/\/vosgesinfo.fr\/epinalinfo\/","logo":{"@type":"ImageObject","inLanguage":"fr-FR","@id":"https:\/\/vosgesinfo.fr\/epinalinfo\/#\/schema\/logo\/image\/","url":"https:\/\/vosgesinfo.fr\/app\/uploads\/sites\/3\/2023\/08\/logo-epinalinfos.svg","contentUrl":"https:\/\/vosgesinfo.fr\/app\/uploads\/sites\/3\/2023\/08\/logo-epinalinfos.svg","width":1,"height":1,"caption":"Epinal Info"},"image":{"@id":"https:\/\/vosgesinfo.fr\/epinalinfo\/#\/schema\/logo\/image\/"},"sameAs":["https:\/\/www.facebook.com\/Epinalinfos","https:\/\/x.com\/VosgesInfo88","https:\/\/www.youtube.com\/@vosgesinfo"]},{"@type":"Person","@id":"https:\/\/vosgesinfo.fr\/epinalinfo\/#\/schema\/person\/6f9a650eeea99d969b6c4ab78fccbe81","name":"C.K.","image":{"@type":"ImageObject","inLanguage":"fr-FR","@id":"https:\/\/vosgesinfo.fr\/epinalinfo\/#\/schema\/person\/image\/","url":"https:\/\/secure.gravatar.com\/avatar\/48e3fc7f8421ba8942be6b74a2b7f014ca39bc00dece156b7a8e098ae7dc87bf?s=96&d=mm&r=g","contentUrl":"https:\/\/secure.gravatar.com\/avatar\/48e3fc7f8421ba8942be6b74a2b7f014ca39bc00dece156b7a8e098ae7dc87bf?s=96&d=mm&r=g","caption":"C.K."},"url":"https:\/\/vosgesinfo.fr\/epinalinfo\/author\/celia-k-n\/"}]}},"_links":{"self":[{"href":"https:\/\/vosgesinfo.fr\/epinalinfo\/wp-json\/wp\/v2\/posts\/75504","targetHints":{"allow":["GET"]}}],"collection":[{"href":"https:\/\/vosgesinfo.fr\/epinalinfo\/wp-json\/wp\/v2\/posts"}],"about":[{"href":"https:\/\/vosgesinfo.fr\/epinalinfo\/wp-json\/wp\/v2\/types\/post"}],"author":[{"embeddable":true,"href":"https:\/\/vosgesinfo.fr\/epinalinfo\/wp-json\/wp\/v2\/users\/52"}],"replies":[{"embeddable":true,"href":"https:\/\/vosgesinfo.fr\/epinalinfo\/wp-json\/wp\/v2\/comments?post=75504"}],"version-history":[{"count":0,"href":"https:\/\/vosgesinfo.fr\/epinalinfo\/wp-json\/wp\/v2\/posts\/75504\/revisions"}],"wp:featuredmedia":[{"embeddable":true,"href":"https:\/\/vosgesinfo.fr\/epinalinfo\/wp-json\/wp\/v2\/media\/75505"}],"wp:attachment":[{"href":"https:\/\/vosgesinfo.fr\/epinalinfo\/wp-json\/wp\/v2\/media?parent=75504"}],"wp:term":[{"taxonomy":"category","embeddable":true,"href":"https:\/\/vosgesinfo.fr\/epinalinfo\/wp-json\/wp\/v2\/categories?post=75504"},{"taxonomy":"post_tag","embeddable":true,"href":"https:\/\/vosgesinfo.fr\/epinalinfo\/wp-json\/wp\/v2\/tags?post=75504"}],"curies":[{"name":"wp","href":"https:\/\/api.w.org\/{rel}","templated":true}]}}