{"id":75945,"date":"2017-08-08T04:48:52","date_gmt":"2017-08-08T02:48:52","guid":{"rendered":"https:\/\/vosgesinfo.fr\/epinalinfo\/2017\/08\/4eme-fete-de-transition-a-epinal\/"},"modified":"2017-08-08T04:48:52","modified_gmt":"2017-08-08T02:48:52","slug":"4eme-fete-de-transition-a-epinal","status":"publish","type":"post","link":"https:\/\/vosgesinfo.fr\/epinalinfo\/2017\/08\/4eme-fete-de-transition-a-epinal\/","title":{"rendered":"4\u00e8me f\u00eate de la Transition \u00e0 Epinal"},"content":{"rendered":"<p><a href=\"http:\/\/epinalinfos.fr\/2017\/08\/4eme-fete-de-transition-a-epinal\/affiche-fete-transition-2017\/\" rel=\"attachment wp-att-119472\"><img decoding=\"async\" class=\"aligncenter size-full wp-image-119472\" src=\"\/2017\/08\/affiche-fete-transition-2017.jpg\" alt=\"affiche fete transition 2017\" width=\"1754\" height=\"2480\" \/><\/a>L&rsquo;association EPINAL EN TRANSITION organise le Dimanche<span style=\"font-size: large;\"><b> 27 ao\u00fbt 2017 , au parc des vues au Plateau de la Justice, de 14h \u00e0 17h<\/b><\/span>, la 4\u00e8me <b><span style=\"font-size: large;\">F\u00caTE DE LA TRANSITION.<\/span><\/b><\/p>\n<p>L&rsquo;objectif:<\/p>\n<div>&#8211; promouvoir la transition \u00e9cologique, citoyenne et \u00e9nerg\u00e9tique<br \/>\n&#8211; pr\u00e9senter au public nos diff\u00e9rentes actions (ateliers d&rsquo;autoconstruction, ateliers<br \/>\ncouture, Syst\u00e8me d&rsquo;\u00c9change Local, Incroyables Comestibles, Atelier v\u00e9lo et<br \/>\nmobilit\u00e9 douce, projet de caf\u00e9 associatif, ateliers \u00ab\u00a0faire soi-m\u00eame\u00a0\u00bb, cueillettes&#8230;)<br \/>\net celles de nos partenaires associatifs<br \/>\n&#8211; encourager la citoyennet\u00e9, le vivre-ensemble, la collaboration et la non-<br \/>\nviolence<br \/>\n&#8211; sensibiliser et \u00e9duquer \u00e0 l&rsquo;environnement, aux \u00e9conomies d&rsquo;\u00e9nergie<br \/>\n&#8211; c\u00e9l\u00e9brer, faire la f\u00eate et s&rsquo;amuser ensemble !Cette ann\u00e9e, le th\u00e8me sera la <span style=\"font-size: large;\"><b>f\u00eate foraine<\/b><\/span> : tous nos ateliers et associations partenaires proposeront une d\u00e9couverte de leurs actions sous forme de jeux et stands de f\u00eate foraine \u00e0 l&rsquo;ancienne : chamboule-tout, courses, fl\u00e9chettes, quilles, jeux d&rsquo;adresse, man\u00e8ge \u00e0 v\u00e9lo, p\u00eache aux tr\u00e9sors, gaufres et friandises&#8230; ainsi que de multiples animations musicales, gustatives et ludiques !<br \/>\n<i><br \/>\n<\/i><\/p>\n<\/div>\n<div><i><b>associations pr\u00e9sentes<\/b> : Epinal en Transition, la Transition d&rsquo;ici, les Colibris, R\u00e9zol\u00e9o, Collectif MLCC Vosges, Vosges Alternative au Nucl\u00e9aire, Vosges Nature Environnement, Association V\u00e9g\u00e9tarienne de France, le Sicovad, Terrae, le Mouvement pour une Alternative Non-violente<br \/>\n<\/i><\/div>\n<div><\/div>\n<p><i>Manifestations gratuite et pour toute la famille.<br \/>\n<\/i><\/p>\n","protected":false},"excerpt":{"rendered":"<p>L&rsquo;association EPINAL EN TRANSITION organise le Dimanche 27 ao\u00fbt 2017 , au parc des vues au Plateau de la Justice, [&hellip;]<\/p>\n","protected":false},"author":52,"featured_media":75946,"comment_status":"open","ping_status":"open","sticky":false,"template":"","format":"standard","meta":{"footnotes":""},"categories":[24],"tags":[11792],"class_list":["post-75945","post","type-post","status-publish","format-standard","has-post-thumbnail","hentry","category-epinal","tag-4eme-fete-de-la-transition-a-epinal"],"acf":[],"yoast_head":"<!-- This site is optimized with the Yoast SEO plugin v22.5 - https:\/\/yoast.com\/wordpress\/plugins\/seo\/ -->\n<title>4\u00e8me f\u00eate de la Transition \u00e0 Epinal - Epinal Info<\/title>\n<meta name=\"robots\" content=\"index, follow, max-snippet:-1, max-image-preview:large, max-video-preview:-1\" \/>\n<link rel=\"canonical\" href=\"https:\/\/vosgesinfo.fr\/epinalinfo\/2017\/08\/4eme-fete-de-transition-a-epinal\/\" \/>\n<meta name=\"twitter:card\" content=\"summary_large_image\" \/>\n<meta name=\"twitter:title\" content=\"4\u00e8me f\u00eate de la Transition \u00e0 Epinal - Epinal Info\" \/>\n<meta name=\"twitter:description\" content=\"L&rsquo;association EPINAL EN TRANSITION organise le Dimanche 27 ao\u00fbt 2017 , au parc des vues au Plateau de la Justice, [&hellip;]\" \/>\n<meta name=\"twitter:image\" content=\"https:\/\/vosgesinfo.fr\/app\/uploads\/sites\/3\/2024\/08\/201708affiche-fete-transition-2017.jpg\" \/>\n<meta name=\"twitter:creator\" content=\"@VosgesInfo88\" \/>\n<meta name=\"twitter:site\" content=\"@VosgesInfo88\" \/>\n<meta name=\"twitter:label1\" content=\"\u00c9crit par\" \/>\n\t<meta name=\"twitter:data1\" content=\"C.K.\" \/>\n\t<meta name=\"twitter:label2\" content=\"Dur\u00e9e de lecture estim\u00e9e\" \/>\n\t<meta name=\"twitter:data2\" content=\"1 minute\" \/>\n<script type=\"application\/ld+json\" class=\"yoast-schema-graph\">{\"@context\":\"https:\/\/schema.org\",\"@graph\":[{\"@type\":\"Article\",\"@id\":\"https:\/\/vosgesinfo.fr\/epinalinfo\/2017\/08\/4eme-fete-de-transition-a-epinal\/#article\",\"isPartOf\":{\"@id\":\"https:\/\/vosgesinfo.fr\/epinalinfo\/2017\/08\/4eme-fete-de-transition-a-epinal\/\"},\"author\":{\"name\":\"C.K.\",\"@id\":\"https:\/\/vosgesinfo.fr\/epinalinfo\/#\/schema\/person\/6f9a650eeea99d969b6c4ab78fccbe81\"},\"headline\":\"4\u00e8me f\u00eate de la Transition \u00e0 Epinal\",\"datePublished\":\"2017-08-08T02:48:52+00:00\",\"dateModified\":\"2017-08-08T02:48:52+00:00\",\"mainEntityOfPage\":{\"@id\":\"https:\/\/vosgesinfo.fr\/epinalinfo\/2017\/08\/4eme-fete-de-transition-a-epinal\/\"},\"wordCount\":236,\"commentCount\":0,\"publisher\":{\"@id\":\"https:\/\/vosgesinfo.fr\/epinalinfo\/#organization\"},\"image\":{\"@id\":\"https:\/\/vosgesinfo.fr\/epinalinfo\/2017\/08\/4eme-fete-de-transition-a-epinal\/#primaryimage\"},\"thumbnailUrl\":\"https:\/\/vosgesinfo.fr\/app\/uploads\/sites\/3\/2024\/08\/201708affiche-fete-transition-2017.jpg\",\"keywords\":[\"4\u00e8me f\u00eate de la Transition \u00e0 Epinal\"],\"articleSection\":[\"Epinal\"],\"inLanguage\":\"fr-FR\",\"potentialAction\":[{\"@type\":\"CommentAction\",\"name\":\"Comment\",\"target\":[\"https:\/\/vosgesinfo.fr\/epinalinfo\/2017\/08\/4eme-fete-de-transition-a-epinal\/#respond\"]}]},{\"@type\":\"WebPage\",\"@id\":\"https:\/\/vosgesinfo.fr\/epinalinfo\/2017\/08\/4eme-fete-de-transition-a-epinal\/\",\"url\":\"https:\/\/vosgesinfo.fr\/epinalinfo\/2017\/08\/4eme-fete-de-transition-a-epinal\/\",\"name\":\"4\u00e8me f\u00eate de la Transition \u00e0 Epinal - Epinal Info\",\"isPartOf\":{\"@id\":\"https:\/\/vosgesinfo.fr\/epinalinfo\/#website\"},\"primaryImageOfPage\":{\"@id\":\"https:\/\/vosgesinfo.fr\/epinalinfo\/2017\/08\/4eme-fete-de-transition-a-epinal\/#primaryimage\"},\"image\":{\"@id\":\"https:\/\/vosgesinfo.fr\/epinalinfo\/2017\/08\/4eme-fete-de-transition-a-epinal\/#primaryimage\"},\"thumbnailUrl\":\"https:\/\/vosgesinfo.fr\/app\/uploads\/sites\/3\/2024\/08\/201708affiche-fete-transition-2017.jpg\",\"datePublished\":\"2017-08-08T02:48:52+00:00\",\"dateModified\":\"2017-08-08T02:48:52+00:00\",\"breadcrumb\":{\"@id\":\"https:\/\/vosgesinfo.fr\/epinalinfo\/2017\/08\/4eme-fete-de-transition-a-epinal\/#breadcrumb\"},\"inLanguage\":\"fr-FR\",\"potentialAction\":[{\"@type\":\"ReadAction\",\"target\":[\"https:\/\/vosgesinfo.fr\/epinalinfo\/2017\/08\/4eme-fete-de-transition-a-epinal\/\"]}]},{\"@type\":\"ImageObject\",\"inLanguage\":\"fr-FR\",\"@id\":\"https:\/\/vosgesinfo.fr\/epinalinfo\/2017\/08\/4eme-fete-de-transition-a-epinal\/#primaryimage\",\"url\":\"https:\/\/vosgesinfo.fr\/app\/uploads\/sites\/3\/2024\/08\/201708affiche-fete-transition-2017.jpg\",\"contentUrl\":\"https:\/\/vosgesinfo.fr\/app\/uploads\/sites\/3\/2024\/08\/201708affiche-fete-transition-2017.jpg\",\"width\":1754,\"height\":2480},{\"@type\":\"BreadcrumbList\",\"@id\":\"https:\/\/vosgesinfo.fr\/epinalinfo\/2017\/08\/4eme-fete-de-transition-a-epinal\/#breadcrumb\",\"itemListElement\":[{\"@type\":\"ListItem\",\"position\":1,\"name\":\"Home\",\"item\":\"https:\/\/vosgesinfo.fr\/epinalinfo\/\"},{\"@type\":\"ListItem\",\"position\":2,\"name\":\"4\u00e8me f\u00eate de la Transition \u00e0 Epinal\"}]},{\"@type\":\"WebSite\",\"@id\":\"https:\/\/vosgesinfo.fr\/epinalinfo\/#website\",\"url\":\"https:\/\/vosgesinfo.fr\/epinalinfo\/\",\"name\":\"Epinal Info\",\"description\":\"Toute l&#039;actualit\u00e9 d&#039;\u00c9pinal\",\"publisher\":{\"@id\":\"https:\/\/vosgesinfo.fr\/epinalinfo\/#organization\"},\"alternateName\":\"Toute l'actualit\u00e9 d'\u00c9pinal\",\"potentialAction\":[{\"@type\":\"SearchAction\",\"target\":{\"@type\":\"EntryPoint\",\"urlTemplate\":\"https:\/\/vosgesinfo.fr\/epinalinfo\/?s={search_term_string}\"},\"query-input\":\"required name=search_term_string\"}],\"inLanguage\":\"fr-FR\"},{\"@type\":\"Organization\",\"@id\":\"https:\/\/vosgesinfo.fr\/epinalinfo\/#organization\",\"name\":\"Epinal Info\",\"url\":\"https:\/\/vosgesinfo.fr\/epinalinfo\/\",\"logo\":{\"@type\":\"ImageObject\",\"inLanguage\":\"fr-FR\",\"@id\":\"https:\/\/vosgesinfo.fr\/epinalinfo\/#\/schema\/logo\/image\/\",\"url\":\"https:\/\/vosgesinfo.fr\/app\/uploads\/sites\/3\/2023\/08\/logo-epinalinfos.svg\",\"contentUrl\":\"https:\/\/vosgesinfo.fr\/app\/uploads\/sites\/3\/2023\/08\/logo-epinalinfos.svg\",\"width\":1,\"height\":1,\"caption\":\"Epinal Info\"},\"image\":{\"@id\":\"https:\/\/vosgesinfo.fr\/epinalinfo\/#\/schema\/logo\/image\/\"},\"sameAs\":[\"https:\/\/www.facebook.com\/Epinalinfos\",\"https:\/\/x.com\/VosgesInfo88\",\"https:\/\/www.youtube.com\/@vosgesinfo\"]},{\"@type\":\"Person\",\"@id\":\"https:\/\/vosgesinfo.fr\/epinalinfo\/#\/schema\/person\/6f9a650eeea99d969b6c4ab78fccbe81\",\"name\":\"C.K.\",\"image\":{\"@type\":\"ImageObject\",\"inLanguage\":\"fr-FR\",\"@id\":\"https:\/\/vosgesinfo.fr\/epinalinfo\/#\/schema\/person\/image\/\",\"url\":\"https:\/\/secure.gravatar.com\/avatar\/48e3fc7f8421ba8942be6b74a2b7f014ca39bc00dece156b7a8e098ae7dc87bf?s=96&d=mm&r=g\",\"contentUrl\":\"https:\/\/secure.gravatar.com\/avatar\/48e3fc7f8421ba8942be6b74a2b7f014ca39bc00dece156b7a8e098ae7dc87bf?s=96&d=mm&r=g\",\"caption\":\"C.K.\"},\"url\":\"https:\/\/vosgesinfo.fr\/epinalinfo\/author\/celia-k-n\/\"}]}<\/script>\n<!-- \/ Yoast SEO plugin. -->","yoast_head_json":{"title":"4\u00e8me f\u00eate de la Transition \u00e0 Epinal - Epinal Info","robots":{"index":"index","follow":"follow","max-snippet":"max-snippet:-1","max-image-preview":"max-image-preview:large","max-video-preview":"max-video-preview:-1"},"canonical":"https:\/\/vosgesinfo.fr\/epinalinfo\/2017\/08\/4eme-fete-de-transition-a-epinal\/","twitter_card":"summary_large_image","twitter_title":"4\u00e8me f\u00eate de la Transition \u00e0 Epinal - Epinal Info","twitter_description":"L&rsquo;association EPINAL EN TRANSITION organise le Dimanche 27 ao\u00fbt 2017 , au parc des vues au Plateau de la Justice, [&hellip;]","twitter_image":"https:\/\/vosgesinfo.fr\/app\/uploads\/sites\/3\/2024\/08\/201708affiche-fete-transition-2017.jpg","twitter_creator":"@VosgesInfo88","twitter_site":"@VosgesInfo88","twitter_misc":{"\u00c9crit par":"C.K.","Dur\u00e9e de lecture estim\u00e9e":"1 minute"},"schema":{"@context":"https:\/\/schema.org","@graph":[{"@type":"Article","@id":"https:\/\/vosgesinfo.fr\/epinalinfo\/2017\/08\/4eme-fete-de-transition-a-epinal\/#article","isPartOf":{"@id":"https:\/\/vosgesinfo.fr\/epinalinfo\/2017\/08\/4eme-fete-de-transition-a-epinal\/"},"author":{"name":"C.K.","@id":"https:\/\/vosgesinfo.fr\/epinalinfo\/#\/schema\/person\/6f9a650eeea99d969b6c4ab78fccbe81"},"headline":"4\u00e8me f\u00eate de la Transition \u00e0 Epinal","datePublished":"2017-08-08T02:48:52+00:00","dateModified":"2017-08-08T02:48:52+00:00","mainEntityOfPage":{"@id":"https:\/\/vosgesinfo.fr\/epinalinfo\/2017\/08\/4eme-fete-de-transition-a-epinal\/"},"wordCount":236,"commentCount":0,"publisher":{"@id":"https:\/\/vosgesinfo.fr\/epinalinfo\/#organization"},"image":{"@id":"https:\/\/vosgesinfo.fr\/epinalinfo\/2017\/08\/4eme-fete-de-transition-a-epinal\/#primaryimage"},"thumbnailUrl":"https:\/\/vosgesinfo.fr\/app\/uploads\/sites\/3\/2024\/08\/201708affiche-fete-transition-2017.jpg","keywords":["4\u00e8me f\u00eate de la Transition \u00e0 Epinal"],"articleSection":["Epinal"],"inLanguage":"fr-FR","potentialAction":[{"@type":"CommentAction","name":"Comment","target":["https:\/\/vosgesinfo.fr\/epinalinfo\/2017\/08\/4eme-fete-de-transition-a-epinal\/#respond"]}]},{"@type":"WebPage","@id":"https:\/\/vosgesinfo.fr\/epinalinfo\/2017\/08\/4eme-fete-de-transition-a-epinal\/","url":"https:\/\/vosgesinfo.fr\/epinalinfo\/2017\/08\/4eme-fete-de-transition-a-epinal\/","name":"4\u00e8me f\u00eate de la Transition \u00e0 Epinal - Epinal Info","isPartOf":{"@id":"https:\/\/vosgesinfo.fr\/epinalinfo\/#website"},"primaryImageOfPage":{"@id":"https:\/\/vosgesinfo.fr\/epinalinfo\/2017\/08\/4eme-fete-de-transition-a-epinal\/#primaryimage"},"image":{"@id":"https:\/\/vosgesinfo.fr\/epinalinfo\/2017\/08\/4eme-fete-de-transition-a-epinal\/#primaryimage"},"thumbnailUrl":"https:\/\/vosgesinfo.fr\/app\/uploads\/sites\/3\/2024\/08\/201708affiche-fete-transition-2017.jpg","datePublished":"2017-08-08T02:48:52+00:00","dateModified":"2017-08-08T02:48:52+00:00","breadcrumb":{"@id":"https:\/\/vosgesinfo.fr\/epinalinfo\/2017\/08\/4eme-fete-de-transition-a-epinal\/#breadcrumb"},"inLanguage":"fr-FR","potentialAction":[{"@type":"ReadAction","target":["https:\/\/vosgesinfo.fr\/epinalinfo\/2017\/08\/4eme-fete-de-transition-a-epinal\/"]}]},{"@type":"ImageObject","inLanguage":"fr-FR","@id":"https:\/\/vosgesinfo.fr\/epinalinfo\/2017\/08\/4eme-fete-de-transition-a-epinal\/#primaryimage","url":"https:\/\/vosgesinfo.fr\/app\/uploads\/sites\/3\/2024\/08\/201708affiche-fete-transition-2017.jpg","contentUrl":"https:\/\/vosgesinfo.fr\/app\/uploads\/sites\/3\/2024\/08\/201708affiche-fete-transition-2017.jpg","width":1754,"height":2480},{"@type":"BreadcrumbList","@id":"https:\/\/vosgesinfo.fr\/epinalinfo\/2017\/08\/4eme-fete-de-transition-a-epinal\/#breadcrumb","itemListElement":[{"@type":"ListItem","position":1,"name":"Home","item":"https:\/\/vosgesinfo.fr\/epinalinfo\/"},{"@type":"ListItem","position":2,"name":"4\u00e8me f\u00eate de la Transition \u00e0 Epinal"}]},{"@type":"WebSite","@id":"https:\/\/vosgesinfo.fr\/epinalinfo\/#website","url":"https:\/\/vosgesinfo.fr\/epinalinfo\/","name":"Epinal Info","description":"Toute l&#039;actualit\u00e9 d&#039;\u00c9pinal","publisher":{"@id":"https:\/\/vosgesinfo.fr\/epinalinfo\/#organization"},"alternateName":"Toute l'actualit\u00e9 d'\u00c9pinal","potentialAction":[{"@type":"SearchAction","target":{"@type":"EntryPoint","urlTemplate":"https:\/\/vosgesinfo.fr\/epinalinfo\/?s={search_term_string}"},"query-input":"required name=search_term_string"}],"inLanguage":"fr-FR"},{"@type":"Organization","@id":"https:\/\/vosgesinfo.fr\/epinalinfo\/#organization","name":"Epinal Info","url":"https:\/\/vosgesinfo.fr\/epinalinfo\/","logo":{"@type":"ImageObject","inLanguage":"fr-FR","@id":"https:\/\/vosgesinfo.fr\/epinalinfo\/#\/schema\/logo\/image\/","url":"https:\/\/vosgesinfo.fr\/app\/uploads\/sites\/3\/2023\/08\/logo-epinalinfos.svg","contentUrl":"https:\/\/vosgesinfo.fr\/app\/uploads\/sites\/3\/2023\/08\/logo-epinalinfos.svg","width":1,"height":1,"caption":"Epinal Info"},"image":{"@id":"https:\/\/vosgesinfo.fr\/epinalinfo\/#\/schema\/logo\/image\/"},"sameAs":["https:\/\/www.facebook.com\/Epinalinfos","https:\/\/x.com\/VosgesInfo88","https:\/\/www.youtube.com\/@vosgesinfo"]},{"@type":"Person","@id":"https:\/\/vosgesinfo.fr\/epinalinfo\/#\/schema\/person\/6f9a650eeea99d969b6c4ab78fccbe81","name":"C.K.","image":{"@type":"ImageObject","inLanguage":"fr-FR","@id":"https:\/\/vosgesinfo.fr\/epinalinfo\/#\/schema\/person\/image\/","url":"https:\/\/secure.gravatar.com\/avatar\/48e3fc7f8421ba8942be6b74a2b7f014ca39bc00dece156b7a8e098ae7dc87bf?s=96&d=mm&r=g","contentUrl":"https:\/\/secure.gravatar.com\/avatar\/48e3fc7f8421ba8942be6b74a2b7f014ca39bc00dece156b7a8e098ae7dc87bf?s=96&d=mm&r=g","caption":"C.K."},"url":"https:\/\/vosgesinfo.fr\/epinalinfo\/author\/celia-k-n\/"}]}},"_links":{"self":[{"href":"https:\/\/vosgesinfo.fr\/epinalinfo\/wp-json\/wp\/v2\/posts\/75945","targetHints":{"allow":["GET"]}}],"collection":[{"href":"https:\/\/vosgesinfo.fr\/epinalinfo\/wp-json\/wp\/v2\/posts"}],"about":[{"href":"https:\/\/vosgesinfo.fr\/epinalinfo\/wp-json\/wp\/v2\/types\/post"}],"author":[{"embeddable":true,"href":"https:\/\/vosgesinfo.fr\/epinalinfo\/wp-json\/wp\/v2\/users\/52"}],"replies":[{"embeddable":true,"href":"https:\/\/vosgesinfo.fr\/epinalinfo\/wp-json\/wp\/v2\/comments?post=75945"}],"version-history":[{"count":0,"href":"https:\/\/vosgesinfo.fr\/epinalinfo\/wp-json\/wp\/v2\/posts\/75945\/revisions"}],"wp:featuredmedia":[{"embeddable":true,"href":"https:\/\/vosgesinfo.fr\/epinalinfo\/wp-json\/wp\/v2\/media\/75946"}],"wp:attachment":[{"href":"https:\/\/vosgesinfo.fr\/epinalinfo\/wp-json\/wp\/v2\/media?parent=75945"}],"wp:term":[{"taxonomy":"category","embeddable":true,"href":"https:\/\/vosgesinfo.fr\/epinalinfo\/wp-json\/wp\/v2\/categories?post=75945"},{"taxonomy":"post_tag","embeddable":true,"href":"https:\/\/vosgesinfo.fr\/epinalinfo\/wp-json\/wp\/v2\/tags?post=75945"}],"curies":[{"name":"wp","href":"https:\/\/api.w.org\/{rel}","templated":true}]}}