{"id":77157,"date":"2017-09-22T06:19:35","date_gmt":"2017-09-22T04:19:35","guid":{"rendered":"https:\/\/vosgesinfo.fr\/epinalinfo\/2017\/09\/1-120-agents-decores-conseil-regional-grand\/"},"modified":"2017-09-22T06:19:35","modified_gmt":"2017-09-22T04:19:35","slug":"1-120-agents-decores-conseil-regional-grand","status":"publish","type":"post","link":"https:\/\/vosgesinfo.fr\/epinalinfo\/2017\/09\/1-120-agents-decores-conseil-regional-grand\/","title":{"rendered":"1 120 agents d\u00e9cor\u00e9s au Conseil r\u00e9gional du Grand Est"},"content":{"rendered":"<h4 class=\"x_Default\"><a href=\"http:\/\/epinalinfos.fr\/2017\/09\/1-120-agents-decores-conseil-regional-grand\/ge\/\" rel=\"attachment wp-att-121395\"><img decoding=\"async\" class=\"aligncenter size-full wp-image-121395\" src=\"\/2017\/09\/GE.png\" alt=\"GE\" width=\"1844\" height=\"710\" \/><\/a>Les \u00e9lus du Grand Est ont r\u00e9compens\u00e9, <b>mercredi dernier<\/b>, l\u2019ensemble des agents du Conseil r\u00e9gional du Grand Est lors de la c\u00e9r\u00e9monie de remise des m\u00e9dailles du travail. Ce sont au total <b>1 120 <\/b>agents des diff\u00e9rents sites 1 qui ont \u00e9t\u00e9 d\u00e9cor\u00e9s et f\u00e9licit\u00e9s pour leur investissement et leur engagement professionnel. Les agents ont re\u00e7u une m\u00e9daille d\u2019or (35 ans), de vermeil (30 ans) ou d\u2019argent (20 ans). Philippe Richert, a remerci\u00e9 avec beaucoup d\u2019\u00e9motion, les agents pour leur anciennet\u00e9 de service mas aussi pour la qualit\u00e9 de leur travail.<\/h4>\n<p class=\"x_Default\"><b><i>\u00ab <\/i><\/b><i>C\u2019est avec grand plaisir que je remets, aujourd\u2019hui, les m\u00e9dailles de travail aux agents de notre \u00ab maison \u00bb. Plus qu\u2019une simple distinction, c\u2019est une v\u00e9ritable m\u00e9daille d\u2019Honneur que vous recevez aujourd\u2019hui. Car oui, vous \u00eates la richesse de notre administration r\u00e9gionale. Je tiens \u00e0 tous vous remercier pour votre engagement aupr\u00e8s de notre collectivit\u00e9, de votre d\u00e9vouement au service de l\u2019int\u00e9r\u00eat g\u00e9n\u00e9ral, et des habitants de ce grand territoire. Alors f\u00e9licitations \u00e0 tous et un grand merci ! <b>\u00bb <\/b><\/i><\/p>\n<p class=\"x_Default\"><b>Philippe Richert<\/b>,<\/p>\n<p class=\"x_Default\">Pr\u00e9sident de la R\u00e9gion Grand Est, ancien Ministre<\/p>\n<p class=\"x_Default\"><b>\u00a0<\/b><\/p>\n<p class=\"x_Default\"><b>1 079 AGENTS R\u00c9COMPENS\u00c9S <\/b><\/p>\n<p class=\"x_Default\">Ce mercredi 20 septembre 2017, ce sont <b>1 120 agents r\u00e9gionaux <\/b>qui ont \u00e9t\u00e9 m\u00e9daill\u00e9s sur l\u2019ensemble du territoire du Grand Est. Cette c\u00e9r\u00e9monie met \u00e0 la fois en valeur la richesse des activit\u00e9s exerc\u00e9es par les femmes et les hommes de la collectivit\u00e9 mais aussi le travail d\u2019\u00e9quipe. Ce moment d\u2019\u00e9changes et de rencontres a permis d\u2019encourager et de valoriser le travail de l\u2019ensemble des agents, qui participent \u00e0 <b>faire du Conseil r\u00e9gional du Grand Est une vraie collectivit\u00e9 de proximit\u00e9 au service de tous<\/b>.<\/p>\n<p class=\"x_Default\"><b>\u00a0<\/b><\/p>\n<p class=\"x_Default\"><b>LES M\u00c9DAILL\u00c9S GRAND EST EN QUELQUES CHIFFRES * <\/b><\/p>\n<p class=\"x_Default\"><b>M\u00e9dailles d\u2019or : 49 agents <\/b><\/p>\n<p class=\"x_Default\"><b>M\u00e9dailles de vermeil : 152 agents <\/b><\/p>\n<p class=\"x_Default\"><b>M\u00e9dailles d\u2019argent : 923 agents <\/b><\/p>\n<p class=\"x_MsoNormal\">* 4 agents re\u00e7oivent \u00e0 la fois une m\u00e9daille d\u2019argent et une m\u00e9daille de vermeil pour le site de Strasbourg<\/p>\n","protected":false},"excerpt":{"rendered":"<p>Les \u00e9lus du Grand Est ont r\u00e9compens\u00e9, mercredi dernier, l\u2019ensemble des agents du Conseil r\u00e9gional du Grand Est lors de [&hellip;]<\/p>\n","protected":false},"author":52,"featured_media":77158,"comment_status":"open","ping_status":"open","sticky":false,"template":"","format":"standard","meta":{"footnotes":""},"categories":[22,144],"tags":[12179,12180],"class_list":["post-77157","post","type-post","status-publish","format-standard","has-post-thumbnail","hentry","category-a-la-une","category-region","tag-1-120-agents-decores","tag-conseil-regional-du-grand-est"],"acf":[],"yoast_head":"<!-- This site is optimized with the Yoast SEO plugin v22.5 - https:\/\/yoast.com\/wordpress\/plugins\/seo\/ -->\n<title>1 120 agents d\u00e9cor\u00e9s au Conseil r\u00e9gional du Grand Est - Epinal Info<\/title>\n<meta name=\"robots\" content=\"index, follow, max-snippet:-1, max-image-preview:large, max-video-preview:-1\" \/>\n<link rel=\"canonical\" href=\"https:\/\/vosgesinfo.fr\/epinalinfo\/2017\/09\/1-120-agents-decores-conseil-regional-grand\/\" \/>\n<meta name=\"twitter:card\" content=\"summary_large_image\" \/>\n<meta name=\"twitter:title\" content=\"1 120 agents d\u00e9cor\u00e9s au Conseil r\u00e9gional du Grand Est - Epinal Info\" \/>\n<meta name=\"twitter:description\" content=\"Les \u00e9lus du Grand Est ont r\u00e9compens\u00e9, mercredi dernier, l\u2019ensemble des agents du Conseil r\u00e9gional du Grand Est lors de [&hellip;]\" \/>\n<meta name=\"twitter:image\" content=\"https:\/\/vosgesinfo.fr\/app\/uploads\/sites\/3\/2024\/08\/201709ge.png\" \/>\n<meta name=\"twitter:creator\" content=\"@VosgesInfo88\" \/>\n<meta name=\"twitter:site\" content=\"@VosgesInfo88\" \/>\n<meta name=\"twitter:label1\" content=\"\u00c9crit par\" \/>\n\t<meta name=\"twitter:data1\" content=\"C.K.\" \/>\n\t<meta name=\"twitter:label2\" content=\"Dur\u00e9e de lecture estim\u00e9e\" \/>\n\t<meta name=\"twitter:data2\" content=\"2 minutes\" \/>\n<script type=\"application\/ld+json\" class=\"yoast-schema-graph\">{\"@context\":\"https:\/\/schema.org\",\"@graph\":[{\"@type\":\"Article\",\"@id\":\"https:\/\/vosgesinfo.fr\/epinalinfo\/2017\/09\/1-120-agents-decores-conseil-regional-grand\/#article\",\"isPartOf\":{\"@id\":\"https:\/\/vosgesinfo.fr\/epinalinfo\/2017\/09\/1-120-agents-decores-conseil-regional-grand\/\"},\"author\":{\"name\":\"C.K.\",\"@id\":\"https:\/\/vosgesinfo.fr\/epinalinfo\/#\/schema\/person\/6f9a650eeea99d969b6c4ab78fccbe81\"},\"headline\":\"1 120 agents d\u00e9cor\u00e9s au Conseil r\u00e9gional du Grand Est\",\"datePublished\":\"2017-09-22T04:19:35+00:00\",\"dateModified\":\"2017-09-22T04:19:35+00:00\",\"mainEntityOfPage\":{\"@id\":\"https:\/\/vosgesinfo.fr\/epinalinfo\/2017\/09\/1-120-agents-decores-conseil-regional-grand\/\"},\"wordCount\":358,\"commentCount\":0,\"publisher\":{\"@id\":\"https:\/\/vosgesinfo.fr\/epinalinfo\/#organization\"},\"image\":{\"@id\":\"https:\/\/vosgesinfo.fr\/epinalinfo\/2017\/09\/1-120-agents-decores-conseil-regional-grand\/#primaryimage\"},\"thumbnailUrl\":\"https:\/\/vosgesinfo.fr\/app\/uploads\/sites\/3\/2024\/08\/201709ge.png\",\"keywords\":[\"1 120 agents d\u00e9cor\u00e9s\",\"Conseil r\u00e9gional du Grand Est\"],\"articleSection\":[\"A la Une\",\"R\u00e9gion\"],\"inLanguage\":\"fr-FR\",\"potentialAction\":[{\"@type\":\"CommentAction\",\"name\":\"Comment\",\"target\":[\"https:\/\/vosgesinfo.fr\/epinalinfo\/2017\/09\/1-120-agents-decores-conseil-regional-grand\/#respond\"]}]},{\"@type\":\"WebPage\",\"@id\":\"https:\/\/vosgesinfo.fr\/epinalinfo\/2017\/09\/1-120-agents-decores-conseil-regional-grand\/\",\"url\":\"https:\/\/vosgesinfo.fr\/epinalinfo\/2017\/09\/1-120-agents-decores-conseil-regional-grand\/\",\"name\":\"1 120 agents d\u00e9cor\u00e9s au Conseil r\u00e9gional du Grand Est - Epinal Info\",\"isPartOf\":{\"@id\":\"https:\/\/vosgesinfo.fr\/epinalinfo\/#website\"},\"primaryImageOfPage\":{\"@id\":\"https:\/\/vosgesinfo.fr\/epinalinfo\/2017\/09\/1-120-agents-decores-conseil-regional-grand\/#primaryimage\"},\"image\":{\"@id\":\"https:\/\/vosgesinfo.fr\/epinalinfo\/2017\/09\/1-120-agents-decores-conseil-regional-grand\/#primaryimage\"},\"thumbnailUrl\":\"https:\/\/vosgesinfo.fr\/app\/uploads\/sites\/3\/2024\/08\/201709ge.png\",\"datePublished\":\"2017-09-22T04:19:35+00:00\",\"dateModified\":\"2017-09-22T04:19:35+00:00\",\"breadcrumb\":{\"@id\":\"https:\/\/vosgesinfo.fr\/epinalinfo\/2017\/09\/1-120-agents-decores-conseil-regional-grand\/#breadcrumb\"},\"inLanguage\":\"fr-FR\",\"potentialAction\":[{\"@type\":\"ReadAction\",\"target\":[\"https:\/\/vosgesinfo.fr\/epinalinfo\/2017\/09\/1-120-agents-decores-conseil-regional-grand\/\"]}]},{\"@type\":\"ImageObject\",\"inLanguage\":\"fr-FR\",\"@id\":\"https:\/\/vosgesinfo.fr\/epinalinfo\/2017\/09\/1-120-agents-decores-conseil-regional-grand\/#primaryimage\",\"url\":\"https:\/\/vosgesinfo.fr\/app\/uploads\/sites\/3\/2024\/08\/201709ge.png\",\"contentUrl\":\"https:\/\/vosgesinfo.fr\/app\/uploads\/sites\/3\/2024\/08\/201709ge.png\",\"width\":1844,\"height\":710},{\"@type\":\"BreadcrumbList\",\"@id\":\"https:\/\/vosgesinfo.fr\/epinalinfo\/2017\/09\/1-120-agents-decores-conseil-regional-grand\/#breadcrumb\",\"itemListElement\":[{\"@type\":\"ListItem\",\"position\":1,\"name\":\"Home\",\"item\":\"https:\/\/vosgesinfo.fr\/epinalinfo\/\"},{\"@type\":\"ListItem\",\"position\":2,\"name\":\"1 120 agents d\u00e9cor\u00e9s au Conseil r\u00e9gional du Grand Est\"}]},{\"@type\":\"WebSite\",\"@id\":\"https:\/\/vosgesinfo.fr\/epinalinfo\/#website\",\"url\":\"https:\/\/vosgesinfo.fr\/epinalinfo\/\",\"name\":\"Epinal Info\",\"description\":\"Toute l&#039;actualit\u00e9 d&#039;\u00c9pinal\",\"publisher\":{\"@id\":\"https:\/\/vosgesinfo.fr\/epinalinfo\/#organization\"},\"alternateName\":\"Toute l'actualit\u00e9 d'\u00c9pinal\",\"potentialAction\":[{\"@type\":\"SearchAction\",\"target\":{\"@type\":\"EntryPoint\",\"urlTemplate\":\"https:\/\/vosgesinfo.fr\/epinalinfo\/?s={search_term_string}\"},\"query-input\":\"required name=search_term_string\"}],\"inLanguage\":\"fr-FR\"},{\"@type\":\"Organization\",\"@id\":\"https:\/\/vosgesinfo.fr\/epinalinfo\/#organization\",\"name\":\"Epinal Info\",\"url\":\"https:\/\/vosgesinfo.fr\/epinalinfo\/\",\"logo\":{\"@type\":\"ImageObject\",\"inLanguage\":\"fr-FR\",\"@id\":\"https:\/\/vosgesinfo.fr\/epinalinfo\/#\/schema\/logo\/image\/\",\"url\":\"https:\/\/vosgesinfo.fr\/app\/uploads\/sites\/3\/2023\/08\/logo-epinalinfos.svg\",\"contentUrl\":\"https:\/\/vosgesinfo.fr\/app\/uploads\/sites\/3\/2023\/08\/logo-epinalinfos.svg\",\"width\":1,\"height\":1,\"caption\":\"Epinal Info\"},\"image\":{\"@id\":\"https:\/\/vosgesinfo.fr\/epinalinfo\/#\/schema\/logo\/image\/\"},\"sameAs\":[\"https:\/\/www.facebook.com\/Epinalinfos\",\"https:\/\/x.com\/VosgesInfo88\",\"https:\/\/www.youtube.com\/@vosgesinfo\"]},{\"@type\":\"Person\",\"@id\":\"https:\/\/vosgesinfo.fr\/epinalinfo\/#\/schema\/person\/6f9a650eeea99d969b6c4ab78fccbe81\",\"name\":\"C.K.\",\"image\":{\"@type\":\"ImageObject\",\"inLanguage\":\"fr-FR\",\"@id\":\"https:\/\/vosgesinfo.fr\/epinalinfo\/#\/schema\/person\/image\/\",\"url\":\"https:\/\/secure.gravatar.com\/avatar\/48e3fc7f8421ba8942be6b74a2b7f014ca39bc00dece156b7a8e098ae7dc87bf?s=96&d=mm&r=g\",\"contentUrl\":\"https:\/\/secure.gravatar.com\/avatar\/48e3fc7f8421ba8942be6b74a2b7f014ca39bc00dece156b7a8e098ae7dc87bf?s=96&d=mm&r=g\",\"caption\":\"C.K.\"},\"url\":\"https:\/\/vosgesinfo.fr\/epinalinfo\/author\/celia-k-n\/\"}]}<\/script>\n<!-- \/ Yoast SEO plugin. -->","yoast_head_json":{"title":"1 120 agents d\u00e9cor\u00e9s au Conseil r\u00e9gional du Grand Est - Epinal Info","robots":{"index":"index","follow":"follow","max-snippet":"max-snippet:-1","max-image-preview":"max-image-preview:large","max-video-preview":"max-video-preview:-1"},"canonical":"https:\/\/vosgesinfo.fr\/epinalinfo\/2017\/09\/1-120-agents-decores-conseil-regional-grand\/","twitter_card":"summary_large_image","twitter_title":"1 120 agents d\u00e9cor\u00e9s au Conseil r\u00e9gional du Grand Est - Epinal Info","twitter_description":"Les \u00e9lus du Grand Est ont r\u00e9compens\u00e9, mercredi dernier, l\u2019ensemble des agents du Conseil r\u00e9gional du Grand Est lors de [&hellip;]","twitter_image":"https:\/\/vosgesinfo.fr\/app\/uploads\/sites\/3\/2024\/08\/201709ge.png","twitter_creator":"@VosgesInfo88","twitter_site":"@VosgesInfo88","twitter_misc":{"\u00c9crit par":"C.K.","Dur\u00e9e de lecture estim\u00e9e":"2 minutes"},"schema":{"@context":"https:\/\/schema.org","@graph":[{"@type":"Article","@id":"https:\/\/vosgesinfo.fr\/epinalinfo\/2017\/09\/1-120-agents-decores-conseil-regional-grand\/#article","isPartOf":{"@id":"https:\/\/vosgesinfo.fr\/epinalinfo\/2017\/09\/1-120-agents-decores-conseil-regional-grand\/"},"author":{"name":"C.K.","@id":"https:\/\/vosgesinfo.fr\/epinalinfo\/#\/schema\/person\/6f9a650eeea99d969b6c4ab78fccbe81"},"headline":"1 120 agents d\u00e9cor\u00e9s au Conseil r\u00e9gional du Grand Est","datePublished":"2017-09-22T04:19:35+00:00","dateModified":"2017-09-22T04:19:35+00:00","mainEntityOfPage":{"@id":"https:\/\/vosgesinfo.fr\/epinalinfo\/2017\/09\/1-120-agents-decores-conseil-regional-grand\/"},"wordCount":358,"commentCount":0,"publisher":{"@id":"https:\/\/vosgesinfo.fr\/epinalinfo\/#organization"},"image":{"@id":"https:\/\/vosgesinfo.fr\/epinalinfo\/2017\/09\/1-120-agents-decores-conseil-regional-grand\/#primaryimage"},"thumbnailUrl":"https:\/\/vosgesinfo.fr\/app\/uploads\/sites\/3\/2024\/08\/201709ge.png","keywords":["1 120 agents d\u00e9cor\u00e9s","Conseil r\u00e9gional du Grand Est"],"articleSection":["A la Une","R\u00e9gion"],"inLanguage":"fr-FR","potentialAction":[{"@type":"CommentAction","name":"Comment","target":["https:\/\/vosgesinfo.fr\/epinalinfo\/2017\/09\/1-120-agents-decores-conseil-regional-grand\/#respond"]}]},{"@type":"WebPage","@id":"https:\/\/vosgesinfo.fr\/epinalinfo\/2017\/09\/1-120-agents-decores-conseil-regional-grand\/","url":"https:\/\/vosgesinfo.fr\/epinalinfo\/2017\/09\/1-120-agents-decores-conseil-regional-grand\/","name":"1 120 agents d\u00e9cor\u00e9s au Conseil r\u00e9gional du Grand Est - Epinal Info","isPartOf":{"@id":"https:\/\/vosgesinfo.fr\/epinalinfo\/#website"},"primaryImageOfPage":{"@id":"https:\/\/vosgesinfo.fr\/epinalinfo\/2017\/09\/1-120-agents-decores-conseil-regional-grand\/#primaryimage"},"image":{"@id":"https:\/\/vosgesinfo.fr\/epinalinfo\/2017\/09\/1-120-agents-decores-conseil-regional-grand\/#primaryimage"},"thumbnailUrl":"https:\/\/vosgesinfo.fr\/app\/uploads\/sites\/3\/2024\/08\/201709ge.png","datePublished":"2017-09-22T04:19:35+00:00","dateModified":"2017-09-22T04:19:35+00:00","breadcrumb":{"@id":"https:\/\/vosgesinfo.fr\/epinalinfo\/2017\/09\/1-120-agents-decores-conseil-regional-grand\/#breadcrumb"},"inLanguage":"fr-FR","potentialAction":[{"@type":"ReadAction","target":["https:\/\/vosgesinfo.fr\/epinalinfo\/2017\/09\/1-120-agents-decores-conseil-regional-grand\/"]}]},{"@type":"ImageObject","inLanguage":"fr-FR","@id":"https:\/\/vosgesinfo.fr\/epinalinfo\/2017\/09\/1-120-agents-decores-conseil-regional-grand\/#primaryimage","url":"https:\/\/vosgesinfo.fr\/app\/uploads\/sites\/3\/2024\/08\/201709ge.png","contentUrl":"https:\/\/vosgesinfo.fr\/app\/uploads\/sites\/3\/2024\/08\/201709ge.png","width":1844,"height":710},{"@type":"BreadcrumbList","@id":"https:\/\/vosgesinfo.fr\/epinalinfo\/2017\/09\/1-120-agents-decores-conseil-regional-grand\/#breadcrumb","itemListElement":[{"@type":"ListItem","position":1,"name":"Home","item":"https:\/\/vosgesinfo.fr\/epinalinfo\/"},{"@type":"ListItem","position":2,"name":"1 120 agents d\u00e9cor\u00e9s au Conseil r\u00e9gional du Grand Est"}]},{"@type":"WebSite","@id":"https:\/\/vosgesinfo.fr\/epinalinfo\/#website","url":"https:\/\/vosgesinfo.fr\/epinalinfo\/","name":"Epinal Info","description":"Toute l&#039;actualit\u00e9 d&#039;\u00c9pinal","publisher":{"@id":"https:\/\/vosgesinfo.fr\/epinalinfo\/#organization"},"alternateName":"Toute l'actualit\u00e9 d'\u00c9pinal","potentialAction":[{"@type":"SearchAction","target":{"@type":"EntryPoint","urlTemplate":"https:\/\/vosgesinfo.fr\/epinalinfo\/?s={search_term_string}"},"query-input":"required name=search_term_string"}],"inLanguage":"fr-FR"},{"@type":"Organization","@id":"https:\/\/vosgesinfo.fr\/epinalinfo\/#organization","name":"Epinal Info","url":"https:\/\/vosgesinfo.fr\/epinalinfo\/","logo":{"@type":"ImageObject","inLanguage":"fr-FR","@id":"https:\/\/vosgesinfo.fr\/epinalinfo\/#\/schema\/logo\/image\/","url":"https:\/\/vosgesinfo.fr\/app\/uploads\/sites\/3\/2023\/08\/logo-epinalinfos.svg","contentUrl":"https:\/\/vosgesinfo.fr\/app\/uploads\/sites\/3\/2023\/08\/logo-epinalinfos.svg","width":1,"height":1,"caption":"Epinal Info"},"image":{"@id":"https:\/\/vosgesinfo.fr\/epinalinfo\/#\/schema\/logo\/image\/"},"sameAs":["https:\/\/www.facebook.com\/Epinalinfos","https:\/\/x.com\/VosgesInfo88","https:\/\/www.youtube.com\/@vosgesinfo"]},{"@type":"Person","@id":"https:\/\/vosgesinfo.fr\/epinalinfo\/#\/schema\/person\/6f9a650eeea99d969b6c4ab78fccbe81","name":"C.K.","image":{"@type":"ImageObject","inLanguage":"fr-FR","@id":"https:\/\/vosgesinfo.fr\/epinalinfo\/#\/schema\/person\/image\/","url":"https:\/\/secure.gravatar.com\/avatar\/48e3fc7f8421ba8942be6b74a2b7f014ca39bc00dece156b7a8e098ae7dc87bf?s=96&d=mm&r=g","contentUrl":"https:\/\/secure.gravatar.com\/avatar\/48e3fc7f8421ba8942be6b74a2b7f014ca39bc00dece156b7a8e098ae7dc87bf?s=96&d=mm&r=g","caption":"C.K."},"url":"https:\/\/vosgesinfo.fr\/epinalinfo\/author\/celia-k-n\/"}]}},"_links":{"self":[{"href":"https:\/\/vosgesinfo.fr\/epinalinfo\/wp-json\/wp\/v2\/posts\/77157","targetHints":{"allow":["GET"]}}],"collection":[{"href":"https:\/\/vosgesinfo.fr\/epinalinfo\/wp-json\/wp\/v2\/posts"}],"about":[{"href":"https:\/\/vosgesinfo.fr\/epinalinfo\/wp-json\/wp\/v2\/types\/post"}],"author":[{"embeddable":true,"href":"https:\/\/vosgesinfo.fr\/epinalinfo\/wp-json\/wp\/v2\/users\/52"}],"replies":[{"embeddable":true,"href":"https:\/\/vosgesinfo.fr\/epinalinfo\/wp-json\/wp\/v2\/comments?post=77157"}],"version-history":[{"count":0,"href":"https:\/\/vosgesinfo.fr\/epinalinfo\/wp-json\/wp\/v2\/posts\/77157\/revisions"}],"wp:featuredmedia":[{"embeddable":true,"href":"https:\/\/vosgesinfo.fr\/epinalinfo\/wp-json\/wp\/v2\/media\/77158"}],"wp:attachment":[{"href":"https:\/\/vosgesinfo.fr\/epinalinfo\/wp-json\/wp\/v2\/media?parent=77157"}],"wp:term":[{"taxonomy":"category","embeddable":true,"href":"https:\/\/vosgesinfo.fr\/epinalinfo\/wp-json\/wp\/v2\/categories?post=77157"},{"taxonomy":"post_tag","embeddable":true,"href":"https:\/\/vosgesinfo.fr\/epinalinfo\/wp-json\/wp\/v2\/tags?post=77157"}],"curies":[{"name":"wp","href":"https:\/\/api.w.org\/{rel}","templated":true}]}}