{"id":77164,"date":"2017-09-22T06:20:26","date_gmt":"2017-09-22T04:20:26","guid":{"rendered":"https:\/\/vosgesinfo.fr\/epinalinfo\/2017\/09\/val-dajol-yves-jego-remet-label-origine-france-garantie-a-de-buyer-industries\/"},"modified":"2017-09-22T06:20:26","modified_gmt":"2017-09-22T04:20:26","slug":"val-dajol-yves-jego-remet-label-origine-france-garantie-a-de-buyer-industries","status":"publish","type":"post","link":"https:\/\/vosgesinfo.fr\/epinalinfo\/2017\/09\/val-dajol-yves-jego-remet-label-origine-france-garantie-a-de-buyer-industries\/","title":{"rendered":"Le Val-d\u2019Ajol \u2013 Yves Jego remet le label Origine France Garantie \u00e0 De Buyer Industries"},"content":{"rendered":"<p><a href=\"http:\/\/epinalinfos.fr\/2017\/09\/val-dajol-yves-jego-remet-label-origine-france-garantie-a-de-buyer-industries\/5y8a7282\/\" rel=\"attachment wp-att-121391\"><img decoding=\"async\" class=\"aligncenter size-full wp-image-121391\" src=\"\/2017\/09\/5Y8A7282.jpg\" alt=\"5Y8A7282\" width=\"5760\" height=\"3840\" \/><\/a>Yves J\u00e9go, Pr\u00e9sident-fondateur de Pro France et D\u00e9put\u00e9 de Seine-et-Marne, est venu remettre officiellement le\u00a0label Origine France Garantie \u00e0 de Buyer Industries par le jeudi 21 septembre 2017 au Val-d\u2019Ajol.<\/p>\n<p>Cr\u00e9\u00e9 par Yves J\u00e9go et soutenu par le gouvernement, Origine France Garantie est le seul label permettant d\u2019assurer la tra\u00e7abilit\u00e9 des produits et de certifier l\u2019origine fran\u00e7aise de ces derniers.<\/p>\n<p>Cr\u00e9\u00e9e en 1830, De Buyer Industries est une entreprise fran\u00e7aise sp\u00e9cialis\u00e9e dans la fabrication d\u2019ustensiles de cuisine. S\u2019appuyant sur un savoir-faire unique depuis plusieurs g\u00e9n\u00e9rations, l\u2019entreprise vosgienne est reconnue pour ses 3 000 types d\u2019articles de cuisine et de p\u00e2tisserie destin\u00e9s aux professionnels et aux particuliers.<\/p>\n<p>Yves Jego a d\u2019abord visit\u00e9 le site de production en compagnie de Jean-No\u00ebl Mathieu, vice-pr\u00e9sident de De Buyer Industries, du d\u00e9put\u00e9 Christophe Naegelen, de Jean Richard, maire du Val-d\u2019Ajol, et de Jean Hingray, son homologue romarimontain.<\/p>\n<p>Yves J\u00e9go a remis \u00e0 Jean-No\u00ebl Mathieu le label Origine France Garantie pour 9 gammes de produits.<\/p>\n<p><strong>Photographies : Sophie Hesse.<\/strong><\/p>\n\n\t\t<style type=\"text\/css\">\n\t\t\t#gallery-1 {\n\t\t\t\tmargin: auto;\n\t\t\t}\n\t\t\t#gallery-1 .gallery-item {\n\t\t\t\tfloat: left;\n\t\t\t\tmargin-top: 10px;\n\t\t\t\ttext-align: center;\n\t\t\t\twidth: 33%;\n\t\t\t}\n\t\t\t#gallery-1 img {\n\t\t\t\tborder: 2px solid #cfcfcf;\n\t\t\t}\n\t\t\t#gallery-1 .gallery-caption {\n\t\t\t\tmargin-left: 0;\n\t\t\t}\n\t\t\t\/* see gallery_shortcode() in wp-includes\/media.php *\/\n\t\t<\/style>\n\t\t<div id='gallery-1' class='gallery galleryid-77164 gallery-columns-3 gallery-size-medium'><dl class='gallery-item'>\n\t\t\t<dt class='gallery-icon landscape'>\n\t\t\t\t<a href='https:\/\/vosgesinfo.fr\/app\/uploads\/sites\/3\/2024\/09\/audience-solennelle-rentree-tribunal-epinal9.jpg'><img decoding=\"async\" width=\"300\" height=\"226\" src=\"https:\/\/vosgesinfo.fr\/app\/uploads\/sites\/3\/2024\/09\/audience-solennelle-rentree-tribunal-epinal9-300x226.jpg\" class=\"attachment-medium size-medium\" alt=\"\" srcset=\"https:\/\/vosgesinfo.fr\/app\/uploads\/sites\/3\/2024\/09\/audience-solennelle-rentree-tribunal-epinal9-300x226.jpg 300w, https:\/\/vosgesinfo.fr\/app\/uploads\/sites\/3\/2024\/09\/audience-solennelle-rentree-tribunal-epinal9-1024x771.jpg 1024w, https:\/\/vosgesinfo.fr\/app\/uploads\/sites\/3\/2024\/09\/audience-solennelle-rentree-tribunal-epinal9-768x578.jpg 768w, https:\/\/vosgesinfo.fr\/app\/uploads\/sites\/3\/2024\/09\/audience-solennelle-rentree-tribunal-epinal9-1536x1156.jpg 1536w, https:\/\/vosgesinfo.fr\/app\/uploads\/sites\/3\/2024\/09\/audience-solennelle-rentree-tribunal-epinal9.jpg 1920w\" sizes=\"(max-width: 300px) 100vw, 300px\" \/><\/a>\n\t\t\t<\/dt><\/dl><dl class='gallery-item'>\n\t\t\t<dt class='gallery-icon portrait'>\n\t\t\t\t<a href='https:\/\/vosgesinfo.fr\/app\/uploads\/sites\/3\/2024\/09\/hds-saison-culturelle-1.jpg'><img decoding=\"async\" width=\"190\" height=\"300\" src=\"https:\/\/vosgesinfo.fr\/app\/uploads\/sites\/3\/2024\/09\/hds-saison-culturelle-1-190x300.jpg\" class=\"attachment-medium size-medium\" alt=\"\" srcset=\"https:\/\/vosgesinfo.fr\/app\/uploads\/sites\/3\/2024\/09\/hds-saison-culturelle-1-190x300.jpg 190w, https:\/\/vosgesinfo.fr\/app\/uploads\/sites\/3\/2024\/09\/hds-saison-culturelle-1-647x1024.jpg 647w, https:\/\/vosgesinfo.fr\/app\/uploads\/sites\/3\/2024\/09\/hds-saison-culturelle-1-768x1216.jpg 768w, https:\/\/vosgesinfo.fr\/app\/uploads\/sites\/3\/2024\/09\/hds-saison-culturelle-1-970x1536.jpg 970w, https:\/\/vosgesinfo.fr\/app\/uploads\/sites\/3\/2024\/09\/hds-saison-culturelle-1-1294x2048.jpg 1294w, https:\/\/vosgesinfo.fr\/app\/uploads\/sites\/3\/2024\/09\/hds-saison-culturelle-1.jpg 1364w\" sizes=\"(max-width: 190px) 100vw, 190px\" \/><\/a>\n\t\t\t<\/dt><\/dl><dl class='gallery-item'>\n\t\t\t<dt class='gallery-icon portrait'>\n\t\t\t\t<a href='https:\/\/vosgesinfo.fr\/app\/uploads\/sites\/3\/2024\/09\/nouveau-projet-2.jpg'><img decoding=\"async\" width=\"186\" height=\"300\" src=\"https:\/\/vosgesinfo.fr\/app\/uploads\/sites\/3\/2024\/09\/nouveau-projet-2-186x300.jpg\" class=\"attachment-medium size-medium\" alt=\"\" srcset=\"https:\/\/vosgesinfo.fr\/app\/uploads\/sites\/3\/2024\/09\/nouveau-projet-2-186x300.jpg 186w, https:\/\/vosgesinfo.fr\/app\/uploads\/sites\/3\/2024\/09\/nouveau-projet-2-635x1024.jpg 635w, https:\/\/vosgesinfo.fr\/app\/uploads\/sites\/3\/2024\/09\/nouveau-projet-2-768x1239.jpg 768w, https:\/\/vosgesinfo.fr\/app\/uploads\/sites\/3\/2024\/09\/nouveau-projet-2-952x1536.jpg 952w, https:\/\/vosgesinfo.fr\/app\/uploads\/sites\/3\/2024\/09\/nouveau-projet-2-1270x2048.jpg 1270w, https:\/\/vosgesinfo.fr\/app\/uploads\/sites\/3\/2024\/09\/nouveau-projet-2.jpg 1364w\" sizes=\"(max-width: 186px) 100vw, 186px\" \/><\/a>\n\t\t\t<\/dt><\/dl><br style=\"clear: both\" \/>\n\t\t<\/div>\n\n","protected":false},"excerpt":{"rendered":"<p>Yves J\u00e9go, Pr\u00e9sident-fondateur de Pro France et D\u00e9put\u00e9 de Seine-et-Marne, est venu remettre officiellement le\u00a0label Origine France Garantie \u00e0 de [&hellip;]<\/p>\n","protected":false},"author":52,"featured_media":0,"comment_status":"open","ping_status":"open","sticky":false,"template":"","format":"standard","meta":{"footnotes":""},"categories":[22,8,5],"tags":[12182,12069,12183],"class_list":["post-77164","post","type-post","status-publish","format-standard","hentry","category-a-la-une","category-economie","category-vosges","tag-de-buyer-industries","tag-le-val-dajol","tag-yves-jego-remet-le-label-origine-france-garantie"],"acf":[],"yoast_head":"<!-- This site is optimized with the Yoast SEO plugin v22.5 - https:\/\/yoast.com\/wordpress\/plugins\/seo\/ -->\n<title>Le Val-d\u2019Ajol \u2013 Yves Jego remet le label Origine France Garantie \u00e0 De Buyer Industries - Epinal Info<\/title>\n<meta name=\"robots\" content=\"index, follow, max-snippet:-1, max-image-preview:large, max-video-preview:-1\" \/>\n<link rel=\"canonical\" href=\"https:\/\/vosgesinfo.fr\/epinalinfo\/2017\/09\/val-dajol-yves-jego-remet-label-origine-france-garantie-a-de-buyer-industries\/\" \/>\n<meta name=\"twitter:card\" content=\"summary_large_image\" \/>\n<meta name=\"twitter:title\" content=\"Le Val-d\u2019Ajol \u2013 Yves Jego remet le label Origine France Garantie \u00e0 De Buyer Industries - Epinal Info\" \/>\n<meta name=\"twitter:description\" content=\"Yves J\u00e9go, Pr\u00e9sident-fondateur de Pro France et D\u00e9put\u00e9 de Seine-et-Marne, est venu remettre officiellement le\u00a0label Origine France Garantie \u00e0 de [&hellip;]\" \/>\n<meta name=\"twitter:creator\" content=\"@VosgesInfo88\" \/>\n<meta name=\"twitter:site\" content=\"@VosgesInfo88\" \/>\n<meta name=\"twitter:label1\" content=\"\u00c9crit par\" \/>\n\t<meta name=\"twitter:data1\" content=\"C.K.\" \/>\n\t<meta name=\"twitter:label2\" content=\"Dur\u00e9e de lecture estim\u00e9e\" \/>\n\t<meta name=\"twitter:data2\" content=\"1 minute\" \/>\n<script type=\"application\/ld+json\" class=\"yoast-schema-graph\">{\"@context\":\"https:\/\/schema.org\",\"@graph\":[{\"@type\":\"Article\",\"@id\":\"https:\/\/vosgesinfo.fr\/epinalinfo\/2017\/09\/val-dajol-yves-jego-remet-label-origine-france-garantie-a-de-buyer-industries\/#article\",\"isPartOf\":{\"@id\":\"https:\/\/vosgesinfo.fr\/epinalinfo\/2017\/09\/val-dajol-yves-jego-remet-label-origine-france-garantie-a-de-buyer-industries\/\"},\"author\":{\"name\":\"C.K.\",\"@id\":\"https:\/\/vosgesinfo.fr\/epinalinfo\/#\/schema\/person\/6f9a650eeea99d969b6c4ab78fccbe81\"},\"headline\":\"Le Val-d\u2019Ajol \u2013 Yves Jego remet le label Origine France Garantie \u00e0 De Buyer Industries\",\"datePublished\":\"2017-09-22T04:20:26+00:00\",\"dateModified\":\"2017-09-22T04:20:26+00:00\",\"mainEntityOfPage\":{\"@id\":\"https:\/\/vosgesinfo.fr\/epinalinfo\/2017\/09\/val-dajol-yves-jego-remet-label-origine-france-garantie-a-de-buyer-industries\/\"},\"wordCount\":207,\"commentCount\":0,\"publisher\":{\"@id\":\"https:\/\/vosgesinfo.fr\/epinalinfo\/#organization\"},\"keywords\":[\"De Buyer Industries\",\"Le Val-d'Ajol\",\"Yves Jego remet le label Origine France Garantie\"],\"articleSection\":[\"A la Une\",\"\u00c9conomie\",\"Vosges\"],\"inLanguage\":\"fr-FR\",\"potentialAction\":[{\"@type\":\"CommentAction\",\"name\":\"Comment\",\"target\":[\"https:\/\/vosgesinfo.fr\/epinalinfo\/2017\/09\/val-dajol-yves-jego-remet-label-origine-france-garantie-a-de-buyer-industries\/#respond\"]}]},{\"@type\":\"WebPage\",\"@id\":\"https:\/\/vosgesinfo.fr\/epinalinfo\/2017\/09\/val-dajol-yves-jego-remet-label-origine-france-garantie-a-de-buyer-industries\/\",\"url\":\"https:\/\/vosgesinfo.fr\/epinalinfo\/2017\/09\/val-dajol-yves-jego-remet-label-origine-france-garantie-a-de-buyer-industries\/\",\"name\":\"Le Val-d\u2019Ajol \u2013 Yves Jego remet le label Origine France Garantie \u00e0 De Buyer Industries - Epinal Info\",\"isPartOf\":{\"@id\":\"https:\/\/vosgesinfo.fr\/epinalinfo\/#website\"},\"datePublished\":\"2017-09-22T04:20:26+00:00\",\"dateModified\":\"2017-09-22T04:20:26+00:00\",\"breadcrumb\":{\"@id\":\"https:\/\/vosgesinfo.fr\/epinalinfo\/2017\/09\/val-dajol-yves-jego-remet-label-origine-france-garantie-a-de-buyer-industries\/#breadcrumb\"},\"inLanguage\":\"fr-FR\",\"potentialAction\":[{\"@type\":\"ReadAction\",\"target\":[\"https:\/\/vosgesinfo.fr\/epinalinfo\/2017\/09\/val-dajol-yves-jego-remet-label-origine-france-garantie-a-de-buyer-industries\/\"]}]},{\"@type\":\"BreadcrumbList\",\"@id\":\"https:\/\/vosgesinfo.fr\/epinalinfo\/2017\/09\/val-dajol-yves-jego-remet-label-origine-france-garantie-a-de-buyer-industries\/#breadcrumb\",\"itemListElement\":[{\"@type\":\"ListItem\",\"position\":1,\"name\":\"Home\",\"item\":\"https:\/\/vosgesinfo.fr\/epinalinfo\/\"},{\"@type\":\"ListItem\",\"position\":2,\"name\":\"Le Val-d\u2019Ajol \u2013 Yves Jego remet le label Origine France Garantie \u00e0 De Buyer Industries\"}]},{\"@type\":\"WebSite\",\"@id\":\"https:\/\/vosgesinfo.fr\/epinalinfo\/#website\",\"url\":\"https:\/\/vosgesinfo.fr\/epinalinfo\/\",\"name\":\"Epinal Info\",\"description\":\"Toute l&#039;actualit\u00e9 d&#039;\u00c9pinal\",\"publisher\":{\"@id\":\"https:\/\/vosgesinfo.fr\/epinalinfo\/#organization\"},\"alternateName\":\"Toute l'actualit\u00e9 d'\u00c9pinal\",\"potentialAction\":[{\"@type\":\"SearchAction\",\"target\":{\"@type\":\"EntryPoint\",\"urlTemplate\":\"https:\/\/vosgesinfo.fr\/epinalinfo\/?s={search_term_string}\"},\"query-input\":\"required name=search_term_string\"}],\"inLanguage\":\"fr-FR\"},{\"@type\":\"Organization\",\"@id\":\"https:\/\/vosgesinfo.fr\/epinalinfo\/#organization\",\"name\":\"Epinal Info\",\"url\":\"https:\/\/vosgesinfo.fr\/epinalinfo\/\",\"logo\":{\"@type\":\"ImageObject\",\"inLanguage\":\"fr-FR\",\"@id\":\"https:\/\/vosgesinfo.fr\/epinalinfo\/#\/schema\/logo\/image\/\",\"url\":\"https:\/\/vosgesinfo.fr\/app\/uploads\/sites\/3\/2023\/08\/logo-epinalinfos.svg\",\"contentUrl\":\"https:\/\/vosgesinfo.fr\/app\/uploads\/sites\/3\/2023\/08\/logo-epinalinfos.svg\",\"width\":1,\"height\":1,\"caption\":\"Epinal Info\"},\"image\":{\"@id\":\"https:\/\/vosgesinfo.fr\/epinalinfo\/#\/schema\/logo\/image\/\"},\"sameAs\":[\"https:\/\/www.facebook.com\/Epinalinfos\",\"https:\/\/x.com\/VosgesInfo88\",\"https:\/\/www.youtube.com\/@vosgesinfo\"]},{\"@type\":\"Person\",\"@id\":\"https:\/\/vosgesinfo.fr\/epinalinfo\/#\/schema\/person\/6f9a650eeea99d969b6c4ab78fccbe81\",\"name\":\"C.K.\",\"image\":{\"@type\":\"ImageObject\",\"inLanguage\":\"fr-FR\",\"@id\":\"https:\/\/vosgesinfo.fr\/epinalinfo\/#\/schema\/person\/image\/\",\"url\":\"https:\/\/secure.gravatar.com\/avatar\/48e3fc7f8421ba8942be6b74a2b7f014ca39bc00dece156b7a8e098ae7dc87bf?s=96&d=mm&r=g\",\"contentUrl\":\"https:\/\/secure.gravatar.com\/avatar\/48e3fc7f8421ba8942be6b74a2b7f014ca39bc00dece156b7a8e098ae7dc87bf?s=96&d=mm&r=g\",\"caption\":\"C.K.\"},\"url\":\"https:\/\/vosgesinfo.fr\/epinalinfo\/author\/celia-k-n\/\"}]}<\/script>\n<!-- \/ Yoast SEO plugin. -->","yoast_head_json":{"title":"Le Val-d\u2019Ajol \u2013 Yves Jego remet le label Origine France Garantie \u00e0 De Buyer Industries - Epinal Info","robots":{"index":"index","follow":"follow","max-snippet":"max-snippet:-1","max-image-preview":"max-image-preview:large","max-video-preview":"max-video-preview:-1"},"canonical":"https:\/\/vosgesinfo.fr\/epinalinfo\/2017\/09\/val-dajol-yves-jego-remet-label-origine-france-garantie-a-de-buyer-industries\/","twitter_card":"summary_large_image","twitter_title":"Le Val-d\u2019Ajol \u2013 Yves Jego remet le label Origine France Garantie \u00e0 De Buyer Industries - Epinal Info","twitter_description":"Yves J\u00e9go, Pr\u00e9sident-fondateur de Pro France et D\u00e9put\u00e9 de Seine-et-Marne, est venu remettre officiellement le\u00a0label Origine France Garantie \u00e0 de [&hellip;]","twitter_creator":"@VosgesInfo88","twitter_site":"@VosgesInfo88","twitter_misc":{"\u00c9crit par":"C.K.","Dur\u00e9e de lecture estim\u00e9e":"1 minute"},"schema":{"@context":"https:\/\/schema.org","@graph":[{"@type":"Article","@id":"https:\/\/vosgesinfo.fr\/epinalinfo\/2017\/09\/val-dajol-yves-jego-remet-label-origine-france-garantie-a-de-buyer-industries\/#article","isPartOf":{"@id":"https:\/\/vosgesinfo.fr\/epinalinfo\/2017\/09\/val-dajol-yves-jego-remet-label-origine-france-garantie-a-de-buyer-industries\/"},"author":{"name":"C.K.","@id":"https:\/\/vosgesinfo.fr\/epinalinfo\/#\/schema\/person\/6f9a650eeea99d969b6c4ab78fccbe81"},"headline":"Le Val-d\u2019Ajol \u2013 Yves Jego remet le label Origine France Garantie \u00e0 De Buyer Industries","datePublished":"2017-09-22T04:20:26+00:00","dateModified":"2017-09-22T04:20:26+00:00","mainEntityOfPage":{"@id":"https:\/\/vosgesinfo.fr\/epinalinfo\/2017\/09\/val-dajol-yves-jego-remet-label-origine-france-garantie-a-de-buyer-industries\/"},"wordCount":207,"commentCount":0,"publisher":{"@id":"https:\/\/vosgesinfo.fr\/epinalinfo\/#organization"},"keywords":["De Buyer Industries","Le Val-d'Ajol","Yves Jego remet le label Origine France Garantie"],"articleSection":["A la Une","\u00c9conomie","Vosges"],"inLanguage":"fr-FR","potentialAction":[{"@type":"CommentAction","name":"Comment","target":["https:\/\/vosgesinfo.fr\/epinalinfo\/2017\/09\/val-dajol-yves-jego-remet-label-origine-france-garantie-a-de-buyer-industries\/#respond"]}]},{"@type":"WebPage","@id":"https:\/\/vosgesinfo.fr\/epinalinfo\/2017\/09\/val-dajol-yves-jego-remet-label-origine-france-garantie-a-de-buyer-industries\/","url":"https:\/\/vosgesinfo.fr\/epinalinfo\/2017\/09\/val-dajol-yves-jego-remet-label-origine-france-garantie-a-de-buyer-industries\/","name":"Le Val-d\u2019Ajol \u2013 Yves Jego remet le label Origine France Garantie \u00e0 De Buyer Industries - Epinal Info","isPartOf":{"@id":"https:\/\/vosgesinfo.fr\/epinalinfo\/#website"},"datePublished":"2017-09-22T04:20:26+00:00","dateModified":"2017-09-22T04:20:26+00:00","breadcrumb":{"@id":"https:\/\/vosgesinfo.fr\/epinalinfo\/2017\/09\/val-dajol-yves-jego-remet-label-origine-france-garantie-a-de-buyer-industries\/#breadcrumb"},"inLanguage":"fr-FR","potentialAction":[{"@type":"ReadAction","target":["https:\/\/vosgesinfo.fr\/epinalinfo\/2017\/09\/val-dajol-yves-jego-remet-label-origine-france-garantie-a-de-buyer-industries\/"]}]},{"@type":"BreadcrumbList","@id":"https:\/\/vosgesinfo.fr\/epinalinfo\/2017\/09\/val-dajol-yves-jego-remet-label-origine-france-garantie-a-de-buyer-industries\/#breadcrumb","itemListElement":[{"@type":"ListItem","position":1,"name":"Home","item":"https:\/\/vosgesinfo.fr\/epinalinfo\/"},{"@type":"ListItem","position":2,"name":"Le Val-d\u2019Ajol \u2013 Yves Jego remet le label Origine France Garantie \u00e0 De Buyer Industries"}]},{"@type":"WebSite","@id":"https:\/\/vosgesinfo.fr\/epinalinfo\/#website","url":"https:\/\/vosgesinfo.fr\/epinalinfo\/","name":"Epinal Info","description":"Toute l&#039;actualit\u00e9 d&#039;\u00c9pinal","publisher":{"@id":"https:\/\/vosgesinfo.fr\/epinalinfo\/#organization"},"alternateName":"Toute l'actualit\u00e9 d'\u00c9pinal","potentialAction":[{"@type":"SearchAction","target":{"@type":"EntryPoint","urlTemplate":"https:\/\/vosgesinfo.fr\/epinalinfo\/?s={search_term_string}"},"query-input":"required name=search_term_string"}],"inLanguage":"fr-FR"},{"@type":"Organization","@id":"https:\/\/vosgesinfo.fr\/epinalinfo\/#organization","name":"Epinal Info","url":"https:\/\/vosgesinfo.fr\/epinalinfo\/","logo":{"@type":"ImageObject","inLanguage":"fr-FR","@id":"https:\/\/vosgesinfo.fr\/epinalinfo\/#\/schema\/logo\/image\/","url":"https:\/\/vosgesinfo.fr\/app\/uploads\/sites\/3\/2023\/08\/logo-epinalinfos.svg","contentUrl":"https:\/\/vosgesinfo.fr\/app\/uploads\/sites\/3\/2023\/08\/logo-epinalinfos.svg","width":1,"height":1,"caption":"Epinal Info"},"image":{"@id":"https:\/\/vosgesinfo.fr\/epinalinfo\/#\/schema\/logo\/image\/"},"sameAs":["https:\/\/www.facebook.com\/Epinalinfos","https:\/\/x.com\/VosgesInfo88","https:\/\/www.youtube.com\/@vosgesinfo"]},{"@type":"Person","@id":"https:\/\/vosgesinfo.fr\/epinalinfo\/#\/schema\/person\/6f9a650eeea99d969b6c4ab78fccbe81","name":"C.K.","image":{"@type":"ImageObject","inLanguage":"fr-FR","@id":"https:\/\/vosgesinfo.fr\/epinalinfo\/#\/schema\/person\/image\/","url":"https:\/\/secure.gravatar.com\/avatar\/48e3fc7f8421ba8942be6b74a2b7f014ca39bc00dece156b7a8e098ae7dc87bf?s=96&d=mm&r=g","contentUrl":"https:\/\/secure.gravatar.com\/avatar\/48e3fc7f8421ba8942be6b74a2b7f014ca39bc00dece156b7a8e098ae7dc87bf?s=96&d=mm&r=g","caption":"C.K."},"url":"https:\/\/vosgesinfo.fr\/epinalinfo\/author\/celia-k-n\/"}]}},"_links":{"self":[{"href":"https:\/\/vosgesinfo.fr\/epinalinfo\/wp-json\/wp\/v2\/posts\/77164","targetHints":{"allow":["GET"]}}],"collection":[{"href":"https:\/\/vosgesinfo.fr\/epinalinfo\/wp-json\/wp\/v2\/posts"}],"about":[{"href":"https:\/\/vosgesinfo.fr\/epinalinfo\/wp-json\/wp\/v2\/types\/post"}],"author":[{"embeddable":true,"href":"https:\/\/vosgesinfo.fr\/epinalinfo\/wp-json\/wp\/v2\/users\/52"}],"replies":[{"embeddable":true,"href":"https:\/\/vosgesinfo.fr\/epinalinfo\/wp-json\/wp\/v2\/comments?post=77164"}],"version-history":[{"count":0,"href":"https:\/\/vosgesinfo.fr\/epinalinfo\/wp-json\/wp\/v2\/posts\/77164\/revisions"}],"wp:attachment":[{"href":"https:\/\/vosgesinfo.fr\/epinalinfo\/wp-json\/wp\/v2\/media?parent=77164"}],"wp:term":[{"taxonomy":"category","embeddable":true,"href":"https:\/\/vosgesinfo.fr\/epinalinfo\/wp-json\/wp\/v2\/categories?post=77164"},{"taxonomy":"post_tag","embeddable":true,"href":"https:\/\/vosgesinfo.fr\/epinalinfo\/wp-json\/wp\/v2\/tags?post=77164"}],"curies":[{"name":"wp","href":"https:\/\/api.w.org\/{rel}","templated":true}]}}