{"id":77972,"date":"2018-01-29T08:38:33","date_gmt":"2018-01-29T07:38:33","guid":{"rendered":"https:\/\/vosgesinfo.fr\/epinalinfo\/2018\/01\/grand-remise-prix-franco-allemand-de-chancellerie\/"},"modified":"2018-01-29T08:38:33","modified_gmt":"2018-01-29T07:38:33","slug":"grand-remise-prix-franco-allemand-de-chancellerie","status":"publish","type":"post","link":"https:\/\/vosgesinfo.fr\/epinalinfo\/2018\/01\/grand-remise-prix-franco-allemand-de-chancellerie\/","title":{"rendered":"Grand Est &#8211; Remise du Prix franco-allemand de la chancellerie"},"content":{"rendered":"<h3><a href=\"http:\/\/epinalinfos.fr\/2018\/01\/grand-remise-prix-franco-allemand-de-chancellerie\/prix-franco-all\/\" rel=\"attachment wp-att-128599\"><img decoding=\"async\" class=\"aligncenter size-full wp-image-128599\" src=\"\/2018\/01\/prix-franco-all.jpg\" alt=\"prix-franco-all\" width=\"2966\" height=\"2297\" \/><\/a>Florence Robine, rectrice de la r\u00e9gion acad\u00e9mique Grand Est, rectrice de l\u2019acad\u00e9mie de Nancy-Metz, chanceli\u00e8re des universit\u00e9s, Pierre Mutzenhardt, pr\u00e9sident de l\u2019Universit\u00e9 de Lorraine et Nicolas Ehler, directeur du Goethe-Institut de Nancy, avec le soutien de l\u2019Association des Amis de l\u2019Universit\u00e9 de Lorraine (AAUL), ont remis le Prix franco-allemand de la chancellerie vendredi 26 janvier 2018 \u00e0 l\u2019espace Bernard-Marie Kolt\u00e8s \/ Th\u00e9\u00e2tre du Saulcy \u00e0 Metz.<\/h3>\n<p>Cr\u00e9\u00e9 en 2016, le Prix franco-allemand de la chancellerie est le fruit d\u2019un partenariat entre l\u2019acad\u00e9mie de Nancy-Metz, l\u2019Universit\u00e9 de Lorraine, le Goethe-Institut. Il vise \u00e0 souligner une relation franco-allemande fond\u00e9e sur l\u2019amiti\u00e9, se d\u00e9veloppant dans la dur\u00e9e, avec la responsabilit\u00e9 d\u2019agir pour un avenir europ\u00e9en.<br \/>\nLe prix r\u00e9compense un \u00e9tudiant ou un groupe restreint d\u2019\u00e9tudiants de l\u2019Universit\u00e9 de Lorraine (inscrits en 2016- 2017), de niveau L3, M1 ou M2, pour un travail \u00e9crit (de type m\u00e9moire), une production (audiovisuelle, num\u00e9rique, etc.) ou une action qui met en valeur avec singularit\u00e9 et originalit\u00e9 la culture allemande, l&rsquo;interculturalit\u00e9 franco-allemande et la langue allemande.<\/p>\n<p>Les m\u00e9moires ou productions peuvent utiliser la langue fran\u00e7aise ou la langue allemande et sont susceptibles de concerner tous les champs disciplinaires (arts, lettres, langues, droit, \u00e9conomie, gestion, sciences, techniques, sant\u00e9, sciences humaines et sociales).<\/p>\n<p><em><strong>Cette ann\u00e9e, deux prix ont \u00e9t\u00e9 d\u00e9cern\u00e9s \u00e0 :<\/strong><\/em><\/p>\n<p>Camille Strehl, dipl\u00f4m\u00e9e d\u2019un master en affaires internationales et management francoallemand (double dipl\u00f4me), pour son m\u00e9moire intitul\u00e9 : \u00ab La coop\u00e9ration transfrontali\u00e8re du Rhin sup\u00e9rieur \u00e0 l\u2019exemple des villes de Strasbourg et de Kehl \u00bb<\/p>\n<p>Un groupe issu de l\u2019ESP\u00c9 de Lorraine (site de Sarreguemines) : Morgane Ott, Marie-H\u00e9l\u00e8ne Ederle, Miriam Nagel, C\u00e9cile Dal Bon, St\u00e9phanie Drux, Delphine Boivin et \u00c9milie Dos Santos pour leur projet audiovisuel intitul\u00e9 \u00ab Le plaisir d\u2019enseigner l\u2019allemand \u00bb.<\/p>\n","protected":false},"excerpt":{"rendered":"<p>Florence Robine, rectrice de la r\u00e9gion acad\u00e9mique Grand Est, rectrice de l\u2019acad\u00e9mie de Nancy-Metz, chanceli\u00e8re des universit\u00e9s, Pierre Mutzenhardt, pr\u00e9sident [&hellip;]<\/p>\n","protected":false},"author":52,"featured_media":77973,"comment_status":"open","ping_status":"open","sticky":false,"template":"","format":"standard","meta":{"footnotes":""},"categories":[22,15,144],"tags":[12283,12284,138,12285,12286,12287,12288,12289],"class_list":["post-77972","post","type-post","status-publish","format-standard","has-post-thumbnail","hentry","category-a-la-une","category-education","category-region","tag-chanceliere-des-universites","tag-directeur-du-goethe-institut-de-nancy","tag-grand-est","tag-pierre-mutzenhardt","tag-president-de-luniversite-de-lorraine-et-nicolas-ehler","tag-rectrice-de-lacademie-de-nancy-metz","tag-region-academique-grand-est","tag-remise-du-prix-franco-allemand-de-la-chancellerie"],"acf":[],"yoast_head":"<!-- This site is optimized with the Yoast SEO plugin v22.5 - https:\/\/yoast.com\/wordpress\/plugins\/seo\/ -->\n<title>Grand Est - Remise du Prix franco-allemand de la chancellerie - Epinal Info<\/title>\n<meta name=\"robots\" content=\"index, follow, max-snippet:-1, max-image-preview:large, max-video-preview:-1\" \/>\n<link rel=\"canonical\" href=\"https:\/\/vosgesinfo.fr\/epinalinfo\/2018\/01\/grand-remise-prix-franco-allemand-de-chancellerie\/\" \/>\n<meta name=\"twitter:card\" content=\"summary_large_image\" \/>\n<meta name=\"twitter:title\" content=\"Grand Est - Remise du Prix franco-allemand de la chancellerie - Epinal Info\" \/>\n<meta name=\"twitter:description\" content=\"Florence Robine, rectrice de la r\u00e9gion acad\u00e9mique Grand Est, rectrice de l\u2019acad\u00e9mie de Nancy-Metz, chanceli\u00e8re des universit\u00e9s, Pierre Mutzenhardt, pr\u00e9sident [&hellip;]\" \/>\n<meta name=\"twitter:image\" content=\"https:\/\/vosgesinfo.fr\/app\/uploads\/sites\/3\/2024\/08\/201801prix-franco-all-scaled.jpg\" \/>\n<meta name=\"twitter:creator\" content=\"@VosgesInfo88\" \/>\n<meta name=\"twitter:site\" content=\"@VosgesInfo88\" \/>\n<meta name=\"twitter:label1\" content=\"\u00c9crit par\" \/>\n\t<meta name=\"twitter:data1\" content=\"C.K.\" \/>\n\t<meta name=\"twitter:label2\" content=\"Dur\u00e9e de lecture estim\u00e9e\" \/>\n\t<meta name=\"twitter:data2\" content=\"2 minutes\" \/>\n<script type=\"application\/ld+json\" class=\"yoast-schema-graph\">{\"@context\":\"https:\/\/schema.org\",\"@graph\":[{\"@type\":\"Article\",\"@id\":\"https:\/\/vosgesinfo.fr\/epinalinfo\/2018\/01\/grand-remise-prix-franco-allemand-de-chancellerie\/#article\",\"isPartOf\":{\"@id\":\"https:\/\/vosgesinfo.fr\/epinalinfo\/2018\/01\/grand-remise-prix-franco-allemand-de-chancellerie\/\"},\"author\":{\"name\":\"C.K.\",\"@id\":\"https:\/\/vosgesinfo.fr\/epinalinfo\/#\/schema\/person\/6f9a650eeea99d969b6c4ab78fccbe81\"},\"headline\":\"Grand Est &#8211; Remise du Prix franco-allemand de la chancellerie\",\"datePublished\":\"2018-01-29T07:38:33+00:00\",\"dateModified\":\"2018-01-29T07:38:33+00:00\",\"mainEntityOfPage\":{\"@id\":\"https:\/\/vosgesinfo.fr\/epinalinfo\/2018\/01\/grand-remise-prix-franco-allemand-de-chancellerie\/\"},\"wordCount\":329,\"commentCount\":0,\"publisher\":{\"@id\":\"https:\/\/vosgesinfo.fr\/epinalinfo\/#organization\"},\"image\":{\"@id\":\"https:\/\/vosgesinfo.fr\/epinalinfo\/2018\/01\/grand-remise-prix-franco-allemand-de-chancellerie\/#primaryimage\"},\"thumbnailUrl\":\"https:\/\/vosgesinfo.fr\/app\/uploads\/sites\/3\/2024\/08\/201801prix-franco-all-scaled.jpg\",\"keywords\":[\"chanceli\u00e8re des universit\u00e9s\",\"directeur du Goethe-Institut de Nancy\",\"Grand Est\",\"Pierre Mutzenhardt\",\"pr\u00e9sident de l\u2019Universit\u00e9 de Lorraine et Nicolas Ehler\",\"rectrice de l\u2019acad\u00e9mie de Nancy-Metz\",\"r\u00e9gion acad\u00e9mique Grand Est\",\"Remise du Prix franco-allemand de la chancellerie\"],\"articleSection\":[\"A la Une\",\"\u00c9ducation\",\"R\u00e9gion\"],\"inLanguage\":\"fr-FR\",\"potentialAction\":[{\"@type\":\"CommentAction\",\"name\":\"Comment\",\"target\":[\"https:\/\/vosgesinfo.fr\/epinalinfo\/2018\/01\/grand-remise-prix-franco-allemand-de-chancellerie\/#respond\"]}]},{\"@type\":\"WebPage\",\"@id\":\"https:\/\/vosgesinfo.fr\/epinalinfo\/2018\/01\/grand-remise-prix-franco-allemand-de-chancellerie\/\",\"url\":\"https:\/\/vosgesinfo.fr\/epinalinfo\/2018\/01\/grand-remise-prix-franco-allemand-de-chancellerie\/\",\"name\":\"Grand Est - Remise du Prix franco-allemand de la chancellerie - Epinal Info\",\"isPartOf\":{\"@id\":\"https:\/\/vosgesinfo.fr\/epinalinfo\/#website\"},\"primaryImageOfPage\":{\"@id\":\"https:\/\/vosgesinfo.fr\/epinalinfo\/2018\/01\/grand-remise-prix-franco-allemand-de-chancellerie\/#primaryimage\"},\"image\":{\"@id\":\"https:\/\/vosgesinfo.fr\/epinalinfo\/2018\/01\/grand-remise-prix-franco-allemand-de-chancellerie\/#primaryimage\"},\"thumbnailUrl\":\"https:\/\/vosgesinfo.fr\/app\/uploads\/sites\/3\/2024\/08\/201801prix-franco-all-scaled.jpg\",\"datePublished\":\"2018-01-29T07:38:33+00:00\",\"dateModified\":\"2018-01-29T07:38:33+00:00\",\"breadcrumb\":{\"@id\":\"https:\/\/vosgesinfo.fr\/epinalinfo\/2018\/01\/grand-remise-prix-franco-allemand-de-chancellerie\/#breadcrumb\"},\"inLanguage\":\"fr-FR\",\"potentialAction\":[{\"@type\":\"ReadAction\",\"target\":[\"https:\/\/vosgesinfo.fr\/epinalinfo\/2018\/01\/grand-remise-prix-franco-allemand-de-chancellerie\/\"]}]},{\"@type\":\"ImageObject\",\"inLanguage\":\"fr-FR\",\"@id\":\"https:\/\/vosgesinfo.fr\/epinalinfo\/2018\/01\/grand-remise-prix-franco-allemand-de-chancellerie\/#primaryimage\",\"url\":\"https:\/\/vosgesinfo.fr\/app\/uploads\/sites\/3\/2024\/08\/201801prix-franco-all-scaled.jpg\",\"contentUrl\":\"https:\/\/vosgesinfo.fr\/app\/uploads\/sites\/3\/2024\/08\/201801prix-franco-all-scaled.jpg\",\"width\":2560,\"height\":1983},{\"@type\":\"BreadcrumbList\",\"@id\":\"https:\/\/vosgesinfo.fr\/epinalinfo\/2018\/01\/grand-remise-prix-franco-allemand-de-chancellerie\/#breadcrumb\",\"itemListElement\":[{\"@type\":\"ListItem\",\"position\":1,\"name\":\"Home\",\"item\":\"https:\/\/vosgesinfo.fr\/epinalinfo\/\"},{\"@type\":\"ListItem\",\"position\":2,\"name\":\"Grand Est &#8211; Remise du Prix franco-allemand de la chancellerie\"}]},{\"@type\":\"WebSite\",\"@id\":\"https:\/\/vosgesinfo.fr\/epinalinfo\/#website\",\"url\":\"https:\/\/vosgesinfo.fr\/epinalinfo\/\",\"name\":\"Epinal Info\",\"description\":\"Toute l&#039;actualit\u00e9 d&#039;\u00c9pinal\",\"publisher\":{\"@id\":\"https:\/\/vosgesinfo.fr\/epinalinfo\/#organization\"},\"alternateName\":\"Toute l'actualit\u00e9 d'\u00c9pinal\",\"potentialAction\":[{\"@type\":\"SearchAction\",\"target\":{\"@type\":\"EntryPoint\",\"urlTemplate\":\"https:\/\/vosgesinfo.fr\/epinalinfo\/?s={search_term_string}\"},\"query-input\":\"required name=search_term_string\"}],\"inLanguage\":\"fr-FR\"},{\"@type\":\"Organization\",\"@id\":\"https:\/\/vosgesinfo.fr\/epinalinfo\/#organization\",\"name\":\"Epinal Info\",\"url\":\"https:\/\/vosgesinfo.fr\/epinalinfo\/\",\"logo\":{\"@type\":\"ImageObject\",\"inLanguage\":\"fr-FR\",\"@id\":\"https:\/\/vosgesinfo.fr\/epinalinfo\/#\/schema\/logo\/image\/\",\"url\":\"https:\/\/vosgesinfo.fr\/app\/uploads\/sites\/3\/2023\/08\/logo-epinalinfos.svg\",\"contentUrl\":\"https:\/\/vosgesinfo.fr\/app\/uploads\/sites\/3\/2023\/08\/logo-epinalinfos.svg\",\"width\":1,\"height\":1,\"caption\":\"Epinal Info\"},\"image\":{\"@id\":\"https:\/\/vosgesinfo.fr\/epinalinfo\/#\/schema\/logo\/image\/\"},\"sameAs\":[\"https:\/\/www.facebook.com\/Epinalinfos\",\"https:\/\/x.com\/VosgesInfo88\",\"https:\/\/www.youtube.com\/@vosgesinfo\"]},{\"@type\":\"Person\",\"@id\":\"https:\/\/vosgesinfo.fr\/epinalinfo\/#\/schema\/person\/6f9a650eeea99d969b6c4ab78fccbe81\",\"name\":\"C.K.\",\"image\":{\"@type\":\"ImageObject\",\"inLanguage\":\"fr-FR\",\"@id\":\"https:\/\/vosgesinfo.fr\/epinalinfo\/#\/schema\/person\/image\/\",\"url\":\"https:\/\/secure.gravatar.com\/avatar\/48e3fc7f8421ba8942be6b74a2b7f014ca39bc00dece156b7a8e098ae7dc87bf?s=96&d=mm&r=g\",\"contentUrl\":\"https:\/\/secure.gravatar.com\/avatar\/48e3fc7f8421ba8942be6b74a2b7f014ca39bc00dece156b7a8e098ae7dc87bf?s=96&d=mm&r=g\",\"caption\":\"C.K.\"},\"url\":\"https:\/\/vosgesinfo.fr\/epinalinfo\/author\/celia-k-n\/\"}]}<\/script>\n<!-- \/ Yoast SEO plugin. -->","yoast_head_json":{"title":"Grand Est - Remise du Prix franco-allemand de la chancellerie - Epinal Info","robots":{"index":"index","follow":"follow","max-snippet":"max-snippet:-1","max-image-preview":"max-image-preview:large","max-video-preview":"max-video-preview:-1"},"canonical":"https:\/\/vosgesinfo.fr\/epinalinfo\/2018\/01\/grand-remise-prix-franco-allemand-de-chancellerie\/","twitter_card":"summary_large_image","twitter_title":"Grand Est - Remise du Prix franco-allemand de la chancellerie - Epinal Info","twitter_description":"Florence Robine, rectrice de la r\u00e9gion acad\u00e9mique Grand Est, rectrice de l\u2019acad\u00e9mie de Nancy-Metz, chanceli\u00e8re des universit\u00e9s, Pierre Mutzenhardt, pr\u00e9sident [&hellip;]","twitter_image":"https:\/\/vosgesinfo.fr\/app\/uploads\/sites\/3\/2024\/08\/201801prix-franco-all-scaled.jpg","twitter_creator":"@VosgesInfo88","twitter_site":"@VosgesInfo88","twitter_misc":{"\u00c9crit par":"C.K.","Dur\u00e9e de lecture estim\u00e9e":"2 minutes"},"schema":{"@context":"https:\/\/schema.org","@graph":[{"@type":"Article","@id":"https:\/\/vosgesinfo.fr\/epinalinfo\/2018\/01\/grand-remise-prix-franco-allemand-de-chancellerie\/#article","isPartOf":{"@id":"https:\/\/vosgesinfo.fr\/epinalinfo\/2018\/01\/grand-remise-prix-franco-allemand-de-chancellerie\/"},"author":{"name":"C.K.","@id":"https:\/\/vosgesinfo.fr\/epinalinfo\/#\/schema\/person\/6f9a650eeea99d969b6c4ab78fccbe81"},"headline":"Grand Est &#8211; Remise du Prix franco-allemand de la chancellerie","datePublished":"2018-01-29T07:38:33+00:00","dateModified":"2018-01-29T07:38:33+00:00","mainEntityOfPage":{"@id":"https:\/\/vosgesinfo.fr\/epinalinfo\/2018\/01\/grand-remise-prix-franco-allemand-de-chancellerie\/"},"wordCount":329,"commentCount":0,"publisher":{"@id":"https:\/\/vosgesinfo.fr\/epinalinfo\/#organization"},"image":{"@id":"https:\/\/vosgesinfo.fr\/epinalinfo\/2018\/01\/grand-remise-prix-franco-allemand-de-chancellerie\/#primaryimage"},"thumbnailUrl":"https:\/\/vosgesinfo.fr\/app\/uploads\/sites\/3\/2024\/08\/201801prix-franco-all-scaled.jpg","keywords":["chanceli\u00e8re des universit\u00e9s","directeur du Goethe-Institut de Nancy","Grand Est","Pierre Mutzenhardt","pr\u00e9sident de l\u2019Universit\u00e9 de Lorraine et Nicolas Ehler","rectrice de l\u2019acad\u00e9mie de Nancy-Metz","r\u00e9gion acad\u00e9mique Grand Est","Remise du Prix franco-allemand de la chancellerie"],"articleSection":["A la Une","\u00c9ducation","R\u00e9gion"],"inLanguage":"fr-FR","potentialAction":[{"@type":"CommentAction","name":"Comment","target":["https:\/\/vosgesinfo.fr\/epinalinfo\/2018\/01\/grand-remise-prix-franco-allemand-de-chancellerie\/#respond"]}]},{"@type":"WebPage","@id":"https:\/\/vosgesinfo.fr\/epinalinfo\/2018\/01\/grand-remise-prix-franco-allemand-de-chancellerie\/","url":"https:\/\/vosgesinfo.fr\/epinalinfo\/2018\/01\/grand-remise-prix-franco-allemand-de-chancellerie\/","name":"Grand Est - Remise du Prix franco-allemand de la chancellerie - Epinal Info","isPartOf":{"@id":"https:\/\/vosgesinfo.fr\/epinalinfo\/#website"},"primaryImageOfPage":{"@id":"https:\/\/vosgesinfo.fr\/epinalinfo\/2018\/01\/grand-remise-prix-franco-allemand-de-chancellerie\/#primaryimage"},"image":{"@id":"https:\/\/vosgesinfo.fr\/epinalinfo\/2018\/01\/grand-remise-prix-franco-allemand-de-chancellerie\/#primaryimage"},"thumbnailUrl":"https:\/\/vosgesinfo.fr\/app\/uploads\/sites\/3\/2024\/08\/201801prix-franco-all-scaled.jpg","datePublished":"2018-01-29T07:38:33+00:00","dateModified":"2018-01-29T07:38:33+00:00","breadcrumb":{"@id":"https:\/\/vosgesinfo.fr\/epinalinfo\/2018\/01\/grand-remise-prix-franco-allemand-de-chancellerie\/#breadcrumb"},"inLanguage":"fr-FR","potentialAction":[{"@type":"ReadAction","target":["https:\/\/vosgesinfo.fr\/epinalinfo\/2018\/01\/grand-remise-prix-franco-allemand-de-chancellerie\/"]}]},{"@type":"ImageObject","inLanguage":"fr-FR","@id":"https:\/\/vosgesinfo.fr\/epinalinfo\/2018\/01\/grand-remise-prix-franco-allemand-de-chancellerie\/#primaryimage","url":"https:\/\/vosgesinfo.fr\/app\/uploads\/sites\/3\/2024\/08\/201801prix-franco-all-scaled.jpg","contentUrl":"https:\/\/vosgesinfo.fr\/app\/uploads\/sites\/3\/2024\/08\/201801prix-franco-all-scaled.jpg","width":2560,"height":1983},{"@type":"BreadcrumbList","@id":"https:\/\/vosgesinfo.fr\/epinalinfo\/2018\/01\/grand-remise-prix-franco-allemand-de-chancellerie\/#breadcrumb","itemListElement":[{"@type":"ListItem","position":1,"name":"Home","item":"https:\/\/vosgesinfo.fr\/epinalinfo\/"},{"@type":"ListItem","position":2,"name":"Grand Est &#8211; Remise du Prix franco-allemand de la chancellerie"}]},{"@type":"WebSite","@id":"https:\/\/vosgesinfo.fr\/epinalinfo\/#website","url":"https:\/\/vosgesinfo.fr\/epinalinfo\/","name":"Epinal Info","description":"Toute l&#039;actualit\u00e9 d&#039;\u00c9pinal","publisher":{"@id":"https:\/\/vosgesinfo.fr\/epinalinfo\/#organization"},"alternateName":"Toute l'actualit\u00e9 d'\u00c9pinal","potentialAction":[{"@type":"SearchAction","target":{"@type":"EntryPoint","urlTemplate":"https:\/\/vosgesinfo.fr\/epinalinfo\/?s={search_term_string}"},"query-input":"required name=search_term_string"}],"inLanguage":"fr-FR"},{"@type":"Organization","@id":"https:\/\/vosgesinfo.fr\/epinalinfo\/#organization","name":"Epinal Info","url":"https:\/\/vosgesinfo.fr\/epinalinfo\/","logo":{"@type":"ImageObject","inLanguage":"fr-FR","@id":"https:\/\/vosgesinfo.fr\/epinalinfo\/#\/schema\/logo\/image\/","url":"https:\/\/vosgesinfo.fr\/app\/uploads\/sites\/3\/2023\/08\/logo-epinalinfos.svg","contentUrl":"https:\/\/vosgesinfo.fr\/app\/uploads\/sites\/3\/2023\/08\/logo-epinalinfos.svg","width":1,"height":1,"caption":"Epinal Info"},"image":{"@id":"https:\/\/vosgesinfo.fr\/epinalinfo\/#\/schema\/logo\/image\/"},"sameAs":["https:\/\/www.facebook.com\/Epinalinfos","https:\/\/x.com\/VosgesInfo88","https:\/\/www.youtube.com\/@vosgesinfo"]},{"@type":"Person","@id":"https:\/\/vosgesinfo.fr\/epinalinfo\/#\/schema\/person\/6f9a650eeea99d969b6c4ab78fccbe81","name":"C.K.","image":{"@type":"ImageObject","inLanguage":"fr-FR","@id":"https:\/\/vosgesinfo.fr\/epinalinfo\/#\/schema\/person\/image\/","url":"https:\/\/secure.gravatar.com\/avatar\/48e3fc7f8421ba8942be6b74a2b7f014ca39bc00dece156b7a8e098ae7dc87bf?s=96&d=mm&r=g","contentUrl":"https:\/\/secure.gravatar.com\/avatar\/48e3fc7f8421ba8942be6b74a2b7f014ca39bc00dece156b7a8e098ae7dc87bf?s=96&d=mm&r=g","caption":"C.K."},"url":"https:\/\/vosgesinfo.fr\/epinalinfo\/author\/celia-k-n\/"}]}},"_links":{"self":[{"href":"https:\/\/vosgesinfo.fr\/epinalinfo\/wp-json\/wp\/v2\/posts\/77972","targetHints":{"allow":["GET"]}}],"collection":[{"href":"https:\/\/vosgesinfo.fr\/epinalinfo\/wp-json\/wp\/v2\/posts"}],"about":[{"href":"https:\/\/vosgesinfo.fr\/epinalinfo\/wp-json\/wp\/v2\/types\/post"}],"author":[{"embeddable":true,"href":"https:\/\/vosgesinfo.fr\/epinalinfo\/wp-json\/wp\/v2\/users\/52"}],"replies":[{"embeddable":true,"href":"https:\/\/vosgesinfo.fr\/epinalinfo\/wp-json\/wp\/v2\/comments?post=77972"}],"version-history":[{"count":0,"href":"https:\/\/vosgesinfo.fr\/epinalinfo\/wp-json\/wp\/v2\/posts\/77972\/revisions"}],"wp:featuredmedia":[{"embeddable":true,"href":"https:\/\/vosgesinfo.fr\/epinalinfo\/wp-json\/wp\/v2\/media\/77973"}],"wp:attachment":[{"href":"https:\/\/vosgesinfo.fr\/epinalinfo\/wp-json\/wp\/v2\/media?parent=77972"}],"wp:term":[{"taxonomy":"category","embeddable":true,"href":"https:\/\/vosgesinfo.fr\/epinalinfo\/wp-json\/wp\/v2\/categories?post=77972"},{"taxonomy":"post_tag","embeddable":true,"href":"https:\/\/vosgesinfo.fr\/epinalinfo\/wp-json\/wp\/v2\/tags?post=77972"}],"curies":[{"name":"wp","href":"https:\/\/api.w.org\/{rel}","templated":true}]}}