{"id":81960,"date":"2019-02-26T06:30:59","date_gmt":"2019-02-26T05:30:59","guid":{"rendered":"https:\/\/vosgesinfo.fr\/epinalinfo\/2019\/02\/golbey-depute-stephane-viry-rencontre-eleves-de-jean-de-fontaine\/"},"modified":"2019-02-26T06:30:59","modified_gmt":"2019-02-26T05:30:59","slug":"golbey-depute-stephane-viry-rencontre-eleves-de-jean-de-fontaine","status":"publish","type":"post","link":"https:\/\/vosgesinfo.fr\/epinalinfo\/2019\/02\/golbey-depute-stephane-viry-rencontre-eleves-de-jean-de-fontaine\/","title":{"rendered":"Golbey &#8211; Le D\u00e9put\u00e9 St\u00e9phane Viry rencontre les \u00e9l\u00e8ves de Jean de la Fontaine !"},"content":{"rendered":"<div id=\"attachment_152351\" style=\"width: 970px\" class=\"wp-caption aligncenter\"><a href=\"https:\/\/epinalinfos.fr\/2019\/02\/golbey-depute-stephane-viry-rencontre-eleves-de-jean-de-fontaine\/53080099_2313875552218761_3247872054694772736_n\/\" rel=\"attachment wp-att-152351\"><img decoding=\"async\" aria-describedby=\"caption-attachment-152351\" class=\"size-full wp-image-152351\" src=\"\/2019\/02\/53080099_2313875552218761_3247872054694772736_n.jpg\" alt=\"(photographie St\u00e9phane Viry)\" width=\"960\" height=\"720\" \/><\/a><p id=\"caption-attachment-152351\" class=\"wp-caption-text\">(photographie St\u00e9phane Viry)<\/p><\/div>\n<p>Le d\u00e9put\u00e9 spinalien St\u00e9phane Viry a rencontr\u00e9 les \u00e9l\u00e8ves de l\u2019\u00e9cole Jean de la Fontaine \u00e0 Golbey pour r\u00e9pondre \u00e0 leurs questions sur la fonction et l\u2019activit\u00e9 d\u2019un d\u00e9put\u00e9, et \u00e9tudier avec eux leur proposition de Loi dans le cadre du Parlement des Enfants.<\/p>\n","protected":false},"excerpt":{"rendered":"<p>Le d\u00e9put\u00e9 spinalien St\u00e9phane Viry a rencontr\u00e9 les \u00e9l\u00e8ves de l\u2019\u00e9cole Jean de la Fontaine \u00e0 Golbey pour r\u00e9pondre \u00e0 [&hellip;]<\/p>\n","protected":false},"author":52,"featured_media":81961,"comment_status":"open","ping_status":"open","sticky":false,"template":"","format":"standard","meta":{"footnotes":""},"categories":[22,15,148],"tags":[1326,13604,70,205,524],"class_list":["post-81960","post","type-post","status-publish","format-standard","has-post-thumbnail","hentry","category-a-la-une","category-education","category-golbey","tag-depute","tag-ecole-jean-de-la-fontaine-de-golbey","tag-epinal","tag-golbey","tag-stephane-viry"],"acf":[],"yoast_head":"<!-- This site is optimized with the Yoast SEO plugin v22.5 - https:\/\/yoast.com\/wordpress\/plugins\/seo\/ -->\n<title>Golbey - Le D\u00e9put\u00e9 St\u00e9phane Viry rencontre les \u00e9l\u00e8ves de Jean de la Fontaine ! - Epinal Info<\/title>\n<meta name=\"robots\" content=\"index, follow, max-snippet:-1, max-image-preview:large, max-video-preview:-1\" \/>\n<link rel=\"canonical\" href=\"https:\/\/vosgesinfo.fr\/epinalinfo\/2019\/02\/golbey-depute-stephane-viry-rencontre-eleves-de-jean-de-fontaine\/\" \/>\n<meta name=\"twitter:card\" content=\"summary_large_image\" \/>\n<meta name=\"twitter:title\" content=\"Golbey - Le D\u00e9put\u00e9 St\u00e9phane Viry rencontre les \u00e9l\u00e8ves de Jean de la Fontaine ! - Epinal Info\" \/>\n<meta name=\"twitter:description\" content=\"Le d\u00e9put\u00e9 spinalien St\u00e9phane Viry a rencontr\u00e9 les \u00e9l\u00e8ves de l\u2019\u00e9cole Jean de la Fontaine \u00e0 Golbey pour r\u00e9pondre \u00e0 [&hellip;]\" \/>\n<meta name=\"twitter:image\" content=\"https:\/\/vosgesinfo.fr\/app\/uploads\/sites\/3\/2024\/08\/20190253080099-2313875552218761-3247872054694772736-n.jpg\" \/>\n<meta name=\"twitter:creator\" content=\"@VosgesInfo88\" \/>\n<meta name=\"twitter:site\" content=\"@VosgesInfo88\" \/>\n<meta name=\"twitter:label1\" content=\"\u00c9crit par\" \/>\n\t<meta name=\"twitter:data1\" content=\"C.K.\" \/>\n<script type=\"application\/ld+json\" class=\"yoast-schema-graph\">{\"@context\":\"https:\/\/schema.org\",\"@graph\":[{\"@type\":\"Article\",\"@id\":\"https:\/\/vosgesinfo.fr\/epinalinfo\/2019\/02\/golbey-depute-stephane-viry-rencontre-eleves-de-jean-de-fontaine\/#article\",\"isPartOf\":{\"@id\":\"https:\/\/vosgesinfo.fr\/epinalinfo\/2019\/02\/golbey-depute-stephane-viry-rencontre-eleves-de-jean-de-fontaine\/\"},\"author\":{\"name\":\"C.K.\",\"@id\":\"https:\/\/vosgesinfo.fr\/epinalinfo\/#\/schema\/person\/6f9a650eeea99d969b6c4ab78fccbe81\"},\"headline\":\"Golbey &#8211; Le D\u00e9put\u00e9 St\u00e9phane Viry rencontre les \u00e9l\u00e8ves de Jean de la Fontaine !\",\"datePublished\":\"2019-02-26T05:30:59+00:00\",\"dateModified\":\"2019-02-26T05:30:59+00:00\",\"mainEntityOfPage\":{\"@id\":\"https:\/\/vosgesinfo.fr\/epinalinfo\/2019\/02\/golbey-depute-stephane-viry-rencontre-eleves-de-jean-de-fontaine\/\"},\"wordCount\":78,\"commentCount\":0,\"publisher\":{\"@id\":\"https:\/\/vosgesinfo.fr\/epinalinfo\/#organization\"},\"image\":{\"@id\":\"https:\/\/vosgesinfo.fr\/epinalinfo\/2019\/02\/golbey-depute-stephane-viry-rencontre-eleves-de-jean-de-fontaine\/#primaryimage\"},\"thumbnailUrl\":\"https:\/\/vosgesinfo.fr\/app\/uploads\/sites\/3\/2024\/08\/20190253080099-2313875552218761-3247872054694772736-n.jpg\",\"keywords\":[\"d\u00e9put\u00e9\",\"\u00e9cole Jean de la Fontaine de Golbey\",\"Epinal\",\"Golbey\",\"St\u00e9phane Viry\"],\"articleSection\":[\"A la Une\",\"\u00c9ducation\",\"Golbey\"],\"inLanguage\":\"fr-FR\",\"potentialAction\":[{\"@type\":\"CommentAction\",\"name\":\"Comment\",\"target\":[\"https:\/\/vosgesinfo.fr\/epinalinfo\/2019\/02\/golbey-depute-stephane-viry-rencontre-eleves-de-jean-de-fontaine\/#respond\"]}]},{\"@type\":\"WebPage\",\"@id\":\"https:\/\/vosgesinfo.fr\/epinalinfo\/2019\/02\/golbey-depute-stephane-viry-rencontre-eleves-de-jean-de-fontaine\/\",\"url\":\"https:\/\/vosgesinfo.fr\/epinalinfo\/2019\/02\/golbey-depute-stephane-viry-rencontre-eleves-de-jean-de-fontaine\/\",\"name\":\"Golbey - Le D\u00e9put\u00e9 St\u00e9phane Viry rencontre les \u00e9l\u00e8ves de Jean de la Fontaine ! - Epinal Info\",\"isPartOf\":{\"@id\":\"https:\/\/vosgesinfo.fr\/epinalinfo\/#website\"},\"primaryImageOfPage\":{\"@id\":\"https:\/\/vosgesinfo.fr\/epinalinfo\/2019\/02\/golbey-depute-stephane-viry-rencontre-eleves-de-jean-de-fontaine\/#primaryimage\"},\"image\":{\"@id\":\"https:\/\/vosgesinfo.fr\/epinalinfo\/2019\/02\/golbey-depute-stephane-viry-rencontre-eleves-de-jean-de-fontaine\/#primaryimage\"},\"thumbnailUrl\":\"https:\/\/vosgesinfo.fr\/app\/uploads\/sites\/3\/2024\/08\/20190253080099-2313875552218761-3247872054694772736-n.jpg\",\"datePublished\":\"2019-02-26T05:30:59+00:00\",\"dateModified\":\"2019-02-26T05:30:59+00:00\",\"breadcrumb\":{\"@id\":\"https:\/\/vosgesinfo.fr\/epinalinfo\/2019\/02\/golbey-depute-stephane-viry-rencontre-eleves-de-jean-de-fontaine\/#breadcrumb\"},\"inLanguage\":\"fr-FR\",\"potentialAction\":[{\"@type\":\"ReadAction\",\"target\":[\"https:\/\/vosgesinfo.fr\/epinalinfo\/2019\/02\/golbey-depute-stephane-viry-rencontre-eleves-de-jean-de-fontaine\/\"]}]},{\"@type\":\"ImageObject\",\"inLanguage\":\"fr-FR\",\"@id\":\"https:\/\/vosgesinfo.fr\/epinalinfo\/2019\/02\/golbey-depute-stephane-viry-rencontre-eleves-de-jean-de-fontaine\/#primaryimage\",\"url\":\"https:\/\/vosgesinfo.fr\/app\/uploads\/sites\/3\/2024\/08\/20190253080099-2313875552218761-3247872054694772736-n.jpg\",\"contentUrl\":\"https:\/\/vosgesinfo.fr\/app\/uploads\/sites\/3\/2024\/08\/20190253080099-2313875552218761-3247872054694772736-n.jpg\",\"width\":960,\"height\":720},{\"@type\":\"BreadcrumbList\",\"@id\":\"https:\/\/vosgesinfo.fr\/epinalinfo\/2019\/02\/golbey-depute-stephane-viry-rencontre-eleves-de-jean-de-fontaine\/#breadcrumb\",\"itemListElement\":[{\"@type\":\"ListItem\",\"position\":1,\"name\":\"Home\",\"item\":\"https:\/\/vosgesinfo.fr\/epinalinfo\/\"},{\"@type\":\"ListItem\",\"position\":2,\"name\":\"Golbey &#8211; Le D\u00e9put\u00e9 St\u00e9phane Viry rencontre les \u00e9l\u00e8ves de Jean de la Fontaine !\"}]},{\"@type\":\"WebSite\",\"@id\":\"https:\/\/vosgesinfo.fr\/epinalinfo\/#website\",\"url\":\"https:\/\/vosgesinfo.fr\/epinalinfo\/\",\"name\":\"Epinal Info\",\"description\":\"Toute l&#039;actualit\u00e9 d&#039;\u00c9pinal\",\"publisher\":{\"@id\":\"https:\/\/vosgesinfo.fr\/epinalinfo\/#organization\"},\"alternateName\":\"Toute l'actualit\u00e9 d'\u00c9pinal\",\"potentialAction\":[{\"@type\":\"SearchAction\",\"target\":{\"@type\":\"EntryPoint\",\"urlTemplate\":\"https:\/\/vosgesinfo.fr\/epinalinfo\/?s={search_term_string}\"},\"query-input\":\"required name=search_term_string\"}],\"inLanguage\":\"fr-FR\"},{\"@type\":\"Organization\",\"@id\":\"https:\/\/vosgesinfo.fr\/epinalinfo\/#organization\",\"name\":\"Epinal Info\",\"url\":\"https:\/\/vosgesinfo.fr\/epinalinfo\/\",\"logo\":{\"@type\":\"ImageObject\",\"inLanguage\":\"fr-FR\",\"@id\":\"https:\/\/vosgesinfo.fr\/epinalinfo\/#\/schema\/logo\/image\/\",\"url\":\"https:\/\/vosgesinfo.fr\/app\/uploads\/sites\/3\/2023\/08\/logo-epinalinfos.svg\",\"contentUrl\":\"https:\/\/vosgesinfo.fr\/app\/uploads\/sites\/3\/2023\/08\/logo-epinalinfos.svg\",\"width\":1,\"height\":1,\"caption\":\"Epinal Info\"},\"image\":{\"@id\":\"https:\/\/vosgesinfo.fr\/epinalinfo\/#\/schema\/logo\/image\/\"},\"sameAs\":[\"https:\/\/www.facebook.com\/Epinalinfos\",\"https:\/\/x.com\/VosgesInfo88\",\"https:\/\/www.youtube.com\/@vosgesinfo\"]},{\"@type\":\"Person\",\"@id\":\"https:\/\/vosgesinfo.fr\/epinalinfo\/#\/schema\/person\/6f9a650eeea99d969b6c4ab78fccbe81\",\"name\":\"C.K.\",\"image\":{\"@type\":\"ImageObject\",\"inLanguage\":\"fr-FR\",\"@id\":\"https:\/\/vosgesinfo.fr\/epinalinfo\/#\/schema\/person\/image\/\",\"url\":\"https:\/\/secure.gravatar.com\/avatar\/48e3fc7f8421ba8942be6b74a2b7f014ca39bc00dece156b7a8e098ae7dc87bf?s=96&d=mm&r=g\",\"contentUrl\":\"https:\/\/secure.gravatar.com\/avatar\/48e3fc7f8421ba8942be6b74a2b7f014ca39bc00dece156b7a8e098ae7dc87bf?s=96&d=mm&r=g\",\"caption\":\"C.K.\"},\"url\":\"https:\/\/vosgesinfo.fr\/epinalinfo\/author\/celia-k-n\/\"}]}<\/script>\n<!-- \/ Yoast SEO plugin. -->","yoast_head_json":{"title":"Golbey - Le D\u00e9put\u00e9 St\u00e9phane Viry rencontre les \u00e9l\u00e8ves de Jean de la Fontaine ! - Epinal Info","robots":{"index":"index","follow":"follow","max-snippet":"max-snippet:-1","max-image-preview":"max-image-preview:large","max-video-preview":"max-video-preview:-1"},"canonical":"https:\/\/vosgesinfo.fr\/epinalinfo\/2019\/02\/golbey-depute-stephane-viry-rencontre-eleves-de-jean-de-fontaine\/","twitter_card":"summary_large_image","twitter_title":"Golbey - Le D\u00e9put\u00e9 St\u00e9phane Viry rencontre les \u00e9l\u00e8ves de Jean de la Fontaine ! - Epinal Info","twitter_description":"Le d\u00e9put\u00e9 spinalien St\u00e9phane Viry a rencontr\u00e9 les \u00e9l\u00e8ves de l\u2019\u00e9cole Jean de la Fontaine \u00e0 Golbey pour r\u00e9pondre \u00e0 [&hellip;]","twitter_image":"https:\/\/vosgesinfo.fr\/app\/uploads\/sites\/3\/2024\/08\/20190253080099-2313875552218761-3247872054694772736-n.jpg","twitter_creator":"@VosgesInfo88","twitter_site":"@VosgesInfo88","twitter_misc":{"\u00c9crit par":"C.K."},"schema":{"@context":"https:\/\/schema.org","@graph":[{"@type":"Article","@id":"https:\/\/vosgesinfo.fr\/epinalinfo\/2019\/02\/golbey-depute-stephane-viry-rencontre-eleves-de-jean-de-fontaine\/#article","isPartOf":{"@id":"https:\/\/vosgesinfo.fr\/epinalinfo\/2019\/02\/golbey-depute-stephane-viry-rencontre-eleves-de-jean-de-fontaine\/"},"author":{"name":"C.K.","@id":"https:\/\/vosgesinfo.fr\/epinalinfo\/#\/schema\/person\/6f9a650eeea99d969b6c4ab78fccbe81"},"headline":"Golbey &#8211; Le D\u00e9put\u00e9 St\u00e9phane Viry rencontre les \u00e9l\u00e8ves de Jean de la Fontaine !","datePublished":"2019-02-26T05:30:59+00:00","dateModified":"2019-02-26T05:30:59+00:00","mainEntityOfPage":{"@id":"https:\/\/vosgesinfo.fr\/epinalinfo\/2019\/02\/golbey-depute-stephane-viry-rencontre-eleves-de-jean-de-fontaine\/"},"wordCount":78,"commentCount":0,"publisher":{"@id":"https:\/\/vosgesinfo.fr\/epinalinfo\/#organization"},"image":{"@id":"https:\/\/vosgesinfo.fr\/epinalinfo\/2019\/02\/golbey-depute-stephane-viry-rencontre-eleves-de-jean-de-fontaine\/#primaryimage"},"thumbnailUrl":"https:\/\/vosgesinfo.fr\/app\/uploads\/sites\/3\/2024\/08\/20190253080099-2313875552218761-3247872054694772736-n.jpg","keywords":["d\u00e9put\u00e9","\u00e9cole Jean de la Fontaine de Golbey","Epinal","Golbey","St\u00e9phane Viry"],"articleSection":["A la Une","\u00c9ducation","Golbey"],"inLanguage":"fr-FR","potentialAction":[{"@type":"CommentAction","name":"Comment","target":["https:\/\/vosgesinfo.fr\/epinalinfo\/2019\/02\/golbey-depute-stephane-viry-rencontre-eleves-de-jean-de-fontaine\/#respond"]}]},{"@type":"WebPage","@id":"https:\/\/vosgesinfo.fr\/epinalinfo\/2019\/02\/golbey-depute-stephane-viry-rencontre-eleves-de-jean-de-fontaine\/","url":"https:\/\/vosgesinfo.fr\/epinalinfo\/2019\/02\/golbey-depute-stephane-viry-rencontre-eleves-de-jean-de-fontaine\/","name":"Golbey - Le D\u00e9put\u00e9 St\u00e9phane Viry rencontre les \u00e9l\u00e8ves de Jean de la Fontaine ! - Epinal Info","isPartOf":{"@id":"https:\/\/vosgesinfo.fr\/epinalinfo\/#website"},"primaryImageOfPage":{"@id":"https:\/\/vosgesinfo.fr\/epinalinfo\/2019\/02\/golbey-depute-stephane-viry-rencontre-eleves-de-jean-de-fontaine\/#primaryimage"},"image":{"@id":"https:\/\/vosgesinfo.fr\/epinalinfo\/2019\/02\/golbey-depute-stephane-viry-rencontre-eleves-de-jean-de-fontaine\/#primaryimage"},"thumbnailUrl":"https:\/\/vosgesinfo.fr\/app\/uploads\/sites\/3\/2024\/08\/20190253080099-2313875552218761-3247872054694772736-n.jpg","datePublished":"2019-02-26T05:30:59+00:00","dateModified":"2019-02-26T05:30:59+00:00","breadcrumb":{"@id":"https:\/\/vosgesinfo.fr\/epinalinfo\/2019\/02\/golbey-depute-stephane-viry-rencontre-eleves-de-jean-de-fontaine\/#breadcrumb"},"inLanguage":"fr-FR","potentialAction":[{"@type":"ReadAction","target":["https:\/\/vosgesinfo.fr\/epinalinfo\/2019\/02\/golbey-depute-stephane-viry-rencontre-eleves-de-jean-de-fontaine\/"]}]},{"@type":"ImageObject","inLanguage":"fr-FR","@id":"https:\/\/vosgesinfo.fr\/epinalinfo\/2019\/02\/golbey-depute-stephane-viry-rencontre-eleves-de-jean-de-fontaine\/#primaryimage","url":"https:\/\/vosgesinfo.fr\/app\/uploads\/sites\/3\/2024\/08\/20190253080099-2313875552218761-3247872054694772736-n.jpg","contentUrl":"https:\/\/vosgesinfo.fr\/app\/uploads\/sites\/3\/2024\/08\/20190253080099-2313875552218761-3247872054694772736-n.jpg","width":960,"height":720},{"@type":"BreadcrumbList","@id":"https:\/\/vosgesinfo.fr\/epinalinfo\/2019\/02\/golbey-depute-stephane-viry-rencontre-eleves-de-jean-de-fontaine\/#breadcrumb","itemListElement":[{"@type":"ListItem","position":1,"name":"Home","item":"https:\/\/vosgesinfo.fr\/epinalinfo\/"},{"@type":"ListItem","position":2,"name":"Golbey &#8211; Le D\u00e9put\u00e9 St\u00e9phane Viry rencontre les \u00e9l\u00e8ves de Jean de la Fontaine !"}]},{"@type":"WebSite","@id":"https:\/\/vosgesinfo.fr\/epinalinfo\/#website","url":"https:\/\/vosgesinfo.fr\/epinalinfo\/","name":"Epinal Info","description":"Toute l&#039;actualit\u00e9 d&#039;\u00c9pinal","publisher":{"@id":"https:\/\/vosgesinfo.fr\/epinalinfo\/#organization"},"alternateName":"Toute l'actualit\u00e9 d'\u00c9pinal","potentialAction":[{"@type":"SearchAction","target":{"@type":"EntryPoint","urlTemplate":"https:\/\/vosgesinfo.fr\/epinalinfo\/?s={search_term_string}"},"query-input":"required name=search_term_string"}],"inLanguage":"fr-FR"},{"@type":"Organization","@id":"https:\/\/vosgesinfo.fr\/epinalinfo\/#organization","name":"Epinal Info","url":"https:\/\/vosgesinfo.fr\/epinalinfo\/","logo":{"@type":"ImageObject","inLanguage":"fr-FR","@id":"https:\/\/vosgesinfo.fr\/epinalinfo\/#\/schema\/logo\/image\/","url":"https:\/\/vosgesinfo.fr\/app\/uploads\/sites\/3\/2023\/08\/logo-epinalinfos.svg","contentUrl":"https:\/\/vosgesinfo.fr\/app\/uploads\/sites\/3\/2023\/08\/logo-epinalinfos.svg","width":1,"height":1,"caption":"Epinal Info"},"image":{"@id":"https:\/\/vosgesinfo.fr\/epinalinfo\/#\/schema\/logo\/image\/"},"sameAs":["https:\/\/www.facebook.com\/Epinalinfos","https:\/\/x.com\/VosgesInfo88","https:\/\/www.youtube.com\/@vosgesinfo"]},{"@type":"Person","@id":"https:\/\/vosgesinfo.fr\/epinalinfo\/#\/schema\/person\/6f9a650eeea99d969b6c4ab78fccbe81","name":"C.K.","image":{"@type":"ImageObject","inLanguage":"fr-FR","@id":"https:\/\/vosgesinfo.fr\/epinalinfo\/#\/schema\/person\/image\/","url":"https:\/\/secure.gravatar.com\/avatar\/48e3fc7f8421ba8942be6b74a2b7f014ca39bc00dece156b7a8e098ae7dc87bf?s=96&d=mm&r=g","contentUrl":"https:\/\/secure.gravatar.com\/avatar\/48e3fc7f8421ba8942be6b74a2b7f014ca39bc00dece156b7a8e098ae7dc87bf?s=96&d=mm&r=g","caption":"C.K."},"url":"https:\/\/vosgesinfo.fr\/epinalinfo\/author\/celia-k-n\/"}]}},"_links":{"self":[{"href":"https:\/\/vosgesinfo.fr\/epinalinfo\/wp-json\/wp\/v2\/posts\/81960","targetHints":{"allow":["GET"]}}],"collection":[{"href":"https:\/\/vosgesinfo.fr\/epinalinfo\/wp-json\/wp\/v2\/posts"}],"about":[{"href":"https:\/\/vosgesinfo.fr\/epinalinfo\/wp-json\/wp\/v2\/types\/post"}],"author":[{"embeddable":true,"href":"https:\/\/vosgesinfo.fr\/epinalinfo\/wp-json\/wp\/v2\/users\/52"}],"replies":[{"embeddable":true,"href":"https:\/\/vosgesinfo.fr\/epinalinfo\/wp-json\/wp\/v2\/comments?post=81960"}],"version-history":[{"count":0,"href":"https:\/\/vosgesinfo.fr\/epinalinfo\/wp-json\/wp\/v2\/posts\/81960\/revisions"}],"wp:featuredmedia":[{"embeddable":true,"href":"https:\/\/vosgesinfo.fr\/epinalinfo\/wp-json\/wp\/v2\/media\/81961"}],"wp:attachment":[{"href":"https:\/\/vosgesinfo.fr\/epinalinfo\/wp-json\/wp\/v2\/media?parent=81960"}],"wp:term":[{"taxonomy":"category","embeddable":true,"href":"https:\/\/vosgesinfo.fr\/epinalinfo\/wp-json\/wp\/v2\/categories?post=81960"},{"taxonomy":"post_tag","embeddable":true,"href":"https:\/\/vosgesinfo.fr\/epinalinfo\/wp-json\/wp\/v2\/tags?post=81960"}],"curies":[{"name":"wp","href":"https:\/\/api.w.org\/{rel}","templated":true}]}}