{"id":81966,"date":"2019-02-26T06:42:57","date_gmt":"2019-02-26T05:42:57","guid":{"rendered":"https:\/\/vosgesinfo.fr\/epinalinfo\/2019\/02\/deces-13-fevrier-2019-26-fevrier-2019\/"},"modified":"2019-02-26T06:42:57","modified_gmt":"2019-02-26T05:42:57","slug":"deces-13-fevrier-2019-26-fevrier-2019","status":"publish","type":"post","link":"https:\/\/vosgesinfo.fr\/epinalinfo\/2019\/02\/deces-13-fevrier-2019-26-fevrier-2019\/","title":{"rendered":"Les d\u00e9c\u00e8s du 13 f\u00e9vrier 2019 au 26 f\u00e9vrier 2019"},"content":{"rendered":"<p>BALLAND Genevi\u00e8ve H\u00e9l\u00e8ne LAURENT Jarm\u00e9nil (Vosges) BODEZ Corinne Marie Epinal (Vosges) BOULE Daniel Gabriel Igney (Vosges) CHEVALIER Maryvonne Marcelle SCHMUCK Epinal (Vosges) DEILLER Micheline Madeleine Marie LAURENT Epinal (Vosges) DIDELOT Chantal Ir\u00e8ne Claude Epinal (Vosges) GRENIER Monique Blanche Andr\u00e9e Capavenir Vosges (Vosges) LACHAMBRE Marie Madeleine Elisabeth LAURENT Epinal (Vosges) MARTIN Marie-Th\u00e9r\u00e8se Julia FRAY M\u00e9m\u00e9nil (Vosges) PAPAZZONI Claude Lucien Charmes (Vosges) PARENTI Pier-Luigi Dompaire (Vosges) RIVAT Josette Yolande CLAUD\u00c9 Dommartin-aux-Bois (Vosges) ROUSSEL Elise Marie Lucie REMY Ville-sur-Illon (Vosges) SIMON Louis Ren\u00e9 Aydoilles (Vosges) THOMAS Pierre Hippolyte Uxegney (Vosges)<\/p>\n","protected":false},"excerpt":{"rendered":"<p>BALLAND Genevi\u00e8ve H\u00e9l\u00e8ne LAURENT Jarm\u00e9nil (Vosges) BODEZ Corinne Marie Epinal (Vosges) BOULE Daniel Gabriel Igney (Vosges) CHEVALIER Maryvonne Marcelle SCHMUCK [&hellip;]<\/p>\n","protected":false},"author":52,"featured_media":382,"comment_status":"open","ping_status":"open","sticky":false,"template":"","format":"standard","meta":{"footnotes":""},"categories":[431],"tags":[],"class_list":["post-81966","post","type-post","status-publish","format-standard","has-post-thumbnail","hentry","category-avis-de-deces"],"acf":[],"yoast_head":"<!-- This site is optimized with the Yoast SEO plugin v22.5 - https:\/\/yoast.com\/wordpress\/plugins\/seo\/ -->\n<title>Les d\u00e9c\u00e8s du 13 f\u00e9vrier 2019 au 26 f\u00e9vrier 2019 - Epinal Info<\/title>\n<meta name=\"robots\" content=\"index, follow, max-snippet:-1, max-image-preview:large, max-video-preview:-1\" \/>\n<link rel=\"canonical\" href=\"https:\/\/vosgesinfo.fr\/epinalinfo\/2019\/02\/deces-13-fevrier-2019-26-fevrier-2019\/\" \/>\n<meta name=\"twitter:card\" content=\"summary_large_image\" \/>\n<meta name=\"twitter:title\" content=\"Les d\u00e9c\u00e8s du 13 f\u00e9vrier 2019 au 26 f\u00e9vrier 2019 - Epinal Info\" \/>\n<meta name=\"twitter:description\" content=\"BALLAND Genevi\u00e8ve H\u00e9l\u00e8ne LAURENT Jarm\u00e9nil (Vosges) BODEZ Corinne Marie Epinal (Vosges) BOULE Daniel Gabriel Igney (Vosges) CHEVALIER Maryvonne Marcelle SCHMUCK [&hellip;]\" \/>\n<meta name=\"twitter:image\" content=\"https:\/\/vosgesinfo.fr\/app\/uploads\/sites\/3\/2016\/01\/96f6846c-3446-4503-a6a1-c44a6a6be41c.jpg\" \/>\n<meta name=\"twitter:creator\" content=\"@VosgesInfo88\" \/>\n<meta name=\"twitter:site\" content=\"@VosgesInfo88\" \/>\n<meta name=\"twitter:label1\" content=\"\u00c9crit par\" \/>\n\t<meta name=\"twitter:data1\" content=\"C.K.\" \/>\n<script type=\"application\/ld+json\" class=\"yoast-schema-graph\">{\"@context\":\"https:\/\/schema.org\",\"@graph\":[{\"@type\":\"Article\",\"@id\":\"https:\/\/vosgesinfo.fr\/epinalinfo\/2019\/02\/deces-13-fevrier-2019-26-fevrier-2019\/#article\",\"isPartOf\":{\"@id\":\"https:\/\/vosgesinfo.fr\/epinalinfo\/2019\/02\/deces-13-fevrier-2019-26-fevrier-2019\/\"},\"author\":{\"name\":\"C.K.\",\"@id\":\"https:\/\/vosgesinfo.fr\/epinalinfo\/#\/schema\/person\/6f9a650eeea99d969b6c4ab78fccbe81\"},\"headline\":\"Les d\u00e9c\u00e8s du 13 f\u00e9vrier 2019 au 26 f\u00e9vrier 2019\",\"datePublished\":\"2019-02-26T05:42:57+00:00\",\"dateModified\":\"2019-02-26T05:42:57+00:00\",\"mainEntityOfPage\":{\"@id\":\"https:\/\/vosgesinfo.fr\/epinalinfo\/2019\/02\/deces-13-fevrier-2019-26-fevrier-2019\/\"},\"wordCount\":107,\"commentCount\":0,\"publisher\":{\"@id\":\"https:\/\/vosgesinfo.fr\/epinalinfo\/#organization\"},\"image\":{\"@id\":\"https:\/\/vosgesinfo.fr\/epinalinfo\/2019\/02\/deces-13-fevrier-2019-26-fevrier-2019\/#primaryimage\"},\"thumbnailUrl\":\"https:\/\/vosgesinfo.fr\/app\/uploads\/sites\/3\/2016\/01\/96f6846c-3446-4503-a6a1-c44a6a6be41c.jpg\",\"articleSection\":[\"Avis de d\u00e9c\u00e8s\"],\"inLanguage\":\"fr-FR\",\"potentialAction\":[{\"@type\":\"CommentAction\",\"name\":\"Comment\",\"target\":[\"https:\/\/vosgesinfo.fr\/epinalinfo\/2019\/02\/deces-13-fevrier-2019-26-fevrier-2019\/#respond\"]}]},{\"@type\":\"WebPage\",\"@id\":\"https:\/\/vosgesinfo.fr\/epinalinfo\/2019\/02\/deces-13-fevrier-2019-26-fevrier-2019\/\",\"url\":\"https:\/\/vosgesinfo.fr\/epinalinfo\/2019\/02\/deces-13-fevrier-2019-26-fevrier-2019\/\",\"name\":\"Les d\u00e9c\u00e8s du 13 f\u00e9vrier 2019 au 26 f\u00e9vrier 2019 - Epinal Info\",\"isPartOf\":{\"@id\":\"https:\/\/vosgesinfo.fr\/epinalinfo\/#website\"},\"primaryImageOfPage\":{\"@id\":\"https:\/\/vosgesinfo.fr\/epinalinfo\/2019\/02\/deces-13-fevrier-2019-26-fevrier-2019\/#primaryimage\"},\"image\":{\"@id\":\"https:\/\/vosgesinfo.fr\/epinalinfo\/2019\/02\/deces-13-fevrier-2019-26-fevrier-2019\/#primaryimage\"},\"thumbnailUrl\":\"https:\/\/vosgesinfo.fr\/app\/uploads\/sites\/3\/2016\/01\/96f6846c-3446-4503-a6a1-c44a6a6be41c.jpg\",\"datePublished\":\"2019-02-26T05:42:57+00:00\",\"dateModified\":\"2019-02-26T05:42:57+00:00\",\"breadcrumb\":{\"@id\":\"https:\/\/vosgesinfo.fr\/epinalinfo\/2019\/02\/deces-13-fevrier-2019-26-fevrier-2019\/#breadcrumb\"},\"inLanguage\":\"fr-FR\",\"potentialAction\":[{\"@type\":\"ReadAction\",\"target\":[\"https:\/\/vosgesinfo.fr\/epinalinfo\/2019\/02\/deces-13-fevrier-2019-26-fevrier-2019\/\"]}]},{\"@type\":\"ImageObject\",\"inLanguage\":\"fr-FR\",\"@id\":\"https:\/\/vosgesinfo.fr\/epinalinfo\/2019\/02\/deces-13-fevrier-2019-26-fevrier-2019\/#primaryimage\",\"url\":\"https:\/\/vosgesinfo.fr\/app\/uploads\/sites\/3\/2016\/01\/96f6846c-3446-4503-a6a1-c44a6a6be41c.jpg\",\"contentUrl\":\"https:\/\/vosgesinfo.fr\/app\/uploads\/sites\/3\/2016\/01\/96f6846c-3446-4503-a6a1-c44a6a6be41c.jpg\",\"width\":612,\"height\":264},{\"@type\":\"BreadcrumbList\",\"@id\":\"https:\/\/vosgesinfo.fr\/epinalinfo\/2019\/02\/deces-13-fevrier-2019-26-fevrier-2019\/#breadcrumb\",\"itemListElement\":[{\"@type\":\"ListItem\",\"position\":1,\"name\":\"Home\",\"item\":\"https:\/\/vosgesinfo.fr\/epinalinfo\/\"},{\"@type\":\"ListItem\",\"position\":2,\"name\":\"Les d\u00e9c\u00e8s du 13 f\u00e9vrier 2019 au 26 f\u00e9vrier 2019\"}]},{\"@type\":\"WebSite\",\"@id\":\"https:\/\/vosgesinfo.fr\/epinalinfo\/#website\",\"url\":\"https:\/\/vosgesinfo.fr\/epinalinfo\/\",\"name\":\"Epinal Info\",\"description\":\"Toute l&#039;actualit\u00e9 d&#039;\u00c9pinal\",\"publisher\":{\"@id\":\"https:\/\/vosgesinfo.fr\/epinalinfo\/#organization\"},\"alternateName\":\"Toute l'actualit\u00e9 d'\u00c9pinal\",\"potentialAction\":[{\"@type\":\"SearchAction\",\"target\":{\"@type\":\"EntryPoint\",\"urlTemplate\":\"https:\/\/vosgesinfo.fr\/epinalinfo\/?s={search_term_string}\"},\"query-input\":\"required name=search_term_string\"}],\"inLanguage\":\"fr-FR\"},{\"@type\":\"Organization\",\"@id\":\"https:\/\/vosgesinfo.fr\/epinalinfo\/#organization\",\"name\":\"Epinal Info\",\"url\":\"https:\/\/vosgesinfo.fr\/epinalinfo\/\",\"logo\":{\"@type\":\"ImageObject\",\"inLanguage\":\"fr-FR\",\"@id\":\"https:\/\/vosgesinfo.fr\/epinalinfo\/#\/schema\/logo\/image\/\",\"url\":\"https:\/\/vosgesinfo.fr\/app\/uploads\/sites\/3\/2023\/08\/logo-epinalinfos.svg\",\"contentUrl\":\"https:\/\/vosgesinfo.fr\/app\/uploads\/sites\/3\/2023\/08\/logo-epinalinfos.svg\",\"width\":1,\"height\":1,\"caption\":\"Epinal Info\"},\"image\":{\"@id\":\"https:\/\/vosgesinfo.fr\/epinalinfo\/#\/schema\/logo\/image\/\"},\"sameAs\":[\"https:\/\/www.facebook.com\/Epinalinfos\",\"https:\/\/x.com\/VosgesInfo88\",\"https:\/\/www.youtube.com\/@vosgesinfo\"]},{\"@type\":\"Person\",\"@id\":\"https:\/\/vosgesinfo.fr\/epinalinfo\/#\/schema\/person\/6f9a650eeea99d969b6c4ab78fccbe81\",\"name\":\"C.K.\",\"image\":{\"@type\":\"ImageObject\",\"inLanguage\":\"fr-FR\",\"@id\":\"https:\/\/vosgesinfo.fr\/epinalinfo\/#\/schema\/person\/image\/\",\"url\":\"https:\/\/secure.gravatar.com\/avatar\/48e3fc7f8421ba8942be6b74a2b7f014ca39bc00dece156b7a8e098ae7dc87bf?s=96&d=mm&r=g\",\"contentUrl\":\"https:\/\/secure.gravatar.com\/avatar\/48e3fc7f8421ba8942be6b74a2b7f014ca39bc00dece156b7a8e098ae7dc87bf?s=96&d=mm&r=g\",\"caption\":\"C.K.\"},\"url\":\"https:\/\/vosgesinfo.fr\/epinalinfo\/author\/celia-k-n\/\"}]}<\/script>\n<!-- \/ Yoast SEO plugin. -->","yoast_head_json":{"title":"Les d\u00e9c\u00e8s du 13 f\u00e9vrier 2019 au 26 f\u00e9vrier 2019 - Epinal Info","robots":{"index":"index","follow":"follow","max-snippet":"max-snippet:-1","max-image-preview":"max-image-preview:large","max-video-preview":"max-video-preview:-1"},"canonical":"https:\/\/vosgesinfo.fr\/epinalinfo\/2019\/02\/deces-13-fevrier-2019-26-fevrier-2019\/","twitter_card":"summary_large_image","twitter_title":"Les d\u00e9c\u00e8s du 13 f\u00e9vrier 2019 au 26 f\u00e9vrier 2019 - Epinal Info","twitter_description":"BALLAND Genevi\u00e8ve H\u00e9l\u00e8ne LAURENT Jarm\u00e9nil (Vosges) BODEZ Corinne Marie Epinal (Vosges) BOULE Daniel Gabriel Igney (Vosges) CHEVALIER Maryvonne Marcelle SCHMUCK [&hellip;]","twitter_image":"https:\/\/vosgesinfo.fr\/app\/uploads\/sites\/3\/2016\/01\/96f6846c-3446-4503-a6a1-c44a6a6be41c.jpg","twitter_creator":"@VosgesInfo88","twitter_site":"@VosgesInfo88","twitter_misc":{"\u00c9crit par":"C.K."},"schema":{"@context":"https:\/\/schema.org","@graph":[{"@type":"Article","@id":"https:\/\/vosgesinfo.fr\/epinalinfo\/2019\/02\/deces-13-fevrier-2019-26-fevrier-2019\/#article","isPartOf":{"@id":"https:\/\/vosgesinfo.fr\/epinalinfo\/2019\/02\/deces-13-fevrier-2019-26-fevrier-2019\/"},"author":{"name":"C.K.","@id":"https:\/\/vosgesinfo.fr\/epinalinfo\/#\/schema\/person\/6f9a650eeea99d969b6c4ab78fccbe81"},"headline":"Les d\u00e9c\u00e8s du 13 f\u00e9vrier 2019 au 26 f\u00e9vrier 2019","datePublished":"2019-02-26T05:42:57+00:00","dateModified":"2019-02-26T05:42:57+00:00","mainEntityOfPage":{"@id":"https:\/\/vosgesinfo.fr\/epinalinfo\/2019\/02\/deces-13-fevrier-2019-26-fevrier-2019\/"},"wordCount":107,"commentCount":0,"publisher":{"@id":"https:\/\/vosgesinfo.fr\/epinalinfo\/#organization"},"image":{"@id":"https:\/\/vosgesinfo.fr\/epinalinfo\/2019\/02\/deces-13-fevrier-2019-26-fevrier-2019\/#primaryimage"},"thumbnailUrl":"https:\/\/vosgesinfo.fr\/app\/uploads\/sites\/3\/2016\/01\/96f6846c-3446-4503-a6a1-c44a6a6be41c.jpg","articleSection":["Avis de d\u00e9c\u00e8s"],"inLanguage":"fr-FR","potentialAction":[{"@type":"CommentAction","name":"Comment","target":["https:\/\/vosgesinfo.fr\/epinalinfo\/2019\/02\/deces-13-fevrier-2019-26-fevrier-2019\/#respond"]}]},{"@type":"WebPage","@id":"https:\/\/vosgesinfo.fr\/epinalinfo\/2019\/02\/deces-13-fevrier-2019-26-fevrier-2019\/","url":"https:\/\/vosgesinfo.fr\/epinalinfo\/2019\/02\/deces-13-fevrier-2019-26-fevrier-2019\/","name":"Les d\u00e9c\u00e8s du 13 f\u00e9vrier 2019 au 26 f\u00e9vrier 2019 - Epinal Info","isPartOf":{"@id":"https:\/\/vosgesinfo.fr\/epinalinfo\/#website"},"primaryImageOfPage":{"@id":"https:\/\/vosgesinfo.fr\/epinalinfo\/2019\/02\/deces-13-fevrier-2019-26-fevrier-2019\/#primaryimage"},"image":{"@id":"https:\/\/vosgesinfo.fr\/epinalinfo\/2019\/02\/deces-13-fevrier-2019-26-fevrier-2019\/#primaryimage"},"thumbnailUrl":"https:\/\/vosgesinfo.fr\/app\/uploads\/sites\/3\/2016\/01\/96f6846c-3446-4503-a6a1-c44a6a6be41c.jpg","datePublished":"2019-02-26T05:42:57+00:00","dateModified":"2019-02-26T05:42:57+00:00","breadcrumb":{"@id":"https:\/\/vosgesinfo.fr\/epinalinfo\/2019\/02\/deces-13-fevrier-2019-26-fevrier-2019\/#breadcrumb"},"inLanguage":"fr-FR","potentialAction":[{"@type":"ReadAction","target":["https:\/\/vosgesinfo.fr\/epinalinfo\/2019\/02\/deces-13-fevrier-2019-26-fevrier-2019\/"]}]},{"@type":"ImageObject","inLanguage":"fr-FR","@id":"https:\/\/vosgesinfo.fr\/epinalinfo\/2019\/02\/deces-13-fevrier-2019-26-fevrier-2019\/#primaryimage","url":"https:\/\/vosgesinfo.fr\/app\/uploads\/sites\/3\/2016\/01\/96f6846c-3446-4503-a6a1-c44a6a6be41c.jpg","contentUrl":"https:\/\/vosgesinfo.fr\/app\/uploads\/sites\/3\/2016\/01\/96f6846c-3446-4503-a6a1-c44a6a6be41c.jpg","width":612,"height":264},{"@type":"BreadcrumbList","@id":"https:\/\/vosgesinfo.fr\/epinalinfo\/2019\/02\/deces-13-fevrier-2019-26-fevrier-2019\/#breadcrumb","itemListElement":[{"@type":"ListItem","position":1,"name":"Home","item":"https:\/\/vosgesinfo.fr\/epinalinfo\/"},{"@type":"ListItem","position":2,"name":"Les d\u00e9c\u00e8s du 13 f\u00e9vrier 2019 au 26 f\u00e9vrier 2019"}]},{"@type":"WebSite","@id":"https:\/\/vosgesinfo.fr\/epinalinfo\/#website","url":"https:\/\/vosgesinfo.fr\/epinalinfo\/","name":"Epinal Info","description":"Toute l&#039;actualit\u00e9 d&#039;\u00c9pinal","publisher":{"@id":"https:\/\/vosgesinfo.fr\/epinalinfo\/#organization"},"alternateName":"Toute l'actualit\u00e9 d'\u00c9pinal","potentialAction":[{"@type":"SearchAction","target":{"@type":"EntryPoint","urlTemplate":"https:\/\/vosgesinfo.fr\/epinalinfo\/?s={search_term_string}"},"query-input":"required name=search_term_string"}],"inLanguage":"fr-FR"},{"@type":"Organization","@id":"https:\/\/vosgesinfo.fr\/epinalinfo\/#organization","name":"Epinal Info","url":"https:\/\/vosgesinfo.fr\/epinalinfo\/","logo":{"@type":"ImageObject","inLanguage":"fr-FR","@id":"https:\/\/vosgesinfo.fr\/epinalinfo\/#\/schema\/logo\/image\/","url":"https:\/\/vosgesinfo.fr\/app\/uploads\/sites\/3\/2023\/08\/logo-epinalinfos.svg","contentUrl":"https:\/\/vosgesinfo.fr\/app\/uploads\/sites\/3\/2023\/08\/logo-epinalinfos.svg","width":1,"height":1,"caption":"Epinal Info"},"image":{"@id":"https:\/\/vosgesinfo.fr\/epinalinfo\/#\/schema\/logo\/image\/"},"sameAs":["https:\/\/www.facebook.com\/Epinalinfos","https:\/\/x.com\/VosgesInfo88","https:\/\/www.youtube.com\/@vosgesinfo"]},{"@type":"Person","@id":"https:\/\/vosgesinfo.fr\/epinalinfo\/#\/schema\/person\/6f9a650eeea99d969b6c4ab78fccbe81","name":"C.K.","image":{"@type":"ImageObject","inLanguage":"fr-FR","@id":"https:\/\/vosgesinfo.fr\/epinalinfo\/#\/schema\/person\/image\/","url":"https:\/\/secure.gravatar.com\/avatar\/48e3fc7f8421ba8942be6b74a2b7f014ca39bc00dece156b7a8e098ae7dc87bf?s=96&d=mm&r=g","contentUrl":"https:\/\/secure.gravatar.com\/avatar\/48e3fc7f8421ba8942be6b74a2b7f014ca39bc00dece156b7a8e098ae7dc87bf?s=96&d=mm&r=g","caption":"C.K."},"url":"https:\/\/vosgesinfo.fr\/epinalinfo\/author\/celia-k-n\/"}]}},"_links":{"self":[{"href":"https:\/\/vosgesinfo.fr\/epinalinfo\/wp-json\/wp\/v2\/posts\/81966","targetHints":{"allow":["GET"]}}],"collection":[{"href":"https:\/\/vosgesinfo.fr\/epinalinfo\/wp-json\/wp\/v2\/posts"}],"about":[{"href":"https:\/\/vosgesinfo.fr\/epinalinfo\/wp-json\/wp\/v2\/types\/post"}],"author":[{"embeddable":true,"href":"https:\/\/vosgesinfo.fr\/epinalinfo\/wp-json\/wp\/v2\/users\/52"}],"replies":[{"embeddable":true,"href":"https:\/\/vosgesinfo.fr\/epinalinfo\/wp-json\/wp\/v2\/comments?post=81966"}],"version-history":[{"count":0,"href":"https:\/\/vosgesinfo.fr\/epinalinfo\/wp-json\/wp\/v2\/posts\/81966\/revisions"}],"wp:featuredmedia":[{"embeddable":true,"href":"https:\/\/vosgesinfo.fr\/epinalinfo\/wp-json\/wp\/v2\/media\/382"}],"wp:attachment":[{"href":"https:\/\/vosgesinfo.fr\/epinalinfo\/wp-json\/wp\/v2\/media?parent=81966"}],"wp:term":[{"taxonomy":"category","embeddable":true,"href":"https:\/\/vosgesinfo.fr\/epinalinfo\/wp-json\/wp\/v2\/categories?post=81966"},{"taxonomy":"post_tag","embeddable":true,"href":"https:\/\/vosgesinfo.fr\/epinalinfo\/wp-json\/wp\/v2\/tags?post=81966"}],"curies":[{"name":"wp","href":"https:\/\/api.w.org\/{rel}","templated":true}]}}