{"id":83066,"date":"2021-01-01T17:25:14","date_gmt":"2021-01-01T16:25:14","guid":{"rendered":"https:\/\/vosgesinfo.fr\/epinalinfo\/2021\/01\/vosges-prefet-visite-services-de-securite-mobilises-soir-de-nouvel-an\/"},"modified":"2021-01-01T17:25:14","modified_gmt":"2021-01-01T16:25:14","slug":"vosges-prefet-visite-services-de-securite-mobilises-soir-de-nouvel-an","status":"publish","type":"post","link":"https:\/\/vosgesinfo.fr\/epinalinfo\/2021\/01\/vosges-prefet-visite-services-de-securite-mobilises-soir-de-nouvel-an\/","title":{"rendered":"Vosges : le Pr\u00e9fet visite les services de s\u00e9curit\u00e9 mobilis\u00e9s soir de Nouvel An"},"content":{"rendered":"<h2><span style=\"font-size: 14pt;\"><strong><a href=\"https:\/\/remiremontinfo.fr\/2020\/12\/vosges-prefet-visite-services-de-securite-mobilises-soir-de-nouvel-an\/121-4\/\" rel=\"attachment wp-att-182633\"><img decoding=\"async\" class=\"aligncenter wp-image-182633 size-large\" src=\"\/2021\/01\/121-800x475.jpg\" alt=\"121\" width=\"800\" height=\"475\" \/><\/a>A quelques heures du r\u00e9veillon du 31 d\u00e9cembre, Yves Seguy, le nouveau Pr\u00e9fet des Vosges, accompagn\u00e9 de Ottman Zair, son directeur de cabinet, et du maire Patrick Nardin, est all\u00e9 rendre visite aux diff\u00e9rents services et aux forces de s\u00e9curit\u00e9 et de secours qui seront mobilis\u00e9s cette nuit.<\/strong><\/span><\/h2>\n<p>Apr\u00e8s s\u2019\u00eatre rendu \u00e0 Saint-Di\u00e9, ville tr\u00e8s fortement touch\u00e9e par des actes de d\u00e9linquance l\u2019an dernier, Yves Seguy est venu rencontrer des membres des services de Police au commissariat, place Clemenceau. Il a poursuivi son tour de visites par le groupement de gendarmerie, la caserne des sapeurs-pompiers, puis s\u2019est rendu aux urgences de l\u2019h\u00f4pital Emile Durkheim. <em>\u00ab\u00a0Un tout pour saluer tous ceux qui se sont mobilis\u00e9s (\u2026) pour faire en sorte que la Saint Sylvestre se passe bien\u00a0\u00bb<\/em>. Ces festivit\u00e9s se passeront cette ann\u00e9e <em>\u00ab\u00a0dans un contexte particulier\u00a0\u00bb<\/em> que chacun conna\u00eet.<\/p>\n<p>Au commissariat de Police, le Pr\u00e9fet a notamment observ\u00e9 le centre de surveillance des cam\u00e9ras install\u00e9es \u00e0 travers les diff\u00e9rents quartiers de la ville. Des cam\u00e9ras, semble t\u2019il, tr\u00e8s efficaces.<em> \u00ab\u00a0Quand vous zoomez vous arrivez \u00e0 presque voir la couleur des yeux\u00a0\u00bb<\/em>, constate le maire Patrick Nardin. Un point majeur du dispositif de s\u00e9curit\u00e9, permettant notamment de suivre d\u2019\u00e9ventuelles personnes en fuite. Un travail a \u00e9t\u00e9 effectu\u00e9 en amont dans diff\u00e9rents quartiers pour \u00e9viter de laisser du mat\u00e9riel de chantier, des poubelle, afin de ne pas faciliter de mouvement de perturbation.<\/p>\n<p>En plus de la lutte contre d\u2019\u00e9ventuels actes de d\u00e9linquance et de violences, deux autres enjeux sont pris en compte cette ann\u00e9e. La Covid-19, et les mesures de restrictions impos\u00e9es par le gouvernement. Yves Seguy souhaite que l\u2019on puisse <em>\u00ab\u00a0\u00e9viter des rassemblements irr\u00e9guliers\u00a0\u00bb. Sur l\u2019espace publique. \u00ab\u00a0On ne veut pas qu\u2019ils se transforment en clusters\u00a0\u00bb<\/em>, affirme le Pr\u00e9fet. Enfin,<em> \u00ab\u00a0on ne peut pas tout \u00e0 fait oublier (\u2026) que nous sommes en Vigipirate au plus haut niveau\u00a0\u00bb.<\/em><\/p>\n","protected":false},"excerpt":{"rendered":"<p>A quelques heures du r\u00e9veillon du 31 d\u00e9cembre, Yves Seguy, le nouveau Pr\u00e9fet des Vosges, accompagn\u00e9 de Ottman Zair, son [&hellip;]<\/p>\n","protected":false},"author":39,"featured_media":83067,"comment_status":"open","ping_status":"open","sticky":false,"template":"","format":"standard","meta":{"footnotes":""},"categories":[22,5],"tags":[],"class_list":["post-83066","post","type-post","status-publish","format-standard","has-post-thumbnail","hentry","category-a-la-une","category-vosges"],"acf":[],"yoast_head":"<!-- This site is optimized with the Yoast SEO plugin v22.5 - https:\/\/yoast.com\/wordpress\/plugins\/seo\/ -->\n<title>Vosges : le Pr\u00e9fet visite les services de s\u00e9curit\u00e9 mobilis\u00e9s soir de Nouvel An - Epinal Info<\/title>\n<meta name=\"robots\" content=\"index, follow, max-snippet:-1, max-image-preview:large, max-video-preview:-1\" \/>\n<link rel=\"canonical\" href=\"https:\/\/vosgesinfo.fr\/epinalinfo\/2021\/01\/vosges-prefet-visite-services-de-securite-mobilises-soir-de-nouvel-an\/\" \/>\n<meta name=\"twitter:card\" content=\"summary_large_image\" \/>\n<meta name=\"twitter:title\" content=\"Vosges : le Pr\u00e9fet visite les services de s\u00e9curit\u00e9 mobilis\u00e9s soir de Nouvel An - Epinal Info\" \/>\n<meta name=\"twitter:description\" content=\"A quelques heures du r\u00e9veillon du 31 d\u00e9cembre, Yves Seguy, le nouveau Pr\u00e9fet des Vosges, accompagn\u00e9 de Ottman Zair, son [&hellip;]\" \/>\n<meta name=\"twitter:image\" content=\"https:\/\/vosgesinfo.fr\/app\/uploads\/sites\/3\/2024\/08\/202101121.jpg\" \/>\n<meta name=\"twitter:creator\" content=\"@VosgesInfo88\" \/>\n<meta name=\"twitter:site\" content=\"@VosgesInfo88\" \/>\n<meta name=\"twitter:label1\" content=\"\u00c9crit par\" \/>\n\t<meta name=\"twitter:data1\" content=\"Phj\" \/>\n\t<meta name=\"twitter:label2\" content=\"Dur\u00e9e de lecture estim\u00e9e\" \/>\n\t<meta name=\"twitter:data2\" content=\"2 minutes\" \/>\n<script type=\"application\/ld+json\" class=\"yoast-schema-graph\">{\"@context\":\"https:\/\/schema.org\",\"@graph\":[{\"@type\":\"Article\",\"@id\":\"https:\/\/vosgesinfo.fr\/epinalinfo\/2021\/01\/vosges-prefet-visite-services-de-securite-mobilises-soir-de-nouvel-an\/#article\",\"isPartOf\":{\"@id\":\"https:\/\/vosgesinfo.fr\/epinalinfo\/2021\/01\/vosges-prefet-visite-services-de-securite-mobilises-soir-de-nouvel-an\/\"},\"author\":{\"name\":\"Phj\",\"@id\":\"https:\/\/vosgesinfo.fr\/epinalinfo\/#\/schema\/person\/4f57dc393faf2ac8b9f1cab30ad79250\"},\"headline\":\"Vosges : le Pr\u00e9fet visite les services de s\u00e9curit\u00e9 mobilis\u00e9s soir de Nouvel An\",\"datePublished\":\"2021-01-01T16:25:14+00:00\",\"dateModified\":\"2021-01-01T16:25:14+00:00\",\"mainEntityOfPage\":{\"@id\":\"https:\/\/vosgesinfo.fr\/epinalinfo\/2021\/01\/vosges-prefet-visite-services-de-securite-mobilises-soir-de-nouvel-an\/\"},\"wordCount\":355,\"commentCount\":0,\"publisher\":{\"@id\":\"https:\/\/vosgesinfo.fr\/epinalinfo\/#organization\"},\"image\":{\"@id\":\"https:\/\/vosgesinfo.fr\/epinalinfo\/2021\/01\/vosges-prefet-visite-services-de-securite-mobilises-soir-de-nouvel-an\/#primaryimage\"},\"thumbnailUrl\":\"https:\/\/vosgesinfo.fr\/app\/uploads\/sites\/3\/2024\/08\/202101121.jpg\",\"articleSection\":[\"A la Une\",\"Vosges\"],\"inLanguage\":\"fr-FR\",\"potentialAction\":[{\"@type\":\"CommentAction\",\"name\":\"Comment\",\"target\":[\"https:\/\/vosgesinfo.fr\/epinalinfo\/2021\/01\/vosges-prefet-visite-services-de-securite-mobilises-soir-de-nouvel-an\/#respond\"]}]},{\"@type\":\"WebPage\",\"@id\":\"https:\/\/vosgesinfo.fr\/epinalinfo\/2021\/01\/vosges-prefet-visite-services-de-securite-mobilises-soir-de-nouvel-an\/\",\"url\":\"https:\/\/vosgesinfo.fr\/epinalinfo\/2021\/01\/vosges-prefet-visite-services-de-securite-mobilises-soir-de-nouvel-an\/\",\"name\":\"Vosges : le Pr\u00e9fet visite les services de s\u00e9curit\u00e9 mobilis\u00e9s soir de Nouvel An - Epinal Info\",\"isPartOf\":{\"@id\":\"https:\/\/vosgesinfo.fr\/epinalinfo\/#website\"},\"primaryImageOfPage\":{\"@id\":\"https:\/\/vosgesinfo.fr\/epinalinfo\/2021\/01\/vosges-prefet-visite-services-de-securite-mobilises-soir-de-nouvel-an\/#primaryimage\"},\"image\":{\"@id\":\"https:\/\/vosgesinfo.fr\/epinalinfo\/2021\/01\/vosges-prefet-visite-services-de-securite-mobilises-soir-de-nouvel-an\/#primaryimage\"},\"thumbnailUrl\":\"https:\/\/vosgesinfo.fr\/app\/uploads\/sites\/3\/2024\/08\/202101121.jpg\",\"datePublished\":\"2021-01-01T16:25:14+00:00\",\"dateModified\":\"2021-01-01T16:25:14+00:00\",\"breadcrumb\":{\"@id\":\"https:\/\/vosgesinfo.fr\/epinalinfo\/2021\/01\/vosges-prefet-visite-services-de-securite-mobilises-soir-de-nouvel-an\/#breadcrumb\"},\"inLanguage\":\"fr-FR\",\"potentialAction\":[{\"@type\":\"ReadAction\",\"target\":[\"https:\/\/vosgesinfo.fr\/epinalinfo\/2021\/01\/vosges-prefet-visite-services-de-securite-mobilises-soir-de-nouvel-an\/\"]}]},{\"@type\":\"ImageObject\",\"inLanguage\":\"fr-FR\",\"@id\":\"https:\/\/vosgesinfo.fr\/epinalinfo\/2021\/01\/vosges-prefet-visite-services-de-securite-mobilises-soir-de-nouvel-an\/#primaryimage\",\"url\":\"https:\/\/vosgesinfo.fr\/app\/uploads\/sites\/3\/2024\/08\/202101121.jpg\",\"contentUrl\":\"https:\/\/vosgesinfo.fr\/app\/uploads\/sites\/3\/2024\/08\/202101121.jpg\",\"width\":800,\"height\":475},{\"@type\":\"BreadcrumbList\",\"@id\":\"https:\/\/vosgesinfo.fr\/epinalinfo\/2021\/01\/vosges-prefet-visite-services-de-securite-mobilises-soir-de-nouvel-an\/#breadcrumb\",\"itemListElement\":[{\"@type\":\"ListItem\",\"position\":1,\"name\":\"Home\",\"item\":\"https:\/\/vosgesinfo.fr\/epinalinfo\/\"},{\"@type\":\"ListItem\",\"position\":2,\"name\":\"Vosges : le Pr\u00e9fet visite les services de s\u00e9curit\u00e9 mobilis\u00e9s soir de Nouvel An\"}]},{\"@type\":\"WebSite\",\"@id\":\"https:\/\/vosgesinfo.fr\/epinalinfo\/#website\",\"url\":\"https:\/\/vosgesinfo.fr\/epinalinfo\/\",\"name\":\"Epinal Info\",\"description\":\"Toute l&#039;actualit\u00e9 d&#039;\u00c9pinal\",\"publisher\":{\"@id\":\"https:\/\/vosgesinfo.fr\/epinalinfo\/#organization\"},\"alternateName\":\"Toute l'actualit\u00e9 d'\u00c9pinal\",\"potentialAction\":[{\"@type\":\"SearchAction\",\"target\":{\"@type\":\"EntryPoint\",\"urlTemplate\":\"https:\/\/vosgesinfo.fr\/epinalinfo\/?s={search_term_string}\"},\"query-input\":\"required name=search_term_string\"}],\"inLanguage\":\"fr-FR\"},{\"@type\":\"Organization\",\"@id\":\"https:\/\/vosgesinfo.fr\/epinalinfo\/#organization\",\"name\":\"Epinal Info\",\"url\":\"https:\/\/vosgesinfo.fr\/epinalinfo\/\",\"logo\":{\"@type\":\"ImageObject\",\"inLanguage\":\"fr-FR\",\"@id\":\"https:\/\/vosgesinfo.fr\/epinalinfo\/#\/schema\/logo\/image\/\",\"url\":\"https:\/\/vosgesinfo.fr\/app\/uploads\/sites\/3\/2023\/08\/logo-epinalinfos.svg\",\"contentUrl\":\"https:\/\/vosgesinfo.fr\/app\/uploads\/sites\/3\/2023\/08\/logo-epinalinfos.svg\",\"width\":1,\"height\":1,\"caption\":\"Epinal Info\"},\"image\":{\"@id\":\"https:\/\/vosgesinfo.fr\/epinalinfo\/#\/schema\/logo\/image\/\"},\"sameAs\":[\"https:\/\/www.facebook.com\/Epinalinfos\",\"https:\/\/x.com\/VosgesInfo88\",\"https:\/\/www.youtube.com\/@vosgesinfo\"]},{\"@type\":\"Person\",\"@id\":\"https:\/\/vosgesinfo.fr\/epinalinfo\/#\/schema\/person\/4f57dc393faf2ac8b9f1cab30ad79250\",\"name\":\"Phj\",\"image\":{\"@type\":\"ImageObject\",\"inLanguage\":\"fr-FR\",\"@id\":\"https:\/\/vosgesinfo.fr\/epinalinfo\/#\/schema\/person\/image\/\",\"url\":\"https:\/\/secure.gravatar.com\/avatar\/ada60265080fb9a89c9809bf0abb1f448a128cb85db1c08905baa5038fbe3cfe?s=96&d=mm&r=g\",\"contentUrl\":\"https:\/\/secure.gravatar.com\/avatar\/ada60265080fb9a89c9809bf0abb1f448a128cb85db1c08905baa5038fbe3cfe?s=96&d=mm&r=g\",\"caption\":\"Phj\"},\"url\":\"https:\/\/vosgesinfo.fr\/epinalinfo\/author\/phj\/\"}]}<\/script>\n<!-- \/ Yoast SEO plugin. -->","yoast_head_json":{"title":"Vosges : le Pr\u00e9fet visite les services de s\u00e9curit\u00e9 mobilis\u00e9s soir de Nouvel An - Epinal Info","robots":{"index":"index","follow":"follow","max-snippet":"max-snippet:-1","max-image-preview":"max-image-preview:large","max-video-preview":"max-video-preview:-1"},"canonical":"https:\/\/vosgesinfo.fr\/epinalinfo\/2021\/01\/vosges-prefet-visite-services-de-securite-mobilises-soir-de-nouvel-an\/","twitter_card":"summary_large_image","twitter_title":"Vosges : le Pr\u00e9fet visite les services de s\u00e9curit\u00e9 mobilis\u00e9s soir de Nouvel An - Epinal Info","twitter_description":"A quelques heures du r\u00e9veillon du 31 d\u00e9cembre, Yves Seguy, le nouveau Pr\u00e9fet des Vosges, accompagn\u00e9 de Ottman Zair, son [&hellip;]","twitter_image":"https:\/\/vosgesinfo.fr\/app\/uploads\/sites\/3\/2024\/08\/202101121.jpg","twitter_creator":"@VosgesInfo88","twitter_site":"@VosgesInfo88","twitter_misc":{"\u00c9crit par":"Phj","Dur\u00e9e de lecture estim\u00e9e":"2 minutes"},"schema":{"@context":"https:\/\/schema.org","@graph":[{"@type":"Article","@id":"https:\/\/vosgesinfo.fr\/epinalinfo\/2021\/01\/vosges-prefet-visite-services-de-securite-mobilises-soir-de-nouvel-an\/#article","isPartOf":{"@id":"https:\/\/vosgesinfo.fr\/epinalinfo\/2021\/01\/vosges-prefet-visite-services-de-securite-mobilises-soir-de-nouvel-an\/"},"author":{"name":"Phj","@id":"https:\/\/vosgesinfo.fr\/epinalinfo\/#\/schema\/person\/4f57dc393faf2ac8b9f1cab30ad79250"},"headline":"Vosges : le Pr\u00e9fet visite les services de s\u00e9curit\u00e9 mobilis\u00e9s soir de Nouvel An","datePublished":"2021-01-01T16:25:14+00:00","dateModified":"2021-01-01T16:25:14+00:00","mainEntityOfPage":{"@id":"https:\/\/vosgesinfo.fr\/epinalinfo\/2021\/01\/vosges-prefet-visite-services-de-securite-mobilises-soir-de-nouvel-an\/"},"wordCount":355,"commentCount":0,"publisher":{"@id":"https:\/\/vosgesinfo.fr\/epinalinfo\/#organization"},"image":{"@id":"https:\/\/vosgesinfo.fr\/epinalinfo\/2021\/01\/vosges-prefet-visite-services-de-securite-mobilises-soir-de-nouvel-an\/#primaryimage"},"thumbnailUrl":"https:\/\/vosgesinfo.fr\/app\/uploads\/sites\/3\/2024\/08\/202101121.jpg","articleSection":["A la Une","Vosges"],"inLanguage":"fr-FR","potentialAction":[{"@type":"CommentAction","name":"Comment","target":["https:\/\/vosgesinfo.fr\/epinalinfo\/2021\/01\/vosges-prefet-visite-services-de-securite-mobilises-soir-de-nouvel-an\/#respond"]}]},{"@type":"WebPage","@id":"https:\/\/vosgesinfo.fr\/epinalinfo\/2021\/01\/vosges-prefet-visite-services-de-securite-mobilises-soir-de-nouvel-an\/","url":"https:\/\/vosgesinfo.fr\/epinalinfo\/2021\/01\/vosges-prefet-visite-services-de-securite-mobilises-soir-de-nouvel-an\/","name":"Vosges : le Pr\u00e9fet visite les services de s\u00e9curit\u00e9 mobilis\u00e9s soir de Nouvel An - Epinal Info","isPartOf":{"@id":"https:\/\/vosgesinfo.fr\/epinalinfo\/#website"},"primaryImageOfPage":{"@id":"https:\/\/vosgesinfo.fr\/epinalinfo\/2021\/01\/vosges-prefet-visite-services-de-securite-mobilises-soir-de-nouvel-an\/#primaryimage"},"image":{"@id":"https:\/\/vosgesinfo.fr\/epinalinfo\/2021\/01\/vosges-prefet-visite-services-de-securite-mobilises-soir-de-nouvel-an\/#primaryimage"},"thumbnailUrl":"https:\/\/vosgesinfo.fr\/app\/uploads\/sites\/3\/2024\/08\/202101121.jpg","datePublished":"2021-01-01T16:25:14+00:00","dateModified":"2021-01-01T16:25:14+00:00","breadcrumb":{"@id":"https:\/\/vosgesinfo.fr\/epinalinfo\/2021\/01\/vosges-prefet-visite-services-de-securite-mobilises-soir-de-nouvel-an\/#breadcrumb"},"inLanguage":"fr-FR","potentialAction":[{"@type":"ReadAction","target":["https:\/\/vosgesinfo.fr\/epinalinfo\/2021\/01\/vosges-prefet-visite-services-de-securite-mobilises-soir-de-nouvel-an\/"]}]},{"@type":"ImageObject","inLanguage":"fr-FR","@id":"https:\/\/vosgesinfo.fr\/epinalinfo\/2021\/01\/vosges-prefet-visite-services-de-securite-mobilises-soir-de-nouvel-an\/#primaryimage","url":"https:\/\/vosgesinfo.fr\/app\/uploads\/sites\/3\/2024\/08\/202101121.jpg","contentUrl":"https:\/\/vosgesinfo.fr\/app\/uploads\/sites\/3\/2024\/08\/202101121.jpg","width":800,"height":475},{"@type":"BreadcrumbList","@id":"https:\/\/vosgesinfo.fr\/epinalinfo\/2021\/01\/vosges-prefet-visite-services-de-securite-mobilises-soir-de-nouvel-an\/#breadcrumb","itemListElement":[{"@type":"ListItem","position":1,"name":"Home","item":"https:\/\/vosgesinfo.fr\/epinalinfo\/"},{"@type":"ListItem","position":2,"name":"Vosges : le Pr\u00e9fet visite les services de s\u00e9curit\u00e9 mobilis\u00e9s soir de Nouvel An"}]},{"@type":"WebSite","@id":"https:\/\/vosgesinfo.fr\/epinalinfo\/#website","url":"https:\/\/vosgesinfo.fr\/epinalinfo\/","name":"Epinal Info","description":"Toute l&#039;actualit\u00e9 d&#039;\u00c9pinal","publisher":{"@id":"https:\/\/vosgesinfo.fr\/epinalinfo\/#organization"},"alternateName":"Toute l'actualit\u00e9 d'\u00c9pinal","potentialAction":[{"@type":"SearchAction","target":{"@type":"EntryPoint","urlTemplate":"https:\/\/vosgesinfo.fr\/epinalinfo\/?s={search_term_string}"},"query-input":"required name=search_term_string"}],"inLanguage":"fr-FR"},{"@type":"Organization","@id":"https:\/\/vosgesinfo.fr\/epinalinfo\/#organization","name":"Epinal Info","url":"https:\/\/vosgesinfo.fr\/epinalinfo\/","logo":{"@type":"ImageObject","inLanguage":"fr-FR","@id":"https:\/\/vosgesinfo.fr\/epinalinfo\/#\/schema\/logo\/image\/","url":"https:\/\/vosgesinfo.fr\/app\/uploads\/sites\/3\/2023\/08\/logo-epinalinfos.svg","contentUrl":"https:\/\/vosgesinfo.fr\/app\/uploads\/sites\/3\/2023\/08\/logo-epinalinfos.svg","width":1,"height":1,"caption":"Epinal Info"},"image":{"@id":"https:\/\/vosgesinfo.fr\/epinalinfo\/#\/schema\/logo\/image\/"},"sameAs":["https:\/\/www.facebook.com\/Epinalinfos","https:\/\/x.com\/VosgesInfo88","https:\/\/www.youtube.com\/@vosgesinfo"]},{"@type":"Person","@id":"https:\/\/vosgesinfo.fr\/epinalinfo\/#\/schema\/person\/4f57dc393faf2ac8b9f1cab30ad79250","name":"Phj","image":{"@type":"ImageObject","inLanguage":"fr-FR","@id":"https:\/\/vosgesinfo.fr\/epinalinfo\/#\/schema\/person\/image\/","url":"https:\/\/secure.gravatar.com\/avatar\/ada60265080fb9a89c9809bf0abb1f448a128cb85db1c08905baa5038fbe3cfe?s=96&d=mm&r=g","contentUrl":"https:\/\/secure.gravatar.com\/avatar\/ada60265080fb9a89c9809bf0abb1f448a128cb85db1c08905baa5038fbe3cfe?s=96&d=mm&r=g","caption":"Phj"},"url":"https:\/\/vosgesinfo.fr\/epinalinfo\/author\/phj\/"}]}},"_links":{"self":[{"href":"https:\/\/vosgesinfo.fr\/epinalinfo\/wp-json\/wp\/v2\/posts\/83066","targetHints":{"allow":["GET"]}}],"collection":[{"href":"https:\/\/vosgesinfo.fr\/epinalinfo\/wp-json\/wp\/v2\/posts"}],"about":[{"href":"https:\/\/vosgesinfo.fr\/epinalinfo\/wp-json\/wp\/v2\/types\/post"}],"author":[{"embeddable":true,"href":"https:\/\/vosgesinfo.fr\/epinalinfo\/wp-json\/wp\/v2\/users\/39"}],"replies":[{"embeddable":true,"href":"https:\/\/vosgesinfo.fr\/epinalinfo\/wp-json\/wp\/v2\/comments?post=83066"}],"version-history":[{"count":0,"href":"https:\/\/vosgesinfo.fr\/epinalinfo\/wp-json\/wp\/v2\/posts\/83066\/revisions"}],"wp:featuredmedia":[{"embeddable":true,"href":"https:\/\/vosgesinfo.fr\/epinalinfo\/wp-json\/wp\/v2\/media\/83067"}],"wp:attachment":[{"href":"https:\/\/vosgesinfo.fr\/epinalinfo\/wp-json\/wp\/v2\/media?parent=83066"}],"wp:term":[{"taxonomy":"category","embeddable":true,"href":"https:\/\/vosgesinfo.fr\/epinalinfo\/wp-json\/wp\/v2\/categories?post=83066"},{"taxonomy":"post_tag","embeddable":true,"href":"https:\/\/vosgesinfo.fr\/epinalinfo\/wp-json\/wp\/v2\/tags?post=83066"}],"curies":[{"name":"wp","href":"https:\/\/api.w.org\/{rel}","templated":true}]}}