{"id":83080,"date":"2021-01-05T08:24:13","date_gmt":"2021-01-05T07:24:13","guid":{"rendered":"https:\/\/vosgesinfo.fr\/epinalinfo\/2021\/01\/covid-19-chiffres-centre-hospitalier\/"},"modified":"2021-01-05T08:24:13","modified_gmt":"2021-01-05T07:24:13","slug":"covid-19-chiffres-centre-hospitalier","status":"publish","type":"post","link":"https:\/\/vosgesinfo.fr\/epinalinfo\/2021\/01\/covid-19-chiffres-centre-hospitalier\/","title":{"rendered":"Covid &#8211; 19, les chiffres par centre hospitalier"},"content":{"rendered":"<p>CH EPINAL : 154 lits de m\u00e9decine (dont 56 lits d\u00e9di\u00e9s COVID)<\/p>\n<p>CH REMIREMONT : 118 lits de m\u00e9decine (dont 44 lits d\u00e9di\u00e9s COVID)<\/p>\n<p>CH SAINT DIE : 70 lits de m\u00e9decine (dont 14 lits d\u00e9di\u00e9s COVID)<\/p>\n<p>CH OUEST VOSGIEN : 86 lits de m\u00e9decine (dont 41 lits d\u00e9di\u00e9s COVID)<\/p>\n<p>CLINIQUE LIGNE BLEUE : 19 lits de m\u00e9decine (dont 15 lits d\u00e9di\u00e9s COVID)<\/p>\n<p>SOIT AU TOTAL : 447 lits de m\u00e9decine (dont 170 lits d\u00e9di\u00e9s COVID)<\/p>\n<p>PATIENTS COVID-19 HOSPITALISES DANS LES \u00c9TABLISSEMENTS MEMBRES DU GHT8 + CLINIQUE LLB :\u00a0 <strong>224 patients<\/strong><\/p>\n<p>Nombre de patients COVID19 confirm\u00e9s pris en charge en <strong>soins critiques GHT8 : 17<\/strong> (9 au CHED, 2 CHOV,2 CH Remiremont, 4 CH Saint Di\u00e9).<\/p>\n<p>Nombre de patients COVID19 confirm\u00e9s pris en charge dans les lits de M\u00e9decine (d\u00e9di\u00e9 COVID) GHT8 : 102 dont 36 au CH Epinal, 31 au CHOV, 17 au CH Remiremont, 18 au CH de Saint di\u00e9 et 0 \u00e0 la clinique Ligne Bleue.<\/p>\n<p>Nombre de patients COVID19 confirm\u00e9s pris en charge dans les lits de M\u00e9decine (hors unit\u00e9s d\u00e9di\u00e9s COVID) GHT8 : 9 dont 0 au CH Epinal, 1 au CHOV, 0 au CH Remiremont et 8 au CH de Saint di\u00e9<\/p>\n<p>Nombre de patients COVID19 confirm\u00e9s pris en charge dans les lits de SSR (d\u00e9di\u00e9 COVID) GHT8 : 83 dont 28 au CH Epinal, 22 au CHOV, 11 au C2HVM, 12 au CH Bruy\u00e8res, 0 au CH Val du Madon et 10 au CH Chatel.<\/p>\n<p>Nombre de patients COVID19 confirm\u00e9s pris en charge dans les lits de SSR (hors unit\u00e9s d\u00e9di\u00e9es COVID) GHT8 : 13 dont 10 au CH CHatel,\u00a0 1 au CHOV , 1 au CH de Saint Di\u00e9 et 1 au CHED Golbey.<\/p>\n<p>CONCERNANT LES SOINS CRITIQUES : 32\/37 lits install\u00e9s, soit un taux d&rsquo;occupation de 86.49%.<\/p>\n","protected":false},"excerpt":{"rendered":"<p>CH EPINAL : 154 lits de m\u00e9decine (dont 56 lits d\u00e9di\u00e9s COVID) CH REMIREMONT : 118 lits de m\u00e9decine (dont [&hellip;]<\/p>\n","protected":false},"author":39,"featured_media":83082,"comment_status":"open","ping_status":"open","sticky":false,"template":"","format":"standard","meta":{"footnotes":""},"categories":[22,14,5],"tags":[],"class_list":["post-83080","post","type-post","status-publish","format-standard","has-post-thumbnail","hentry","category-a-la-une","category-sante","category-vosges"],"acf":[],"yoast_head":"<!-- This site is optimized with the Yoast SEO plugin v22.5 - https:\/\/yoast.com\/wordpress\/plugins\/seo\/ -->\n<title>Covid - 19, les chiffres par centre hospitalier - Epinal Info<\/title>\n<meta name=\"robots\" content=\"index, follow, max-snippet:-1, max-image-preview:large, max-video-preview:-1\" \/>\n<link rel=\"canonical\" href=\"https:\/\/vosgesinfo.fr\/epinalinfo\/2021\/01\/covid-19-chiffres-centre-hospitalier\/\" \/>\n<meta name=\"twitter:card\" content=\"summary_large_image\" \/>\n<meta name=\"twitter:title\" content=\"Covid - 19, les chiffres par centre hospitalier - Epinal Info\" \/>\n<meta name=\"twitter:description\" content=\"CH EPINAL : 154 lits de m\u00e9decine (dont 56 lits d\u00e9di\u00e9s COVID) CH REMIREMONT : 118 lits de m\u00e9decine (dont [&hellip;]\" \/>\n<meta name=\"twitter:image\" content=\"https:\/\/vosgesinfo.fr\/app\/uploads\/sites\/3\/2024\/08\/202101alit.png\" \/>\n<meta name=\"twitter:creator\" content=\"@VosgesInfo88\" \/>\n<meta name=\"twitter:site\" content=\"@VosgesInfo88\" \/>\n<meta name=\"twitter:label1\" content=\"\u00c9crit par\" \/>\n\t<meta name=\"twitter:data1\" content=\"Phj\" \/>\n\t<meta name=\"twitter:label2\" content=\"Dur\u00e9e de lecture estim\u00e9e\" \/>\n\t<meta name=\"twitter:data2\" content=\"1 minute\" \/>\n<script type=\"application\/ld+json\" class=\"yoast-schema-graph\">{\"@context\":\"https:\/\/schema.org\",\"@graph\":[{\"@type\":\"Article\",\"@id\":\"https:\/\/vosgesinfo.fr\/epinalinfo\/2021\/01\/covid-19-chiffres-centre-hospitalier\/#article\",\"isPartOf\":{\"@id\":\"https:\/\/vosgesinfo.fr\/epinalinfo\/2021\/01\/covid-19-chiffres-centre-hospitalier\/\"},\"author\":{\"name\":\"Phj\",\"@id\":\"https:\/\/vosgesinfo.fr\/epinalinfo\/#\/schema\/person\/4f57dc393faf2ac8b9f1cab30ad79250\"},\"headline\":\"Covid &#8211; 19, les chiffres par centre hospitalier\",\"datePublished\":\"2021-01-05T07:24:13+00:00\",\"dateModified\":\"2021-01-05T07:24:13+00:00\",\"mainEntityOfPage\":{\"@id\":\"https:\/\/vosgesinfo.fr\/epinalinfo\/2021\/01\/covid-19-chiffres-centre-hospitalier\/\"},\"wordCount\":282,\"commentCount\":0,\"publisher\":{\"@id\":\"https:\/\/vosgesinfo.fr\/epinalinfo\/#organization\"},\"image\":{\"@id\":\"https:\/\/vosgesinfo.fr\/epinalinfo\/2021\/01\/covid-19-chiffres-centre-hospitalier\/#primaryimage\"},\"thumbnailUrl\":\"https:\/\/vosgesinfo.fr\/app\/uploads\/sites\/3\/2024\/08\/202101alit.png\",\"articleSection\":[\"A la Une\",\"Sant\u00e9\",\"Vosges\"],\"inLanguage\":\"fr-FR\",\"potentialAction\":[{\"@type\":\"CommentAction\",\"name\":\"Comment\",\"target\":[\"https:\/\/vosgesinfo.fr\/epinalinfo\/2021\/01\/covid-19-chiffres-centre-hospitalier\/#respond\"]}]},{\"@type\":\"WebPage\",\"@id\":\"https:\/\/vosgesinfo.fr\/epinalinfo\/2021\/01\/covid-19-chiffres-centre-hospitalier\/\",\"url\":\"https:\/\/vosgesinfo.fr\/epinalinfo\/2021\/01\/covid-19-chiffres-centre-hospitalier\/\",\"name\":\"Covid - 19, les chiffres par centre hospitalier - Epinal Info\",\"isPartOf\":{\"@id\":\"https:\/\/vosgesinfo.fr\/epinalinfo\/#website\"},\"primaryImageOfPage\":{\"@id\":\"https:\/\/vosgesinfo.fr\/epinalinfo\/2021\/01\/covid-19-chiffres-centre-hospitalier\/#primaryimage\"},\"image\":{\"@id\":\"https:\/\/vosgesinfo.fr\/epinalinfo\/2021\/01\/covid-19-chiffres-centre-hospitalier\/#primaryimage\"},\"thumbnailUrl\":\"https:\/\/vosgesinfo.fr\/app\/uploads\/sites\/3\/2024\/08\/202101alit.png\",\"datePublished\":\"2021-01-05T07:24:13+00:00\",\"dateModified\":\"2021-01-05T07:24:13+00:00\",\"breadcrumb\":{\"@id\":\"https:\/\/vosgesinfo.fr\/epinalinfo\/2021\/01\/covid-19-chiffres-centre-hospitalier\/#breadcrumb\"},\"inLanguage\":\"fr-FR\",\"potentialAction\":[{\"@type\":\"ReadAction\",\"target\":[\"https:\/\/vosgesinfo.fr\/epinalinfo\/2021\/01\/covid-19-chiffres-centre-hospitalier\/\"]}]},{\"@type\":\"ImageObject\",\"inLanguage\":\"fr-FR\",\"@id\":\"https:\/\/vosgesinfo.fr\/epinalinfo\/2021\/01\/covid-19-chiffres-centre-hospitalier\/#primaryimage\",\"url\":\"https:\/\/vosgesinfo.fr\/app\/uploads\/sites\/3\/2024\/08\/202101alit.png\",\"contentUrl\":\"https:\/\/vosgesinfo.fr\/app\/uploads\/sites\/3\/2024\/08\/202101alit.png\",\"width\":800,\"height\":497},{\"@type\":\"BreadcrumbList\",\"@id\":\"https:\/\/vosgesinfo.fr\/epinalinfo\/2021\/01\/covid-19-chiffres-centre-hospitalier\/#breadcrumb\",\"itemListElement\":[{\"@type\":\"ListItem\",\"position\":1,\"name\":\"Home\",\"item\":\"https:\/\/vosgesinfo.fr\/epinalinfo\/\"},{\"@type\":\"ListItem\",\"position\":2,\"name\":\"Covid &#8211; 19, les chiffres par centre hospitalier\"}]},{\"@type\":\"WebSite\",\"@id\":\"https:\/\/vosgesinfo.fr\/epinalinfo\/#website\",\"url\":\"https:\/\/vosgesinfo.fr\/epinalinfo\/\",\"name\":\"Epinal Info\",\"description\":\"Toute l&#039;actualit\u00e9 d&#039;\u00c9pinal\",\"publisher\":{\"@id\":\"https:\/\/vosgesinfo.fr\/epinalinfo\/#organization\"},\"alternateName\":\"Toute l'actualit\u00e9 d'\u00c9pinal\",\"potentialAction\":[{\"@type\":\"SearchAction\",\"target\":{\"@type\":\"EntryPoint\",\"urlTemplate\":\"https:\/\/vosgesinfo.fr\/epinalinfo\/?s={search_term_string}\"},\"query-input\":\"required name=search_term_string\"}],\"inLanguage\":\"fr-FR\"},{\"@type\":\"Organization\",\"@id\":\"https:\/\/vosgesinfo.fr\/epinalinfo\/#organization\",\"name\":\"Epinal Info\",\"url\":\"https:\/\/vosgesinfo.fr\/epinalinfo\/\",\"logo\":{\"@type\":\"ImageObject\",\"inLanguage\":\"fr-FR\",\"@id\":\"https:\/\/vosgesinfo.fr\/epinalinfo\/#\/schema\/logo\/image\/\",\"url\":\"https:\/\/vosgesinfo.fr\/app\/uploads\/sites\/3\/2023\/08\/logo-epinalinfos.svg\",\"contentUrl\":\"https:\/\/vosgesinfo.fr\/app\/uploads\/sites\/3\/2023\/08\/logo-epinalinfos.svg\",\"width\":1,\"height\":1,\"caption\":\"Epinal Info\"},\"image\":{\"@id\":\"https:\/\/vosgesinfo.fr\/epinalinfo\/#\/schema\/logo\/image\/\"},\"sameAs\":[\"https:\/\/www.facebook.com\/Epinalinfos\",\"https:\/\/x.com\/VosgesInfo88\",\"https:\/\/www.youtube.com\/@vosgesinfo\"]},{\"@type\":\"Person\",\"@id\":\"https:\/\/vosgesinfo.fr\/epinalinfo\/#\/schema\/person\/4f57dc393faf2ac8b9f1cab30ad79250\",\"name\":\"Phj\",\"image\":{\"@type\":\"ImageObject\",\"inLanguage\":\"fr-FR\",\"@id\":\"https:\/\/vosgesinfo.fr\/epinalinfo\/#\/schema\/person\/image\/\",\"url\":\"https:\/\/secure.gravatar.com\/avatar\/ada60265080fb9a89c9809bf0abb1f448a128cb85db1c08905baa5038fbe3cfe?s=96&d=mm&r=g\",\"contentUrl\":\"https:\/\/secure.gravatar.com\/avatar\/ada60265080fb9a89c9809bf0abb1f448a128cb85db1c08905baa5038fbe3cfe?s=96&d=mm&r=g\",\"caption\":\"Phj\"},\"url\":\"https:\/\/vosgesinfo.fr\/epinalinfo\/author\/phj\/\"}]}<\/script>\n<!-- \/ Yoast SEO plugin. -->","yoast_head_json":{"title":"Covid - 19, les chiffres par centre hospitalier - Epinal Info","robots":{"index":"index","follow":"follow","max-snippet":"max-snippet:-1","max-image-preview":"max-image-preview:large","max-video-preview":"max-video-preview:-1"},"canonical":"https:\/\/vosgesinfo.fr\/epinalinfo\/2021\/01\/covid-19-chiffres-centre-hospitalier\/","twitter_card":"summary_large_image","twitter_title":"Covid - 19, les chiffres par centre hospitalier - Epinal Info","twitter_description":"CH EPINAL : 154 lits de m\u00e9decine (dont 56 lits d\u00e9di\u00e9s COVID) CH REMIREMONT : 118 lits de m\u00e9decine (dont [&hellip;]","twitter_image":"https:\/\/vosgesinfo.fr\/app\/uploads\/sites\/3\/2024\/08\/202101alit.png","twitter_creator":"@VosgesInfo88","twitter_site":"@VosgesInfo88","twitter_misc":{"\u00c9crit par":"Phj","Dur\u00e9e de lecture estim\u00e9e":"1 minute"},"schema":{"@context":"https:\/\/schema.org","@graph":[{"@type":"Article","@id":"https:\/\/vosgesinfo.fr\/epinalinfo\/2021\/01\/covid-19-chiffres-centre-hospitalier\/#article","isPartOf":{"@id":"https:\/\/vosgesinfo.fr\/epinalinfo\/2021\/01\/covid-19-chiffres-centre-hospitalier\/"},"author":{"name":"Phj","@id":"https:\/\/vosgesinfo.fr\/epinalinfo\/#\/schema\/person\/4f57dc393faf2ac8b9f1cab30ad79250"},"headline":"Covid &#8211; 19, les chiffres par centre hospitalier","datePublished":"2021-01-05T07:24:13+00:00","dateModified":"2021-01-05T07:24:13+00:00","mainEntityOfPage":{"@id":"https:\/\/vosgesinfo.fr\/epinalinfo\/2021\/01\/covid-19-chiffres-centre-hospitalier\/"},"wordCount":282,"commentCount":0,"publisher":{"@id":"https:\/\/vosgesinfo.fr\/epinalinfo\/#organization"},"image":{"@id":"https:\/\/vosgesinfo.fr\/epinalinfo\/2021\/01\/covid-19-chiffres-centre-hospitalier\/#primaryimage"},"thumbnailUrl":"https:\/\/vosgesinfo.fr\/app\/uploads\/sites\/3\/2024\/08\/202101alit.png","articleSection":["A la Une","Sant\u00e9","Vosges"],"inLanguage":"fr-FR","potentialAction":[{"@type":"CommentAction","name":"Comment","target":["https:\/\/vosgesinfo.fr\/epinalinfo\/2021\/01\/covid-19-chiffres-centre-hospitalier\/#respond"]}]},{"@type":"WebPage","@id":"https:\/\/vosgesinfo.fr\/epinalinfo\/2021\/01\/covid-19-chiffres-centre-hospitalier\/","url":"https:\/\/vosgesinfo.fr\/epinalinfo\/2021\/01\/covid-19-chiffres-centre-hospitalier\/","name":"Covid - 19, les chiffres par centre hospitalier - Epinal Info","isPartOf":{"@id":"https:\/\/vosgesinfo.fr\/epinalinfo\/#website"},"primaryImageOfPage":{"@id":"https:\/\/vosgesinfo.fr\/epinalinfo\/2021\/01\/covid-19-chiffres-centre-hospitalier\/#primaryimage"},"image":{"@id":"https:\/\/vosgesinfo.fr\/epinalinfo\/2021\/01\/covid-19-chiffres-centre-hospitalier\/#primaryimage"},"thumbnailUrl":"https:\/\/vosgesinfo.fr\/app\/uploads\/sites\/3\/2024\/08\/202101alit.png","datePublished":"2021-01-05T07:24:13+00:00","dateModified":"2021-01-05T07:24:13+00:00","breadcrumb":{"@id":"https:\/\/vosgesinfo.fr\/epinalinfo\/2021\/01\/covid-19-chiffres-centre-hospitalier\/#breadcrumb"},"inLanguage":"fr-FR","potentialAction":[{"@type":"ReadAction","target":["https:\/\/vosgesinfo.fr\/epinalinfo\/2021\/01\/covid-19-chiffres-centre-hospitalier\/"]}]},{"@type":"ImageObject","inLanguage":"fr-FR","@id":"https:\/\/vosgesinfo.fr\/epinalinfo\/2021\/01\/covid-19-chiffres-centre-hospitalier\/#primaryimage","url":"https:\/\/vosgesinfo.fr\/app\/uploads\/sites\/3\/2024\/08\/202101alit.png","contentUrl":"https:\/\/vosgesinfo.fr\/app\/uploads\/sites\/3\/2024\/08\/202101alit.png","width":800,"height":497},{"@type":"BreadcrumbList","@id":"https:\/\/vosgesinfo.fr\/epinalinfo\/2021\/01\/covid-19-chiffres-centre-hospitalier\/#breadcrumb","itemListElement":[{"@type":"ListItem","position":1,"name":"Home","item":"https:\/\/vosgesinfo.fr\/epinalinfo\/"},{"@type":"ListItem","position":2,"name":"Covid &#8211; 19, les chiffres par centre hospitalier"}]},{"@type":"WebSite","@id":"https:\/\/vosgesinfo.fr\/epinalinfo\/#website","url":"https:\/\/vosgesinfo.fr\/epinalinfo\/","name":"Epinal Info","description":"Toute l&#039;actualit\u00e9 d&#039;\u00c9pinal","publisher":{"@id":"https:\/\/vosgesinfo.fr\/epinalinfo\/#organization"},"alternateName":"Toute l'actualit\u00e9 d'\u00c9pinal","potentialAction":[{"@type":"SearchAction","target":{"@type":"EntryPoint","urlTemplate":"https:\/\/vosgesinfo.fr\/epinalinfo\/?s={search_term_string}"},"query-input":"required name=search_term_string"}],"inLanguage":"fr-FR"},{"@type":"Organization","@id":"https:\/\/vosgesinfo.fr\/epinalinfo\/#organization","name":"Epinal Info","url":"https:\/\/vosgesinfo.fr\/epinalinfo\/","logo":{"@type":"ImageObject","inLanguage":"fr-FR","@id":"https:\/\/vosgesinfo.fr\/epinalinfo\/#\/schema\/logo\/image\/","url":"https:\/\/vosgesinfo.fr\/app\/uploads\/sites\/3\/2023\/08\/logo-epinalinfos.svg","contentUrl":"https:\/\/vosgesinfo.fr\/app\/uploads\/sites\/3\/2023\/08\/logo-epinalinfos.svg","width":1,"height":1,"caption":"Epinal Info"},"image":{"@id":"https:\/\/vosgesinfo.fr\/epinalinfo\/#\/schema\/logo\/image\/"},"sameAs":["https:\/\/www.facebook.com\/Epinalinfos","https:\/\/x.com\/VosgesInfo88","https:\/\/www.youtube.com\/@vosgesinfo"]},{"@type":"Person","@id":"https:\/\/vosgesinfo.fr\/epinalinfo\/#\/schema\/person\/4f57dc393faf2ac8b9f1cab30ad79250","name":"Phj","image":{"@type":"ImageObject","inLanguage":"fr-FR","@id":"https:\/\/vosgesinfo.fr\/epinalinfo\/#\/schema\/person\/image\/","url":"https:\/\/secure.gravatar.com\/avatar\/ada60265080fb9a89c9809bf0abb1f448a128cb85db1c08905baa5038fbe3cfe?s=96&d=mm&r=g","contentUrl":"https:\/\/secure.gravatar.com\/avatar\/ada60265080fb9a89c9809bf0abb1f448a128cb85db1c08905baa5038fbe3cfe?s=96&d=mm&r=g","caption":"Phj"},"url":"https:\/\/vosgesinfo.fr\/epinalinfo\/author\/phj\/"}]}},"_links":{"self":[{"href":"https:\/\/vosgesinfo.fr\/epinalinfo\/wp-json\/wp\/v2\/posts\/83080","targetHints":{"allow":["GET"]}}],"collection":[{"href":"https:\/\/vosgesinfo.fr\/epinalinfo\/wp-json\/wp\/v2\/posts"}],"about":[{"href":"https:\/\/vosgesinfo.fr\/epinalinfo\/wp-json\/wp\/v2\/types\/post"}],"author":[{"embeddable":true,"href":"https:\/\/vosgesinfo.fr\/epinalinfo\/wp-json\/wp\/v2\/users\/39"}],"replies":[{"embeddable":true,"href":"https:\/\/vosgesinfo.fr\/epinalinfo\/wp-json\/wp\/v2\/comments?post=83080"}],"version-history":[{"count":0,"href":"https:\/\/vosgesinfo.fr\/epinalinfo\/wp-json\/wp\/v2\/posts\/83080\/revisions"}],"wp:featuredmedia":[{"embeddable":true,"href":"https:\/\/vosgesinfo.fr\/epinalinfo\/wp-json\/wp\/v2\/media\/83082"}],"wp:attachment":[{"href":"https:\/\/vosgesinfo.fr\/epinalinfo\/wp-json\/wp\/v2\/media?parent=83080"}],"wp:term":[{"taxonomy":"category","embeddable":true,"href":"https:\/\/vosgesinfo.fr\/epinalinfo\/wp-json\/wp\/v2\/categories?post=83080"},{"taxonomy":"post_tag","embeddable":true,"href":"https:\/\/vosgesinfo.fr\/epinalinfo\/wp-json\/wp\/v2\/tags?post=83080"}],"curies":[{"name":"wp","href":"https:\/\/api.w.org\/{rel}","templated":true}]}}