{"id":83085,"date":"2021-01-06T08:58:57","date_gmt":"2021-01-06T07:58:57","guid":{"rendered":"https:\/\/vosgesinfo.fr\/epinalinfo\/2021\/01\/de-nouvelles-recrues-larmee-de-terre\/"},"modified":"2021-01-06T08:58:57","modified_gmt":"2021-01-06T07:58:57","slug":"de-nouvelles-recrues-larmee-de-terre","status":"publish","type":"post","link":"https:\/\/vosgesinfo.fr\/epinalinfo\/2021\/01\/de-nouvelles-recrues-larmee-de-terre\/","title":{"rendered":"De nouvelles recrues pour l&rsquo;Arm\u00e9e de Terre"},"content":{"rendered":"<p><a href=\"https:\/\/epinalinfos.fr\/2021\/01\/de-nouvelles-recrues-larmee-de-terre\/armee-3\/\" rel=\"attachment wp-att-182689\"><img decoding=\"async\" class=\"aligncenter wp-image-182689 size-large\" src=\"\/2021\/01\/arm\u00e9e-800x641.png\" alt=\"arm\u00e9e\" width=\"800\" height=\"641\" \/><\/a>En cette nouvelle ann\u00e9e 2021, ils ont fait le choix de s\u2019engager.<\/p>\n<p>Le Centre d\u2019Information et de Recrutement des Forces Arm\u00e9es d\u2019Epinal a r\u00e9uni le mardi 5 janvier, trois jeunes Vosgiens (2 gar\u00e7ons et 1 fille) pour proc\u00e9der \u00e0 la signature de leurs contrats d\u2019engagement au profit de l\u2019Arm\u00e9e de Terre.<\/p>\n<p>Clotilde et Antonin ont fait le choix de rejoindre le 93<sup>e<\/sup> R\u00e9giment d\u2019Artillerie de Montagne (93<sup>e<\/sup> RAM) stationn\u00e9 \u00e0 Varces (Is\u00e8re). Un r\u00e9giment qui assure les appuis feux de la 27<sup>e<\/sup> brigade d\u2019infanterie de montagne.<\/p>\n<p>Apr\u00e8s une formation g\u00e9n\u00e9rale initiale de 3 mois pour apprendre le m\u00e9tier de soldat, Clotilde suivra une formation de sp\u00e9cialit\u00e9 pour servir en tant que combattant de l\u2019artillerie et Antonin en tant qu\u2019assistant administratif.<\/p>\n<p>Ayant choisi le 93<sup>e<\/sup> RAM, ils suivront tous deux une formation d\u2019adaptation montagne (\u00e9t\u00e9 et hiver de 3 semaines chacune).<\/p>\n<p>&nbsp;<\/p>\n<p>Alexis quant \u00e0 lui a choisi de servir le 21<sup>e<\/sup> R\u00e9giment d\u2019Infanterie de Marine (21<sup>e<\/sup> RIMA) bas\u00e9 \u00e0 Fr\u00e9jus. Tout comme ses deux camarades, il sera form\u00e9 au m\u00e9tier de soldat pour ensuite se sp\u00e9cialiser comme combattant des Syst\u00e8mes d\u2019Information et de Communication (SIC).<\/p>\n<p>Le CIRFA d\u2019Epinal recrute dans plus d\u2019une centaine de sp\u00e9cialit\u00e9 des jeunes \u00e2g\u00e9s de 17 \u00bd ans \u00e0 moins de 32 ans et de sans qualification \u00e0 BAC +5. Alors si vous aussi, vous souhaitez tenter l\u2019aventure, prenez contact avec un conseiller en recrutement de l\u2019Arm\u00e9e de terre qui saura vous guider pour concr\u00e9tiser votre projet professionnel.<\/p>\n<p>CIRFA d\u2019EPINAL 03 29 29 28 76 ou sur le site sengager.fr<\/p>\n","protected":false},"excerpt":{"rendered":"<p>En cette nouvelle ann\u00e9e 2021, ils ont fait le choix de s\u2019engager. Le Centre d\u2019Information et de Recrutement des Forces [&hellip;]<\/p>\n","protected":false},"author":44,"featured_media":83087,"comment_status":"open","ping_status":"open","sticky":false,"template":"","format":"standard","meta":{"footnotes":""},"categories":[22,5],"tags":[],"class_list":["post-83085","post","type-post","status-publish","format-standard","has-post-thumbnail","hentry","category-a-la-une","category-vosges"],"acf":[],"yoast_head":"<!-- This site is optimized with the Yoast SEO plugin v22.5 - https:\/\/yoast.com\/wordpress\/plugins\/seo\/ -->\n<title>De nouvelles recrues pour l&#039;Arm\u00e9e de Terre - Epinal Info<\/title>\n<meta name=\"robots\" content=\"index, follow, max-snippet:-1, max-image-preview:large, max-video-preview:-1\" \/>\n<link rel=\"canonical\" href=\"https:\/\/vosgesinfo.fr\/epinalinfo\/2021\/01\/de-nouvelles-recrues-larmee-de-terre\/\" \/>\n<meta name=\"twitter:card\" content=\"summary_large_image\" \/>\n<meta name=\"twitter:title\" content=\"De nouvelles recrues pour l&#039;Arm\u00e9e de Terre - Epinal Info\" \/>\n<meta name=\"twitter:description\" content=\"En cette nouvelle ann\u00e9e 2021, ils ont fait le choix de s\u2019engager. Le Centre d\u2019Information et de Recrutement des Forces [&hellip;]\" \/>\n<meta name=\"twitter:image\" content=\"https:\/\/vosgesinfo.fr\/app\/uploads\/sites\/3\/2024\/08\/202101armee.png\" \/>\n<meta name=\"twitter:creator\" content=\"@VosgesInfo88\" \/>\n<meta name=\"twitter:site\" content=\"@VosgesInfo88\" \/>\n<meta name=\"twitter:label1\" content=\"\u00c9crit par\" \/>\n\t<meta name=\"twitter:data1\" content=\"la r\u00e9daction\" \/>\n\t<meta name=\"twitter:label2\" content=\"Dur\u00e9e de lecture estim\u00e9e\" \/>\n\t<meta name=\"twitter:data2\" content=\"1 minute\" \/>\n<script type=\"application\/ld+json\" class=\"yoast-schema-graph\">{\"@context\":\"https:\/\/schema.org\",\"@graph\":[{\"@type\":\"Article\",\"@id\":\"https:\/\/vosgesinfo.fr\/epinalinfo\/2021\/01\/de-nouvelles-recrues-larmee-de-terre\/#article\",\"isPartOf\":{\"@id\":\"https:\/\/vosgesinfo.fr\/epinalinfo\/2021\/01\/de-nouvelles-recrues-larmee-de-terre\/\"},\"author\":{\"name\":\"la r\u00e9daction\",\"@id\":\"https:\/\/vosgesinfo.fr\/epinalinfo\/#\/schema\/person\/faee6704a21f3977511db84bd1cd450f\"},\"headline\":\"De nouvelles recrues pour l&rsquo;Arm\u00e9e de Terre\",\"datePublished\":\"2021-01-06T07:58:57+00:00\",\"dateModified\":\"2021-01-06T07:58:57+00:00\",\"mainEntityOfPage\":{\"@id\":\"https:\/\/vosgesinfo.fr\/epinalinfo\/2021\/01\/de-nouvelles-recrues-larmee-de-terre\/\"},\"wordCount\":283,\"commentCount\":0,\"publisher\":{\"@id\":\"https:\/\/vosgesinfo.fr\/epinalinfo\/#organization\"},\"image\":{\"@id\":\"https:\/\/vosgesinfo.fr\/epinalinfo\/2021\/01\/de-nouvelles-recrues-larmee-de-terre\/#primaryimage\"},\"thumbnailUrl\":\"https:\/\/vosgesinfo.fr\/app\/uploads\/sites\/3\/2024\/08\/202101armee.png\",\"articleSection\":[\"A la Une\",\"Vosges\"],\"inLanguage\":\"fr-FR\",\"potentialAction\":[{\"@type\":\"CommentAction\",\"name\":\"Comment\",\"target\":[\"https:\/\/vosgesinfo.fr\/epinalinfo\/2021\/01\/de-nouvelles-recrues-larmee-de-terre\/#respond\"]}]},{\"@type\":\"WebPage\",\"@id\":\"https:\/\/vosgesinfo.fr\/epinalinfo\/2021\/01\/de-nouvelles-recrues-larmee-de-terre\/\",\"url\":\"https:\/\/vosgesinfo.fr\/epinalinfo\/2021\/01\/de-nouvelles-recrues-larmee-de-terre\/\",\"name\":\"De nouvelles recrues pour l'Arm\u00e9e de Terre - Epinal Info\",\"isPartOf\":{\"@id\":\"https:\/\/vosgesinfo.fr\/epinalinfo\/#website\"},\"primaryImageOfPage\":{\"@id\":\"https:\/\/vosgesinfo.fr\/epinalinfo\/2021\/01\/de-nouvelles-recrues-larmee-de-terre\/#primaryimage\"},\"image\":{\"@id\":\"https:\/\/vosgesinfo.fr\/epinalinfo\/2021\/01\/de-nouvelles-recrues-larmee-de-terre\/#primaryimage\"},\"thumbnailUrl\":\"https:\/\/vosgesinfo.fr\/app\/uploads\/sites\/3\/2024\/08\/202101armee.png\",\"datePublished\":\"2021-01-06T07:58:57+00:00\",\"dateModified\":\"2021-01-06T07:58:57+00:00\",\"breadcrumb\":{\"@id\":\"https:\/\/vosgesinfo.fr\/epinalinfo\/2021\/01\/de-nouvelles-recrues-larmee-de-terre\/#breadcrumb\"},\"inLanguage\":\"fr-FR\",\"potentialAction\":[{\"@type\":\"ReadAction\",\"target\":[\"https:\/\/vosgesinfo.fr\/epinalinfo\/2021\/01\/de-nouvelles-recrues-larmee-de-terre\/\"]}]},{\"@type\":\"ImageObject\",\"inLanguage\":\"fr-FR\",\"@id\":\"https:\/\/vosgesinfo.fr\/epinalinfo\/2021\/01\/de-nouvelles-recrues-larmee-de-terre\/#primaryimage\",\"url\":\"https:\/\/vosgesinfo.fr\/app\/uploads\/sites\/3\/2024\/08\/202101armee.png\",\"contentUrl\":\"https:\/\/vosgesinfo.fr\/app\/uploads\/sites\/3\/2024\/08\/202101armee.png\",\"width\":800,\"height\":641},{\"@type\":\"BreadcrumbList\",\"@id\":\"https:\/\/vosgesinfo.fr\/epinalinfo\/2021\/01\/de-nouvelles-recrues-larmee-de-terre\/#breadcrumb\",\"itemListElement\":[{\"@type\":\"ListItem\",\"position\":1,\"name\":\"Home\",\"item\":\"https:\/\/vosgesinfo.fr\/epinalinfo\/\"},{\"@type\":\"ListItem\",\"position\":2,\"name\":\"De nouvelles recrues pour l&rsquo;Arm\u00e9e de Terre\"}]},{\"@type\":\"WebSite\",\"@id\":\"https:\/\/vosgesinfo.fr\/epinalinfo\/#website\",\"url\":\"https:\/\/vosgesinfo.fr\/epinalinfo\/\",\"name\":\"Epinal Info\",\"description\":\"Toute l&#039;actualit\u00e9 d&#039;\u00c9pinal\",\"publisher\":{\"@id\":\"https:\/\/vosgesinfo.fr\/epinalinfo\/#organization\"},\"alternateName\":\"Toute l'actualit\u00e9 d'\u00c9pinal\",\"potentialAction\":[{\"@type\":\"SearchAction\",\"target\":{\"@type\":\"EntryPoint\",\"urlTemplate\":\"https:\/\/vosgesinfo.fr\/epinalinfo\/?s={search_term_string}\"},\"query-input\":\"required name=search_term_string\"}],\"inLanguage\":\"fr-FR\"},{\"@type\":\"Organization\",\"@id\":\"https:\/\/vosgesinfo.fr\/epinalinfo\/#organization\",\"name\":\"Epinal Info\",\"url\":\"https:\/\/vosgesinfo.fr\/epinalinfo\/\",\"logo\":{\"@type\":\"ImageObject\",\"inLanguage\":\"fr-FR\",\"@id\":\"https:\/\/vosgesinfo.fr\/epinalinfo\/#\/schema\/logo\/image\/\",\"url\":\"https:\/\/vosgesinfo.fr\/app\/uploads\/sites\/3\/2023\/08\/logo-epinalinfos.svg\",\"contentUrl\":\"https:\/\/vosgesinfo.fr\/app\/uploads\/sites\/3\/2023\/08\/logo-epinalinfos.svg\",\"width\":1,\"height\":1,\"caption\":\"Epinal Info\"},\"image\":{\"@id\":\"https:\/\/vosgesinfo.fr\/epinalinfo\/#\/schema\/logo\/image\/\"},\"sameAs\":[\"https:\/\/www.facebook.com\/Epinalinfos\",\"https:\/\/x.com\/VosgesInfo88\",\"https:\/\/www.youtube.com\/@vosgesinfo\"]},{\"@type\":\"Person\",\"@id\":\"https:\/\/vosgesinfo.fr\/epinalinfo\/#\/schema\/person\/faee6704a21f3977511db84bd1cd450f\",\"name\":\"la r\u00e9daction\",\"image\":{\"@type\":\"ImageObject\",\"inLanguage\":\"fr-FR\",\"@id\":\"https:\/\/vosgesinfo.fr\/epinalinfo\/#\/schema\/person\/image\/\",\"url\":\"https:\/\/secure.gravatar.com\/avatar\/6673d8bc6a9c17fa9a453eaa3448de834fa308c2ec9635b7aa99441a7c8d2cf6?s=96&d=mm&r=g\",\"contentUrl\":\"https:\/\/secure.gravatar.com\/avatar\/6673d8bc6a9c17fa9a453eaa3448de834fa308c2ec9635b7aa99441a7c8d2cf6?s=96&d=mm&r=g\",\"caption\":\"la r\u00e9daction\"},\"url\":\"https:\/\/vosgesinfo.fr\/epinalinfo\/author\/redac\/\"}]}<\/script>\n<!-- \/ Yoast SEO plugin. -->","yoast_head_json":{"title":"De nouvelles recrues pour l'Arm\u00e9e de Terre - Epinal Info","robots":{"index":"index","follow":"follow","max-snippet":"max-snippet:-1","max-image-preview":"max-image-preview:large","max-video-preview":"max-video-preview:-1"},"canonical":"https:\/\/vosgesinfo.fr\/epinalinfo\/2021\/01\/de-nouvelles-recrues-larmee-de-terre\/","twitter_card":"summary_large_image","twitter_title":"De nouvelles recrues pour l'Arm\u00e9e de Terre - Epinal Info","twitter_description":"En cette nouvelle ann\u00e9e 2021, ils ont fait le choix de s\u2019engager. Le Centre d\u2019Information et de Recrutement des Forces [&hellip;]","twitter_image":"https:\/\/vosgesinfo.fr\/app\/uploads\/sites\/3\/2024\/08\/202101armee.png","twitter_creator":"@VosgesInfo88","twitter_site":"@VosgesInfo88","twitter_misc":{"\u00c9crit par":"la r\u00e9daction","Dur\u00e9e de lecture estim\u00e9e":"1 minute"},"schema":{"@context":"https:\/\/schema.org","@graph":[{"@type":"Article","@id":"https:\/\/vosgesinfo.fr\/epinalinfo\/2021\/01\/de-nouvelles-recrues-larmee-de-terre\/#article","isPartOf":{"@id":"https:\/\/vosgesinfo.fr\/epinalinfo\/2021\/01\/de-nouvelles-recrues-larmee-de-terre\/"},"author":{"name":"la r\u00e9daction","@id":"https:\/\/vosgesinfo.fr\/epinalinfo\/#\/schema\/person\/faee6704a21f3977511db84bd1cd450f"},"headline":"De nouvelles recrues pour l&rsquo;Arm\u00e9e de Terre","datePublished":"2021-01-06T07:58:57+00:00","dateModified":"2021-01-06T07:58:57+00:00","mainEntityOfPage":{"@id":"https:\/\/vosgesinfo.fr\/epinalinfo\/2021\/01\/de-nouvelles-recrues-larmee-de-terre\/"},"wordCount":283,"commentCount":0,"publisher":{"@id":"https:\/\/vosgesinfo.fr\/epinalinfo\/#organization"},"image":{"@id":"https:\/\/vosgesinfo.fr\/epinalinfo\/2021\/01\/de-nouvelles-recrues-larmee-de-terre\/#primaryimage"},"thumbnailUrl":"https:\/\/vosgesinfo.fr\/app\/uploads\/sites\/3\/2024\/08\/202101armee.png","articleSection":["A la Une","Vosges"],"inLanguage":"fr-FR","potentialAction":[{"@type":"CommentAction","name":"Comment","target":["https:\/\/vosgesinfo.fr\/epinalinfo\/2021\/01\/de-nouvelles-recrues-larmee-de-terre\/#respond"]}]},{"@type":"WebPage","@id":"https:\/\/vosgesinfo.fr\/epinalinfo\/2021\/01\/de-nouvelles-recrues-larmee-de-terre\/","url":"https:\/\/vosgesinfo.fr\/epinalinfo\/2021\/01\/de-nouvelles-recrues-larmee-de-terre\/","name":"De nouvelles recrues pour l'Arm\u00e9e de Terre - Epinal Info","isPartOf":{"@id":"https:\/\/vosgesinfo.fr\/epinalinfo\/#website"},"primaryImageOfPage":{"@id":"https:\/\/vosgesinfo.fr\/epinalinfo\/2021\/01\/de-nouvelles-recrues-larmee-de-terre\/#primaryimage"},"image":{"@id":"https:\/\/vosgesinfo.fr\/epinalinfo\/2021\/01\/de-nouvelles-recrues-larmee-de-terre\/#primaryimage"},"thumbnailUrl":"https:\/\/vosgesinfo.fr\/app\/uploads\/sites\/3\/2024\/08\/202101armee.png","datePublished":"2021-01-06T07:58:57+00:00","dateModified":"2021-01-06T07:58:57+00:00","breadcrumb":{"@id":"https:\/\/vosgesinfo.fr\/epinalinfo\/2021\/01\/de-nouvelles-recrues-larmee-de-terre\/#breadcrumb"},"inLanguage":"fr-FR","potentialAction":[{"@type":"ReadAction","target":["https:\/\/vosgesinfo.fr\/epinalinfo\/2021\/01\/de-nouvelles-recrues-larmee-de-terre\/"]}]},{"@type":"ImageObject","inLanguage":"fr-FR","@id":"https:\/\/vosgesinfo.fr\/epinalinfo\/2021\/01\/de-nouvelles-recrues-larmee-de-terre\/#primaryimage","url":"https:\/\/vosgesinfo.fr\/app\/uploads\/sites\/3\/2024\/08\/202101armee.png","contentUrl":"https:\/\/vosgesinfo.fr\/app\/uploads\/sites\/3\/2024\/08\/202101armee.png","width":800,"height":641},{"@type":"BreadcrumbList","@id":"https:\/\/vosgesinfo.fr\/epinalinfo\/2021\/01\/de-nouvelles-recrues-larmee-de-terre\/#breadcrumb","itemListElement":[{"@type":"ListItem","position":1,"name":"Home","item":"https:\/\/vosgesinfo.fr\/epinalinfo\/"},{"@type":"ListItem","position":2,"name":"De nouvelles recrues pour l&rsquo;Arm\u00e9e de Terre"}]},{"@type":"WebSite","@id":"https:\/\/vosgesinfo.fr\/epinalinfo\/#website","url":"https:\/\/vosgesinfo.fr\/epinalinfo\/","name":"Epinal Info","description":"Toute l&#039;actualit\u00e9 d&#039;\u00c9pinal","publisher":{"@id":"https:\/\/vosgesinfo.fr\/epinalinfo\/#organization"},"alternateName":"Toute l'actualit\u00e9 d'\u00c9pinal","potentialAction":[{"@type":"SearchAction","target":{"@type":"EntryPoint","urlTemplate":"https:\/\/vosgesinfo.fr\/epinalinfo\/?s={search_term_string}"},"query-input":"required name=search_term_string"}],"inLanguage":"fr-FR"},{"@type":"Organization","@id":"https:\/\/vosgesinfo.fr\/epinalinfo\/#organization","name":"Epinal Info","url":"https:\/\/vosgesinfo.fr\/epinalinfo\/","logo":{"@type":"ImageObject","inLanguage":"fr-FR","@id":"https:\/\/vosgesinfo.fr\/epinalinfo\/#\/schema\/logo\/image\/","url":"https:\/\/vosgesinfo.fr\/app\/uploads\/sites\/3\/2023\/08\/logo-epinalinfos.svg","contentUrl":"https:\/\/vosgesinfo.fr\/app\/uploads\/sites\/3\/2023\/08\/logo-epinalinfos.svg","width":1,"height":1,"caption":"Epinal Info"},"image":{"@id":"https:\/\/vosgesinfo.fr\/epinalinfo\/#\/schema\/logo\/image\/"},"sameAs":["https:\/\/www.facebook.com\/Epinalinfos","https:\/\/x.com\/VosgesInfo88","https:\/\/www.youtube.com\/@vosgesinfo"]},{"@type":"Person","@id":"https:\/\/vosgesinfo.fr\/epinalinfo\/#\/schema\/person\/faee6704a21f3977511db84bd1cd450f","name":"la r\u00e9daction","image":{"@type":"ImageObject","inLanguage":"fr-FR","@id":"https:\/\/vosgesinfo.fr\/epinalinfo\/#\/schema\/person\/image\/","url":"https:\/\/secure.gravatar.com\/avatar\/6673d8bc6a9c17fa9a453eaa3448de834fa308c2ec9635b7aa99441a7c8d2cf6?s=96&d=mm&r=g","contentUrl":"https:\/\/secure.gravatar.com\/avatar\/6673d8bc6a9c17fa9a453eaa3448de834fa308c2ec9635b7aa99441a7c8d2cf6?s=96&d=mm&r=g","caption":"la r\u00e9daction"},"url":"https:\/\/vosgesinfo.fr\/epinalinfo\/author\/redac\/"}]}},"_links":{"self":[{"href":"https:\/\/vosgesinfo.fr\/epinalinfo\/wp-json\/wp\/v2\/posts\/83085","targetHints":{"allow":["GET"]}}],"collection":[{"href":"https:\/\/vosgesinfo.fr\/epinalinfo\/wp-json\/wp\/v2\/posts"}],"about":[{"href":"https:\/\/vosgesinfo.fr\/epinalinfo\/wp-json\/wp\/v2\/types\/post"}],"author":[{"embeddable":true,"href":"https:\/\/vosgesinfo.fr\/epinalinfo\/wp-json\/wp\/v2\/users\/44"}],"replies":[{"embeddable":true,"href":"https:\/\/vosgesinfo.fr\/epinalinfo\/wp-json\/wp\/v2\/comments?post=83085"}],"version-history":[{"count":0,"href":"https:\/\/vosgesinfo.fr\/epinalinfo\/wp-json\/wp\/v2\/posts\/83085\/revisions"}],"wp:featuredmedia":[{"embeddable":true,"href":"https:\/\/vosgesinfo.fr\/epinalinfo\/wp-json\/wp\/v2\/media\/83087"}],"wp:attachment":[{"href":"https:\/\/vosgesinfo.fr\/epinalinfo\/wp-json\/wp\/v2\/media?parent=83085"}],"wp:term":[{"taxonomy":"category","embeddable":true,"href":"https:\/\/vosgesinfo.fr\/epinalinfo\/wp-json\/wp\/v2\/categories?post=83085"},{"taxonomy":"post_tag","embeddable":true,"href":"https:\/\/vosgesinfo.fr\/epinalinfo\/wp-json\/wp\/v2\/tags?post=83085"}],"curies":[{"name":"wp","href":"https:\/\/api.w.org\/{rel}","templated":true}]}}