{"id":963,"date":"2023-09-11T08:03:00","date_gmt":"2023-09-11T06:03:00","guid":{"rendered":"https:\/\/vosgesinfo.fr\/epinalinfo\/2023\/09\/braquage-dun-bureau-de-tabac-a-rambervillers-les-deux-freres-devant-les-assises\/"},"modified":"2024-02-27T18:12:05","modified_gmt":"2024-02-27T17:12:05","slug":"braquage-dun-bureau-de-tabac-a-rambervillers-deux-freres-devant-assises","status":"publish","type":"post","link":"https:\/\/vosgesinfo.fr\/epinalinfo\/2023\/09\/braquage-dun-bureau-de-tabac-a-rambervillers-deux-freres-devant-assises\/","title":{"rendered":"Braquage d&rsquo;un bureau de tabac \u00e0 Rambervillers : les deux fr\u00e8res devant les assises"},"content":{"rendered":"<h2><span style=\"font-size: 14pt;\"><strong><a href=\"https:\/\/epinalinfos.fr\/wp-content\/uploads\/2023\/07\/tribunal-epinal.jpg\"><img decoding=\"async\" class=\"aligncenter size-large wp-image-221500\" src=\"https:\/\/vosgesinfo.fr\/app\/uploads\/sites\/3\/2023\/07\/tribunal-epinal.jpg\" alt=\"tribunal-epinal\" width=\"800\" height=\"602\" \/><\/a>Une nouvelle session d&rsquo;assises s&rsquo;ouvre ce lundi 11 septembre, au tribunal d\u2019\u00c9pinal. Les faits ont eu lieu en 2020. Deux fr\u00e8res de Rambervillers avaient tent\u00e9, sans succ\u00e8s, de braquer un bureau de tabac dans la commune.<\/strong> <\/span><\/h2>\n<p>Deux fr\u00e8res de 18 et 20 ans sont jug\u00e9s devant les assises des Vosges pour un braquage qui a tourn\u00e9 au fiasco. Les faits ont eu lieu en novembre 2020.<\/p>\n<p>Les fr\u00e8res originaires de Rambervillers avaient tent\u00e9 de d\u00e9rober l&rsquo;argent de la caisse du bureau de tabac de la commune : \u00ab\u00a0Le Cl\u00e9menceau\u00a0\u00bb.<\/p>\n<p>Ils avaient masqu\u00e9 leur apparence sous un masque chirurgical et une capuche et avaient menac\u00e9 le g\u00e9rant du commerce avec un pistolet.<\/p>\n<p>Le braquage n&rsquo;avait finalement pas abouti.<\/p>\n<p>Ils sont accus\u00e9s de vol avec arme et de complicit\u00e9 de vol. Le proc\u00e8s doit se poursuivre jusqu&rsquo;\u00e0 mercredi.<\/p>\n","protected":false},"excerpt":{"rendered":"<p>Une nouvelle session d&rsquo;assises s&rsquo;ouvre ce lundi 11 septembre, au tribunal d\u2019\u00c9pinal. Les faits ont eu lieu en 2020. Deux [&hellip;]<\/p>\n","protected":false},"author":52,"featured_media":962,"comment_status":"open","ping_status":"open","sticky":false,"template":"","format":"standard","meta":{"footnotes":""},"categories":[22,64,5],"tags":[441,442,320,73,75],"class_list":["post-963","post","type-post","status-publish","format-standard","has-post-thumbnail","hentry","category-a-la-une","category-justice","category-vosges","tag-assises","tag-braquage-dun-bureau-de-tabac","tag-rambervillers","tag-tribunal","tag-vosges"],"acf":[],"yoast_head":"<!-- This site is optimized with the Yoast SEO plugin v22.5 - https:\/\/yoast.com\/wordpress\/plugins\/seo\/ -->\n<title>Braquage d&#039;un bureau de tabac \u00e0 Rambervillers : les deux fr\u00e8res devant les assises - Epinal Info<\/title>\n<meta name=\"robots\" content=\"index, follow, max-snippet:-1, max-image-preview:large, max-video-preview:-1\" \/>\n<link rel=\"canonical\" href=\"https:\/\/vosgesinfo.fr\/epinalinfo\/2023\/09\/braquage-dun-bureau-de-tabac-a-rambervillers-deux-freres-devant-assises\/\" \/>\n<meta name=\"twitter:card\" content=\"summary_large_image\" \/>\n<meta name=\"twitter:title\" content=\"Braquage d&#039;un bureau de tabac \u00e0 Rambervillers : les deux fr\u00e8res devant les assises - Epinal Info\" \/>\n<meta name=\"twitter:description\" content=\"Une nouvelle session d&rsquo;assises s&rsquo;ouvre ce lundi 11 septembre, au tribunal d\u2019\u00c9pinal. Les faits ont eu lieu en 2020. Deux [&hellip;]\" \/>\n<meta name=\"twitter:image\" content=\"https:\/\/vosgesinfo.fr\/app\/uploads\/sites\/3\/2023\/07\/tribunal-epinal.jpg\" \/>\n<meta name=\"twitter:creator\" content=\"@VosgesInfo88\" \/>\n<meta name=\"twitter:site\" content=\"@VosgesInfo88\" \/>\n<meta name=\"twitter:label1\" content=\"\u00c9crit par\" \/>\n\t<meta name=\"twitter:data1\" content=\"C.K.\" \/>\n\t<meta name=\"twitter:label2\" content=\"Dur\u00e9e de lecture estim\u00e9e\" \/>\n\t<meta name=\"twitter:data2\" content=\"1 minute\" \/>\n<script type=\"application\/ld+json\" class=\"yoast-schema-graph\">{\"@context\":\"https:\/\/schema.org\",\"@graph\":[{\"@type\":\"Article\",\"@id\":\"https:\/\/vosgesinfo.fr\/epinalinfo\/2023\/09\/braquage-dun-bureau-de-tabac-a-rambervillers-deux-freres-devant-assises\/#article\",\"isPartOf\":{\"@id\":\"https:\/\/vosgesinfo.fr\/epinalinfo\/2023\/09\/braquage-dun-bureau-de-tabac-a-rambervillers-deux-freres-devant-assises\/\"},\"author\":{\"name\":\"C.K.\",\"@id\":\"https:\/\/vosgesinfo.fr\/epinalinfo\/#\/schema\/person\/6f9a650eeea99d969b6c4ab78fccbe81\"},\"headline\":\"Braquage d&rsquo;un bureau de tabac \u00e0 Rambervillers : les deux fr\u00e8res devant les assises\",\"datePublished\":\"2023-09-11T06:03:00+00:00\",\"dateModified\":\"2024-02-27T17:12:05+00:00\",\"mainEntityOfPage\":{\"@id\":\"https:\/\/vosgesinfo.fr\/epinalinfo\/2023\/09\/braquage-dun-bureau-de-tabac-a-rambervillers-deux-freres-devant-assises\/\"},\"wordCount\":159,\"commentCount\":0,\"publisher\":{\"@id\":\"https:\/\/vosgesinfo.fr\/epinalinfo\/#organization\"},\"image\":{\"@id\":\"https:\/\/vosgesinfo.fr\/epinalinfo\/2023\/09\/braquage-dun-bureau-de-tabac-a-rambervillers-deux-freres-devant-assises\/#primaryimage\"},\"thumbnailUrl\":\"https:\/\/vosgesinfo.fr\/app\/uploads\/sites\/3\/2023\/07\/tribunal-epinal.jpg\",\"keywords\":[\"assises\",\"Braquage d'un bureau de tabac\",\"Rambervillers\",\"tribunal\",\"vosges\"],\"articleSection\":[\"A la Une\",\"Justice\",\"Vosges\"],\"inLanguage\":\"fr-FR\",\"potentialAction\":[{\"@type\":\"CommentAction\",\"name\":\"Comment\",\"target\":[\"https:\/\/vosgesinfo.fr\/epinalinfo\/2023\/09\/braquage-dun-bureau-de-tabac-a-rambervillers-deux-freres-devant-assises\/#respond\"]}]},{\"@type\":\"WebPage\",\"@id\":\"https:\/\/vosgesinfo.fr\/epinalinfo\/2023\/09\/braquage-dun-bureau-de-tabac-a-rambervillers-deux-freres-devant-assises\/\",\"url\":\"https:\/\/vosgesinfo.fr\/epinalinfo\/2023\/09\/braquage-dun-bureau-de-tabac-a-rambervillers-deux-freres-devant-assises\/\",\"name\":\"Braquage d'un bureau de tabac \u00e0 Rambervillers : les deux fr\u00e8res devant les assises - Epinal Info\",\"isPartOf\":{\"@id\":\"https:\/\/vosgesinfo.fr\/epinalinfo\/#website\"},\"primaryImageOfPage\":{\"@id\":\"https:\/\/vosgesinfo.fr\/epinalinfo\/2023\/09\/braquage-dun-bureau-de-tabac-a-rambervillers-deux-freres-devant-assises\/#primaryimage\"},\"image\":{\"@id\":\"https:\/\/vosgesinfo.fr\/epinalinfo\/2023\/09\/braquage-dun-bureau-de-tabac-a-rambervillers-deux-freres-devant-assises\/#primaryimage\"},\"thumbnailUrl\":\"https:\/\/vosgesinfo.fr\/app\/uploads\/sites\/3\/2023\/07\/tribunal-epinal.jpg\",\"datePublished\":\"2023-09-11T06:03:00+00:00\",\"dateModified\":\"2024-02-27T17:12:05+00:00\",\"breadcrumb\":{\"@id\":\"https:\/\/vosgesinfo.fr\/epinalinfo\/2023\/09\/braquage-dun-bureau-de-tabac-a-rambervillers-deux-freres-devant-assises\/#breadcrumb\"},\"inLanguage\":\"fr-FR\",\"potentialAction\":[{\"@type\":\"ReadAction\",\"target\":[\"https:\/\/vosgesinfo.fr\/epinalinfo\/2023\/09\/braquage-dun-bureau-de-tabac-a-rambervillers-deux-freres-devant-assises\/\"]}]},{\"@type\":\"ImageObject\",\"inLanguage\":\"fr-FR\",\"@id\":\"https:\/\/vosgesinfo.fr\/epinalinfo\/2023\/09\/braquage-dun-bureau-de-tabac-a-rambervillers-deux-freres-devant-assises\/#primaryimage\",\"url\":\"https:\/\/vosgesinfo.fr\/app\/uploads\/sites\/3\/2023\/07\/tribunal-epinal.jpg\",\"contentUrl\":\"https:\/\/vosgesinfo.fr\/app\/uploads\/sites\/3\/2023\/07\/tribunal-epinal.jpg\",\"width\":800,\"height\":602},{\"@type\":\"BreadcrumbList\",\"@id\":\"https:\/\/vosgesinfo.fr\/epinalinfo\/2023\/09\/braquage-dun-bureau-de-tabac-a-rambervillers-deux-freres-devant-assises\/#breadcrumb\",\"itemListElement\":[{\"@type\":\"ListItem\",\"position\":1,\"name\":\"Home\",\"item\":\"https:\/\/vosgesinfo.fr\/epinalinfo\/\"},{\"@type\":\"ListItem\",\"position\":2,\"name\":\"Braquage d&rsquo;un bureau de tabac \u00e0 Rambervillers : les deux fr\u00e8res devant les assises\"}]},{\"@type\":\"WebSite\",\"@id\":\"https:\/\/vosgesinfo.fr\/epinalinfo\/#website\",\"url\":\"https:\/\/vosgesinfo.fr\/epinalinfo\/\",\"name\":\"Epinal Info\",\"description\":\"Toute l&#039;actualit\u00e9 d&#039;\u00c9pinal\",\"publisher\":{\"@id\":\"https:\/\/vosgesinfo.fr\/epinalinfo\/#organization\"},\"alternateName\":\"Toute l'actualit\u00e9 d'\u00c9pinal\",\"potentialAction\":[{\"@type\":\"SearchAction\",\"target\":{\"@type\":\"EntryPoint\",\"urlTemplate\":\"https:\/\/vosgesinfo.fr\/epinalinfo\/?s={search_term_string}\"},\"query-input\":\"required name=search_term_string\"}],\"inLanguage\":\"fr-FR\"},{\"@type\":\"Organization\",\"@id\":\"https:\/\/vosgesinfo.fr\/epinalinfo\/#organization\",\"name\":\"Epinal Info\",\"url\":\"https:\/\/vosgesinfo.fr\/epinalinfo\/\",\"logo\":{\"@type\":\"ImageObject\",\"inLanguage\":\"fr-FR\",\"@id\":\"https:\/\/vosgesinfo.fr\/epinalinfo\/#\/schema\/logo\/image\/\",\"url\":\"https:\/\/vosgesinfo.fr\/app\/uploads\/sites\/3\/2023\/08\/logo-epinalinfos.svg\",\"contentUrl\":\"https:\/\/vosgesinfo.fr\/app\/uploads\/sites\/3\/2023\/08\/logo-epinalinfos.svg\",\"width\":1,\"height\":1,\"caption\":\"Epinal Info\"},\"image\":{\"@id\":\"https:\/\/vosgesinfo.fr\/epinalinfo\/#\/schema\/logo\/image\/\"},\"sameAs\":[\"https:\/\/www.facebook.com\/Epinalinfos\",\"https:\/\/x.com\/VosgesInfo88\",\"https:\/\/www.youtube.com\/@vosgesinfo\"]},{\"@type\":\"Person\",\"@id\":\"https:\/\/vosgesinfo.fr\/epinalinfo\/#\/schema\/person\/6f9a650eeea99d969b6c4ab78fccbe81\",\"name\":\"C.K.\",\"image\":{\"@type\":\"ImageObject\",\"inLanguage\":\"fr-FR\",\"@id\":\"https:\/\/vosgesinfo.fr\/epinalinfo\/#\/schema\/person\/image\/\",\"url\":\"https:\/\/secure.gravatar.com\/avatar\/48e3fc7f8421ba8942be6b74a2b7f014ca39bc00dece156b7a8e098ae7dc87bf?s=96&d=mm&r=g\",\"contentUrl\":\"https:\/\/secure.gravatar.com\/avatar\/48e3fc7f8421ba8942be6b74a2b7f014ca39bc00dece156b7a8e098ae7dc87bf?s=96&d=mm&r=g\",\"caption\":\"C.K.\"},\"url\":\"https:\/\/vosgesinfo.fr\/epinalinfo\/author\/celia-k-n\/\"}]}<\/script>\n<!-- \/ Yoast SEO plugin. -->","yoast_head_json":{"title":"Braquage d'un bureau de tabac \u00e0 Rambervillers : les deux fr\u00e8res devant les assises - Epinal Info","robots":{"index":"index","follow":"follow","max-snippet":"max-snippet:-1","max-image-preview":"max-image-preview:large","max-video-preview":"max-video-preview:-1"},"canonical":"https:\/\/vosgesinfo.fr\/epinalinfo\/2023\/09\/braquage-dun-bureau-de-tabac-a-rambervillers-deux-freres-devant-assises\/","twitter_card":"summary_large_image","twitter_title":"Braquage d'un bureau de tabac \u00e0 Rambervillers : les deux fr\u00e8res devant les assises - Epinal Info","twitter_description":"Une nouvelle session d&rsquo;assises s&rsquo;ouvre ce lundi 11 septembre, au tribunal d\u2019\u00c9pinal. Les faits ont eu lieu en 2020. Deux [&hellip;]","twitter_image":"https:\/\/vosgesinfo.fr\/app\/uploads\/sites\/3\/2023\/07\/tribunal-epinal.jpg","twitter_creator":"@VosgesInfo88","twitter_site":"@VosgesInfo88","twitter_misc":{"\u00c9crit par":"C.K.","Dur\u00e9e de lecture estim\u00e9e":"1 minute"},"schema":{"@context":"https:\/\/schema.org","@graph":[{"@type":"Article","@id":"https:\/\/vosgesinfo.fr\/epinalinfo\/2023\/09\/braquage-dun-bureau-de-tabac-a-rambervillers-deux-freres-devant-assises\/#article","isPartOf":{"@id":"https:\/\/vosgesinfo.fr\/epinalinfo\/2023\/09\/braquage-dun-bureau-de-tabac-a-rambervillers-deux-freres-devant-assises\/"},"author":{"name":"C.K.","@id":"https:\/\/vosgesinfo.fr\/epinalinfo\/#\/schema\/person\/6f9a650eeea99d969b6c4ab78fccbe81"},"headline":"Braquage d&rsquo;un bureau de tabac \u00e0 Rambervillers : les deux fr\u00e8res devant les assises","datePublished":"2023-09-11T06:03:00+00:00","dateModified":"2024-02-27T17:12:05+00:00","mainEntityOfPage":{"@id":"https:\/\/vosgesinfo.fr\/epinalinfo\/2023\/09\/braquage-dun-bureau-de-tabac-a-rambervillers-deux-freres-devant-assises\/"},"wordCount":159,"commentCount":0,"publisher":{"@id":"https:\/\/vosgesinfo.fr\/epinalinfo\/#organization"},"image":{"@id":"https:\/\/vosgesinfo.fr\/epinalinfo\/2023\/09\/braquage-dun-bureau-de-tabac-a-rambervillers-deux-freres-devant-assises\/#primaryimage"},"thumbnailUrl":"https:\/\/vosgesinfo.fr\/app\/uploads\/sites\/3\/2023\/07\/tribunal-epinal.jpg","keywords":["assises","Braquage d'un bureau de tabac","Rambervillers","tribunal","vosges"],"articleSection":["A la Une","Justice","Vosges"],"inLanguage":"fr-FR","potentialAction":[{"@type":"CommentAction","name":"Comment","target":["https:\/\/vosgesinfo.fr\/epinalinfo\/2023\/09\/braquage-dun-bureau-de-tabac-a-rambervillers-deux-freres-devant-assises\/#respond"]}]},{"@type":"WebPage","@id":"https:\/\/vosgesinfo.fr\/epinalinfo\/2023\/09\/braquage-dun-bureau-de-tabac-a-rambervillers-deux-freres-devant-assises\/","url":"https:\/\/vosgesinfo.fr\/epinalinfo\/2023\/09\/braquage-dun-bureau-de-tabac-a-rambervillers-deux-freres-devant-assises\/","name":"Braquage d'un bureau de tabac \u00e0 Rambervillers : les deux fr\u00e8res devant les assises - Epinal Info","isPartOf":{"@id":"https:\/\/vosgesinfo.fr\/epinalinfo\/#website"},"primaryImageOfPage":{"@id":"https:\/\/vosgesinfo.fr\/epinalinfo\/2023\/09\/braquage-dun-bureau-de-tabac-a-rambervillers-deux-freres-devant-assises\/#primaryimage"},"image":{"@id":"https:\/\/vosgesinfo.fr\/epinalinfo\/2023\/09\/braquage-dun-bureau-de-tabac-a-rambervillers-deux-freres-devant-assises\/#primaryimage"},"thumbnailUrl":"https:\/\/vosgesinfo.fr\/app\/uploads\/sites\/3\/2023\/07\/tribunal-epinal.jpg","datePublished":"2023-09-11T06:03:00+00:00","dateModified":"2024-02-27T17:12:05+00:00","breadcrumb":{"@id":"https:\/\/vosgesinfo.fr\/epinalinfo\/2023\/09\/braquage-dun-bureau-de-tabac-a-rambervillers-deux-freres-devant-assises\/#breadcrumb"},"inLanguage":"fr-FR","potentialAction":[{"@type":"ReadAction","target":["https:\/\/vosgesinfo.fr\/epinalinfo\/2023\/09\/braquage-dun-bureau-de-tabac-a-rambervillers-deux-freres-devant-assises\/"]}]},{"@type":"ImageObject","inLanguage":"fr-FR","@id":"https:\/\/vosgesinfo.fr\/epinalinfo\/2023\/09\/braquage-dun-bureau-de-tabac-a-rambervillers-deux-freres-devant-assises\/#primaryimage","url":"https:\/\/vosgesinfo.fr\/app\/uploads\/sites\/3\/2023\/07\/tribunal-epinal.jpg","contentUrl":"https:\/\/vosgesinfo.fr\/app\/uploads\/sites\/3\/2023\/07\/tribunal-epinal.jpg","width":800,"height":602},{"@type":"BreadcrumbList","@id":"https:\/\/vosgesinfo.fr\/epinalinfo\/2023\/09\/braquage-dun-bureau-de-tabac-a-rambervillers-deux-freres-devant-assises\/#breadcrumb","itemListElement":[{"@type":"ListItem","position":1,"name":"Home","item":"https:\/\/vosgesinfo.fr\/epinalinfo\/"},{"@type":"ListItem","position":2,"name":"Braquage d&rsquo;un bureau de tabac \u00e0 Rambervillers : les deux fr\u00e8res devant les assises"}]},{"@type":"WebSite","@id":"https:\/\/vosgesinfo.fr\/epinalinfo\/#website","url":"https:\/\/vosgesinfo.fr\/epinalinfo\/","name":"Epinal Info","description":"Toute l&#039;actualit\u00e9 d&#039;\u00c9pinal","publisher":{"@id":"https:\/\/vosgesinfo.fr\/epinalinfo\/#organization"},"alternateName":"Toute l'actualit\u00e9 d'\u00c9pinal","potentialAction":[{"@type":"SearchAction","target":{"@type":"EntryPoint","urlTemplate":"https:\/\/vosgesinfo.fr\/epinalinfo\/?s={search_term_string}"},"query-input":"required name=search_term_string"}],"inLanguage":"fr-FR"},{"@type":"Organization","@id":"https:\/\/vosgesinfo.fr\/epinalinfo\/#organization","name":"Epinal Info","url":"https:\/\/vosgesinfo.fr\/epinalinfo\/","logo":{"@type":"ImageObject","inLanguage":"fr-FR","@id":"https:\/\/vosgesinfo.fr\/epinalinfo\/#\/schema\/logo\/image\/","url":"https:\/\/vosgesinfo.fr\/app\/uploads\/sites\/3\/2023\/08\/logo-epinalinfos.svg","contentUrl":"https:\/\/vosgesinfo.fr\/app\/uploads\/sites\/3\/2023\/08\/logo-epinalinfos.svg","width":1,"height":1,"caption":"Epinal Info"},"image":{"@id":"https:\/\/vosgesinfo.fr\/epinalinfo\/#\/schema\/logo\/image\/"},"sameAs":["https:\/\/www.facebook.com\/Epinalinfos","https:\/\/x.com\/VosgesInfo88","https:\/\/www.youtube.com\/@vosgesinfo"]},{"@type":"Person","@id":"https:\/\/vosgesinfo.fr\/epinalinfo\/#\/schema\/person\/6f9a650eeea99d969b6c4ab78fccbe81","name":"C.K.","image":{"@type":"ImageObject","inLanguage":"fr-FR","@id":"https:\/\/vosgesinfo.fr\/epinalinfo\/#\/schema\/person\/image\/","url":"https:\/\/secure.gravatar.com\/avatar\/48e3fc7f8421ba8942be6b74a2b7f014ca39bc00dece156b7a8e098ae7dc87bf?s=96&d=mm&r=g","contentUrl":"https:\/\/secure.gravatar.com\/avatar\/48e3fc7f8421ba8942be6b74a2b7f014ca39bc00dece156b7a8e098ae7dc87bf?s=96&d=mm&r=g","caption":"C.K."},"url":"https:\/\/vosgesinfo.fr\/epinalinfo\/author\/celia-k-n\/"}]}},"_links":{"self":[{"href":"https:\/\/vosgesinfo.fr\/epinalinfo\/wp-json\/wp\/v2\/posts\/963","targetHints":{"allow":["GET"]}}],"collection":[{"href":"https:\/\/vosgesinfo.fr\/epinalinfo\/wp-json\/wp\/v2\/posts"}],"about":[{"href":"https:\/\/vosgesinfo.fr\/epinalinfo\/wp-json\/wp\/v2\/types\/post"}],"author":[{"embeddable":true,"href":"https:\/\/vosgesinfo.fr\/epinalinfo\/wp-json\/wp\/v2\/users\/52"}],"replies":[{"embeddable":true,"href":"https:\/\/vosgesinfo.fr\/epinalinfo\/wp-json\/wp\/v2\/comments?post=963"}],"version-history":[{"count":1,"href":"https:\/\/vosgesinfo.fr\/epinalinfo\/wp-json\/wp\/v2\/posts\/963\/revisions"}],"predecessor-version":[{"id":37478,"href":"https:\/\/vosgesinfo.fr\/epinalinfo\/wp-json\/wp\/v2\/posts\/963\/revisions\/37478"}],"wp:featuredmedia":[{"embeddable":true,"href":"https:\/\/vosgesinfo.fr\/epinalinfo\/wp-json\/wp\/v2\/media\/962"}],"wp:attachment":[{"href":"https:\/\/vosgesinfo.fr\/epinalinfo\/wp-json\/wp\/v2\/media?parent=963"}],"wp:term":[{"taxonomy":"category","embeddable":true,"href":"https:\/\/vosgesinfo.fr\/epinalinfo\/wp-json\/wp\/v2\/categories?post=963"},{"taxonomy":"post_tag","embeddable":true,"href":"https:\/\/vosgesinfo.fr\/epinalinfo\/wp-json\/wp\/v2\/tags?post=963"}],"curies":[{"name":"wp","href":"https:\/\/api.w.org\/{rel}","templated":true}]}}