{"id":10449,"date":"2024-06-17T16:42:49","date_gmt":"2024-06-17T14:42:49","guid":{"rendered":"https:\/\/vosgesinfo.fr\/gerardmerinfo\/?p=10449"},"modified":"2024-06-17T16:42:49","modified_gmt":"2024-06-17T14:42:49","slug":"associer-les-realites-ecologiques-et-les-realites-economiques","status":"publish","type":"post","link":"https:\/\/vosgesinfo.fr\/gerardmerinfo\/2024\/06\/associer-les-realites-ecologiques-et-les-realites-economiques\/","title":{"rendered":"\u00ab\u00a0Associer les r\u00e9alit\u00e9s \u00e9cologiques et les r\u00e9alit\u00e9s \u00e9conomiques\u00a0\u00bb.."},"content":{"rendered":"\n\t\t<style type=\"text\/css\">\n\t\t\t#gallery-1 {\n\t\t\t\tmargin: auto;\n\t\t\t}\n\t\t\t#gallery-1 .gallery-item {\n\t\t\t\tfloat: left;\n\t\t\t\tmargin-top: 10px;\n\t\t\t\ttext-align: center;\n\t\t\t\twidth: 50%;\n\t\t\t}\n\t\t\t#gallery-1 img {\n\t\t\t\tborder: 2px solid #cfcfcf;\n\t\t\t}\n\t\t\t#gallery-1 .gallery-caption {\n\t\t\t\tmargin-left: 0;\n\t\t\t}\n\t\t\t\/* see gallery_shortcode() in wp-includes\/media.php *\/\n\t\t<\/style>\n\t\t<div id='gallery-1' class='gallery galleryid-10449 gallery-columns-2 gallery-size-medium'><dl class='gallery-item'>\n\t\t\t<dt class='gallery-icon portrait'>\n\t\t\t\t<a href='https:\/\/vosgesinfo.fr\/app\/uploads\/sites\/6\/2024\/06\/20240602-111759-scaled.jpg'><img decoding=\"async\" width=\"225\" height=\"300\" src=\"https:\/\/vosgesinfo.fr\/app\/uploads\/sites\/6\/2024\/06\/20240602-111759-225x300.jpg\" class=\"attachment-medium size-medium\" alt=\"\" srcset=\"https:\/\/vosgesinfo.fr\/app\/uploads\/sites\/6\/2024\/06\/20240602-111759-225x300.jpg 225w, https:\/\/vosgesinfo.fr\/app\/uploads\/sites\/6\/2024\/06\/20240602-111759-768x1024.jpg 768w, https:\/\/vosgesinfo.fr\/app\/uploads\/sites\/6\/2024\/06\/20240602-111759-1152x1536.jpg 1152w, https:\/\/vosgesinfo.fr\/app\/uploads\/sites\/6\/2024\/06\/20240602-111759-1536x2048.jpg 1536w, https:\/\/vosgesinfo.fr\/app\/uploads\/sites\/6\/2024\/06\/20240602-111759-scaled.jpg 1920w\" sizes=\"(max-width: 225px) 100vw, 225px\" \/><\/a>\n\t\t\t<\/dt><\/dl><dl class='gallery-item'>\n\t\t\t<dt class='gallery-icon portrait'>\n\t\t\t\t<a href='https:\/\/vosgesinfo.fr\/app\/uploads\/sites\/6\/2024\/06\/20240602-112747-scaled.jpg'><img decoding=\"async\" width=\"225\" height=\"300\" src=\"https:\/\/vosgesinfo.fr\/app\/uploads\/sites\/6\/2024\/06\/20240602-112747-225x300.jpg\" class=\"attachment-medium size-medium\" alt=\"\" srcset=\"https:\/\/vosgesinfo.fr\/app\/uploads\/sites\/6\/2024\/06\/20240602-112747-225x300.jpg 225w, https:\/\/vosgesinfo.fr\/app\/uploads\/sites\/6\/2024\/06\/20240602-112747-768x1024.jpg 768w, https:\/\/vosgesinfo.fr\/app\/uploads\/sites\/6\/2024\/06\/20240602-112747-1152x1536.jpg 1152w, https:\/\/vosgesinfo.fr\/app\/uploads\/sites\/6\/2024\/06\/20240602-112747-1536x2048.jpg 1536w, https:\/\/vosgesinfo.fr\/app\/uploads\/sites\/6\/2024\/06\/20240602-112747-scaled.jpg 1920w\" sizes=\"(max-width: 225px) 100vw, 225px\" \/><\/a>\n\t\t\t<\/dt><\/dl><br style=\"clear: both\" \/><dl class='gallery-item'>\n\t\t\t<dt class='gallery-icon portrait'>\n\t\t\t\t<a href='https:\/\/vosgesinfo.fr\/app\/uploads\/sites\/6\/2024\/06\/20240602-111102-scaled.jpg'><img decoding=\"async\" width=\"225\" height=\"300\" src=\"https:\/\/vosgesinfo.fr\/app\/uploads\/sites\/6\/2024\/06\/20240602-111102-225x300.jpg\" class=\"attachment-medium size-medium\" alt=\"\" srcset=\"https:\/\/vosgesinfo.fr\/app\/uploads\/sites\/6\/2024\/06\/20240602-111102-225x300.jpg 225w, https:\/\/vosgesinfo.fr\/app\/uploads\/sites\/6\/2024\/06\/20240602-111102-768x1024.jpg 768w, https:\/\/vosgesinfo.fr\/app\/uploads\/sites\/6\/2024\/06\/20240602-111102-1152x1536.jpg 1152w, https:\/\/vosgesinfo.fr\/app\/uploads\/sites\/6\/2024\/06\/20240602-111102-1536x2048.jpg 1536w, https:\/\/vosgesinfo.fr\/app\/uploads\/sites\/6\/2024\/06\/20240602-111102-scaled.jpg 1920w\" sizes=\"(max-width: 225px) 100vw, 225px\" \/><\/a>\n\t\t\t<\/dt><\/dl><dl class='gallery-item'>\n\t\t\t<dt class='gallery-icon portrait'>\n\t\t\t\t<a href='https:\/\/vosgesinfo.fr\/app\/uploads\/sites\/6\/2024\/06\/val-de-ville-2-scaled.jpg'><img decoding=\"async\" width=\"225\" height=\"300\" src=\"https:\/\/vosgesinfo.fr\/app\/uploads\/sites\/6\/2024\/06\/val-de-ville-2-225x300.jpg\" class=\"attachment-medium size-medium\" alt=\"\" srcset=\"https:\/\/vosgesinfo.fr\/app\/uploads\/sites\/6\/2024\/06\/val-de-ville-2-225x300.jpg 225w, https:\/\/vosgesinfo.fr\/app\/uploads\/sites\/6\/2024\/06\/val-de-ville-2-768x1024.jpg 768w, https:\/\/vosgesinfo.fr\/app\/uploads\/sites\/6\/2024\/06\/val-de-ville-2-1152x1536.jpg 1152w, https:\/\/vosgesinfo.fr\/app\/uploads\/sites\/6\/2024\/06\/val-de-ville-2-1536x2048.jpg 1536w, https:\/\/vosgesinfo.fr\/app\/uploads\/sites\/6\/2024\/06\/val-de-ville-2-scaled.jpg 1920w\" sizes=\"(max-width: 225px) 100vw, 225px\" \/><\/a>\n\t\t\t<\/dt><\/dl><br style=\"clear: both\" \/>\n\t\t<\/div>\n\n<p>&nbsp;<\/p>\n<p><span style=\"font-size: 12pt;\">Dans l&rsquo;Ecoterritoire du Val de Vill\u00e9, un magnifique b\u00e2timent \u00ab\u00a0bois, b\u00e9ton, verre\u00a0\u00bb , b\u00e2timent \u00e0 \u00e9nergie passive (seule une petite chaudi\u00e8re de 50 kW l&rsquo;alimente, sa conception,le soleil et les mat\u00e9riaux utilis\u00e9s font le reste ) vient d&rsquo;\u00eatre inaugur\u00e9 \u00e0 Maisonsgouttes.<\/p>\n<p><a href=\"https:\/\/vosgesinfo.fr\/app\/uploads\/sites\/6\/2024\/06\/val-de-ville-1-scaled.jpg\"><img decoding=\"async\" class=\"alignright size-medium wp-image-10451\" src=\"https:\/\/vosgesinfo.fr\/app\/uploads\/sites\/6\/2024\/06\/val-de-ville-1-225x300.jpg\" alt=\"\" width=\"225\" height=\"300\" srcset=\"https:\/\/vosgesinfo.fr\/app\/uploads\/sites\/6\/2024\/06\/val-de-ville-1-225x300.jpg 225w, https:\/\/vosgesinfo.fr\/app\/uploads\/sites\/6\/2024\/06\/val-de-ville-1-768x1024.jpg 768w, https:\/\/vosgesinfo.fr\/app\/uploads\/sites\/6\/2024\/06\/val-de-ville-1-1152x1536.jpg 1152w, https:\/\/vosgesinfo.fr\/app\/uploads\/sites\/6\/2024\/06\/val-de-ville-1-1536x2048.jpg 1536w, https:\/\/vosgesinfo.fr\/app\/uploads\/sites\/6\/2024\/06\/val-de-ville-1-scaled.jpg 1920w\" sizes=\"(max-width: 225px) 100vw, 225px\" \/><\/a>Il y accueille d\u00e9sormais les classes de maternelle, du primaire ,et les activit\u00e9s p\u00e9riscolaires pour 3 communes .<br \/>\nIl sera bient\u00f4t v\u00e9g\u00e9talis\u00e9 au maximum.<br \/>\nTout est con\u00e7u pour \u00eatre fonctionnel et initier les enfants \u00e0 un avenir construit en respectant les lois de la nature et de l&rsquo;\u00e9cologie.<\/p>\n<p>Dans le Val de Vill\u00e9 (altitude sensiblement identique \u00e0 celle de notre comcom G\u00e9rardmer-Hautes Vosges), de plus en plus de fermes passent en agriculture biologique et partagent leur exp\u00e9rience.<\/p>\n<p>L&rsquo;alimentation est un levier important pour l&rsquo;environnement et pour notre sant\u00e9 : le bilan carbone de notre alimentation est lourd (23% de notre empreinte).<\/p>\n<p><a href=\"https:\/\/vosgesinfo.fr\/app\/uploads\/sites\/6\/2024\/06\/val-de-ville-3-scaled.jpg\"><img decoding=\"async\" class=\"alignright size-medium wp-image-10450\" src=\"https:\/\/vosgesinfo.fr\/app\/uploads\/sites\/6\/2024\/06\/val-de-ville-3-225x300.jpg\" alt=\"\" width=\"225\" height=\"300\" srcset=\"https:\/\/vosgesinfo.fr\/app\/uploads\/sites\/6\/2024\/06\/val-de-ville-3-225x300.jpg 225w, https:\/\/vosgesinfo.fr\/app\/uploads\/sites\/6\/2024\/06\/val-de-ville-3-768x1024.jpg 768w, https:\/\/vosgesinfo.fr\/app\/uploads\/sites\/6\/2024\/06\/val-de-ville-3-1152x1536.jpg 1152w, https:\/\/vosgesinfo.fr\/app\/uploads\/sites\/6\/2024\/06\/val-de-ville-3-1536x2048.jpg 1536w, https:\/\/vosgesinfo.fr\/app\/uploads\/sites\/6\/2024\/06\/val-de-ville-3-scaled.jpg 1920w\" sizes=\"(max-width: 225px) 100vw, 225px\" \/><\/a>Ceci est\u00a0 d\u00e9j\u00e0 directement li\u00e9 \u00e0 une trop grande consommation de produits carn\u00e9s .<br \/>\nMieux vaut manger moins de viande mais de bonne qualit\u00e9.<br \/>\nSurtout\u00a0 en ne cautionnant pas, par nos achats, l&rsquo;\u00e9levage en batterie et son cort\u00e8ge\u00a0 :<br \/>\n&#8211; de nuisances\u00a0 sur notre sant\u00e9 (tous les m\u00e9decins nous mettent en garde sur les effets n\u00e9fastes pour notre syst\u00e8me cardio-vasculaire, de l&rsquo;abus de charcuteries et de viande rouge, a fortiori si cette viande est de mauvaise qualit\u00e9),<br \/>\n&#8211; de nuisances sur l&rsquo;environnement (pollutions par les lisiers, comme en Bretagne, et bilan CO2 d\u00e9sastreux),<br \/>\n&#8211; de souffrances animales,<br \/>\n&#8211; d&rsquo;accaparement de terres agricoles dans des pays pauvres pour nourrir nos animaux au d\u00e9triment des cultures vivri\u00e8res jadis produites sur ces terres pour leurs habitants.<br \/>\nPour faire 1 kg de viande pour nous, il faut presque 10 kg de c\u00e9r\u00e9ales,10 kg qui auraient pu nourrir d&rsquo;autres \u00eatres humains et favoriser leur autonomie alimentaire.<\/p>\n<p>Rappel &#8230;95% des porcs fran\u00e7ais sont \u00e9lev\u00e9s en batterie&#8230;privil\u00e9gions une viande\u00a0 bio (donc \u00e9lev\u00e9e en plein air) et locale .<\/p>\n<p>Le cahier des charges du label AB de l&rsquo;agriculture\u00a0 bio est exigeant et il est int\u00e9ressant de mieux conna\u00eetre celui-ci en en discutant avec un agriculteur bio.<\/p>\n<p>Le bilan carbone de notre alimentation est aussi li\u00e9\u00a0 :<br \/>\n&#8211; aux transports,<br \/>\n&#8211; aux produits transform\u00e9s (\u00e0 Breitenbach des ateliers cuisine sont mis en place pour s&rsquo;engager autour d&rsquo;une alimentation maison bio ,locale et peu co\u00fbteuse) ,<br \/>\n&#8211; aux engrais (les engrais sont un sous produit du p\u00e9trole , et, aussi contradictoire que cela puisse para\u00eetre, un produit local cultiv\u00e9 avec des engrais a un bilan carbone plus \u00e9lev\u00e9 qu&rsquo;un produit bio venant de tr\u00e8s loin),<br \/>\n-au mat\u00e9riel agricole utilis\u00e9 pour cultiver ( les \u00e9normes tracteurs ont un co\u00fbt \u00e9conomique et \u00e9cologique \u00e9normes).<\/p>\n<p>L\u00e0 encore l&rsquo;agriculture bio est un formidable r\u00e9ducteur de bilan carbone ,et ,de plus, est cr\u00e9atrice d&#8217;emplois.<\/p>\n<p>A quand un maillage de fermes bio sur chaque territoire, comme le mettent en place petit \u00e0 petit le Val de Vill\u00e9 , ou certaines associations comme<br \/>\n\u00ab\u00a0Terres de liens\u00a0\u00bb , \u00ab\u00a0FEVES\u00a0\u00bb , \u00ab\u00a0les Jardins de Cocagne\u00a0\u00bb, etc ?<\/p>\n<p>La comcom du Val de Vill\u00e9 lance 10 beaux d\u00e9fis , en particulier :<\/p>\n<p>&#8211; le d\u00e9fi \u00ab\u00a01000 maisons\u00a0\u00bb, d\u00e9j\u00e0 bien engag\u00e9 depuis un an : ce d\u00e9fi consiste \u00e0 baisser la d\u00e9pendance aux \u00e9nergies fossiles en diminuant la consommation d&rsquo;\u00e9nergie dans les b\u00e2timents, publics ou priv\u00e9s, ceci par leur isolation\u00a0 avec des mat\u00e9riaux biosourc\u00e9s, ou en rempla\u00e7ant les chaudi\u00e8res \u00e0 fuel ou gaz par du chauffage solaire, des chaudi\u00e8res \u00e0 biomasse ou des r\u00e9seaux de chaleur, ce qui induira l&rsquo;utilisation de ressources locales et renouvelables (bois,soleil).<\/p>\n<p>Un certain nombre d&rsquo;habitants ont d\u00e9j\u00e0 pu b\u00e9n\u00e9ficier des aides de l&rsquo;Ecoterritoire pour les d\u00e9marches, pour le financement et pour le choix des entreprises.<\/p>\n<p>&#8211; le d\u00e9fi \u00ab\u00a01000 cuves \u00e0 eau\u00a0\u00bb pour constituer des r\u00e9serves d&rsquo;eau, en facilitant l&rsquo;achat de ces cuves\u00a0 par les habitants, avec l&rsquo;aide financi\u00e8re \u00e0 80% par l&rsquo;agence de l&rsquo;eau Rhin-Meuse et la r\u00e9gion<br \/>\nGrand -Est.<br \/>\nNotre comcom de G\u00e9rardmer va lancer une op\u00e9ration similaire.<\/p>\n<p>D&rsquo;autres d\u00e9fis sont lanc\u00e9s..<\/p>\n<p>Quand politiques et citoyens \u0153uvrent ensemble pour la pr\u00e9servation et l&rsquo;utilisation intelligente de nos ressources ,alors<br \/>\n\u00e9conomie, \u00e9cologie et social ne s&rsquo;opposent pas, mais vont vers un projet de soci\u00e9t\u00e9 porteur d&rsquo;espoir et non d&rsquo;angoisse pour les jeunes.<\/p>\n<p>Breitenbach et sa comcom sont un exemple \u00e0 notre \u00e9chelle, et ,\u00e0 plus grande \u00e9chelle, des villes comme Fribourg en Allemagne, tout pr\u00e8s de nous aussi et ville pionni\u00e8re en \u00e9cologie depuis longtemps, comme Malm\u00f6, comme d&rsquo;autres grandes villes, en sont aussi un exemple.<\/p>\n<p><strong>Pourquoi pas nous ?<\/strong><\/p>\n<p>Et si notre comcom de G\u00e9rardmer-Hautes Vosges ou le futur d\u00e9put\u00e9 de notre circonscription , invitaient Jean-Pierre Piela (Maire de Breitenbach depuis 32 ans) pour animer ici un grand d\u00e9bat public sur :<br \/>\n\u00ab\u00a0\u00e9cologie et \u00e9conomie,l&rsquo;exp\u00e9rience de l&rsquo;Ecoterritoire du Val de Vill\u00e9 : un partenariat possible, pour se tourner vers un avenir riche de solutions ?\u00a0\u00bb<\/span><\/p>\n<p><strong>D.C<\/strong><\/p>\n","protected":false},"excerpt":{"rendered":"<p>&nbsp; Dans l&rsquo;Ecoterritoire du Val de Vill\u00e9, un magnifique b\u00e2timent \u00ab\u00a0bois, b\u00e9ton, verre\u00a0\u00bb , b\u00e2timent \u00e0 \u00e9nergie passive (seule une [&hellip;]<\/p>\n","protected":false},"author":391,"featured_media":10452,"comment_status":"open","ping_status":"open","sticky":false,"template":"","format":"standard","meta":{"footnotes":""},"categories":[20,5,7],"tags":[1310,1309],"class_list":["post-10449","post","type-post","status-publish","format-standard","has-post-thumbnail","hentry","category-a-la-une","category-economie","category-environnement","tag-ecoterritoire","tag-val-de-ville"],"acf":[],"yoast_head":"<!-- This site is optimized with the Yoast SEO plugin v22.5 - https:\/\/yoast.com\/wordpress\/plugins\/seo\/ -->\n<title>&quot;Associer les r\u00e9alit\u00e9s \u00e9cologiques et les r\u00e9alit\u00e9s \u00e9conomiques&quot;.. - Gerardmer Info<\/title>\n<meta name=\"robots\" content=\"index, follow, max-snippet:-1, max-image-preview:large, max-video-preview:-1\" \/>\n<link rel=\"canonical\" href=\"https:\/\/vosgesinfo.fr\/gerardmerinfo\/?p=10449\" \/>\n<meta name=\"twitter:card\" content=\"summary_large_image\" \/>\n<meta name=\"twitter:title\" content=\"&quot;Associer les r\u00e9alit\u00e9s \u00e9cologiques et les r\u00e9alit\u00e9s \u00e9conomiques&quot;.. - Gerardmer Info\" \/>\n<meta name=\"twitter:description\" content=\"&nbsp; Dans l&rsquo;Ecoterritoire du Val de Vill\u00e9, un magnifique b\u00e2timent \u00ab\u00a0bois, b\u00e9ton, verre\u00a0\u00bb , b\u00e2timent \u00e0 \u00e9nergie passive (seule une [&hellip;]\" \/>\n<meta name=\"twitter:creator\" content=\"@VosgesInfo88\" \/>\n<meta name=\"twitter:site\" content=\"@VosgesInfo88\" \/>\n<meta name=\"twitter:label1\" content=\"\u00c9crit par\" \/>\n\t<meta name=\"twitter:data1\" content=\"La redaction\" \/>\n\t<meta name=\"twitter:label2\" content=\"Dur\u00e9e de lecture estim\u00e9e\" \/>\n\t<meta name=\"twitter:data2\" content=\"4 minutes\" \/>\n<script type=\"application\/ld+json\" class=\"yoast-schema-graph\">{\"@context\":\"https:\/\/schema.org\",\"@graph\":[{\"@type\":\"Article\",\"@id\":\"https:\/\/vosgesinfo.fr\/gerardmerinfo\/?p=10449#article\",\"isPartOf\":{\"@id\":\"https:\/\/vosgesinfo.fr\/gerardmerinfo\/?p=10449\"},\"author\":{\"name\":\"La redaction\",\"@id\":\"https:\/\/vosgesinfo.fr\/gerardmerinfo\/#\/schema\/person\/27a3695b06db98895b354c0765cdfc31\"},\"headline\":\"\u00ab\u00a0Associer les r\u00e9alit\u00e9s \u00e9cologiques et les r\u00e9alit\u00e9s \u00e9conomiques\u00a0\u00bb..\",\"datePublished\":\"2024-06-17T14:42:49+00:00\",\"dateModified\":\"2024-06-17T14:42:49+00:00\",\"mainEntityOfPage\":{\"@id\":\"https:\/\/vosgesinfo.fr\/gerardmerinfo\/?p=10449\"},\"wordCount\":878,\"commentCount\":0,\"publisher\":{\"@id\":\"https:\/\/vosgesinfo.fr\/gerardmerinfo\/#organization\"},\"image\":{\"@id\":\"https:\/\/vosgesinfo.fr\/gerardmerinfo\/?p=10449#primaryimage\"},\"thumbnailUrl\":\"https:\/\/vosgesinfo.fr\/app\/uploads\/sites\/6\/2024\/06\/val-de-ville-2-scaled.jpg\",\"keywords\":[\"\u00e9coterritoire\",\"Val de Vill\u00e9\"],\"articleSection\":[\"A la une\",\"\u00c9conomie\",\"Environnement\"],\"inLanguage\":\"fr-FR\",\"potentialAction\":[{\"@type\":\"CommentAction\",\"name\":\"Comment\",\"target\":[\"https:\/\/vosgesinfo.fr\/gerardmerinfo\/?p=10449#respond\"]}]},{\"@type\":\"WebPage\",\"@id\":\"https:\/\/vosgesinfo.fr\/gerardmerinfo\/?p=10449\",\"url\":\"https:\/\/vosgesinfo.fr\/gerardmerinfo\/?p=10449\",\"name\":\"\\\"Associer les r\u00e9alit\u00e9s \u00e9cologiques et les r\u00e9alit\u00e9s \u00e9conomiques\\\".. - Gerardmer Info\",\"isPartOf\":{\"@id\":\"https:\/\/vosgesinfo.fr\/gerardmerinfo\/#website\"},\"primaryImageOfPage\":{\"@id\":\"https:\/\/vosgesinfo.fr\/gerardmerinfo\/?p=10449#primaryimage\"},\"image\":{\"@id\":\"https:\/\/vosgesinfo.fr\/gerardmerinfo\/?p=10449#primaryimage\"},\"thumbnailUrl\":\"https:\/\/vosgesinfo.fr\/app\/uploads\/sites\/6\/2024\/06\/val-de-ville-2-scaled.jpg\",\"datePublished\":\"2024-06-17T14:42:49+00:00\",\"dateModified\":\"2024-06-17T14:42:49+00:00\",\"breadcrumb\":{\"@id\":\"https:\/\/vosgesinfo.fr\/gerardmerinfo\/?p=10449#breadcrumb\"},\"inLanguage\":\"fr-FR\",\"potentialAction\":[{\"@type\":\"ReadAction\",\"target\":[\"https:\/\/vosgesinfo.fr\/gerardmerinfo\/?p=10449\"]}]},{\"@type\":\"ImageObject\",\"inLanguage\":\"fr-FR\",\"@id\":\"https:\/\/vosgesinfo.fr\/gerardmerinfo\/?p=10449#primaryimage\",\"url\":\"https:\/\/vosgesinfo.fr\/app\/uploads\/sites\/6\/2024\/06\/val-de-ville-2-scaled.jpg\",\"contentUrl\":\"https:\/\/vosgesinfo.fr\/app\/uploads\/sites\/6\/2024\/06\/val-de-ville-2-scaled.jpg\",\"width\":1920,\"height\":2560},{\"@type\":\"BreadcrumbList\",\"@id\":\"https:\/\/vosgesinfo.fr\/gerardmerinfo\/?p=10449#breadcrumb\",\"itemListElement\":[{\"@type\":\"ListItem\",\"position\":1,\"name\":\"Home\",\"item\":\"https:\/\/vosgesinfo.fr\/gerardmerinfo\/\"},{\"@type\":\"ListItem\",\"position\":2,\"name\":\"\u00ab\u00a0Associer les r\u00e9alit\u00e9s \u00e9cologiques et les r\u00e9alit\u00e9s \u00e9conomiques\u00a0\u00bb..\"}]},{\"@type\":\"WebSite\",\"@id\":\"https:\/\/vosgesinfo.fr\/gerardmerinfo\/#website\",\"url\":\"https:\/\/vosgesinfo.fr\/gerardmerinfo\/\",\"name\":\"Gerardmer Info\",\"description\":\"Toute l&#039;actualit\u00e9 de G\u00e9rardmer\",\"publisher\":{\"@id\":\"https:\/\/vosgesinfo.fr\/gerardmerinfo\/#organization\"},\"alternateName\":\"Toute l'actualit\u00e9 de G\u00e9rardmer\",\"potentialAction\":[{\"@type\":\"SearchAction\",\"target\":{\"@type\":\"EntryPoint\",\"urlTemplate\":\"https:\/\/vosgesinfo.fr\/gerardmerinfo\/?s={search_term_string}\"},\"query-input\":\"required name=search_term_string\"}],\"inLanguage\":\"fr-FR\"},{\"@type\":\"Organization\",\"@id\":\"https:\/\/vosgesinfo.fr\/gerardmerinfo\/#organization\",\"name\":\"Gerardmer Info\",\"url\":\"https:\/\/vosgesinfo.fr\/gerardmerinfo\/\",\"logo\":{\"@type\":\"ImageObject\",\"inLanguage\":\"fr-FR\",\"@id\":\"https:\/\/vosgesinfo.fr\/gerardmerinfo\/#\/schema\/logo\/image\/\",\"url\":\"https:\/\/vosgesinfo.fr\/app\/uploads\/sites\/6\/2023\/08\/favicon-gerardmerinfo.png\",\"contentUrl\":\"https:\/\/vosgesinfo.fr\/app\/uploads\/sites\/6\/2023\/08\/favicon-gerardmerinfo.png\",\"width\":512,\"height\":512,\"caption\":\"Gerardmer Info\"},\"image\":{\"@id\":\"https:\/\/vosgesinfo.fr\/gerardmerinfo\/#\/schema\/logo\/image\/\"},\"sameAs\":[\"https:\/\/www.facebook.com\/profile.php?id=100049475262660\",\"https:\/\/x.com\/VosgesInfo88\",\"https:\/\/www.youtube.com\/@vosgesinfo\"]},{\"@type\":\"Person\",\"@id\":\"https:\/\/vosgesinfo.fr\/gerardmerinfo\/#\/schema\/person\/27a3695b06db98895b354c0765cdfc31\",\"name\":\"La redaction\",\"image\":{\"@type\":\"ImageObject\",\"inLanguage\":\"fr-FR\",\"@id\":\"https:\/\/vosgesinfo.fr\/gerardmerinfo\/#\/schema\/person\/image\/\",\"url\":\"https:\/\/secure.gravatar.com\/avatar\/64c76a78e501cedee55736f43f332df901e1896ae9cd8fad269ae2236dd0e8b6?s=96&d=mm&r=g\",\"contentUrl\":\"https:\/\/secure.gravatar.com\/avatar\/64c76a78e501cedee55736f43f332df901e1896ae9cd8fad269ae2236dd0e8b6?s=96&d=mm&r=g\",\"caption\":\"La redaction\"},\"url\":\"https:\/\/vosgesinfo.fr\/gerardmerinfo\/author\/la-redaction\/\"}]}<\/script>\n<!-- \/ Yoast SEO plugin. -->","yoast_head_json":{"title":"\"Associer les r\u00e9alit\u00e9s \u00e9cologiques et les r\u00e9alit\u00e9s \u00e9conomiques\".. - Gerardmer Info","robots":{"index":"index","follow":"follow","max-snippet":"max-snippet:-1","max-image-preview":"max-image-preview:large","max-video-preview":"max-video-preview:-1"},"canonical":"https:\/\/vosgesinfo.fr\/gerardmerinfo\/?p=10449","twitter_card":"summary_large_image","twitter_title":"\"Associer les r\u00e9alit\u00e9s \u00e9cologiques et les r\u00e9alit\u00e9s \u00e9conomiques\".. - Gerardmer Info","twitter_description":"&nbsp; Dans l&rsquo;Ecoterritoire du Val de Vill\u00e9, un magnifique b\u00e2timent \u00ab\u00a0bois, b\u00e9ton, verre\u00a0\u00bb , b\u00e2timent \u00e0 \u00e9nergie passive (seule une [&hellip;]","twitter_creator":"@VosgesInfo88","twitter_site":"@VosgesInfo88","twitter_misc":{"\u00c9crit par":"La redaction","Dur\u00e9e de lecture estim\u00e9e":"4 minutes"},"schema":{"@context":"https:\/\/schema.org","@graph":[{"@type":"Article","@id":"https:\/\/vosgesinfo.fr\/gerardmerinfo\/?p=10449#article","isPartOf":{"@id":"https:\/\/vosgesinfo.fr\/gerardmerinfo\/?p=10449"},"author":{"name":"La redaction","@id":"https:\/\/vosgesinfo.fr\/gerardmerinfo\/#\/schema\/person\/27a3695b06db98895b354c0765cdfc31"},"headline":"\u00ab\u00a0Associer les r\u00e9alit\u00e9s \u00e9cologiques et les r\u00e9alit\u00e9s \u00e9conomiques\u00a0\u00bb..","datePublished":"2024-06-17T14:42:49+00:00","dateModified":"2024-06-17T14:42:49+00:00","mainEntityOfPage":{"@id":"https:\/\/vosgesinfo.fr\/gerardmerinfo\/?p=10449"},"wordCount":878,"commentCount":0,"publisher":{"@id":"https:\/\/vosgesinfo.fr\/gerardmerinfo\/#organization"},"image":{"@id":"https:\/\/vosgesinfo.fr\/gerardmerinfo\/?p=10449#primaryimage"},"thumbnailUrl":"https:\/\/vosgesinfo.fr\/app\/uploads\/sites\/6\/2024\/06\/val-de-ville-2-scaled.jpg","keywords":["\u00e9coterritoire","Val de Vill\u00e9"],"articleSection":["A la une","\u00c9conomie","Environnement"],"inLanguage":"fr-FR","potentialAction":[{"@type":"CommentAction","name":"Comment","target":["https:\/\/vosgesinfo.fr\/gerardmerinfo\/?p=10449#respond"]}]},{"@type":"WebPage","@id":"https:\/\/vosgesinfo.fr\/gerardmerinfo\/?p=10449","url":"https:\/\/vosgesinfo.fr\/gerardmerinfo\/?p=10449","name":"\"Associer les r\u00e9alit\u00e9s \u00e9cologiques et les r\u00e9alit\u00e9s \u00e9conomiques\".. - Gerardmer Info","isPartOf":{"@id":"https:\/\/vosgesinfo.fr\/gerardmerinfo\/#website"},"primaryImageOfPage":{"@id":"https:\/\/vosgesinfo.fr\/gerardmerinfo\/?p=10449#primaryimage"},"image":{"@id":"https:\/\/vosgesinfo.fr\/gerardmerinfo\/?p=10449#primaryimage"},"thumbnailUrl":"https:\/\/vosgesinfo.fr\/app\/uploads\/sites\/6\/2024\/06\/val-de-ville-2-scaled.jpg","datePublished":"2024-06-17T14:42:49+00:00","dateModified":"2024-06-17T14:42:49+00:00","breadcrumb":{"@id":"https:\/\/vosgesinfo.fr\/gerardmerinfo\/?p=10449#breadcrumb"},"inLanguage":"fr-FR","potentialAction":[{"@type":"ReadAction","target":["https:\/\/vosgesinfo.fr\/gerardmerinfo\/?p=10449"]}]},{"@type":"ImageObject","inLanguage":"fr-FR","@id":"https:\/\/vosgesinfo.fr\/gerardmerinfo\/?p=10449#primaryimage","url":"https:\/\/vosgesinfo.fr\/app\/uploads\/sites\/6\/2024\/06\/val-de-ville-2-scaled.jpg","contentUrl":"https:\/\/vosgesinfo.fr\/app\/uploads\/sites\/6\/2024\/06\/val-de-ville-2-scaled.jpg","width":1920,"height":2560},{"@type":"BreadcrumbList","@id":"https:\/\/vosgesinfo.fr\/gerardmerinfo\/?p=10449#breadcrumb","itemListElement":[{"@type":"ListItem","position":1,"name":"Home","item":"https:\/\/vosgesinfo.fr\/gerardmerinfo\/"},{"@type":"ListItem","position":2,"name":"\u00ab\u00a0Associer les r\u00e9alit\u00e9s \u00e9cologiques et les r\u00e9alit\u00e9s \u00e9conomiques\u00a0\u00bb.."}]},{"@type":"WebSite","@id":"https:\/\/vosgesinfo.fr\/gerardmerinfo\/#website","url":"https:\/\/vosgesinfo.fr\/gerardmerinfo\/","name":"Gerardmer Info","description":"Toute l&#039;actualit\u00e9 de G\u00e9rardmer","publisher":{"@id":"https:\/\/vosgesinfo.fr\/gerardmerinfo\/#organization"},"alternateName":"Toute l'actualit\u00e9 de G\u00e9rardmer","potentialAction":[{"@type":"SearchAction","target":{"@type":"EntryPoint","urlTemplate":"https:\/\/vosgesinfo.fr\/gerardmerinfo\/?s={search_term_string}"},"query-input":"required name=search_term_string"}],"inLanguage":"fr-FR"},{"@type":"Organization","@id":"https:\/\/vosgesinfo.fr\/gerardmerinfo\/#organization","name":"Gerardmer Info","url":"https:\/\/vosgesinfo.fr\/gerardmerinfo\/","logo":{"@type":"ImageObject","inLanguage":"fr-FR","@id":"https:\/\/vosgesinfo.fr\/gerardmerinfo\/#\/schema\/logo\/image\/","url":"https:\/\/vosgesinfo.fr\/app\/uploads\/sites\/6\/2023\/08\/favicon-gerardmerinfo.png","contentUrl":"https:\/\/vosgesinfo.fr\/app\/uploads\/sites\/6\/2023\/08\/favicon-gerardmerinfo.png","width":512,"height":512,"caption":"Gerardmer Info"},"image":{"@id":"https:\/\/vosgesinfo.fr\/gerardmerinfo\/#\/schema\/logo\/image\/"},"sameAs":["https:\/\/www.facebook.com\/profile.php?id=100049475262660","https:\/\/x.com\/VosgesInfo88","https:\/\/www.youtube.com\/@vosgesinfo"]},{"@type":"Person","@id":"https:\/\/vosgesinfo.fr\/gerardmerinfo\/#\/schema\/person\/27a3695b06db98895b354c0765cdfc31","name":"La redaction","image":{"@type":"ImageObject","inLanguage":"fr-FR","@id":"https:\/\/vosgesinfo.fr\/gerardmerinfo\/#\/schema\/person\/image\/","url":"https:\/\/secure.gravatar.com\/avatar\/64c76a78e501cedee55736f43f332df901e1896ae9cd8fad269ae2236dd0e8b6?s=96&d=mm&r=g","contentUrl":"https:\/\/secure.gravatar.com\/avatar\/64c76a78e501cedee55736f43f332df901e1896ae9cd8fad269ae2236dd0e8b6?s=96&d=mm&r=g","caption":"La redaction"},"url":"https:\/\/vosgesinfo.fr\/gerardmerinfo\/author\/la-redaction\/"}]}},"_links":{"self":[{"href":"https:\/\/vosgesinfo.fr\/gerardmerinfo\/wp-json\/wp\/v2\/posts\/10449","targetHints":{"allow":["GET"]}}],"collection":[{"href":"https:\/\/vosgesinfo.fr\/gerardmerinfo\/wp-json\/wp\/v2\/posts"}],"about":[{"href":"https:\/\/vosgesinfo.fr\/gerardmerinfo\/wp-json\/wp\/v2\/types\/post"}],"author":[{"embeddable":true,"href":"https:\/\/vosgesinfo.fr\/gerardmerinfo\/wp-json\/wp\/v2\/users\/391"}],"replies":[{"embeddable":true,"href":"https:\/\/vosgesinfo.fr\/gerardmerinfo\/wp-json\/wp\/v2\/comments?post=10449"}],"version-history":[{"count":2,"href":"https:\/\/vosgesinfo.fr\/gerardmerinfo\/wp-json\/wp\/v2\/posts\/10449\/revisions"}],"predecessor-version":[{"id":10457,"href":"https:\/\/vosgesinfo.fr\/gerardmerinfo\/wp-json\/wp\/v2\/posts\/10449\/revisions\/10457"}],"wp:featuredmedia":[{"embeddable":true,"href":"https:\/\/vosgesinfo.fr\/gerardmerinfo\/wp-json\/wp\/v2\/media\/10452"}],"wp:attachment":[{"href":"https:\/\/vosgesinfo.fr\/gerardmerinfo\/wp-json\/wp\/v2\/media?parent=10449"}],"wp:term":[{"taxonomy":"category","embeddable":true,"href":"https:\/\/vosgesinfo.fr\/gerardmerinfo\/wp-json\/wp\/v2\/categories?post=10449"},{"taxonomy":"post_tag","embeddable":true,"href":"https:\/\/vosgesinfo.fr\/gerardmerinfo\/wp-json\/wp\/v2\/tags?post=10449"}],"curies":[{"name":"wp","href":"https:\/\/api.w.org\/{rel}","templated":true}]}}