{"id":10545,"date":"2024-06-20T05:59:21","date_gmt":"2024-06-20T03:59:21","guid":{"rendered":"https:\/\/vosgesinfo.fr\/gerardmerinfo\/?p=10545"},"modified":"2024-06-19T13:43:06","modified_gmt":"2024-06-19T11:43:06","slug":"marche-bio-local-de-le-tholy-nouvelle-formule","status":"publish","type":"post","link":"https:\/\/vosgesinfo.fr\/gerardmerinfo\/2024\/06\/marche-bio-local-de-le-tholy-nouvelle-formule\/","title":{"rendered":"March\u00e9 Bio Local de Le Tholy &#8211; nouvelle formule !"},"content":{"rendered":"<p><a href=\"https:\/\/vosgesinfo.fr\/app\/uploads\/sites\/6\/2024\/06\/les-exposants-2024-credit-photo-francois-hayotte-scaled.jpg\"><img decoding=\"async\" class=\"aligncenter size-large wp-image-10546\" src=\"https:\/\/vosgesinfo.fr\/app\/uploads\/sites\/6\/2024\/06\/les-exposants-2024-credit-photo-francois-hayotte-1024x687.jpg\" alt=\"\" width=\"1024\" height=\"687\" srcset=\"https:\/\/vosgesinfo.fr\/app\/uploads\/sites\/6\/2024\/06\/les-exposants-2024-credit-photo-francois-hayotte-1024x687.jpg 1024w, https:\/\/vosgesinfo.fr\/app\/uploads\/sites\/6\/2024\/06\/les-exposants-2024-credit-photo-francois-hayotte-300x201.jpg 300w, https:\/\/vosgesinfo.fr\/app\/uploads\/sites\/6\/2024\/06\/les-exposants-2024-credit-photo-francois-hayotte-768x515.jpg 768w, https:\/\/vosgesinfo.fr\/app\/uploads\/sites\/6\/2024\/06\/les-exposants-2024-credit-photo-francois-hayotte-1536x1030.jpg 1536w, https:\/\/vosgesinfo.fr\/app\/uploads\/sites\/6\/2024\/06\/les-exposants-2024-credit-photo-francois-hayotte-2048x1374.jpg 2048w\" sizes=\"(max-width: 1024px) 100vw, 1024px\" \/><\/a><\/p>\n<p>&nbsp;<\/p>\n<p>Pour la quatri\u00e8me ann\u00e9e cons\u00e9cutive, la commune de LE THOLY organisera cet \u00e9t\u00e9 son march\u00e9 BIO LOCAL. Celui-ci se d\u00e9roulera d\u00e9sormais <b>tous les lundis de juillet et ao\u00fbt de 18h00 \u00e0 20h30 sur la toute nouvelle place du village<\/b> qui se situe devant l\u2019\u00e9glise et qui offre une vue magnifique sur la vall\u00e9e de la Cleurie et les alentours.<\/p>\n<p><a href=\"https:\/\/vosgesinfo.fr\/app\/uploads\/sites\/6\/2024\/06\/marche-bio-local-le-tholy.jpg\"><img decoding=\"async\" class=\"alignright size-medium wp-image-10548\" src=\"https:\/\/vosgesinfo.fr\/app\/uploads\/sites\/6\/2024\/06\/marche-bio-local-le-tholy-300x274.jpg\" alt=\"\" width=\"300\" height=\"274\" srcset=\"https:\/\/vosgesinfo.fr\/app\/uploads\/sites\/6\/2024\/06\/marche-bio-local-le-tholy-300x274.jpg 300w, https:\/\/vosgesinfo.fr\/app\/uploads\/sites\/6\/2024\/06\/marche-bio-local-le-tholy-1024x936.jpg 1024w, https:\/\/vosgesinfo.fr\/app\/uploads\/sites\/6\/2024\/06\/marche-bio-local-le-tholy-768x702.jpg 768w, https:\/\/vosgesinfo.fr\/app\/uploads\/sites\/6\/2024\/06\/marche-bio-local-le-tholy-1536x1405.jpg 1536w, https:\/\/vosgesinfo.fr\/app\/uploads\/sites\/6\/2024\/06\/marche-bio-local-le-tholy.jpg 1660w\" sizes=\"(max-width: 300px) 100vw, 300px\" \/><\/a>Le march\u00e9 garde son identit\u00e9 et sa volont\u00e9 de soutenir les producteurs et artisans du coin qui s\u2019engagent dans une d\u00e9marche durable, respectueuse de l\u2019Humain et de l\u2019environnement, en proposant des produits BIO LOCAUX de qualit\u00e9. Cette ann\u00e9e, le Groupement des Agriculteurs Bio des Vosges GAB 88 parraine le march\u00e9\u00a0et salue ainsi le travail des organisateurs et des producteurs pour proposer dans la r\u00e9gularit\u00e9 cette offre alimentaire et artisanale de qualit\u00e9 et du territoire.<\/p>\n<p>Durant tout l\u2019\u00e9t\u00e9, Cafrancs et touristes pourront y trouver fromages, \u0153ufs, fruits et l\u00e9gumes, glaces, plantes aromatiques et m\u00e9dicinales, bi\u00e8res et boissons fra\u00eeches, p\u00e2tes, pains, et bien d&rsquo;autres choses encore\u2026 bref, tout ce dont on a besoin pour cuisiner sainement tout en pr\u00e9servant l&rsquo;environnement et en soutenant les acteurs du territoire , le tout aux prix directs producteurs !<\/p>\n<p><a href=\"https:\/\/vosgesinfo.fr\/app\/uploads\/sites\/6\/2024\/06\/logo-vosges-bd.jpg\"><img decoding=\"async\" class=\"alignright  wp-image-10547\" src=\"https:\/\/vosgesinfo.fr\/app\/uploads\/sites\/6\/2024\/06\/logo-vosges-bd-300x237.jpg\" alt=\"\" width=\"235\" height=\"186\" srcset=\"https:\/\/vosgesinfo.fr\/app\/uploads\/sites\/6\/2024\/06\/logo-vosges-bd-300x237.jpg 300w, https:\/\/vosgesinfo.fr\/app\/uploads\/sites\/6\/2024\/06\/logo-vosges-bd.jpg 605w\" sizes=\"(max-width: 235px) 100vw, 235px\" \/><\/a>Ce march\u00e9 se veut aussi festif et convivial, sur cette toute nouvelle place, nouveau c\u0153ur battant du village o\u00f9, nous l\u2019esp\u00e9rons, les citoyens auront plaisir \u00e0 se retrouver et \u00e9changer entre eux mais aussi avec les producteurs et artisans.<\/p>\n<p>Pour favoriser ces rencontres, un espace buvette sera organis\u00e9 par des b\u00e9n\u00e9voles et des animations seront \u00e9galement propos\u00e9es tout au long de l&rsquo;\u00e9t\u00e9.<\/p>\n<p>Derni\u00e8re nouveaut\u00e9, le march\u00e9 invitera \u00e9galement chaque semaine 2 ou 3 artistes ou artisans locaux \u00e0 venir pr\u00e9senter leurs r\u00e9alisations, pour ajouter du beau au bon\u00a0!<\/p>\n<p>Pour en savoir plus, vous pouvez consulter la page FaceBook du march\u00e9 ou contacter la mairie de LE THOLY.<\/p>\n<p>Page Facebook : Les March\u00e9s Bio Le Tholy Tendon https:\/\/www.facebook.com\/profile.php?id=100069294643637<\/p>\n<p><u>Producteurs permanents pr\u00e9sents :<\/u><\/p>\n<table width=\"564\" cellspacing=\"0\" cellpadding=\"5\">\n<tbody>\n<tr valign=\"top\">\n<td width=\"245\" height=\"10\"><span style=\"color: #000000;\"><span style=\"font-family: Calibri, serif;\">LA FERME DU FOSSARD (Cleurie)<\/span><\/span><\/td>\n<td width=\"299\"><span style=\"color: #000000;\"><span style=\"font-family: Calibri, serif;\">Produits laitiers Ch\u00e8vre et vache<\/span><\/span><\/td>\n<\/tr>\n<tr valign=\"top\">\n<td width=\"245\" height=\"10\"><span style=\"color: #000000;\"><span style=\"font-family: Calibri, serif;\">LA FERME DU HAZARD (Gerb\u00e9pal)<\/span><\/span><\/td>\n<td width=\"299\"><span style=\"color: #000000;\"><span style=\"font-family: Calibri, serif;\">L\u00e9gumes, fruits, glaces, confitures, sirops<\/span><\/span><\/td>\n<\/tr>\n<tr valign=\"top\">\n<td width=\"245\" height=\"10\"><span style=\"color: #000000;\"><span style=\"font-family: Calibri, serif;\">GAEC FAING LA BICHE (Le Tholy)<\/span><\/span><\/td>\n<td width=\"299\"><span style=\"color: #000000;\"><span style=\"font-family: Calibri, serif;\">Oeufs<\/span><\/span><\/td>\n<\/tr>\n<tr valign=\"top\">\n<td width=\"245\" height=\"10\"><span style=\"color: #000000;\"><span style=\"font-family: Calibri, serif;\">LE PAIN DES HAUTS (Le Girmont)<\/span><\/span><\/td>\n<td width=\"299\"><span style=\"color: #000000;\"><span style=\"font-family: Calibri, serif;\">Pain<\/span><\/span><\/td>\n<\/tr>\n<tr valign=\"top\">\n<td width=\"245\" height=\"30\"><span style=\"color: #000000;\"><span style=\"font-family: Calibri, serif;\">CHAPEAU DE PAILLE ET BOTTES DE PLUIE (Le Tholy)<\/span><\/span><\/td>\n<td width=\"299\"><span style=\"color: #000000;\"><span style=\"font-family: Calibri, serif;\">Tisanes, aromates, condiments confitures, gel\u00e9es, sirops, biscuits sal\u00e9s et sucr\u00e9s<\/span><\/span><\/td>\n<\/tr>\n<tr valign=\"top\">\n<td width=\"245\" height=\"10\"><span style=\"color: #000000;\"><span style=\"font-family: Calibri, serif;\">CHEVRERIE DU GRAND ROUILLIER<\/span><\/span><\/p>\n<p><span style=\"color: #000000;\"><span style=\"font-family: Calibri, serif;\">(La Forge)<\/span><\/span><\/td>\n<td width=\"299\"><span style=\"color: #000000;\"><span style=\"font-family: Calibri, serif;\">Produits laitiers Ch\u00e8vre<\/span><\/span><\/td>\n<\/tr>\n<tr valign=\"top\">\n<td width=\"245\" height=\"10\"><span style=\"color: #000000;\"><span style=\"font-family: Calibri, serif;\">L\u2019ATELIER DES FERMENTEURS (Cleurie)<\/span><\/span><\/td>\n<td width=\"299\"><span style=\"color: #000000;\"><span style=\"font-family: Calibri, serif;\">Bi\u00e8res et Kombucha (boisson ferment\u00e9e)<\/span><\/span><\/td>\n<\/tr>\n<tr valign=\"top\">\n<td width=\"245\" height=\"10\"><span style=\"color: #000000;\"><span style=\"font-family: Calibri, serif;\">FAN DE COLIMONT (La Chapelle-devant-Bruy\u00e8res)<\/span><\/span><\/td>\n<td width=\"299\"><span style=\"color: #000000;\"><span style=\"font-family: Calibri, serif;\">P\u00e2tes fra\u00eeches et s\u00e8ches<\/span><\/span><\/td>\n<\/tr>\n<tr valign=\"top\">\n<td width=\"245\" height=\"10\"><span style=\"color: #000000;\"><span style=\"font-family: Calibri, serif;\">829 SAVONNERIE (Le Haut du T\u00f4t)<\/span><\/span><\/td>\n<td width=\"299\"><span style=\"color: #000000;\"><span style=\"font-family: Calibri, serif;\">Savons, cosm\u00e9tiques, laine<\/span><\/span><\/td>\n<\/tr>\n<\/tbody>\n<\/table>\n<p><span style=\"color: #000000;\"><span style=\"font-family: Calibri, serif;\"><span lang=\"en-US\">FOOD IS NOT DEAD (St-Am\u00e9) Petite restauration sur place ou \u00e0 emporter<\/span><\/span><\/span><\/p>\n<p><span lang=\"en-US\"><u>Contacts\u00a0:<\/u><\/span><\/p>\n<p><span lang=\"en-US\">Organisation march\u00e9\u00a0: Nicolas BERARD 06 07 17 16 80 \/ chapeaudepailleetbottesdepluie@gmail.com<\/span><\/p>\n<p><span lang=\"en-US\">Organisation Animat<\/span>ions\u00a0: R\u00e9gine SCHMIT 07 82 55 25 50<\/p>\n<p>Organisation technique\u00a0: Guy GEHIN 06 78 78 91 96<\/p>\n","protected":false},"excerpt":{"rendered":"<p>&nbsp; Pour la quatri\u00e8me ann\u00e9e cons\u00e9cutive, la commune de LE THOLY organisera cet \u00e9t\u00e9 son march\u00e9 BIO LOCAL. Celui-ci se [&hellip;]<\/p>\n","protected":false},"author":42,"featured_media":10546,"comment_status":"open","ping_status":"open","sticky":false,"template":"","format":"standard","meta":{"footnotes":""},"categories":[20,23,17,18],"tags":[471,1320,432,1319,1321],"class_list":["post-10545","post","type-post","status-publish","format-standard","has-post-thumbnail","hentry","category-a-la-une","category-agriculture","category-vie-associative","category-vosges","tag-471","tag-gab-88","tag-le-tholy","tag-marche-bio","tag-savonnerie"],"acf":[],"yoast_head":"<!-- This site is optimized with the Yoast SEO plugin v22.5 - https:\/\/yoast.com\/wordpress\/plugins\/seo\/ -->\n<title>March\u00e9 Bio Local de Le Tholy - nouvelle formule ! - Gerardmer Info<\/title>\n<meta name=\"robots\" content=\"index, follow, max-snippet:-1, max-image-preview:large, max-video-preview:-1\" \/>\n<link rel=\"canonical\" href=\"https:\/\/vosgesinfo.fr\/gerardmerinfo\/?p=10545\" \/>\n<meta name=\"twitter:card\" content=\"summary_large_image\" \/>\n<meta name=\"twitter:title\" content=\"March\u00e9 Bio Local de Le Tholy - nouvelle formule ! - Gerardmer Info\" \/>\n<meta name=\"twitter:description\" content=\"&nbsp; Pour la quatri\u00e8me ann\u00e9e cons\u00e9cutive, la commune de LE THOLY organisera cet \u00e9t\u00e9 son march\u00e9 BIO LOCAL. Celui-ci se [&hellip;]\" \/>\n<meta name=\"twitter:image\" content=\"https:\/\/vosgesinfo.fr\/app\/uploads\/sites\/6\/2024\/06\/les-exposants-2024-credit-photo-francois-hayotte-1024x687.jpg\" \/>\n<meta name=\"twitter:creator\" content=\"@VosgesInfo88\" \/>\n<meta name=\"twitter:site\" content=\"@VosgesInfo88\" \/>\n<meta name=\"twitter:label1\" content=\"\u00c9crit par\" \/>\n\t<meta name=\"twitter:data1\" content=\"QG\" \/>\n\t<meta name=\"twitter:label2\" content=\"Dur\u00e9e de lecture estim\u00e9e\" \/>\n\t<meta name=\"twitter:data2\" content=\"2 minutes\" \/>\n<script type=\"application\/ld+json\" class=\"yoast-schema-graph\">{\"@context\":\"https:\/\/schema.org\",\"@graph\":[{\"@type\":\"Article\",\"@id\":\"https:\/\/vosgesinfo.fr\/gerardmerinfo\/?p=10545#article\",\"isPartOf\":{\"@id\":\"https:\/\/vosgesinfo.fr\/gerardmerinfo\/?p=10545\"},\"author\":{\"name\":\"QG\",\"@id\":\"https:\/\/vosgesinfo.fr\/gerardmerinfo\/#\/schema\/person\/db5605779a843dad16b5368f3e7613a5\"},\"headline\":\"March\u00e9 Bio Local de Le Tholy &#8211; nouvelle formule !\",\"datePublished\":\"2024-06-20T03:59:21+00:00\",\"dateModified\":\"2024-06-19T11:43:06+00:00\",\"mainEntityOfPage\":{\"@id\":\"https:\/\/vosgesinfo.fr\/gerardmerinfo\/?p=10545\"},\"wordCount\":487,\"commentCount\":0,\"publisher\":{\"@id\":\"https:\/\/vosgesinfo.fr\/gerardmerinfo\/#organization\"},\"image\":{\"@id\":\"https:\/\/vosgesinfo.fr\/gerardmerinfo\/?p=10545#primaryimage\"},\"thumbnailUrl\":\"https:\/\/vosgesinfo.fr\/app\/uploads\/sites\/6\/2024\/06\/les-exposants-2024-credit-photo-francois-hayotte-scaled.jpg\",\"keywords\":[\"829\",\"GAB 88\",\"Le Tholy\",\"march\u00e9 bio\",\"savonnerie\"],\"articleSection\":[\"A la une\",\"agriculture\",\"Vie Associative\",\"Vosges\"],\"inLanguage\":\"fr-FR\",\"potentialAction\":[{\"@type\":\"CommentAction\",\"name\":\"Comment\",\"target\":[\"https:\/\/vosgesinfo.fr\/gerardmerinfo\/?p=10545#respond\"]}]},{\"@type\":\"WebPage\",\"@id\":\"https:\/\/vosgesinfo.fr\/gerardmerinfo\/?p=10545\",\"url\":\"https:\/\/vosgesinfo.fr\/gerardmerinfo\/?p=10545\",\"name\":\"March\u00e9 Bio Local de Le Tholy - nouvelle formule ! - Gerardmer Info\",\"isPartOf\":{\"@id\":\"https:\/\/vosgesinfo.fr\/gerardmerinfo\/#website\"},\"primaryImageOfPage\":{\"@id\":\"https:\/\/vosgesinfo.fr\/gerardmerinfo\/?p=10545#primaryimage\"},\"image\":{\"@id\":\"https:\/\/vosgesinfo.fr\/gerardmerinfo\/?p=10545#primaryimage\"},\"thumbnailUrl\":\"https:\/\/vosgesinfo.fr\/app\/uploads\/sites\/6\/2024\/06\/les-exposants-2024-credit-photo-francois-hayotte-scaled.jpg\",\"datePublished\":\"2024-06-20T03:59:21+00:00\",\"dateModified\":\"2024-06-19T11:43:06+00:00\",\"breadcrumb\":{\"@id\":\"https:\/\/vosgesinfo.fr\/gerardmerinfo\/?p=10545#breadcrumb\"},\"inLanguage\":\"fr-FR\",\"potentialAction\":[{\"@type\":\"ReadAction\",\"target\":[\"https:\/\/vosgesinfo.fr\/gerardmerinfo\/?p=10545\"]}]},{\"@type\":\"ImageObject\",\"inLanguage\":\"fr-FR\",\"@id\":\"https:\/\/vosgesinfo.fr\/gerardmerinfo\/?p=10545#primaryimage\",\"url\":\"https:\/\/vosgesinfo.fr\/app\/uploads\/sites\/6\/2024\/06\/les-exposants-2024-credit-photo-francois-hayotte-scaled.jpg\",\"contentUrl\":\"https:\/\/vosgesinfo.fr\/app\/uploads\/sites\/6\/2024\/06\/les-exposants-2024-credit-photo-francois-hayotte-scaled.jpg\",\"width\":2560,\"height\":1717},{\"@type\":\"BreadcrumbList\",\"@id\":\"https:\/\/vosgesinfo.fr\/gerardmerinfo\/?p=10545#breadcrumb\",\"itemListElement\":[{\"@type\":\"ListItem\",\"position\":1,\"name\":\"Home\",\"item\":\"https:\/\/vosgesinfo.fr\/gerardmerinfo\/\"},{\"@type\":\"ListItem\",\"position\":2,\"name\":\"March\u00e9 Bio Local de Le Tholy &#8211; nouvelle formule !\"}]},{\"@type\":\"WebSite\",\"@id\":\"https:\/\/vosgesinfo.fr\/gerardmerinfo\/#website\",\"url\":\"https:\/\/vosgesinfo.fr\/gerardmerinfo\/\",\"name\":\"Gerardmer Info\",\"description\":\"Toute l&#039;actualit\u00e9 de G\u00e9rardmer\",\"publisher\":{\"@id\":\"https:\/\/vosgesinfo.fr\/gerardmerinfo\/#organization\"},\"alternateName\":\"Toute l'actualit\u00e9 de G\u00e9rardmer\",\"potentialAction\":[{\"@type\":\"SearchAction\",\"target\":{\"@type\":\"EntryPoint\",\"urlTemplate\":\"https:\/\/vosgesinfo.fr\/gerardmerinfo\/?s={search_term_string}\"},\"query-input\":\"required name=search_term_string\"}],\"inLanguage\":\"fr-FR\"},{\"@type\":\"Organization\",\"@id\":\"https:\/\/vosgesinfo.fr\/gerardmerinfo\/#organization\",\"name\":\"Gerardmer Info\",\"url\":\"https:\/\/vosgesinfo.fr\/gerardmerinfo\/\",\"logo\":{\"@type\":\"ImageObject\",\"inLanguage\":\"fr-FR\",\"@id\":\"https:\/\/vosgesinfo.fr\/gerardmerinfo\/#\/schema\/logo\/image\/\",\"url\":\"https:\/\/vosgesinfo.fr\/app\/uploads\/sites\/6\/2023\/08\/favicon-gerardmerinfo.png\",\"contentUrl\":\"https:\/\/vosgesinfo.fr\/app\/uploads\/sites\/6\/2023\/08\/favicon-gerardmerinfo.png\",\"width\":512,\"height\":512,\"caption\":\"Gerardmer Info\"},\"image\":{\"@id\":\"https:\/\/vosgesinfo.fr\/gerardmerinfo\/#\/schema\/logo\/image\/\"},\"sameAs\":[\"https:\/\/www.facebook.com\/profile.php?id=100049475262660\",\"https:\/\/x.com\/VosgesInfo88\",\"https:\/\/www.youtube.com\/@vosgesinfo\"]},{\"@type\":\"Person\",\"@id\":\"https:\/\/vosgesinfo.fr\/gerardmerinfo\/#\/schema\/person\/db5605779a843dad16b5368f3e7613a5\",\"name\":\"QG\",\"image\":{\"@type\":\"ImageObject\",\"inLanguage\":\"fr-FR\",\"@id\":\"https:\/\/vosgesinfo.fr\/gerardmerinfo\/#\/schema\/person\/image\/\",\"url\":\"https:\/\/secure.gravatar.com\/avatar\/ea80c42c204b534408512832fde52504ecabb9706bcb6151cf6175e5b64e6793?s=96&d=mm&r=g\",\"contentUrl\":\"https:\/\/secure.gravatar.com\/avatar\/ea80c42c204b534408512832fde52504ecabb9706bcb6151cf6175e5b64e6793?s=96&d=mm&r=g\",\"caption\":\"QG\"},\"url\":\"https:\/\/vosgesinfo.fr\/gerardmerinfo\/author\/quentin88\/\"}]}<\/script>\n<!-- \/ Yoast SEO plugin. -->","yoast_head_json":{"title":"March\u00e9 Bio Local de Le Tholy - nouvelle formule ! - Gerardmer Info","robots":{"index":"index","follow":"follow","max-snippet":"max-snippet:-1","max-image-preview":"max-image-preview:large","max-video-preview":"max-video-preview:-1"},"canonical":"https:\/\/vosgesinfo.fr\/gerardmerinfo\/?p=10545","twitter_card":"summary_large_image","twitter_title":"March\u00e9 Bio Local de Le Tholy - nouvelle formule ! - Gerardmer Info","twitter_description":"&nbsp; Pour la quatri\u00e8me ann\u00e9e cons\u00e9cutive, la commune de LE THOLY organisera cet \u00e9t\u00e9 son march\u00e9 BIO LOCAL. Celui-ci se [&hellip;]","twitter_image":"https:\/\/vosgesinfo.fr\/app\/uploads\/sites\/6\/2024\/06\/les-exposants-2024-credit-photo-francois-hayotte-1024x687.jpg","twitter_creator":"@VosgesInfo88","twitter_site":"@VosgesInfo88","twitter_misc":{"\u00c9crit par":"QG","Dur\u00e9e de lecture estim\u00e9e":"2 minutes"},"schema":{"@context":"https:\/\/schema.org","@graph":[{"@type":"Article","@id":"https:\/\/vosgesinfo.fr\/gerardmerinfo\/?p=10545#article","isPartOf":{"@id":"https:\/\/vosgesinfo.fr\/gerardmerinfo\/?p=10545"},"author":{"name":"QG","@id":"https:\/\/vosgesinfo.fr\/gerardmerinfo\/#\/schema\/person\/db5605779a843dad16b5368f3e7613a5"},"headline":"March\u00e9 Bio Local de Le Tholy &#8211; nouvelle formule !","datePublished":"2024-06-20T03:59:21+00:00","dateModified":"2024-06-19T11:43:06+00:00","mainEntityOfPage":{"@id":"https:\/\/vosgesinfo.fr\/gerardmerinfo\/?p=10545"},"wordCount":487,"commentCount":0,"publisher":{"@id":"https:\/\/vosgesinfo.fr\/gerardmerinfo\/#organization"},"image":{"@id":"https:\/\/vosgesinfo.fr\/gerardmerinfo\/?p=10545#primaryimage"},"thumbnailUrl":"https:\/\/vosgesinfo.fr\/app\/uploads\/sites\/6\/2024\/06\/les-exposants-2024-credit-photo-francois-hayotte-scaled.jpg","keywords":["829","GAB 88","Le Tholy","march\u00e9 bio","savonnerie"],"articleSection":["A la une","agriculture","Vie Associative","Vosges"],"inLanguage":"fr-FR","potentialAction":[{"@type":"CommentAction","name":"Comment","target":["https:\/\/vosgesinfo.fr\/gerardmerinfo\/?p=10545#respond"]}]},{"@type":"WebPage","@id":"https:\/\/vosgesinfo.fr\/gerardmerinfo\/?p=10545","url":"https:\/\/vosgesinfo.fr\/gerardmerinfo\/?p=10545","name":"March\u00e9 Bio Local de Le Tholy - nouvelle formule ! - Gerardmer Info","isPartOf":{"@id":"https:\/\/vosgesinfo.fr\/gerardmerinfo\/#website"},"primaryImageOfPage":{"@id":"https:\/\/vosgesinfo.fr\/gerardmerinfo\/?p=10545#primaryimage"},"image":{"@id":"https:\/\/vosgesinfo.fr\/gerardmerinfo\/?p=10545#primaryimage"},"thumbnailUrl":"https:\/\/vosgesinfo.fr\/app\/uploads\/sites\/6\/2024\/06\/les-exposants-2024-credit-photo-francois-hayotte-scaled.jpg","datePublished":"2024-06-20T03:59:21+00:00","dateModified":"2024-06-19T11:43:06+00:00","breadcrumb":{"@id":"https:\/\/vosgesinfo.fr\/gerardmerinfo\/?p=10545#breadcrumb"},"inLanguage":"fr-FR","potentialAction":[{"@type":"ReadAction","target":["https:\/\/vosgesinfo.fr\/gerardmerinfo\/?p=10545"]}]},{"@type":"ImageObject","inLanguage":"fr-FR","@id":"https:\/\/vosgesinfo.fr\/gerardmerinfo\/?p=10545#primaryimage","url":"https:\/\/vosgesinfo.fr\/app\/uploads\/sites\/6\/2024\/06\/les-exposants-2024-credit-photo-francois-hayotte-scaled.jpg","contentUrl":"https:\/\/vosgesinfo.fr\/app\/uploads\/sites\/6\/2024\/06\/les-exposants-2024-credit-photo-francois-hayotte-scaled.jpg","width":2560,"height":1717},{"@type":"BreadcrumbList","@id":"https:\/\/vosgesinfo.fr\/gerardmerinfo\/?p=10545#breadcrumb","itemListElement":[{"@type":"ListItem","position":1,"name":"Home","item":"https:\/\/vosgesinfo.fr\/gerardmerinfo\/"},{"@type":"ListItem","position":2,"name":"March\u00e9 Bio Local de Le Tholy &#8211; nouvelle formule !"}]},{"@type":"WebSite","@id":"https:\/\/vosgesinfo.fr\/gerardmerinfo\/#website","url":"https:\/\/vosgesinfo.fr\/gerardmerinfo\/","name":"Gerardmer Info","description":"Toute l&#039;actualit\u00e9 de G\u00e9rardmer","publisher":{"@id":"https:\/\/vosgesinfo.fr\/gerardmerinfo\/#organization"},"alternateName":"Toute l'actualit\u00e9 de G\u00e9rardmer","potentialAction":[{"@type":"SearchAction","target":{"@type":"EntryPoint","urlTemplate":"https:\/\/vosgesinfo.fr\/gerardmerinfo\/?s={search_term_string}"},"query-input":"required name=search_term_string"}],"inLanguage":"fr-FR"},{"@type":"Organization","@id":"https:\/\/vosgesinfo.fr\/gerardmerinfo\/#organization","name":"Gerardmer Info","url":"https:\/\/vosgesinfo.fr\/gerardmerinfo\/","logo":{"@type":"ImageObject","inLanguage":"fr-FR","@id":"https:\/\/vosgesinfo.fr\/gerardmerinfo\/#\/schema\/logo\/image\/","url":"https:\/\/vosgesinfo.fr\/app\/uploads\/sites\/6\/2023\/08\/favicon-gerardmerinfo.png","contentUrl":"https:\/\/vosgesinfo.fr\/app\/uploads\/sites\/6\/2023\/08\/favicon-gerardmerinfo.png","width":512,"height":512,"caption":"Gerardmer Info"},"image":{"@id":"https:\/\/vosgesinfo.fr\/gerardmerinfo\/#\/schema\/logo\/image\/"},"sameAs":["https:\/\/www.facebook.com\/profile.php?id=100049475262660","https:\/\/x.com\/VosgesInfo88","https:\/\/www.youtube.com\/@vosgesinfo"]},{"@type":"Person","@id":"https:\/\/vosgesinfo.fr\/gerardmerinfo\/#\/schema\/person\/db5605779a843dad16b5368f3e7613a5","name":"QG","image":{"@type":"ImageObject","inLanguage":"fr-FR","@id":"https:\/\/vosgesinfo.fr\/gerardmerinfo\/#\/schema\/person\/image\/","url":"https:\/\/secure.gravatar.com\/avatar\/ea80c42c204b534408512832fde52504ecabb9706bcb6151cf6175e5b64e6793?s=96&d=mm&r=g","contentUrl":"https:\/\/secure.gravatar.com\/avatar\/ea80c42c204b534408512832fde52504ecabb9706bcb6151cf6175e5b64e6793?s=96&d=mm&r=g","caption":"QG"},"url":"https:\/\/vosgesinfo.fr\/gerardmerinfo\/author\/quentin88\/"}]}},"_links":{"self":[{"href":"https:\/\/vosgesinfo.fr\/gerardmerinfo\/wp-json\/wp\/v2\/posts\/10545","targetHints":{"allow":["GET"]}}],"collection":[{"href":"https:\/\/vosgesinfo.fr\/gerardmerinfo\/wp-json\/wp\/v2\/posts"}],"about":[{"href":"https:\/\/vosgesinfo.fr\/gerardmerinfo\/wp-json\/wp\/v2\/types\/post"}],"author":[{"embeddable":true,"href":"https:\/\/vosgesinfo.fr\/gerardmerinfo\/wp-json\/wp\/v2\/users\/42"}],"replies":[{"embeddable":true,"href":"https:\/\/vosgesinfo.fr\/gerardmerinfo\/wp-json\/wp\/v2\/comments?post=10545"}],"version-history":[{"count":1,"href":"https:\/\/vosgesinfo.fr\/gerardmerinfo\/wp-json\/wp\/v2\/posts\/10545\/revisions"}],"predecessor-version":[{"id":10549,"href":"https:\/\/vosgesinfo.fr\/gerardmerinfo\/wp-json\/wp\/v2\/posts\/10545\/revisions\/10549"}],"wp:featuredmedia":[{"embeddable":true,"href":"https:\/\/vosgesinfo.fr\/gerardmerinfo\/wp-json\/wp\/v2\/media\/10546"}],"wp:attachment":[{"href":"https:\/\/vosgesinfo.fr\/gerardmerinfo\/wp-json\/wp\/v2\/media?parent=10545"}],"wp:term":[{"taxonomy":"category","embeddable":true,"href":"https:\/\/vosgesinfo.fr\/gerardmerinfo\/wp-json\/wp\/v2\/categories?post=10545"},{"taxonomy":"post_tag","embeddable":true,"href":"https:\/\/vosgesinfo.fr\/gerardmerinfo\/wp-json\/wp\/v2\/tags?post=10545"}],"curies":[{"name":"wp","href":"https:\/\/api.w.org\/{rel}","templated":true}]}}