{"id":10563,"date":"2024-06-22T05:57:28","date_gmt":"2024-06-22T03:57:28","guid":{"rendered":"https:\/\/vosgesinfo.fr\/gerardmerinfo\/?p=10563"},"modified":"2024-06-20T10:37:32","modified_gmt":"2024-06-20T08:37:32","slug":"animation-randonnee-musicale-samedi-6-juillet","status":"publish","type":"post","link":"https:\/\/vosgesinfo.fr\/gerardmerinfo\/2024\/06\/animation-randonnee-musicale-samedi-6-juillet\/","title":{"rendered":"Animation randonn\u00e9e musicale samedi 6 juillet"},"content":{"rendered":"<p>La m\u00e9diath\u00e8que et l&rsquo;\u00e9cole de musique vous propose une nouvelle animation cet \u00e9t\u00e9 :<\/p>\n<div class=\"x_html-div x_xe8uvvx x_xdj266r x_x11i5rnm x_xat24cr x_x1mh8g0r x_xexx8yu x_x4uap5 x_x18d9i69 x_xkhd6sd\" dir=\"auto\">\n<div id=\"x_:r5c:\" class=\"x_x1iorvi4 x_x1pi30zi x_x1l90r2v x_x1swvt13\">\n<div class=\"x_x78zum5 x_xdt5ytf x_xz62fqu x_x16ldp7u\">\n<div class=\"x_xu06os2 x_x1ok221b\">\n<div class=\"x_xdj266r x_x11i5rnm x_xat24cr x_x1mh8g0r x_x1vvkbs x_x126k92a\">\n<div dir=\"auto\"><a href=\"https:\/\/vosgesinfo.fr\/app\/uploads\/sites\/6\/2024\/06\/randomusicale.png\"><img decoding=\"async\" class=\"alignright size-medium wp-image-10564\" src=\"https:\/\/vosgesinfo.fr\/app\/uploads\/sites\/6\/2024\/06\/randomusicale-212x300.png\" alt=\"\" width=\"212\" height=\"300\" srcset=\"https:\/\/vosgesinfo.fr\/app\/uploads\/sites\/6\/2024\/06\/randomusicale-212x300.png 212w, https:\/\/vosgesinfo.fr\/app\/uploads\/sites\/6\/2024\/06\/randomusicale-724x1024.png 724w, https:\/\/vosgesinfo.fr\/app\/uploads\/sites\/6\/2024\/06\/randomusicale-768x1086.png 768w, https:\/\/vosgesinfo.fr\/app\/uploads\/sites\/6\/2024\/06\/randomusicale-1086x1536.png 1086w, https:\/\/vosgesinfo.fr\/app\/uploads\/sites\/6\/2024\/06\/randomusicale-1448x2048.png 1448w, https:\/\/vosgesinfo.fr\/app\/uploads\/sites\/6\/2024\/06\/randomusicale.png 1587w\" sizes=\"(max-width: 212px) 100vw, 212px\" \/><\/a>Randonn\u00e9e Musicale\u00a0<span class=\"x_html-span x_xexx8yu x_x4uap5 x_x18d9i69 x_xkhd6sd x_x1hl2dhg x_x16tdsg8 x_x1vvkbs x_x3nfvp2 x_x1j61x8r x_x1fcty0u x_xdj266r x_xat24cr x_xgzva0m x_xhhsvwb x_xxymvpz x_xlup9mm x_x1kky2od\"><\/p>\n<p>Le <\/span><span class=\"x_html-span x_xexx8yu x_x4uap5 x_x18d9i69 x_xkhd6sd x_x1hl2dhg x_x16tdsg8 x_x1vvkbs x_x3nfvp2 x_x1j61x8r x_x1fcty0u x_xdj266r x_xat24cr x_xgzva0m x_xhhsvwb x_xxymvpz x_xlup9mm x_x1kky2od\"><span class=\"x_x193iq5w x_xeuugli x_x13faqbe x_x1vvkbs x_x1xmvt09 x_x1lliihq x_x1s928wv x_xhkezso x_x1gmr53x x_x1cpjm7i x_x1fgarty x_x1943h6x x_xudqn12 x_x3x7a5m x_x6prxxf x_xvq8zen x_xo1l8bm x_xzsf02u x_x1yc453h\" dir=\"auto\">samedi 6 juillet \u00e0 14 h 30<\/span><\/p>\n<p><\/span><span class=\"x_html-span x_xexx8yu x_x4uap5 x_x18d9i69 x_xkhd6sd x_x1hl2dhg x_x16tdsg8 x_x1vvkbs x_x3nfvp2 x_x1j61x8r x_x1fcty0u x_xdj266r x_xat24cr x_xgzva0m x_xhhsvwb x_xxymvpz x_xlup9mm x_x1kky2od\"><span class=\"x_x193iq5w x_xeuugli x_x13faqbe x_x1vvkbs x_x1xmvt09 x_x1lliihq x_x1s928wv x_xhkezso x_x1gmr53x x_x1cpjm7i x_x1fgarty x_x1943h6x x_xudqn12 x_x3x7a5m x_x6prxxf x_xvq8zen x_xo1l8bm x_xzsf02u x_x1yc453h\" dir=\"auto\">Des ponctuations musicales au cours d&rsquo;une balade \u00e0 Li\u00e9zey sur sentier des \u00e9coliers.<\/span><\/p>\n<p><\/span><\/div>\n<div dir=\"auto\">En partenariat avec les classes de cuivres de l\u2019\u00c9cole de musique intercommunale.<\/p>\n<\/div>\n<div dir=\"auto\">D\u00e9part de l&rsquo;auberge de Li\u00e9zey.<\/div>\n<div dir=\"auto\">\nInscriptions au 03.29.63.00.70 ou via le lien : <span class=\"x_html-span x_xdj266r x_x11i5rnm x_xat24cr x_x1mh8g0r x_xexx8yu x_x4uap5 x_x18d9i69 x_xkhd6sd x_x1hl2dhg x_x16tdsg8 x_x1vvkbs\"><a id=\"LPlnk240548\" href=\"https:\/\/mediatheque-gerardmer.c3rb.org\/inscription-evenement?eventId=81&amp;seq=0&amp;return=aHR0cHM6Ly9tZWRpYXRoZXF1ZS1nZXJhcmRtZXIuYzNyYi5vcmcvYW5pbWF0aW9ucy9hLXZlbmlyLzgxLXJhbmRvbm5lZS1tdXNpY2FsZQ\" target=\"_blank\" rel=\"noopener noreferrer\" data-auth=\"NotApplicable\" data-linkindex=\"0\">https:\/\/mediatheque-gerardmer.c3rb.org\/inscription-evenement?eventId=81&amp;seq=0&amp;return=aHR0cHM6Ly9tZWRpYXRoZXF1ZS1nZXJhcmRtZXIuYzNyYi5vcmcvYW5pbWF0aW9ucy9hLXZlbmlyLzgxLXJhbmRvbm5lZS1tdXNpY2FsZQ==<\/a><\/span><\/div>\n<\/div>\n<\/div>\n<\/div>\n<\/div>\n<\/div>\n","protected":false},"excerpt":{"rendered":"<p>La m\u00e9diath\u00e8que et l&rsquo;\u00e9cole de musique vous propose une nouvelle animation cet \u00e9t\u00e9 : Randonn\u00e9e Musicale\u00a0 Le samedi 6 juillet [&hellip;]<\/p>\n","protected":false},"author":391,"featured_media":10564,"comment_status":"open","ping_status":"open","sticky":false,"template":"","format":"standard","meta":{"footnotes":""},"categories":[20,4,41],"tags":[1324],"class_list":["post-10563","post","type-post","status-publish","format-standard","has-post-thumbnail","hentry","category-a-la-une","category-culture","category-liezey","tag-randonnee-musicale"],"acf":[],"yoast_head":"<!-- This site is optimized with the Yoast SEO plugin v22.5 - https:\/\/yoast.com\/wordpress\/plugins\/seo\/ -->\n<title>Animation randonn\u00e9e musicale samedi 6 juillet - Gerardmer Info<\/title>\n<meta name=\"robots\" content=\"index, follow, max-snippet:-1, max-image-preview:large, max-video-preview:-1\" \/>\n<link rel=\"canonical\" href=\"https:\/\/vosgesinfo.fr\/gerardmerinfo\/?p=10563\" \/>\n<meta name=\"twitter:card\" content=\"summary_large_image\" \/>\n<meta name=\"twitter:title\" content=\"Animation randonn\u00e9e musicale samedi 6 juillet - Gerardmer Info\" \/>\n<meta name=\"twitter:description\" content=\"La m\u00e9diath\u00e8que et l&rsquo;\u00e9cole de musique vous propose une nouvelle animation cet \u00e9t\u00e9 : Randonn\u00e9e Musicale\u00a0 Le samedi 6 juillet [&hellip;]\" \/>\n<meta name=\"twitter:image\" content=\"https:\/\/vosgesinfo.fr\/app\/uploads\/sites\/6\/2024\/06\/randomusicale-212x300.png\" \/>\n<meta name=\"twitter:creator\" content=\"@VosgesInfo88\" \/>\n<meta name=\"twitter:site\" content=\"@VosgesInfo88\" \/>\n<meta name=\"twitter:label1\" content=\"\u00c9crit par\" \/>\n\t<meta name=\"twitter:data1\" content=\"La redaction\" \/>\n<script type=\"application\/ld+json\" class=\"yoast-schema-graph\">{\"@context\":\"https:\/\/schema.org\",\"@graph\":[{\"@type\":\"Article\",\"@id\":\"https:\/\/vosgesinfo.fr\/gerardmerinfo\/?p=10563#article\",\"isPartOf\":{\"@id\":\"https:\/\/vosgesinfo.fr\/gerardmerinfo\/?p=10563\"},\"author\":{\"name\":\"La redaction\",\"@id\":\"https:\/\/vosgesinfo.fr\/gerardmerinfo\/#\/schema\/person\/27a3695b06db98895b354c0765cdfc31\"},\"headline\":\"Animation randonn\u00e9e musicale samedi 6 juillet\",\"datePublished\":\"2024-06-22T03:57:28+00:00\",\"dateModified\":\"2024-06-20T08:37:32+00:00\",\"mainEntityOfPage\":{\"@id\":\"https:\/\/vosgesinfo.fr\/gerardmerinfo\/?p=10563\"},\"wordCount\":95,\"commentCount\":2,\"publisher\":{\"@id\":\"https:\/\/vosgesinfo.fr\/gerardmerinfo\/#organization\"},\"image\":{\"@id\":\"https:\/\/vosgesinfo.fr\/gerardmerinfo\/?p=10563#primaryimage\"},\"thumbnailUrl\":\"https:\/\/vosgesinfo.fr\/app\/uploads\/sites\/6\/2024\/06\/randomusicale.png\",\"keywords\":[\"randonn\u00e9e musicale\"],\"articleSection\":[\"A la une\",\"Culture\",\"Liezey\"],\"inLanguage\":\"fr-FR\",\"potentialAction\":[{\"@type\":\"CommentAction\",\"name\":\"Comment\",\"target\":[\"https:\/\/vosgesinfo.fr\/gerardmerinfo\/?p=10563#respond\"]}]},{\"@type\":\"WebPage\",\"@id\":\"https:\/\/vosgesinfo.fr\/gerardmerinfo\/?p=10563\",\"url\":\"https:\/\/vosgesinfo.fr\/gerardmerinfo\/?p=10563\",\"name\":\"Animation randonn\u00e9e musicale samedi 6 juillet - Gerardmer Info\",\"isPartOf\":{\"@id\":\"https:\/\/vosgesinfo.fr\/gerardmerinfo\/#website\"},\"primaryImageOfPage\":{\"@id\":\"https:\/\/vosgesinfo.fr\/gerardmerinfo\/?p=10563#primaryimage\"},\"image\":{\"@id\":\"https:\/\/vosgesinfo.fr\/gerardmerinfo\/?p=10563#primaryimage\"},\"thumbnailUrl\":\"https:\/\/vosgesinfo.fr\/app\/uploads\/sites\/6\/2024\/06\/randomusicale.png\",\"datePublished\":\"2024-06-22T03:57:28+00:00\",\"dateModified\":\"2024-06-20T08:37:32+00:00\",\"breadcrumb\":{\"@id\":\"https:\/\/vosgesinfo.fr\/gerardmerinfo\/?p=10563#breadcrumb\"},\"inLanguage\":\"fr-FR\",\"potentialAction\":[{\"@type\":\"ReadAction\",\"target\":[\"https:\/\/vosgesinfo.fr\/gerardmerinfo\/?p=10563\"]}]},{\"@type\":\"ImageObject\",\"inLanguage\":\"fr-FR\",\"@id\":\"https:\/\/vosgesinfo.fr\/gerardmerinfo\/?p=10563#primaryimage\",\"url\":\"https:\/\/vosgesinfo.fr\/app\/uploads\/sites\/6\/2024\/06\/randomusicale.png\",\"contentUrl\":\"https:\/\/vosgesinfo.fr\/app\/uploads\/sites\/6\/2024\/06\/randomusicale.png\",\"width\":1587,\"height\":2245},{\"@type\":\"BreadcrumbList\",\"@id\":\"https:\/\/vosgesinfo.fr\/gerardmerinfo\/?p=10563#breadcrumb\",\"itemListElement\":[{\"@type\":\"ListItem\",\"position\":1,\"name\":\"Home\",\"item\":\"https:\/\/vosgesinfo.fr\/gerardmerinfo\/\"},{\"@type\":\"ListItem\",\"position\":2,\"name\":\"Animation randonn\u00e9e musicale samedi 6 juillet\"}]},{\"@type\":\"WebSite\",\"@id\":\"https:\/\/vosgesinfo.fr\/gerardmerinfo\/#website\",\"url\":\"https:\/\/vosgesinfo.fr\/gerardmerinfo\/\",\"name\":\"Gerardmer Info\",\"description\":\"Toute l&#039;actualit\u00e9 de G\u00e9rardmer\",\"publisher\":{\"@id\":\"https:\/\/vosgesinfo.fr\/gerardmerinfo\/#organization\"},\"alternateName\":\"Toute l'actualit\u00e9 de G\u00e9rardmer\",\"potentialAction\":[{\"@type\":\"SearchAction\",\"target\":{\"@type\":\"EntryPoint\",\"urlTemplate\":\"https:\/\/vosgesinfo.fr\/gerardmerinfo\/?s={search_term_string}\"},\"query-input\":\"required name=search_term_string\"}],\"inLanguage\":\"fr-FR\"},{\"@type\":\"Organization\",\"@id\":\"https:\/\/vosgesinfo.fr\/gerardmerinfo\/#organization\",\"name\":\"Gerardmer Info\",\"url\":\"https:\/\/vosgesinfo.fr\/gerardmerinfo\/\",\"logo\":{\"@type\":\"ImageObject\",\"inLanguage\":\"fr-FR\",\"@id\":\"https:\/\/vosgesinfo.fr\/gerardmerinfo\/#\/schema\/logo\/image\/\",\"url\":\"https:\/\/vosgesinfo.fr\/app\/uploads\/sites\/6\/2023\/08\/favicon-gerardmerinfo.png\",\"contentUrl\":\"https:\/\/vosgesinfo.fr\/app\/uploads\/sites\/6\/2023\/08\/favicon-gerardmerinfo.png\",\"width\":512,\"height\":512,\"caption\":\"Gerardmer Info\"},\"image\":{\"@id\":\"https:\/\/vosgesinfo.fr\/gerardmerinfo\/#\/schema\/logo\/image\/\"},\"sameAs\":[\"https:\/\/www.facebook.com\/profile.php?id=100049475262660\",\"https:\/\/x.com\/VosgesInfo88\",\"https:\/\/www.youtube.com\/@vosgesinfo\"]},{\"@type\":\"Person\",\"@id\":\"https:\/\/vosgesinfo.fr\/gerardmerinfo\/#\/schema\/person\/27a3695b06db98895b354c0765cdfc31\",\"name\":\"La redaction\",\"image\":{\"@type\":\"ImageObject\",\"inLanguage\":\"fr-FR\",\"@id\":\"https:\/\/vosgesinfo.fr\/gerardmerinfo\/#\/schema\/person\/image\/\",\"url\":\"https:\/\/secure.gravatar.com\/avatar\/64c76a78e501cedee55736f43f332df901e1896ae9cd8fad269ae2236dd0e8b6?s=96&d=mm&r=g\",\"contentUrl\":\"https:\/\/secure.gravatar.com\/avatar\/64c76a78e501cedee55736f43f332df901e1896ae9cd8fad269ae2236dd0e8b6?s=96&d=mm&r=g\",\"caption\":\"La redaction\"},\"url\":\"https:\/\/vosgesinfo.fr\/gerardmerinfo\/author\/la-redaction\/\"}]}<\/script>\n<!-- \/ Yoast SEO plugin. -->","yoast_head_json":{"title":"Animation randonn\u00e9e musicale samedi 6 juillet - Gerardmer Info","robots":{"index":"index","follow":"follow","max-snippet":"max-snippet:-1","max-image-preview":"max-image-preview:large","max-video-preview":"max-video-preview:-1"},"canonical":"https:\/\/vosgesinfo.fr\/gerardmerinfo\/?p=10563","twitter_card":"summary_large_image","twitter_title":"Animation randonn\u00e9e musicale samedi 6 juillet - Gerardmer Info","twitter_description":"La m\u00e9diath\u00e8que et l&rsquo;\u00e9cole de musique vous propose une nouvelle animation cet \u00e9t\u00e9 : Randonn\u00e9e Musicale\u00a0 Le samedi 6 juillet [&hellip;]","twitter_image":"https:\/\/vosgesinfo.fr\/app\/uploads\/sites\/6\/2024\/06\/randomusicale-212x300.png","twitter_creator":"@VosgesInfo88","twitter_site":"@VosgesInfo88","twitter_misc":{"\u00c9crit par":"La redaction"},"schema":{"@context":"https:\/\/schema.org","@graph":[{"@type":"Article","@id":"https:\/\/vosgesinfo.fr\/gerardmerinfo\/?p=10563#article","isPartOf":{"@id":"https:\/\/vosgesinfo.fr\/gerardmerinfo\/?p=10563"},"author":{"name":"La redaction","@id":"https:\/\/vosgesinfo.fr\/gerardmerinfo\/#\/schema\/person\/27a3695b06db98895b354c0765cdfc31"},"headline":"Animation randonn\u00e9e musicale samedi 6 juillet","datePublished":"2024-06-22T03:57:28+00:00","dateModified":"2024-06-20T08:37:32+00:00","mainEntityOfPage":{"@id":"https:\/\/vosgesinfo.fr\/gerardmerinfo\/?p=10563"},"wordCount":95,"commentCount":2,"publisher":{"@id":"https:\/\/vosgesinfo.fr\/gerardmerinfo\/#organization"},"image":{"@id":"https:\/\/vosgesinfo.fr\/gerardmerinfo\/?p=10563#primaryimage"},"thumbnailUrl":"https:\/\/vosgesinfo.fr\/app\/uploads\/sites\/6\/2024\/06\/randomusicale.png","keywords":["randonn\u00e9e musicale"],"articleSection":["A la une","Culture","Liezey"],"inLanguage":"fr-FR","potentialAction":[{"@type":"CommentAction","name":"Comment","target":["https:\/\/vosgesinfo.fr\/gerardmerinfo\/?p=10563#respond"]}]},{"@type":"WebPage","@id":"https:\/\/vosgesinfo.fr\/gerardmerinfo\/?p=10563","url":"https:\/\/vosgesinfo.fr\/gerardmerinfo\/?p=10563","name":"Animation randonn\u00e9e musicale samedi 6 juillet - Gerardmer Info","isPartOf":{"@id":"https:\/\/vosgesinfo.fr\/gerardmerinfo\/#website"},"primaryImageOfPage":{"@id":"https:\/\/vosgesinfo.fr\/gerardmerinfo\/?p=10563#primaryimage"},"image":{"@id":"https:\/\/vosgesinfo.fr\/gerardmerinfo\/?p=10563#primaryimage"},"thumbnailUrl":"https:\/\/vosgesinfo.fr\/app\/uploads\/sites\/6\/2024\/06\/randomusicale.png","datePublished":"2024-06-22T03:57:28+00:00","dateModified":"2024-06-20T08:37:32+00:00","breadcrumb":{"@id":"https:\/\/vosgesinfo.fr\/gerardmerinfo\/?p=10563#breadcrumb"},"inLanguage":"fr-FR","potentialAction":[{"@type":"ReadAction","target":["https:\/\/vosgesinfo.fr\/gerardmerinfo\/?p=10563"]}]},{"@type":"ImageObject","inLanguage":"fr-FR","@id":"https:\/\/vosgesinfo.fr\/gerardmerinfo\/?p=10563#primaryimage","url":"https:\/\/vosgesinfo.fr\/app\/uploads\/sites\/6\/2024\/06\/randomusicale.png","contentUrl":"https:\/\/vosgesinfo.fr\/app\/uploads\/sites\/6\/2024\/06\/randomusicale.png","width":1587,"height":2245},{"@type":"BreadcrumbList","@id":"https:\/\/vosgesinfo.fr\/gerardmerinfo\/?p=10563#breadcrumb","itemListElement":[{"@type":"ListItem","position":1,"name":"Home","item":"https:\/\/vosgesinfo.fr\/gerardmerinfo\/"},{"@type":"ListItem","position":2,"name":"Animation randonn\u00e9e musicale samedi 6 juillet"}]},{"@type":"WebSite","@id":"https:\/\/vosgesinfo.fr\/gerardmerinfo\/#website","url":"https:\/\/vosgesinfo.fr\/gerardmerinfo\/","name":"Gerardmer Info","description":"Toute l&#039;actualit\u00e9 de G\u00e9rardmer","publisher":{"@id":"https:\/\/vosgesinfo.fr\/gerardmerinfo\/#organization"},"alternateName":"Toute l'actualit\u00e9 de G\u00e9rardmer","potentialAction":[{"@type":"SearchAction","target":{"@type":"EntryPoint","urlTemplate":"https:\/\/vosgesinfo.fr\/gerardmerinfo\/?s={search_term_string}"},"query-input":"required name=search_term_string"}],"inLanguage":"fr-FR"},{"@type":"Organization","@id":"https:\/\/vosgesinfo.fr\/gerardmerinfo\/#organization","name":"Gerardmer Info","url":"https:\/\/vosgesinfo.fr\/gerardmerinfo\/","logo":{"@type":"ImageObject","inLanguage":"fr-FR","@id":"https:\/\/vosgesinfo.fr\/gerardmerinfo\/#\/schema\/logo\/image\/","url":"https:\/\/vosgesinfo.fr\/app\/uploads\/sites\/6\/2023\/08\/favicon-gerardmerinfo.png","contentUrl":"https:\/\/vosgesinfo.fr\/app\/uploads\/sites\/6\/2023\/08\/favicon-gerardmerinfo.png","width":512,"height":512,"caption":"Gerardmer Info"},"image":{"@id":"https:\/\/vosgesinfo.fr\/gerardmerinfo\/#\/schema\/logo\/image\/"},"sameAs":["https:\/\/www.facebook.com\/profile.php?id=100049475262660","https:\/\/x.com\/VosgesInfo88","https:\/\/www.youtube.com\/@vosgesinfo"]},{"@type":"Person","@id":"https:\/\/vosgesinfo.fr\/gerardmerinfo\/#\/schema\/person\/27a3695b06db98895b354c0765cdfc31","name":"La redaction","image":{"@type":"ImageObject","inLanguage":"fr-FR","@id":"https:\/\/vosgesinfo.fr\/gerardmerinfo\/#\/schema\/person\/image\/","url":"https:\/\/secure.gravatar.com\/avatar\/64c76a78e501cedee55736f43f332df901e1896ae9cd8fad269ae2236dd0e8b6?s=96&d=mm&r=g","contentUrl":"https:\/\/secure.gravatar.com\/avatar\/64c76a78e501cedee55736f43f332df901e1896ae9cd8fad269ae2236dd0e8b6?s=96&d=mm&r=g","caption":"La redaction"},"url":"https:\/\/vosgesinfo.fr\/gerardmerinfo\/author\/la-redaction\/"}]}},"_links":{"self":[{"href":"https:\/\/vosgesinfo.fr\/gerardmerinfo\/wp-json\/wp\/v2\/posts\/10563","targetHints":{"allow":["GET"]}}],"collection":[{"href":"https:\/\/vosgesinfo.fr\/gerardmerinfo\/wp-json\/wp\/v2\/posts"}],"about":[{"href":"https:\/\/vosgesinfo.fr\/gerardmerinfo\/wp-json\/wp\/v2\/types\/post"}],"author":[{"embeddable":true,"href":"https:\/\/vosgesinfo.fr\/gerardmerinfo\/wp-json\/wp\/v2\/users\/391"}],"replies":[{"embeddable":true,"href":"https:\/\/vosgesinfo.fr\/gerardmerinfo\/wp-json\/wp\/v2\/comments?post=10563"}],"version-history":[{"count":1,"href":"https:\/\/vosgesinfo.fr\/gerardmerinfo\/wp-json\/wp\/v2\/posts\/10563\/revisions"}],"predecessor-version":[{"id":10565,"href":"https:\/\/vosgesinfo.fr\/gerardmerinfo\/wp-json\/wp\/v2\/posts\/10563\/revisions\/10565"}],"wp:featuredmedia":[{"embeddable":true,"href":"https:\/\/vosgesinfo.fr\/gerardmerinfo\/wp-json\/wp\/v2\/media\/10564"}],"wp:attachment":[{"href":"https:\/\/vosgesinfo.fr\/gerardmerinfo\/wp-json\/wp\/v2\/media?parent=10563"}],"wp:term":[{"taxonomy":"category","embeddable":true,"href":"https:\/\/vosgesinfo.fr\/gerardmerinfo\/wp-json\/wp\/v2\/categories?post=10563"},{"taxonomy":"post_tag","embeddable":true,"href":"https:\/\/vosgesinfo.fr\/gerardmerinfo\/wp-json\/wp\/v2\/tags?post=10563"}],"curies":[{"name":"wp","href":"https:\/\/api.w.org\/{rel}","templated":true}]}}