{"id":10574,"date":"2024-06-22T05:57:50","date_gmt":"2024-06-22T03:57:50","guid":{"rendered":"https:\/\/vosgesinfo.fr\/gerardmerinfo\/?p=10574"},"modified":"2024-06-21T10:14:27","modified_gmt":"2024-06-21T08:14:27","slug":"horaires-des-messes-19","status":"publish","type":"post","link":"https:\/\/vosgesinfo.fr\/gerardmerinfo\/2024\/06\/horaires-des-messes-19\/","title":{"rendered":"Horaires des messes"},"content":{"rendered":"<p class=\"western\" align=\"justify\"><span style=\"font-size: 12pt;\"><span style=\"font-family: Times New Roman, serif;\"><b>Samedi 22 juin 2024, Temps ordinaire, Bienheureuse Vierge Marie<\/b><\/span><span style=\"font-family: Times New Roman, serif;\">.<\/span><\/span><\/p>\n<p class=\"western\" align=\"justify\"><span style=\"font-size: 12pt;\"><span style=\"font-family: Times New Roman, serif;\"><b>G\u00e9rardmer<\/b><\/span><span style=\"font-family: Times New Roman, serif;\">, Pas de Messe. <\/span><\/span><\/p>\n<p class=\"western\" align=\"justify\"><span style=\"font-size: 12pt;\"><span style=\"font-family: Times New Roman, serif;\"><b>Dimanche 23 juin 2024<\/b><\/span><span style=\"font-family: Times New Roman, serif;\">, <\/span><span style=\"font-family: Times New Roman, serif;\"><b>12<\/b><\/span><sup><span style=\"font-family: Times New Roman, serif;\"><b>e<\/b><\/span><\/sup><span style=\"font-family: Times New Roman, serif;\"><b> Dimanche du temps ordinaire Ann\u00e9e B<\/b><\/span><span style=\"font-family: Times New Roman, serif;\">.<\/span><\/span><\/p>\n<p class=\"western\" align=\"justify\"><span style=\"font-family: Times New Roman, serif; font-size: 12pt;\"><b>Tholy 10h00 C\u00e9l\u00e9bration de la Parole. <\/b><\/span><\/p>\n<p class=\"western\" align=\"justify\"><span style=\"font-size: 12pt;\"><span style=\"font-family: Times New Roman, serif;\"><b>G\u00e9rardmer 10h30\u00a0: <\/b><\/span><span style=\"font-family: Times New Roman, serif;\">Messe pour Odile et Emmanuel MILLOT \u2013 Brigitte DE ALMEIDA, Manuel BATISTA \u2013 Jacqueline JOLAS MORFINO. <\/span><\/span><\/p>\n<p class=\"western\" align=\"justify\"><span style=\"font-size: 12pt;\"><span style=\"font-family: Times New Roman, serif;\"><b>Lundi 24 juin 2024<\/b><\/span><span style=\"font-family: Times New Roman, serif;\">, <\/span><span style=\"font-family: Times New Roman, serif;\"><b>Nativit\u00e9 de Jean-Baptiste.<\/b><\/span><\/span><\/p>\n<p class=\"western\" align=\"justify\"><span style=\"font-size: 12pt;\"><span style=\"font-family: Times New Roman, serif;\"><b>Mardi 25 juin 2024<\/b><\/span><span style=\"font-family: Times New Roman, serif;\">, <\/span><span style=\"font-family: Times New Roman, serif;\"><b>Temps ordinaire<\/b><\/span><span style=\"font-family: Times New Roman, serif;\">.<\/span><\/span><\/p>\n<p class=\"western\" align=\"justify\"><span style=\"font-size: 12pt;\"><span style=\"font-family: Times New Roman, serif;\"><b>G\u00e9rardmer, 17h15<\/b><\/span><span style=\"font-family: Times New Roman, serif;\"> Pri\u00e8re du chapelet, <\/span><span style=\"font-family: Times New Roman, serif;\"><b>18h00<\/b><\/span><span style=\"font-family: Times New Roman, serif;\"> Messe<\/span><\/span><\/p>\n<p class=\"western\" align=\"justify\"><span style=\"font-size: 12pt;\"><span style=\"font-family: Times New Roman, serif;\"><b>Mercredi 26 juin 2024<\/b><\/span><span style=\"font-family: Times New Roman, serif;\">, <\/span><span style=\"font-family: Times New Roman, serif;\"><b>Temps ordinaire<\/b><\/span><span style=\"font-family: Times New Roman, serif;\">. <\/span><\/span><\/p>\n<p class=\"western\" align=\"justify\"><span style=\"font-family: Times New Roman, serif; font-size: 12pt;\"><b>G\u00e9rardmer, 18h00 Messe.<\/b><\/span><\/p>\n<p class=\"western\" align=\"justify\"><span style=\"font-size: 12pt;\"><span style=\"font-family: Times New Roman, serif;\"><b>Jeudi 27 juin 2024<\/b><\/span><span style=\"font-family: Times New Roman, serif;\">, <\/span><span style=\"font-family: Times New Roman, serif;\"><b>Temps ordinaire, Saint Cyrille d\u2019Alexandrie<\/b><\/span><span style=\"font-family: Times New Roman, serif;\">.<\/span><\/span><\/p>\n<p class=\"western\" align=\"justify\"><span style=\"font-size: 12pt;\"><span style=\"font-family: Times New Roman, serif;\"><b>Ehpad L\u00e9a Andr\u00e9 10h00<\/b><\/span><span style=\"font-family: Times New Roman, serif;\"> Messe<\/span><\/span><\/p>\n<p class=\"western\" align=\"justify\"><span style=\"font-size: 12pt;\"><span style=\"font-family: Times New Roman, serif;\"><b>Vendredi 28 juin 2024<\/b><\/span><span style=\"font-family: Times New Roman, serif;\">, <\/span><span style=\"font-family: Times New Roman, serif;\"><b>Saint Ir\u00e9n\u00e9e<\/b><\/span><span style=\"font-family: Times New Roman, serif;\">.<\/span><\/span><\/p>\n<p class=\"western\" align=\"justify\"><span style=\"font-size: 12pt;\"><span style=\"font-family: Times New Roman, serif;\"><b>G\u00e9rardmer, 16h00 Chemin de Croix, 17h00 Adoration, 18h00 <\/b><\/span><span style=\"font-family: Times New Roman, serif;\">Messe pour Fran\u00e7ois LOMBERT.<\/span><\/span><\/p>\n<p class=\"western\" align=\"justify\"><span style=\"font-size: 12pt;\"><span style=\"font-family: Times New Roman, serif;\"><b>Samedi 29 juin 2024, Saint Pierre et saint Paul<\/b><\/span><span style=\"font-family: Times New Roman, serif;\">.<\/span><\/span><\/p>\n<p class=\"western\" align=\"justify\"><span style=\"font-size: 12pt;\"><span style=\"font-family: Times New Roman, serif;\"><b>G\u00e9rardmer<\/b><\/span><span style=\"font-family: Times New Roman, serif;\">, Pas de Messe. <\/span><\/span><\/p>\n<p class=\"western\" align=\"justify\"><span style=\"font-family: Times New Roman, serif; font-size: 12pt;\">LE THOLY: 18h: Messe pour Germain MAIRE<\/span><\/p>\n<p class=\"western\" align=\"justify\"><span style=\"font-size: 12pt;\"><span style=\"font-family: Times New Roman, serif;\"><b>Dimanche 30 juin 2024<\/b><\/span><span style=\"font-family: Times New Roman, serif;\">, <\/span><span style=\"font-family: Times New Roman, serif;\"><b>13<\/b><\/span><sup><span style=\"font-family: Times New Roman, serif;\"><b>e<\/b><\/span><\/sup><span style=\"font-family: Times New Roman, serif;\"><b> Dimanche du temps ordinaire Ann\u00e9e B<\/b><\/span><span style=\"font-family: Times New Roman, serif;\">.<\/span><\/span><\/p>\n<p class=\"western\" align=\"justify\"><span style=\"font-size: 12pt;\"><span style=\"font-family: Times New Roman, serif;\"><b>G\u00e9rardmer 10h30\u00a0: <\/b><\/span><span style=\"font-family: Times New Roman, serif;\">Messe pour Jacqueline JOLAS MORFINO \u2013 Les \u00c2mes du Purgatoire. <\/span><\/span><\/p>\n<p><span style=\"font-family: Arial, serif; font-size: 12pt;\"><span style=\"font-family: Times New Roman, serif;\"><b>P\u00c8LERINAGE DIOC\u00c9SAIN A LOURDES<\/b><\/span><\/span><\/p>\n<p><span style=\"font-family: Arial, serif; font-size: 12pt;\"><span style=\"font-family: Times New Roman, serif;\"><b>Le dioc\u00e8se de Saint-Di\u00e9 organisera son p\u00e8lerinage \u00e0 Lourdes du 8 au H juillet 2024. Les personnes int\u00e9ress\u00e9es peuvent contacter Pierre MOUGEL: 06 70 41 00 35.<\/b><\/span><\/span><\/p>\n<p><span style=\"font-family: Arial, serif; font-size: 12pt;\"><span style=\"font-family: Times New Roman, serif;\"><b>PREMI\u00c8RE MESSE<\/b><\/span><\/span><\/p>\n<p><span style=\"font-family: Arial, serif; font-size: 12pt;\"><span style=\"font-family: Times New Roman, serif;\"><b>Le mardi 25 juin, notre fr\u00e8re Pau! PETITDEMANGE c\u00e9l\u00e9brera sa premi\u00e8re messe \u00e0 l&rsquo;\u00e9glise de G\u00e9rardmer \u00e0 18hOO<\/b><\/span><\/span><\/p>\n<p><span style=\"font-family: Arial, serif; font-size: 12pt;\"><span style=\"font-family: Times New Roman, serif;\"><b>PERMANENCE A LA CURE DE GERARDMER<\/b><\/span><\/span><\/p>\n<p><span style=\"font-family: Arial, serif; font-size: 12pt;\"><span style=\"font-family: Times New Roman, serif;\"><b>D\u00e9sormais les permanences sont assur\u00e9es \u00e0 la cure de G\u00e9rardmer les<\/b><\/span><\/span><\/p>\n<p><span style=\"font-family: Arial, serif; font-size: 12pt;\"><span style=\"font-family: Times New Roman, serif;\"><b>Jeudi de 9h30 \u00e0 11h30<\/b><\/span><\/span><\/p>\n<p><span style=\"font-family: Arial, serif; font-size: 12pt;\"><span style=\"font-family: Times New Roman, serif;\"><b>Samedi de 9h30 \u00e0 11h30<\/b><\/span><\/span><\/p>\n<p><span style=\"font-family: Arial, serif; font-size: 12pt;\"><span style=\"font-family: Times New Roman, serif;\"><b>Nous avons beaucoup de difficult\u00e9s \u00e0 trouver des b\u00e9n\u00e9voles pour la permanence et l\u2019accueil \u00e0 la cure de G\u00e9rardmer. <\/b><\/span><\/span><\/p>\n<p><span style=\"font-family: Arial, serif; font-size: 12pt;\"><span style=\"font-family: Times New Roman, serif;\"><b>TEMPS CONVIVIAL EN \u00c9T\u00c9<\/b><\/span><\/span><\/p>\n<p><span style=\"font-family: Arial, serif; font-size: 12pt;\"><span style=\"font-family: Times New Roman, serif;\"><b>La paroisse vous propose, \u00e0 partir du 14 juillet au 25 ao\u00fbt 2024, un ap\u00e9ritif au fond de l \u2018\u00e9glise apr\u00e8s la messe. Un temps de convivialit\u00e9, d\u2019\u00e9changes et de partages, un temps pour vraiment faire communaut\u00e9. Chaque dimanche, il faudrait 2 personnes et\/ou 2 membres d\u2019un mouvement, responsables du service de l\u2019ap\u00e9ritif. Merci de vous inscrire aupr\u00e8s de Mme Claudine DEBREUX au 0787699688 ou sur la feuille au fond de l\u2019\u00e9glise, pour pr\u00e9ciser le dimanche que vous prenez en responsabilit\u00e9.<\/b><\/span><\/span><\/p>\n<p><span style=\"font-family: Arial, serif;\"><span style=\"font-size: x-large;\"><span style=\"font-family: Times New Roman, serif;\"><span style=\"font-size: small;\"><b><span style=\"font-size: 12pt;\">Les personnes et\/ou mouvement prendront en charge les g\u00e2teaux ap\u00e9ritifs. La paroisse prendra en charge les boissons. L\u2019aide de tous les paroissiens ou toutes personnes d\u00e9sirant apporter quelque chose est la bienvenue. Pou<\/span>r cela il faudra vous adresser \u00e0 Mme Claudine DEBREUX.<\/b><\/span><\/span><\/span><\/span><\/p>\n","protected":false},"excerpt":{"rendered":"<p>Samedi 22 juin 2024, Temps ordinaire, Bienheureuse Vierge Marie. G\u00e9rardmer, Pas de Messe. Dimanche 23 juin 2024, 12e Dimanche du [&hellip;]<\/p>\n","protected":false},"author":391,"featured_media":10173,"comment_status":"open","ping_status":"open","sticky":false,"template":"","format":"standard","meta":{"footnotes":""},"categories":[20,25,17],"tags":[],"class_list":["post-10574","post","type-post","status-publish","format-standard","has-post-thumbnail","hentry","category-a-la-une","category-gerardmer","category-vie-associative"],"acf":[],"yoast_head":"<!-- This site is optimized with the Yoast SEO plugin v22.5 - https:\/\/yoast.com\/wordpress\/plugins\/seo\/ -->\n<title>Horaires des messes - Gerardmer Info<\/title>\n<meta name=\"robots\" content=\"index, follow, max-snippet:-1, max-image-preview:large, max-video-preview:-1\" \/>\n<link rel=\"canonical\" href=\"https:\/\/vosgesinfo.fr\/gerardmerinfo\/?p=10574\" \/>\n<meta name=\"twitter:card\" content=\"summary_large_image\" \/>\n<meta name=\"twitter:title\" content=\"Horaires des messes - Gerardmer Info\" \/>\n<meta name=\"twitter:description\" content=\"Samedi 22 juin 2024, Temps ordinaire, Bienheureuse Vierge Marie. G\u00e9rardmer, Pas de Messe. Dimanche 23 juin 2024, 12e Dimanche du [&hellip;]\" \/>\n<meta name=\"twitter:creator\" content=\"@VosgesInfo88\" \/>\n<meta name=\"twitter:site\" content=\"@VosgesInfo88\" \/>\n<meta name=\"twitter:label1\" content=\"\u00c9crit par\" \/>\n\t<meta name=\"twitter:data1\" content=\"La redaction\" \/>\n\t<meta name=\"twitter:label2\" content=\"Dur\u00e9e de lecture estim\u00e9e\" \/>\n\t<meta name=\"twitter:data2\" content=\"2 minutes\" \/>\n<script type=\"application\/ld+json\" class=\"yoast-schema-graph\">{\"@context\":\"https:\/\/schema.org\",\"@graph\":[{\"@type\":\"Article\",\"@id\":\"https:\/\/vosgesinfo.fr\/gerardmerinfo\/?p=10574#article\",\"isPartOf\":{\"@id\":\"https:\/\/vosgesinfo.fr\/gerardmerinfo\/?p=10574\"},\"author\":{\"name\":\"La redaction\",\"@id\":\"https:\/\/vosgesinfo.fr\/gerardmerinfo\/#\/schema\/person\/27a3695b06db98895b354c0765cdfc31\"},\"headline\":\"Horaires des messes\",\"datePublished\":\"2024-06-22T03:57:50+00:00\",\"dateModified\":\"2024-06-21T08:14:27+00:00\",\"mainEntityOfPage\":{\"@id\":\"https:\/\/vosgesinfo.fr\/gerardmerinfo\/?p=10574\"},\"wordCount\":388,\"commentCount\":0,\"publisher\":{\"@id\":\"https:\/\/vosgesinfo.fr\/gerardmerinfo\/#organization\"},\"image\":{\"@id\":\"https:\/\/vosgesinfo.fr\/gerardmerinfo\/?p=10574#primaryimage\"},\"thumbnailUrl\":\"https:\/\/vosgesinfo.fr\/app\/uploads\/sites\/6\/2024\/06\/eglise-saint-barthelemy-scaled.jpg\",\"articleSection\":[\"A la une\",\"G\u00e9rardmer\",\"Vie Associative\"],\"inLanguage\":\"fr-FR\",\"potentialAction\":[{\"@type\":\"CommentAction\",\"name\":\"Comment\",\"target\":[\"https:\/\/vosgesinfo.fr\/gerardmerinfo\/?p=10574#respond\"]}]},{\"@type\":\"WebPage\",\"@id\":\"https:\/\/vosgesinfo.fr\/gerardmerinfo\/?p=10574\",\"url\":\"https:\/\/vosgesinfo.fr\/gerardmerinfo\/?p=10574\",\"name\":\"Horaires des messes - Gerardmer Info\",\"isPartOf\":{\"@id\":\"https:\/\/vosgesinfo.fr\/gerardmerinfo\/#website\"},\"primaryImageOfPage\":{\"@id\":\"https:\/\/vosgesinfo.fr\/gerardmerinfo\/?p=10574#primaryimage\"},\"image\":{\"@id\":\"https:\/\/vosgesinfo.fr\/gerardmerinfo\/?p=10574#primaryimage\"},\"thumbnailUrl\":\"https:\/\/vosgesinfo.fr\/app\/uploads\/sites\/6\/2024\/06\/eglise-saint-barthelemy-scaled.jpg\",\"datePublished\":\"2024-06-22T03:57:50+00:00\",\"dateModified\":\"2024-06-21T08:14:27+00:00\",\"breadcrumb\":{\"@id\":\"https:\/\/vosgesinfo.fr\/gerardmerinfo\/?p=10574#breadcrumb\"},\"inLanguage\":\"fr-FR\",\"potentialAction\":[{\"@type\":\"ReadAction\",\"target\":[\"https:\/\/vosgesinfo.fr\/gerardmerinfo\/?p=10574\"]}]},{\"@type\":\"ImageObject\",\"inLanguage\":\"fr-FR\",\"@id\":\"https:\/\/vosgesinfo.fr\/gerardmerinfo\/?p=10574#primaryimage\",\"url\":\"https:\/\/vosgesinfo.fr\/app\/uploads\/sites\/6\/2024\/06\/eglise-saint-barthelemy-scaled.jpg\",\"contentUrl\":\"https:\/\/vosgesinfo.fr\/app\/uploads\/sites\/6\/2024\/06\/eglise-saint-barthelemy-scaled.jpg\",\"width\":2560,\"height\":1707},{\"@type\":\"BreadcrumbList\",\"@id\":\"https:\/\/vosgesinfo.fr\/gerardmerinfo\/?p=10574#breadcrumb\",\"itemListElement\":[{\"@type\":\"ListItem\",\"position\":1,\"name\":\"Home\",\"item\":\"https:\/\/vosgesinfo.fr\/gerardmerinfo\/\"},{\"@type\":\"ListItem\",\"position\":2,\"name\":\"Horaires des messes\"}]},{\"@type\":\"WebSite\",\"@id\":\"https:\/\/vosgesinfo.fr\/gerardmerinfo\/#website\",\"url\":\"https:\/\/vosgesinfo.fr\/gerardmerinfo\/\",\"name\":\"Gerardmer Info\",\"description\":\"Toute l&#039;actualit\u00e9 de G\u00e9rardmer\",\"publisher\":{\"@id\":\"https:\/\/vosgesinfo.fr\/gerardmerinfo\/#organization\"},\"alternateName\":\"Toute l'actualit\u00e9 de G\u00e9rardmer\",\"potentialAction\":[{\"@type\":\"SearchAction\",\"target\":{\"@type\":\"EntryPoint\",\"urlTemplate\":\"https:\/\/vosgesinfo.fr\/gerardmerinfo\/?s={search_term_string}\"},\"query-input\":\"required name=search_term_string\"}],\"inLanguage\":\"fr-FR\"},{\"@type\":\"Organization\",\"@id\":\"https:\/\/vosgesinfo.fr\/gerardmerinfo\/#organization\",\"name\":\"Gerardmer Info\",\"url\":\"https:\/\/vosgesinfo.fr\/gerardmerinfo\/\",\"logo\":{\"@type\":\"ImageObject\",\"inLanguage\":\"fr-FR\",\"@id\":\"https:\/\/vosgesinfo.fr\/gerardmerinfo\/#\/schema\/logo\/image\/\",\"url\":\"https:\/\/vosgesinfo.fr\/app\/uploads\/sites\/6\/2023\/08\/favicon-gerardmerinfo.png\",\"contentUrl\":\"https:\/\/vosgesinfo.fr\/app\/uploads\/sites\/6\/2023\/08\/favicon-gerardmerinfo.png\",\"width\":512,\"height\":512,\"caption\":\"Gerardmer Info\"},\"image\":{\"@id\":\"https:\/\/vosgesinfo.fr\/gerardmerinfo\/#\/schema\/logo\/image\/\"},\"sameAs\":[\"https:\/\/www.facebook.com\/profile.php?id=100049475262660\",\"https:\/\/x.com\/VosgesInfo88\",\"https:\/\/www.youtube.com\/@vosgesinfo\"]},{\"@type\":\"Person\",\"@id\":\"https:\/\/vosgesinfo.fr\/gerardmerinfo\/#\/schema\/person\/27a3695b06db98895b354c0765cdfc31\",\"name\":\"La redaction\",\"image\":{\"@type\":\"ImageObject\",\"inLanguage\":\"fr-FR\",\"@id\":\"https:\/\/vosgesinfo.fr\/gerardmerinfo\/#\/schema\/person\/image\/\",\"url\":\"https:\/\/secure.gravatar.com\/avatar\/64c76a78e501cedee55736f43f332df901e1896ae9cd8fad269ae2236dd0e8b6?s=96&d=mm&r=g\",\"contentUrl\":\"https:\/\/secure.gravatar.com\/avatar\/64c76a78e501cedee55736f43f332df901e1896ae9cd8fad269ae2236dd0e8b6?s=96&d=mm&r=g\",\"caption\":\"La redaction\"},\"url\":\"https:\/\/vosgesinfo.fr\/gerardmerinfo\/author\/la-redaction\/\"}]}<\/script>\n<!-- \/ Yoast SEO plugin. -->","yoast_head_json":{"title":"Horaires des messes - Gerardmer Info","robots":{"index":"index","follow":"follow","max-snippet":"max-snippet:-1","max-image-preview":"max-image-preview:large","max-video-preview":"max-video-preview:-1"},"canonical":"https:\/\/vosgesinfo.fr\/gerardmerinfo\/?p=10574","twitter_card":"summary_large_image","twitter_title":"Horaires des messes - Gerardmer Info","twitter_description":"Samedi 22 juin 2024, Temps ordinaire, Bienheureuse Vierge Marie. G\u00e9rardmer, Pas de Messe. Dimanche 23 juin 2024, 12e Dimanche du [&hellip;]","twitter_creator":"@VosgesInfo88","twitter_site":"@VosgesInfo88","twitter_misc":{"\u00c9crit par":"La redaction","Dur\u00e9e de lecture estim\u00e9e":"2 minutes"},"schema":{"@context":"https:\/\/schema.org","@graph":[{"@type":"Article","@id":"https:\/\/vosgesinfo.fr\/gerardmerinfo\/?p=10574#article","isPartOf":{"@id":"https:\/\/vosgesinfo.fr\/gerardmerinfo\/?p=10574"},"author":{"name":"La redaction","@id":"https:\/\/vosgesinfo.fr\/gerardmerinfo\/#\/schema\/person\/27a3695b06db98895b354c0765cdfc31"},"headline":"Horaires des messes","datePublished":"2024-06-22T03:57:50+00:00","dateModified":"2024-06-21T08:14:27+00:00","mainEntityOfPage":{"@id":"https:\/\/vosgesinfo.fr\/gerardmerinfo\/?p=10574"},"wordCount":388,"commentCount":0,"publisher":{"@id":"https:\/\/vosgesinfo.fr\/gerardmerinfo\/#organization"},"image":{"@id":"https:\/\/vosgesinfo.fr\/gerardmerinfo\/?p=10574#primaryimage"},"thumbnailUrl":"https:\/\/vosgesinfo.fr\/app\/uploads\/sites\/6\/2024\/06\/eglise-saint-barthelemy-scaled.jpg","articleSection":["A la une","G\u00e9rardmer","Vie Associative"],"inLanguage":"fr-FR","potentialAction":[{"@type":"CommentAction","name":"Comment","target":["https:\/\/vosgesinfo.fr\/gerardmerinfo\/?p=10574#respond"]}]},{"@type":"WebPage","@id":"https:\/\/vosgesinfo.fr\/gerardmerinfo\/?p=10574","url":"https:\/\/vosgesinfo.fr\/gerardmerinfo\/?p=10574","name":"Horaires des messes - Gerardmer Info","isPartOf":{"@id":"https:\/\/vosgesinfo.fr\/gerardmerinfo\/#website"},"primaryImageOfPage":{"@id":"https:\/\/vosgesinfo.fr\/gerardmerinfo\/?p=10574#primaryimage"},"image":{"@id":"https:\/\/vosgesinfo.fr\/gerardmerinfo\/?p=10574#primaryimage"},"thumbnailUrl":"https:\/\/vosgesinfo.fr\/app\/uploads\/sites\/6\/2024\/06\/eglise-saint-barthelemy-scaled.jpg","datePublished":"2024-06-22T03:57:50+00:00","dateModified":"2024-06-21T08:14:27+00:00","breadcrumb":{"@id":"https:\/\/vosgesinfo.fr\/gerardmerinfo\/?p=10574#breadcrumb"},"inLanguage":"fr-FR","potentialAction":[{"@type":"ReadAction","target":["https:\/\/vosgesinfo.fr\/gerardmerinfo\/?p=10574"]}]},{"@type":"ImageObject","inLanguage":"fr-FR","@id":"https:\/\/vosgesinfo.fr\/gerardmerinfo\/?p=10574#primaryimage","url":"https:\/\/vosgesinfo.fr\/app\/uploads\/sites\/6\/2024\/06\/eglise-saint-barthelemy-scaled.jpg","contentUrl":"https:\/\/vosgesinfo.fr\/app\/uploads\/sites\/6\/2024\/06\/eglise-saint-barthelemy-scaled.jpg","width":2560,"height":1707},{"@type":"BreadcrumbList","@id":"https:\/\/vosgesinfo.fr\/gerardmerinfo\/?p=10574#breadcrumb","itemListElement":[{"@type":"ListItem","position":1,"name":"Home","item":"https:\/\/vosgesinfo.fr\/gerardmerinfo\/"},{"@type":"ListItem","position":2,"name":"Horaires des messes"}]},{"@type":"WebSite","@id":"https:\/\/vosgesinfo.fr\/gerardmerinfo\/#website","url":"https:\/\/vosgesinfo.fr\/gerardmerinfo\/","name":"Gerardmer Info","description":"Toute l&#039;actualit\u00e9 de G\u00e9rardmer","publisher":{"@id":"https:\/\/vosgesinfo.fr\/gerardmerinfo\/#organization"},"alternateName":"Toute l'actualit\u00e9 de G\u00e9rardmer","potentialAction":[{"@type":"SearchAction","target":{"@type":"EntryPoint","urlTemplate":"https:\/\/vosgesinfo.fr\/gerardmerinfo\/?s={search_term_string}"},"query-input":"required name=search_term_string"}],"inLanguage":"fr-FR"},{"@type":"Organization","@id":"https:\/\/vosgesinfo.fr\/gerardmerinfo\/#organization","name":"Gerardmer Info","url":"https:\/\/vosgesinfo.fr\/gerardmerinfo\/","logo":{"@type":"ImageObject","inLanguage":"fr-FR","@id":"https:\/\/vosgesinfo.fr\/gerardmerinfo\/#\/schema\/logo\/image\/","url":"https:\/\/vosgesinfo.fr\/app\/uploads\/sites\/6\/2023\/08\/favicon-gerardmerinfo.png","contentUrl":"https:\/\/vosgesinfo.fr\/app\/uploads\/sites\/6\/2023\/08\/favicon-gerardmerinfo.png","width":512,"height":512,"caption":"Gerardmer Info"},"image":{"@id":"https:\/\/vosgesinfo.fr\/gerardmerinfo\/#\/schema\/logo\/image\/"},"sameAs":["https:\/\/www.facebook.com\/profile.php?id=100049475262660","https:\/\/x.com\/VosgesInfo88","https:\/\/www.youtube.com\/@vosgesinfo"]},{"@type":"Person","@id":"https:\/\/vosgesinfo.fr\/gerardmerinfo\/#\/schema\/person\/27a3695b06db98895b354c0765cdfc31","name":"La redaction","image":{"@type":"ImageObject","inLanguage":"fr-FR","@id":"https:\/\/vosgesinfo.fr\/gerardmerinfo\/#\/schema\/person\/image\/","url":"https:\/\/secure.gravatar.com\/avatar\/64c76a78e501cedee55736f43f332df901e1896ae9cd8fad269ae2236dd0e8b6?s=96&d=mm&r=g","contentUrl":"https:\/\/secure.gravatar.com\/avatar\/64c76a78e501cedee55736f43f332df901e1896ae9cd8fad269ae2236dd0e8b6?s=96&d=mm&r=g","caption":"La redaction"},"url":"https:\/\/vosgesinfo.fr\/gerardmerinfo\/author\/la-redaction\/"}]}},"_links":{"self":[{"href":"https:\/\/vosgesinfo.fr\/gerardmerinfo\/wp-json\/wp\/v2\/posts\/10574","targetHints":{"allow":["GET"]}}],"collection":[{"href":"https:\/\/vosgesinfo.fr\/gerardmerinfo\/wp-json\/wp\/v2\/posts"}],"about":[{"href":"https:\/\/vosgesinfo.fr\/gerardmerinfo\/wp-json\/wp\/v2\/types\/post"}],"author":[{"embeddable":true,"href":"https:\/\/vosgesinfo.fr\/gerardmerinfo\/wp-json\/wp\/v2\/users\/391"}],"replies":[{"embeddable":true,"href":"https:\/\/vosgesinfo.fr\/gerardmerinfo\/wp-json\/wp\/v2\/comments?post=10574"}],"version-history":[{"count":1,"href":"https:\/\/vosgesinfo.fr\/gerardmerinfo\/wp-json\/wp\/v2\/posts\/10574\/revisions"}],"predecessor-version":[{"id":10575,"href":"https:\/\/vosgesinfo.fr\/gerardmerinfo\/wp-json\/wp\/v2\/posts\/10574\/revisions\/10575"}],"wp:featuredmedia":[{"embeddable":true,"href":"https:\/\/vosgesinfo.fr\/gerardmerinfo\/wp-json\/wp\/v2\/media\/10173"}],"wp:attachment":[{"href":"https:\/\/vosgesinfo.fr\/gerardmerinfo\/wp-json\/wp\/v2\/media?parent=10574"}],"wp:term":[{"taxonomy":"category","embeddable":true,"href":"https:\/\/vosgesinfo.fr\/gerardmerinfo\/wp-json\/wp\/v2\/categories?post=10574"},{"taxonomy":"post_tag","embeddable":true,"href":"https:\/\/vosgesinfo.fr\/gerardmerinfo\/wp-json\/wp\/v2\/tags?post=10574"}],"curies":[{"name":"wp","href":"https:\/\/api.w.org\/{rel}","templated":true}]}}