{"id":10593,"date":"2024-06-22T05:59:57","date_gmt":"2024-06-22T03:59:57","guid":{"rendered":"https:\/\/vosgesinfo.fr\/gerardmerinfo\/?p=10593"},"modified":"2024-06-21T16:43:24","modified_gmt":"2024-06-21T14:43:24","slug":"musique-tout-lete-avec-la-35e-edition-du-festival-de-kichompre","status":"publish","type":"post","link":"https:\/\/vosgesinfo.fr\/gerardmerinfo\/2024\/06\/musique-tout-lete-avec-la-35e-edition-du-festival-de-kichompre\/","title":{"rendered":"Musique tout l&rsquo;\u00e9t\u00e9 avec la 35e \u00e9dition du festival de Kichompr\u00e9"},"content":{"rendered":"<h3><span style=\"font-size: 12pt;\">Le 35e opus du festival international de Kichompr\u00e9 aura lieu du 9 juillet au 27 ao\u00fbt 2024 \u00e0 l&rsquo;\u00e9glise Saint-\u00c9tienne ainsi qu&rsquo;\u00e0 l&rsquo;auditorium 102 Bis. Le directeur artistique Eric Lemarquis a eu le plaisir de d\u00e9voiler la programmation de cette \u00e9dition lors de la pr\u00e9sentation d&rsquo;<em>Un \u00c9t\u00e9 au Bord Du Lac<\/em> en d\u00e9but de semaine.<\/span><\/h3>\n<p><a href=\"https:\/\/vosgesinfo.fr\/app\/uploads\/sites\/6\/2024\/06\/festival-de-kichompre-eric-lemarquis-presentation-2024-scaled.jpg\"><img decoding=\"async\" class=\"alignright size-medium wp-image-10594\" src=\"https:\/\/vosgesinfo.fr\/app\/uploads\/sites\/6\/2024\/06\/festival-de-kichompre-eric-lemarquis-presentation-2024-300x200.jpg\" alt=\"\" width=\"300\" height=\"200\" srcset=\"https:\/\/vosgesinfo.fr\/app\/uploads\/sites\/6\/2024\/06\/festival-de-kichompre-eric-lemarquis-presentation-2024-300x200.jpg 300w, https:\/\/vosgesinfo.fr\/app\/uploads\/sites\/6\/2024\/06\/festival-de-kichompre-eric-lemarquis-presentation-2024-1024x683.jpg 1024w, https:\/\/vosgesinfo.fr\/app\/uploads\/sites\/6\/2024\/06\/festival-de-kichompre-eric-lemarquis-presentation-2024-768x512.jpg 768w, https:\/\/vosgesinfo.fr\/app\/uploads\/sites\/6\/2024\/06\/festival-de-kichompre-eric-lemarquis-presentation-2024-1536x1024.jpg 1536w, https:\/\/vosgesinfo.fr\/app\/uploads\/sites\/6\/2024\/06\/festival-de-kichompre-eric-lemarquis-presentation-2024-2048x1365.jpg 2048w\" sizes=\"(max-width: 300px) 100vw, 300px\" \/><\/a>Apr\u00e8s une p\u00e9riode difficile qui r\u00e9sultait de la crise sanitaire, le festival de Kichompr\u00e9\/G\u00e9rardmer est d\u00e9sormais soucieux de renouer avec les grandes heures pass\u00e9es depuis 1989. Pour cela, il se donne les moyens de ses ambitions avec une programmation dense et de qualit\u00e9 : le r\u00e9pertoire classique reprendra ses droits avec des solistes de renom comme Etienne Candela, Raquel Magalhaes ou Aur\u00e9lienne Brauner. Vous retrouverez \u00e9galement certains artistes qui ont contribu\u00e9 \u00e0 faire l&rsquo;histoire de Kichompr\u00e9 comme le clarinettiste cubain Lester Chio Alonso qui cl\u00f4turera le festival, ainsi que Pierre Brouant de retour avec un nouveau duo jazz piano-contrebasse. Vous d\u00e9couvrirez \u00e9galement des musiciens invit\u00e9s pour la premi\u00e8re fois comme le Tam mallet Trio et Oph\u00e9lie Humbertclaude, et enfin des pointures du jazz avec Gautier Laurent ou le Cherry Reinhardt Trio.<\/p>\n<p>Le festival d\u00e9butera et finira au 102 Bis, alors que les autres concerts auront lieu \u00e0 l&rsquo;\u00e9glise. Le programme d\u00e9taill\u00e9 sera tr\u00e8s prochainement disponible sur le tout nouveau site du festival en construction, ou sur les flyers disponibles un peu partout en ville. Vous retrouverez les num\u00e9ros de t\u00e9l\u00e9phone, l&rsquo;adresse e-mail ou encore le QR code vous permettant de r\u00e9server votre place !<\/p>\n<p>&nbsp;<\/p>\n<p><a href=\"https:\/\/vosgesinfo.fr\/app\/uploads\/sites\/6\/2024\/06\/festival-de-kichompre-2024-affiche-scaled.jpg\"><img decoding=\"async\" class=\"aligncenter size-large wp-image-10595\" src=\"https:\/\/vosgesinfo.fr\/app\/uploads\/sites\/6\/2024\/06\/festival-de-kichompre-2024-affiche-632x1024.jpg\" alt=\"\" width=\"632\" height=\"1024\" srcset=\"https:\/\/vosgesinfo.fr\/app\/uploads\/sites\/6\/2024\/06\/festival-de-kichompre-2024-affiche-632x1024.jpg 632w, https:\/\/vosgesinfo.fr\/app\/uploads\/sites\/6\/2024\/06\/festival-de-kichompre-2024-affiche-185x300.jpg 185w, https:\/\/vosgesinfo.fr\/app\/uploads\/sites\/6\/2024\/06\/festival-de-kichompre-2024-affiche-768x1243.jpg 768w, https:\/\/vosgesinfo.fr\/app\/uploads\/sites\/6\/2024\/06\/festival-de-kichompre-2024-affiche-949x1536.jpg 949w, https:\/\/vosgesinfo.fr\/app\/uploads\/sites\/6\/2024\/06\/festival-de-kichompre-2024-affiche-1265x2048.jpg 1265w, https:\/\/vosgesinfo.fr\/app\/uploads\/sites\/6\/2024\/06\/festival-de-kichompre-2024-affiche-scaled.jpg 1581w\" sizes=\"(max-width: 632px) 100vw, 632px\" \/><\/a><\/p>\n","protected":false},"excerpt":{"rendered":"<p>Le 35e opus du festival international de Kichompr\u00e9 aura lieu du 9 juillet au 27 ao\u00fbt 2024 \u00e0 l&rsquo;\u00e9glise Saint-\u00c9tienne [&hellip;]<\/p>\n","protected":false},"author":391,"featured_media":10595,"comment_status":"open","ping_status":"open","sticky":false,"template":"","format":"standard","meta":{"footnotes":""},"categories":[20,34,25,1014],"tags":[280,1331,1332,1330],"class_list":["post-10593","post","type-post","status-publish","format-standard","has-post-thumbnail","hentry","category-a-la-une","category-concert","category-gerardmer","category-vie-artistique","tag-102-bis-a-kichompre","tag-concertour-88","tag-eric-lemarquis","tag-festival-de-kichompre"],"acf":[],"yoast_head":"<!-- This site is optimized with the Yoast SEO plugin v22.5 - https:\/\/yoast.com\/wordpress\/plugins\/seo\/ -->\n<title>Musique tout l&#039;\u00e9t\u00e9 avec la 35e \u00e9dition du festival de Kichompr\u00e9 - Gerardmer Info<\/title>\n<meta name=\"robots\" content=\"index, follow, max-snippet:-1, max-image-preview:large, max-video-preview:-1\" \/>\n<link rel=\"canonical\" href=\"https:\/\/vosgesinfo.fr\/gerardmerinfo\/?p=10593\" \/>\n<meta name=\"twitter:card\" content=\"summary_large_image\" \/>\n<meta name=\"twitter:title\" content=\"Musique tout l&#039;\u00e9t\u00e9 avec la 35e \u00e9dition du festival de Kichompr\u00e9 - Gerardmer Info\" \/>\n<meta name=\"twitter:description\" content=\"Le 35e opus du festival international de Kichompr\u00e9 aura lieu du 9 juillet au 27 ao\u00fbt 2024 \u00e0 l&rsquo;\u00e9glise Saint-\u00c9tienne [&hellip;]\" \/>\n<meta name=\"twitter:image\" content=\"https:\/\/vosgesinfo.fr\/app\/uploads\/sites\/6\/2024\/06\/festival-de-kichompre-eric-lemarquis-presentation-2024-300x200.jpg\" \/>\n<meta name=\"twitter:creator\" content=\"@VosgesInfo88\" \/>\n<meta name=\"twitter:site\" content=\"@VosgesInfo88\" \/>\n<meta name=\"twitter:label1\" content=\"\u00c9crit par\" \/>\n\t<meta name=\"twitter:data1\" content=\"La redaction\" \/>\n\t<meta name=\"twitter:label2\" content=\"Dur\u00e9e de lecture estim\u00e9e\" \/>\n\t<meta name=\"twitter:data2\" content=\"1 minute\" \/>\n<script type=\"application\/ld+json\" class=\"yoast-schema-graph\">{\"@context\":\"https:\/\/schema.org\",\"@graph\":[{\"@type\":\"Article\",\"@id\":\"https:\/\/vosgesinfo.fr\/gerardmerinfo\/?p=10593#article\",\"isPartOf\":{\"@id\":\"https:\/\/vosgesinfo.fr\/gerardmerinfo\/?p=10593\"},\"author\":{\"name\":\"La redaction\",\"@id\":\"https:\/\/vosgesinfo.fr\/gerardmerinfo\/#\/schema\/person\/27a3695b06db98895b354c0765cdfc31\"},\"headline\":\"Musique tout l&rsquo;\u00e9t\u00e9 avec la 35e \u00e9dition du festival de Kichompr\u00e9\",\"datePublished\":\"2024-06-22T03:59:57+00:00\",\"dateModified\":\"2024-06-21T14:43:24+00:00\",\"mainEntityOfPage\":{\"@id\":\"https:\/\/vosgesinfo.fr\/gerardmerinfo\/?p=10593\"},\"wordCount\":283,\"commentCount\":1,\"publisher\":{\"@id\":\"https:\/\/vosgesinfo.fr\/gerardmerinfo\/#organization\"},\"image\":{\"@id\":\"https:\/\/vosgesinfo.fr\/gerardmerinfo\/?p=10593#primaryimage\"},\"thumbnailUrl\":\"https:\/\/vosgesinfo.fr\/app\/uploads\/sites\/6\/2024\/06\/festival-de-kichompre-2024-affiche-scaled.jpg\",\"keywords\":[\"102 Bis \u00e0 Kichompr\u00e9\",\"concertour 88\",\"Eric Lemarquis\",\"festival de kichompr\u00e9\"],\"articleSection\":[\"A la une\",\"Concert\",\"G\u00e9rardmer\",\"Vie artistique\"],\"inLanguage\":\"fr-FR\",\"potentialAction\":[{\"@type\":\"CommentAction\",\"name\":\"Comment\",\"target\":[\"https:\/\/vosgesinfo.fr\/gerardmerinfo\/?p=10593#respond\"]}]},{\"@type\":\"WebPage\",\"@id\":\"https:\/\/vosgesinfo.fr\/gerardmerinfo\/?p=10593\",\"url\":\"https:\/\/vosgesinfo.fr\/gerardmerinfo\/?p=10593\",\"name\":\"Musique tout l'\u00e9t\u00e9 avec la 35e \u00e9dition du festival de Kichompr\u00e9 - Gerardmer Info\",\"isPartOf\":{\"@id\":\"https:\/\/vosgesinfo.fr\/gerardmerinfo\/#website\"},\"primaryImageOfPage\":{\"@id\":\"https:\/\/vosgesinfo.fr\/gerardmerinfo\/?p=10593#primaryimage\"},\"image\":{\"@id\":\"https:\/\/vosgesinfo.fr\/gerardmerinfo\/?p=10593#primaryimage\"},\"thumbnailUrl\":\"https:\/\/vosgesinfo.fr\/app\/uploads\/sites\/6\/2024\/06\/festival-de-kichompre-2024-affiche-scaled.jpg\",\"datePublished\":\"2024-06-22T03:59:57+00:00\",\"dateModified\":\"2024-06-21T14:43:24+00:00\",\"breadcrumb\":{\"@id\":\"https:\/\/vosgesinfo.fr\/gerardmerinfo\/?p=10593#breadcrumb\"},\"inLanguage\":\"fr-FR\",\"potentialAction\":[{\"@type\":\"ReadAction\",\"target\":[\"https:\/\/vosgesinfo.fr\/gerardmerinfo\/?p=10593\"]}]},{\"@type\":\"ImageObject\",\"inLanguage\":\"fr-FR\",\"@id\":\"https:\/\/vosgesinfo.fr\/gerardmerinfo\/?p=10593#primaryimage\",\"url\":\"https:\/\/vosgesinfo.fr\/app\/uploads\/sites\/6\/2024\/06\/festival-de-kichompre-2024-affiche-scaled.jpg\",\"contentUrl\":\"https:\/\/vosgesinfo.fr\/app\/uploads\/sites\/6\/2024\/06\/festival-de-kichompre-2024-affiche-scaled.jpg\",\"width\":1581,\"height\":2560},{\"@type\":\"BreadcrumbList\",\"@id\":\"https:\/\/vosgesinfo.fr\/gerardmerinfo\/?p=10593#breadcrumb\",\"itemListElement\":[{\"@type\":\"ListItem\",\"position\":1,\"name\":\"Home\",\"item\":\"https:\/\/vosgesinfo.fr\/gerardmerinfo\/\"},{\"@type\":\"ListItem\",\"position\":2,\"name\":\"Musique tout l&rsquo;\u00e9t\u00e9 avec la 35e \u00e9dition du festival de Kichompr\u00e9\"}]},{\"@type\":\"WebSite\",\"@id\":\"https:\/\/vosgesinfo.fr\/gerardmerinfo\/#website\",\"url\":\"https:\/\/vosgesinfo.fr\/gerardmerinfo\/\",\"name\":\"Gerardmer Info\",\"description\":\"Toute l&#039;actualit\u00e9 de G\u00e9rardmer\",\"publisher\":{\"@id\":\"https:\/\/vosgesinfo.fr\/gerardmerinfo\/#organization\"},\"alternateName\":\"Toute l'actualit\u00e9 de G\u00e9rardmer\",\"potentialAction\":[{\"@type\":\"SearchAction\",\"target\":{\"@type\":\"EntryPoint\",\"urlTemplate\":\"https:\/\/vosgesinfo.fr\/gerardmerinfo\/?s={search_term_string}\"},\"query-input\":\"required name=search_term_string\"}],\"inLanguage\":\"fr-FR\"},{\"@type\":\"Organization\",\"@id\":\"https:\/\/vosgesinfo.fr\/gerardmerinfo\/#organization\",\"name\":\"Gerardmer Info\",\"url\":\"https:\/\/vosgesinfo.fr\/gerardmerinfo\/\",\"logo\":{\"@type\":\"ImageObject\",\"inLanguage\":\"fr-FR\",\"@id\":\"https:\/\/vosgesinfo.fr\/gerardmerinfo\/#\/schema\/logo\/image\/\",\"url\":\"https:\/\/vosgesinfo.fr\/app\/uploads\/sites\/6\/2023\/08\/favicon-gerardmerinfo.png\",\"contentUrl\":\"https:\/\/vosgesinfo.fr\/app\/uploads\/sites\/6\/2023\/08\/favicon-gerardmerinfo.png\",\"width\":512,\"height\":512,\"caption\":\"Gerardmer Info\"},\"image\":{\"@id\":\"https:\/\/vosgesinfo.fr\/gerardmerinfo\/#\/schema\/logo\/image\/\"},\"sameAs\":[\"https:\/\/www.facebook.com\/profile.php?id=100049475262660\",\"https:\/\/x.com\/VosgesInfo88\",\"https:\/\/www.youtube.com\/@vosgesinfo\"]},{\"@type\":\"Person\",\"@id\":\"https:\/\/vosgesinfo.fr\/gerardmerinfo\/#\/schema\/person\/27a3695b06db98895b354c0765cdfc31\",\"name\":\"La redaction\",\"image\":{\"@type\":\"ImageObject\",\"inLanguage\":\"fr-FR\",\"@id\":\"https:\/\/vosgesinfo.fr\/gerardmerinfo\/#\/schema\/person\/image\/\",\"url\":\"https:\/\/secure.gravatar.com\/avatar\/64c76a78e501cedee55736f43f332df901e1896ae9cd8fad269ae2236dd0e8b6?s=96&d=mm&r=g\",\"contentUrl\":\"https:\/\/secure.gravatar.com\/avatar\/64c76a78e501cedee55736f43f332df901e1896ae9cd8fad269ae2236dd0e8b6?s=96&d=mm&r=g\",\"caption\":\"La redaction\"},\"url\":\"https:\/\/vosgesinfo.fr\/gerardmerinfo\/author\/la-redaction\/\"}]}<\/script>\n<!-- \/ Yoast SEO plugin. -->","yoast_head_json":{"title":"Musique tout l'\u00e9t\u00e9 avec la 35e \u00e9dition du festival de Kichompr\u00e9 - Gerardmer Info","robots":{"index":"index","follow":"follow","max-snippet":"max-snippet:-1","max-image-preview":"max-image-preview:large","max-video-preview":"max-video-preview:-1"},"canonical":"https:\/\/vosgesinfo.fr\/gerardmerinfo\/?p=10593","twitter_card":"summary_large_image","twitter_title":"Musique tout l'\u00e9t\u00e9 avec la 35e \u00e9dition du festival de Kichompr\u00e9 - Gerardmer Info","twitter_description":"Le 35e opus du festival international de Kichompr\u00e9 aura lieu du 9 juillet au 27 ao\u00fbt 2024 \u00e0 l&rsquo;\u00e9glise Saint-\u00c9tienne [&hellip;]","twitter_image":"https:\/\/vosgesinfo.fr\/app\/uploads\/sites\/6\/2024\/06\/festival-de-kichompre-eric-lemarquis-presentation-2024-300x200.jpg","twitter_creator":"@VosgesInfo88","twitter_site":"@VosgesInfo88","twitter_misc":{"\u00c9crit par":"La redaction","Dur\u00e9e de lecture estim\u00e9e":"1 minute"},"schema":{"@context":"https:\/\/schema.org","@graph":[{"@type":"Article","@id":"https:\/\/vosgesinfo.fr\/gerardmerinfo\/?p=10593#article","isPartOf":{"@id":"https:\/\/vosgesinfo.fr\/gerardmerinfo\/?p=10593"},"author":{"name":"La redaction","@id":"https:\/\/vosgesinfo.fr\/gerardmerinfo\/#\/schema\/person\/27a3695b06db98895b354c0765cdfc31"},"headline":"Musique tout l&rsquo;\u00e9t\u00e9 avec la 35e \u00e9dition du festival de Kichompr\u00e9","datePublished":"2024-06-22T03:59:57+00:00","dateModified":"2024-06-21T14:43:24+00:00","mainEntityOfPage":{"@id":"https:\/\/vosgesinfo.fr\/gerardmerinfo\/?p=10593"},"wordCount":283,"commentCount":1,"publisher":{"@id":"https:\/\/vosgesinfo.fr\/gerardmerinfo\/#organization"},"image":{"@id":"https:\/\/vosgesinfo.fr\/gerardmerinfo\/?p=10593#primaryimage"},"thumbnailUrl":"https:\/\/vosgesinfo.fr\/app\/uploads\/sites\/6\/2024\/06\/festival-de-kichompre-2024-affiche-scaled.jpg","keywords":["102 Bis \u00e0 Kichompr\u00e9","concertour 88","Eric Lemarquis","festival de kichompr\u00e9"],"articleSection":["A la une","Concert","G\u00e9rardmer","Vie artistique"],"inLanguage":"fr-FR","potentialAction":[{"@type":"CommentAction","name":"Comment","target":["https:\/\/vosgesinfo.fr\/gerardmerinfo\/?p=10593#respond"]}]},{"@type":"WebPage","@id":"https:\/\/vosgesinfo.fr\/gerardmerinfo\/?p=10593","url":"https:\/\/vosgesinfo.fr\/gerardmerinfo\/?p=10593","name":"Musique tout l'\u00e9t\u00e9 avec la 35e \u00e9dition du festival de Kichompr\u00e9 - Gerardmer Info","isPartOf":{"@id":"https:\/\/vosgesinfo.fr\/gerardmerinfo\/#website"},"primaryImageOfPage":{"@id":"https:\/\/vosgesinfo.fr\/gerardmerinfo\/?p=10593#primaryimage"},"image":{"@id":"https:\/\/vosgesinfo.fr\/gerardmerinfo\/?p=10593#primaryimage"},"thumbnailUrl":"https:\/\/vosgesinfo.fr\/app\/uploads\/sites\/6\/2024\/06\/festival-de-kichompre-2024-affiche-scaled.jpg","datePublished":"2024-06-22T03:59:57+00:00","dateModified":"2024-06-21T14:43:24+00:00","breadcrumb":{"@id":"https:\/\/vosgesinfo.fr\/gerardmerinfo\/?p=10593#breadcrumb"},"inLanguage":"fr-FR","potentialAction":[{"@type":"ReadAction","target":["https:\/\/vosgesinfo.fr\/gerardmerinfo\/?p=10593"]}]},{"@type":"ImageObject","inLanguage":"fr-FR","@id":"https:\/\/vosgesinfo.fr\/gerardmerinfo\/?p=10593#primaryimage","url":"https:\/\/vosgesinfo.fr\/app\/uploads\/sites\/6\/2024\/06\/festival-de-kichompre-2024-affiche-scaled.jpg","contentUrl":"https:\/\/vosgesinfo.fr\/app\/uploads\/sites\/6\/2024\/06\/festival-de-kichompre-2024-affiche-scaled.jpg","width":1581,"height":2560},{"@type":"BreadcrumbList","@id":"https:\/\/vosgesinfo.fr\/gerardmerinfo\/?p=10593#breadcrumb","itemListElement":[{"@type":"ListItem","position":1,"name":"Home","item":"https:\/\/vosgesinfo.fr\/gerardmerinfo\/"},{"@type":"ListItem","position":2,"name":"Musique tout l&rsquo;\u00e9t\u00e9 avec la 35e \u00e9dition du festival de Kichompr\u00e9"}]},{"@type":"WebSite","@id":"https:\/\/vosgesinfo.fr\/gerardmerinfo\/#website","url":"https:\/\/vosgesinfo.fr\/gerardmerinfo\/","name":"Gerardmer Info","description":"Toute l&#039;actualit\u00e9 de G\u00e9rardmer","publisher":{"@id":"https:\/\/vosgesinfo.fr\/gerardmerinfo\/#organization"},"alternateName":"Toute l'actualit\u00e9 de G\u00e9rardmer","potentialAction":[{"@type":"SearchAction","target":{"@type":"EntryPoint","urlTemplate":"https:\/\/vosgesinfo.fr\/gerardmerinfo\/?s={search_term_string}"},"query-input":"required name=search_term_string"}],"inLanguage":"fr-FR"},{"@type":"Organization","@id":"https:\/\/vosgesinfo.fr\/gerardmerinfo\/#organization","name":"Gerardmer Info","url":"https:\/\/vosgesinfo.fr\/gerardmerinfo\/","logo":{"@type":"ImageObject","inLanguage":"fr-FR","@id":"https:\/\/vosgesinfo.fr\/gerardmerinfo\/#\/schema\/logo\/image\/","url":"https:\/\/vosgesinfo.fr\/app\/uploads\/sites\/6\/2023\/08\/favicon-gerardmerinfo.png","contentUrl":"https:\/\/vosgesinfo.fr\/app\/uploads\/sites\/6\/2023\/08\/favicon-gerardmerinfo.png","width":512,"height":512,"caption":"Gerardmer Info"},"image":{"@id":"https:\/\/vosgesinfo.fr\/gerardmerinfo\/#\/schema\/logo\/image\/"},"sameAs":["https:\/\/www.facebook.com\/profile.php?id=100049475262660","https:\/\/x.com\/VosgesInfo88","https:\/\/www.youtube.com\/@vosgesinfo"]},{"@type":"Person","@id":"https:\/\/vosgesinfo.fr\/gerardmerinfo\/#\/schema\/person\/27a3695b06db98895b354c0765cdfc31","name":"La redaction","image":{"@type":"ImageObject","inLanguage":"fr-FR","@id":"https:\/\/vosgesinfo.fr\/gerardmerinfo\/#\/schema\/person\/image\/","url":"https:\/\/secure.gravatar.com\/avatar\/64c76a78e501cedee55736f43f332df901e1896ae9cd8fad269ae2236dd0e8b6?s=96&d=mm&r=g","contentUrl":"https:\/\/secure.gravatar.com\/avatar\/64c76a78e501cedee55736f43f332df901e1896ae9cd8fad269ae2236dd0e8b6?s=96&d=mm&r=g","caption":"La redaction"},"url":"https:\/\/vosgesinfo.fr\/gerardmerinfo\/author\/la-redaction\/"}]}},"_links":{"self":[{"href":"https:\/\/vosgesinfo.fr\/gerardmerinfo\/wp-json\/wp\/v2\/posts\/10593","targetHints":{"allow":["GET"]}}],"collection":[{"href":"https:\/\/vosgesinfo.fr\/gerardmerinfo\/wp-json\/wp\/v2\/posts"}],"about":[{"href":"https:\/\/vosgesinfo.fr\/gerardmerinfo\/wp-json\/wp\/v2\/types\/post"}],"author":[{"embeddable":true,"href":"https:\/\/vosgesinfo.fr\/gerardmerinfo\/wp-json\/wp\/v2\/users\/391"}],"replies":[{"embeddable":true,"href":"https:\/\/vosgesinfo.fr\/gerardmerinfo\/wp-json\/wp\/v2\/comments?post=10593"}],"version-history":[{"count":1,"href":"https:\/\/vosgesinfo.fr\/gerardmerinfo\/wp-json\/wp\/v2\/posts\/10593\/revisions"}],"predecessor-version":[{"id":10596,"href":"https:\/\/vosgesinfo.fr\/gerardmerinfo\/wp-json\/wp\/v2\/posts\/10593\/revisions\/10596"}],"wp:featuredmedia":[{"embeddable":true,"href":"https:\/\/vosgesinfo.fr\/gerardmerinfo\/wp-json\/wp\/v2\/media\/10595"}],"wp:attachment":[{"href":"https:\/\/vosgesinfo.fr\/gerardmerinfo\/wp-json\/wp\/v2\/media?parent=10593"}],"wp:term":[{"taxonomy":"category","embeddable":true,"href":"https:\/\/vosgesinfo.fr\/gerardmerinfo\/wp-json\/wp\/v2\/categories?post=10593"},{"taxonomy":"post_tag","embeddable":true,"href":"https:\/\/vosgesinfo.fr\/gerardmerinfo\/wp-json\/wp\/v2\/tags?post=10593"}],"curies":[{"name":"wp","href":"https:\/\/api.w.org\/{rel}","templated":true}]}}