{"id":10978,"date":"2024-07-02T05:58:51","date_gmt":"2024-07-02T03:58:51","guid":{"rendered":"https:\/\/vosgesinfo.fr\/gerardmerinfo\/?p=10978"},"modified":"2024-07-01T20:57:10","modified_gmt":"2024-07-01T18:57:10","slug":"guy-grosdemange-nous-a-quittes","status":"publish","type":"post","link":"https:\/\/vosgesinfo.fr\/gerardmerinfo\/2024\/07\/guy-grosdemange-nous-a-quittes\/","title":{"rendered":"Guy Grosdemange nous a quitt\u00e9s"},"content":{"rendered":"<div dir=\"auto\">Guy Grosdemange est d\u00e9c\u00e9d\u00e9 ce 1er juillet \u00e0 l\u2019h\u00f4pital de G\u00e9rardmer \u00e0 l\u2019\u00e2ge de 75 ans.<\/div>\n<div dir=\"auto\"><a href=\"https:\/\/vosgesinfo.fr\/app\/uploads\/sites\/6\/2024\/07\/g.-grodemange.jpg\"><img decoding=\"async\" class=\"alignright size-medium wp-image-10975\" src=\"https:\/\/vosgesinfo.fr\/app\/uploads\/sites\/6\/2024\/07\/g.-grodemange-255x300.jpg\" alt=\"\" width=\"255\" height=\"300\" srcset=\"https:\/\/vosgesinfo.fr\/app\/uploads\/sites\/6\/2024\/07\/g.-grodemange-255x300.jpg 255w, https:\/\/vosgesinfo.fr\/app\/uploads\/sites\/6\/2024\/07\/g.-grodemange-870x1024.jpg 870w, https:\/\/vosgesinfo.fr\/app\/uploads\/sites\/6\/2024\/07\/g.-grodemange-768x904.jpg 768w, https:\/\/vosgesinfo.fr\/app\/uploads\/sites\/6\/2024\/07\/g.-grodemange.jpg 1139w\" sizes=\"(max-width: 255px) 100vw, 255px\" \/><\/a>N\u00e9 le 5 janvier 1949 \u00e0 la Bresse, il s\u2019est mari\u00e9 le 9 octobre 1971 avec Solange Delon.\u00a0 Un fils est n\u00e9 de cette union, Fr\u00e9d\u00e9ric, qu\u2019il a eu la douleur de perdre en 2010.\u00a0La famille s\u2019\u00e9tait agrandie en 2001 avec l\u2019arriv\u00e9e d\u2019une petite fille, Ma\u00eb, qu\u2019il adorait. Guy \u00e9tait install\u00e9 \u00e0 Rochesson depuis les ann\u00e9es 70, o\u00f9 il a cr\u00e9e son entreprise Domotic\u2019elec.<\/div>\n<div dir=\"auto\">Il profitait d\u2019une heureuse retraite, en camping car ou en Harley, dans le sud o\u00f9 il allait r\u00e9guli\u00e8rement avec ses amis motards.\u00a0Il ch\u00e9rissait les repas en famille, o\u00f9 ses proches \u00e9taient r\u00e9unis.\u00a0Guy \u00e9tait un bon vivant, taquin et avait toujours le mot pour faire rire. Il aimait \u00e9galement raconter sa jeunesse et partager ses bons souvenirs. Selon sa volont\u00e9, les obs\u00e8ques seront c\u00e9l\u00e9br\u00e9es le mercredi 3 juillet \u00e0 14h30 \u00e0 la salle omniculte du fun\u00e9rarium de G\u00e9rardmer.<\/div>\n<div dir=\"auto\">Nos sinc\u00e8res condol\u00e9ances.<\/div>\n","protected":false},"excerpt":{"rendered":"<p>Guy Grosdemange est d\u00e9c\u00e9d\u00e9 ce 1er juillet \u00e0 l\u2019h\u00f4pital de G\u00e9rardmer \u00e0 l\u2019\u00e2ge de 75 ans. N\u00e9 le 5 janvier [&hellip;]<\/p>\n","protected":false},"author":42,"featured_media":10975,"comment_status":"open","ping_status":"open","sticky":false,"template":"","format":"standard","meta":{"footnotes":""},"categories":[20,25,43],"tags":[],"class_list":["post-10978","post","type-post","status-publish","format-standard","has-post-thumbnail","hentry","category-a-la-une","category-gerardmer","category-necrologie"],"acf":[],"yoast_head":"<!-- This site is optimized with the Yoast SEO plugin v22.5 - https:\/\/yoast.com\/wordpress\/plugins\/seo\/ -->\n<title>Guy Grosdemange nous a quitt\u00e9s - Gerardmer Info<\/title>\n<meta name=\"robots\" content=\"index, follow, max-snippet:-1, max-image-preview:large, max-video-preview:-1\" \/>\n<link rel=\"canonical\" href=\"https:\/\/vosgesinfo.fr\/gerardmerinfo\/?p=10978\" \/>\n<meta name=\"twitter:card\" content=\"summary_large_image\" \/>\n<meta name=\"twitter:title\" content=\"Guy Grosdemange nous a quitt\u00e9s - Gerardmer Info\" \/>\n<meta name=\"twitter:description\" content=\"Guy Grosdemange est d\u00e9c\u00e9d\u00e9 ce 1er juillet \u00e0 l\u2019h\u00f4pital de G\u00e9rardmer \u00e0 l\u2019\u00e2ge de 75 ans. N\u00e9 le 5 janvier [&hellip;]\" \/>\n<meta name=\"twitter:image\" content=\"https:\/\/vosgesinfo.fr\/app\/uploads\/sites\/6\/2024\/07\/g.-grodemange-255x300.jpg\" \/>\n<meta name=\"twitter:creator\" content=\"@VosgesInfo88\" \/>\n<meta name=\"twitter:site\" content=\"@VosgesInfo88\" \/>\n<meta name=\"twitter:label1\" content=\"\u00c9crit par\" \/>\n\t<meta name=\"twitter:data1\" content=\"QG\" \/>\n\t<meta name=\"twitter:label2\" content=\"Dur\u00e9e de lecture estim\u00e9e\" \/>\n\t<meta name=\"twitter:data2\" content=\"1 minute\" \/>\n<script type=\"application\/ld+json\" class=\"yoast-schema-graph\">{\"@context\":\"https:\/\/schema.org\",\"@graph\":[{\"@type\":\"Article\",\"@id\":\"https:\/\/vosgesinfo.fr\/gerardmerinfo\/?p=10978#article\",\"isPartOf\":{\"@id\":\"https:\/\/vosgesinfo.fr\/gerardmerinfo\/?p=10978\"},\"author\":{\"name\":\"QG\",\"@id\":\"https:\/\/vosgesinfo.fr\/gerardmerinfo\/#\/schema\/person\/db5605779a843dad16b5368f3e7613a5\"},\"headline\":\"Guy Grosdemange nous a quitt\u00e9s\",\"datePublished\":\"2024-07-02T03:58:51+00:00\",\"dateModified\":\"2024-07-01T18:57:10+00:00\",\"mainEntityOfPage\":{\"@id\":\"https:\/\/vosgesinfo.fr\/gerardmerinfo\/?p=10978\"},\"wordCount\":185,\"commentCount\":4,\"publisher\":{\"@id\":\"https:\/\/vosgesinfo.fr\/gerardmerinfo\/#organization\"},\"image\":{\"@id\":\"https:\/\/vosgesinfo.fr\/gerardmerinfo\/?p=10978#primaryimage\"},\"thumbnailUrl\":\"https:\/\/vosgesinfo.fr\/app\/uploads\/sites\/6\/2024\/07\/g.-grodemange.jpg\",\"articleSection\":[\"A la une\",\"G\u00e9rardmer\",\"N\u00e9crologie\"],\"inLanguage\":\"fr-FR\",\"potentialAction\":[{\"@type\":\"CommentAction\",\"name\":\"Comment\",\"target\":[\"https:\/\/vosgesinfo.fr\/gerardmerinfo\/?p=10978#respond\"]}]},{\"@type\":\"WebPage\",\"@id\":\"https:\/\/vosgesinfo.fr\/gerardmerinfo\/?p=10978\",\"url\":\"https:\/\/vosgesinfo.fr\/gerardmerinfo\/?p=10978\",\"name\":\"Guy Grosdemange nous a quitt\u00e9s - Gerardmer Info\",\"isPartOf\":{\"@id\":\"https:\/\/vosgesinfo.fr\/gerardmerinfo\/#website\"},\"primaryImageOfPage\":{\"@id\":\"https:\/\/vosgesinfo.fr\/gerardmerinfo\/?p=10978#primaryimage\"},\"image\":{\"@id\":\"https:\/\/vosgesinfo.fr\/gerardmerinfo\/?p=10978#primaryimage\"},\"thumbnailUrl\":\"https:\/\/vosgesinfo.fr\/app\/uploads\/sites\/6\/2024\/07\/g.-grodemange.jpg\",\"datePublished\":\"2024-07-02T03:58:51+00:00\",\"dateModified\":\"2024-07-01T18:57:10+00:00\",\"breadcrumb\":{\"@id\":\"https:\/\/vosgesinfo.fr\/gerardmerinfo\/?p=10978#breadcrumb\"},\"inLanguage\":\"fr-FR\",\"potentialAction\":[{\"@type\":\"ReadAction\",\"target\":[\"https:\/\/vosgesinfo.fr\/gerardmerinfo\/?p=10978\"]}]},{\"@type\":\"ImageObject\",\"inLanguage\":\"fr-FR\",\"@id\":\"https:\/\/vosgesinfo.fr\/gerardmerinfo\/?p=10978#primaryimage\",\"url\":\"https:\/\/vosgesinfo.fr\/app\/uploads\/sites\/6\/2024\/07\/g.-grodemange.jpg\",\"contentUrl\":\"https:\/\/vosgesinfo.fr\/app\/uploads\/sites\/6\/2024\/07\/g.-grodemange.jpg\",\"width\":1139,\"height\":1340},{\"@type\":\"BreadcrumbList\",\"@id\":\"https:\/\/vosgesinfo.fr\/gerardmerinfo\/?p=10978#breadcrumb\",\"itemListElement\":[{\"@type\":\"ListItem\",\"position\":1,\"name\":\"Home\",\"item\":\"https:\/\/vosgesinfo.fr\/gerardmerinfo\/\"},{\"@type\":\"ListItem\",\"position\":2,\"name\":\"Guy Grosdemange nous a quitt\u00e9s\"}]},{\"@type\":\"WebSite\",\"@id\":\"https:\/\/vosgesinfo.fr\/gerardmerinfo\/#website\",\"url\":\"https:\/\/vosgesinfo.fr\/gerardmerinfo\/\",\"name\":\"Gerardmer Info\",\"description\":\"Toute l&#039;actualit\u00e9 de G\u00e9rardmer\",\"publisher\":{\"@id\":\"https:\/\/vosgesinfo.fr\/gerardmerinfo\/#organization\"},\"alternateName\":\"Toute l'actualit\u00e9 de G\u00e9rardmer\",\"potentialAction\":[{\"@type\":\"SearchAction\",\"target\":{\"@type\":\"EntryPoint\",\"urlTemplate\":\"https:\/\/vosgesinfo.fr\/gerardmerinfo\/?s={search_term_string}\"},\"query-input\":\"required name=search_term_string\"}],\"inLanguage\":\"fr-FR\"},{\"@type\":\"Organization\",\"@id\":\"https:\/\/vosgesinfo.fr\/gerardmerinfo\/#organization\",\"name\":\"Gerardmer Info\",\"url\":\"https:\/\/vosgesinfo.fr\/gerardmerinfo\/\",\"logo\":{\"@type\":\"ImageObject\",\"inLanguage\":\"fr-FR\",\"@id\":\"https:\/\/vosgesinfo.fr\/gerardmerinfo\/#\/schema\/logo\/image\/\",\"url\":\"https:\/\/vosgesinfo.fr\/app\/uploads\/sites\/6\/2023\/08\/favicon-gerardmerinfo.png\",\"contentUrl\":\"https:\/\/vosgesinfo.fr\/app\/uploads\/sites\/6\/2023\/08\/favicon-gerardmerinfo.png\",\"width\":512,\"height\":512,\"caption\":\"Gerardmer Info\"},\"image\":{\"@id\":\"https:\/\/vosgesinfo.fr\/gerardmerinfo\/#\/schema\/logo\/image\/\"},\"sameAs\":[\"https:\/\/www.facebook.com\/profile.php?id=100049475262660\",\"https:\/\/x.com\/VosgesInfo88\",\"https:\/\/www.youtube.com\/@vosgesinfo\"]},{\"@type\":\"Person\",\"@id\":\"https:\/\/vosgesinfo.fr\/gerardmerinfo\/#\/schema\/person\/db5605779a843dad16b5368f3e7613a5\",\"name\":\"QG\",\"image\":{\"@type\":\"ImageObject\",\"inLanguage\":\"fr-FR\",\"@id\":\"https:\/\/vosgesinfo.fr\/gerardmerinfo\/#\/schema\/person\/image\/\",\"url\":\"https:\/\/secure.gravatar.com\/avatar\/ea80c42c204b534408512832fde52504ecabb9706bcb6151cf6175e5b64e6793?s=96&d=mm&r=g\",\"contentUrl\":\"https:\/\/secure.gravatar.com\/avatar\/ea80c42c204b534408512832fde52504ecabb9706bcb6151cf6175e5b64e6793?s=96&d=mm&r=g\",\"caption\":\"QG\"},\"url\":\"https:\/\/vosgesinfo.fr\/gerardmerinfo\/author\/quentin88\/\"}]}<\/script>\n<!-- \/ Yoast SEO plugin. -->","yoast_head_json":{"title":"Guy Grosdemange nous a quitt\u00e9s - Gerardmer Info","robots":{"index":"index","follow":"follow","max-snippet":"max-snippet:-1","max-image-preview":"max-image-preview:large","max-video-preview":"max-video-preview:-1"},"canonical":"https:\/\/vosgesinfo.fr\/gerardmerinfo\/?p=10978","twitter_card":"summary_large_image","twitter_title":"Guy Grosdemange nous a quitt\u00e9s - Gerardmer Info","twitter_description":"Guy Grosdemange est d\u00e9c\u00e9d\u00e9 ce 1er juillet \u00e0 l\u2019h\u00f4pital de G\u00e9rardmer \u00e0 l\u2019\u00e2ge de 75 ans. N\u00e9 le 5 janvier [&hellip;]","twitter_image":"https:\/\/vosgesinfo.fr\/app\/uploads\/sites\/6\/2024\/07\/g.-grodemange-255x300.jpg","twitter_creator":"@VosgesInfo88","twitter_site":"@VosgesInfo88","twitter_misc":{"\u00c9crit par":"QG","Dur\u00e9e de lecture estim\u00e9e":"1 minute"},"schema":{"@context":"https:\/\/schema.org","@graph":[{"@type":"Article","@id":"https:\/\/vosgesinfo.fr\/gerardmerinfo\/?p=10978#article","isPartOf":{"@id":"https:\/\/vosgesinfo.fr\/gerardmerinfo\/?p=10978"},"author":{"name":"QG","@id":"https:\/\/vosgesinfo.fr\/gerardmerinfo\/#\/schema\/person\/db5605779a843dad16b5368f3e7613a5"},"headline":"Guy Grosdemange nous a quitt\u00e9s","datePublished":"2024-07-02T03:58:51+00:00","dateModified":"2024-07-01T18:57:10+00:00","mainEntityOfPage":{"@id":"https:\/\/vosgesinfo.fr\/gerardmerinfo\/?p=10978"},"wordCount":185,"commentCount":4,"publisher":{"@id":"https:\/\/vosgesinfo.fr\/gerardmerinfo\/#organization"},"image":{"@id":"https:\/\/vosgesinfo.fr\/gerardmerinfo\/?p=10978#primaryimage"},"thumbnailUrl":"https:\/\/vosgesinfo.fr\/app\/uploads\/sites\/6\/2024\/07\/g.-grodemange.jpg","articleSection":["A la une","G\u00e9rardmer","N\u00e9crologie"],"inLanguage":"fr-FR","potentialAction":[{"@type":"CommentAction","name":"Comment","target":["https:\/\/vosgesinfo.fr\/gerardmerinfo\/?p=10978#respond"]}]},{"@type":"WebPage","@id":"https:\/\/vosgesinfo.fr\/gerardmerinfo\/?p=10978","url":"https:\/\/vosgesinfo.fr\/gerardmerinfo\/?p=10978","name":"Guy Grosdemange nous a quitt\u00e9s - Gerardmer Info","isPartOf":{"@id":"https:\/\/vosgesinfo.fr\/gerardmerinfo\/#website"},"primaryImageOfPage":{"@id":"https:\/\/vosgesinfo.fr\/gerardmerinfo\/?p=10978#primaryimage"},"image":{"@id":"https:\/\/vosgesinfo.fr\/gerardmerinfo\/?p=10978#primaryimage"},"thumbnailUrl":"https:\/\/vosgesinfo.fr\/app\/uploads\/sites\/6\/2024\/07\/g.-grodemange.jpg","datePublished":"2024-07-02T03:58:51+00:00","dateModified":"2024-07-01T18:57:10+00:00","breadcrumb":{"@id":"https:\/\/vosgesinfo.fr\/gerardmerinfo\/?p=10978#breadcrumb"},"inLanguage":"fr-FR","potentialAction":[{"@type":"ReadAction","target":["https:\/\/vosgesinfo.fr\/gerardmerinfo\/?p=10978"]}]},{"@type":"ImageObject","inLanguage":"fr-FR","@id":"https:\/\/vosgesinfo.fr\/gerardmerinfo\/?p=10978#primaryimage","url":"https:\/\/vosgesinfo.fr\/app\/uploads\/sites\/6\/2024\/07\/g.-grodemange.jpg","contentUrl":"https:\/\/vosgesinfo.fr\/app\/uploads\/sites\/6\/2024\/07\/g.-grodemange.jpg","width":1139,"height":1340},{"@type":"BreadcrumbList","@id":"https:\/\/vosgesinfo.fr\/gerardmerinfo\/?p=10978#breadcrumb","itemListElement":[{"@type":"ListItem","position":1,"name":"Home","item":"https:\/\/vosgesinfo.fr\/gerardmerinfo\/"},{"@type":"ListItem","position":2,"name":"Guy Grosdemange nous a quitt\u00e9s"}]},{"@type":"WebSite","@id":"https:\/\/vosgesinfo.fr\/gerardmerinfo\/#website","url":"https:\/\/vosgesinfo.fr\/gerardmerinfo\/","name":"Gerardmer Info","description":"Toute l&#039;actualit\u00e9 de G\u00e9rardmer","publisher":{"@id":"https:\/\/vosgesinfo.fr\/gerardmerinfo\/#organization"},"alternateName":"Toute l'actualit\u00e9 de G\u00e9rardmer","potentialAction":[{"@type":"SearchAction","target":{"@type":"EntryPoint","urlTemplate":"https:\/\/vosgesinfo.fr\/gerardmerinfo\/?s={search_term_string}"},"query-input":"required name=search_term_string"}],"inLanguage":"fr-FR"},{"@type":"Organization","@id":"https:\/\/vosgesinfo.fr\/gerardmerinfo\/#organization","name":"Gerardmer Info","url":"https:\/\/vosgesinfo.fr\/gerardmerinfo\/","logo":{"@type":"ImageObject","inLanguage":"fr-FR","@id":"https:\/\/vosgesinfo.fr\/gerardmerinfo\/#\/schema\/logo\/image\/","url":"https:\/\/vosgesinfo.fr\/app\/uploads\/sites\/6\/2023\/08\/favicon-gerardmerinfo.png","contentUrl":"https:\/\/vosgesinfo.fr\/app\/uploads\/sites\/6\/2023\/08\/favicon-gerardmerinfo.png","width":512,"height":512,"caption":"Gerardmer Info"},"image":{"@id":"https:\/\/vosgesinfo.fr\/gerardmerinfo\/#\/schema\/logo\/image\/"},"sameAs":["https:\/\/www.facebook.com\/profile.php?id=100049475262660","https:\/\/x.com\/VosgesInfo88","https:\/\/www.youtube.com\/@vosgesinfo"]},{"@type":"Person","@id":"https:\/\/vosgesinfo.fr\/gerardmerinfo\/#\/schema\/person\/db5605779a843dad16b5368f3e7613a5","name":"QG","image":{"@type":"ImageObject","inLanguage":"fr-FR","@id":"https:\/\/vosgesinfo.fr\/gerardmerinfo\/#\/schema\/person\/image\/","url":"https:\/\/secure.gravatar.com\/avatar\/ea80c42c204b534408512832fde52504ecabb9706bcb6151cf6175e5b64e6793?s=96&d=mm&r=g","contentUrl":"https:\/\/secure.gravatar.com\/avatar\/ea80c42c204b534408512832fde52504ecabb9706bcb6151cf6175e5b64e6793?s=96&d=mm&r=g","caption":"QG"},"url":"https:\/\/vosgesinfo.fr\/gerardmerinfo\/author\/quentin88\/"}]}},"_links":{"self":[{"href":"https:\/\/vosgesinfo.fr\/gerardmerinfo\/wp-json\/wp\/v2\/posts\/10978","targetHints":{"allow":["GET"]}}],"collection":[{"href":"https:\/\/vosgesinfo.fr\/gerardmerinfo\/wp-json\/wp\/v2\/posts"}],"about":[{"href":"https:\/\/vosgesinfo.fr\/gerardmerinfo\/wp-json\/wp\/v2\/types\/post"}],"author":[{"embeddable":true,"href":"https:\/\/vosgesinfo.fr\/gerardmerinfo\/wp-json\/wp\/v2\/users\/42"}],"replies":[{"embeddable":true,"href":"https:\/\/vosgesinfo.fr\/gerardmerinfo\/wp-json\/wp\/v2\/comments?post=10978"}],"version-history":[{"count":1,"href":"https:\/\/vosgesinfo.fr\/gerardmerinfo\/wp-json\/wp\/v2\/posts\/10978\/revisions"}],"predecessor-version":[{"id":10979,"href":"https:\/\/vosgesinfo.fr\/gerardmerinfo\/wp-json\/wp\/v2\/posts\/10978\/revisions\/10979"}],"wp:featuredmedia":[{"embeddable":true,"href":"https:\/\/vosgesinfo.fr\/gerardmerinfo\/wp-json\/wp\/v2\/media\/10975"}],"wp:attachment":[{"href":"https:\/\/vosgesinfo.fr\/gerardmerinfo\/wp-json\/wp\/v2\/media?parent=10978"}],"wp:term":[{"taxonomy":"category","embeddable":true,"href":"https:\/\/vosgesinfo.fr\/gerardmerinfo\/wp-json\/wp\/v2\/categories?post=10978"},{"taxonomy":"post_tag","embeddable":true,"href":"https:\/\/vosgesinfo.fr\/gerardmerinfo\/wp-json\/wp\/v2\/tags?post=10978"}],"curies":[{"name":"wp","href":"https:\/\/api.w.org\/{rel}","templated":true}]}}