{"id":1103,"date":"2024-01-29T15:55:07","date_gmt":"2024-01-29T14:55:07","guid":{"rendered":"https:\/\/vosgesinfo.fr\/gerardmerinfo\/2024\/01\/un-collegien-de-saint-die-des-vosges-se-classe-premier-dun-concours-national-parmi-plus-de-100-000-participants\/"},"modified":"2024-01-29T15:55:07","modified_gmt":"2024-01-29T14:55:07","slug":"un-collegien-de-saint-die-des-vosges-se-classe-premier-dun-concours-national-parmi-plus-de-100-000-participants","status":"publish","type":"post","link":"https:\/\/vosgesinfo.fr\/gerardmerinfo\/2024\/01\/un-collegien-de-saint-die-des-vosges-se-classe-premier-dun-concours-national-parmi-plus-de-100-000-participants\/","title":{"rendered":"Un coll\u00e9gien de Saint-Di\u00e9-des-Vosges se classe premier d\u2019un concours national, parmi plus de 100 000 participants"},"content":{"rendered":"<h2><strong>Le concours Castor est une comp\u00e9tition annuelle de logique, qui a vu le jour en 2004 en Lituanie. Aujourd\u2019hui, ce concours \u00e0 destination des scolaires est organis\u00e9 dans 30 pays, dont la France depuis 2011, avec comme objectif d\u2019\u00e9veiller l\u2019int\u00e9r\u00eat pour les sciences num\u00e9riques aupr\u00e8s des jeunes.<\/strong><\/h2>\n","protected":false},"excerpt":{"rendered":"<p>Le concours Castor est une comp\u00e9tition annuelle de logique, qui a vu le jour en 2004 en Lituanie. Aujourd\u2019hui, ce [&hellip;]<\/p>\n","protected":false},"author":1,"featured_media":1104,"comment_status":"open","ping_status":"open","sticky":false,"template":"","format":"standard","meta":{"footnotes":""},"categories":[20,6,18],"tags":[255,256],"class_list":["post-1103","post","type-post","status-publish","format-standard","has-post-thumbnail","hentry","category-a-la-une","category-education","category-vosges","tag-concours-castor","tag-samuel-millot"],"acf":[],"yoast_head":"<!-- This site is optimized with the Yoast SEO plugin v22.5 - https:\/\/yoast.com\/wordpress\/plugins\/seo\/ -->\n<title>Un coll\u00e9gien de Saint-Di\u00e9-des-Vosges se classe premier d\u2019un concours national, parmi plus de 100 000 participants - Gerardmer Info<\/title>\n<meta name=\"robots\" content=\"index, follow, max-snippet:-1, max-image-preview:large, max-video-preview:-1\" \/>\n<link rel=\"canonical\" href=\"https:\/\/vosgesinfo.fr\/gerardmerinfo\/2024\/01\/un-collegien-de-saint-die-des-vosges-se-classe-premier-dun-concours-national-parmi-plus-de-100-000-participants\/\" \/>\n<meta name=\"twitter:card\" content=\"summary_large_image\" \/>\n<meta name=\"twitter:title\" content=\"Un coll\u00e9gien de Saint-Di\u00e9-des-Vosges se classe premier d\u2019un concours national, parmi plus de 100 000 participants - Gerardmer Info\" \/>\n<meta name=\"twitter:description\" content=\"Le concours Castor est une comp\u00e9tition annuelle de logique, qui a vu le jour en 2004 en Lituanie. Aujourd\u2019hui, ce [&hellip;]\" \/>\n<meta name=\"twitter:image\" content=\"https:\/\/vosgesinfo.fr\/app\/uploads\/sites\/6\/2024\/01\/samuel-millot-premier-national-concours-castor1.jpg\" \/>\n<meta name=\"twitter:creator\" content=\"@VosgesInfo88\" \/>\n<meta name=\"twitter:site\" content=\"@VosgesInfo88\" \/>\n<meta name=\"twitter:label1\" content=\"\u00c9crit par\" \/>\n\t<meta name=\"twitter:data1\" content=\"qs_admin\" \/>\n<script type=\"application\/ld+json\" class=\"yoast-schema-graph\">{\"@context\":\"https:\/\/schema.org\",\"@graph\":[{\"@type\":\"Article\",\"@id\":\"https:\/\/vosgesinfo.fr\/gerardmerinfo\/2024\/01\/un-collegien-de-saint-die-des-vosges-se-classe-premier-dun-concours-national-parmi-plus-de-100-000-participants\/#article\",\"isPartOf\":{\"@id\":\"https:\/\/vosgesinfo.fr\/gerardmerinfo\/2024\/01\/un-collegien-de-saint-die-des-vosges-se-classe-premier-dun-concours-national-parmi-plus-de-100-000-participants\/\"},\"author\":{\"name\":\"qs_admin\",\"@id\":\"https:\/\/vosgesinfo.fr\/gerardmerinfo\/#\/schema\/person\/bc5d02d71e6932e81b6dadb7386667b1\"},\"headline\":\"Un coll\u00e9gien de Saint-Di\u00e9-des-Vosges se classe premier d\u2019un concours national, parmi plus de 100 000 participants\",\"datePublished\":\"2024-01-29T14:55:07+00:00\",\"dateModified\":\"2024-01-29T14:55:07+00:00\",\"mainEntityOfPage\":{\"@id\":\"https:\/\/vosgesinfo.fr\/gerardmerinfo\/2024\/01\/un-collegien-de-saint-die-des-vosges-se-classe-premier-dun-concours-national-parmi-plus-de-100-000-participants\/\"},\"wordCount\":68,\"commentCount\":0,\"publisher\":{\"@id\":\"https:\/\/vosgesinfo.fr\/gerardmerinfo\/#organization\"},\"image\":{\"@id\":\"https:\/\/vosgesinfo.fr\/gerardmerinfo\/2024\/01\/un-collegien-de-saint-die-des-vosges-se-classe-premier-dun-concours-national-parmi-plus-de-100-000-participants\/#primaryimage\"},\"thumbnailUrl\":\"https:\/\/vosgesinfo.fr\/app\/uploads\/sites\/6\/2024\/01\/samuel-millot-premier-national-concours-castor1.jpg\",\"keywords\":[\"Concours Castor\",\"Samuel Millot\"],\"articleSection\":[\"A la une\",\"\u00c9ducation\",\"Vosges\"],\"inLanguage\":\"fr-FR\",\"potentialAction\":[{\"@type\":\"CommentAction\",\"name\":\"Comment\",\"target\":[\"https:\/\/vosgesinfo.fr\/gerardmerinfo\/2024\/01\/un-collegien-de-saint-die-des-vosges-se-classe-premier-dun-concours-national-parmi-plus-de-100-000-participants\/#respond\"]}]},{\"@type\":\"WebPage\",\"@id\":\"https:\/\/vosgesinfo.fr\/gerardmerinfo\/2024\/01\/un-collegien-de-saint-die-des-vosges-se-classe-premier-dun-concours-national-parmi-plus-de-100-000-participants\/\",\"url\":\"https:\/\/vosgesinfo.fr\/gerardmerinfo\/2024\/01\/un-collegien-de-saint-die-des-vosges-se-classe-premier-dun-concours-national-parmi-plus-de-100-000-participants\/\",\"name\":\"Un coll\u00e9gien de Saint-Di\u00e9-des-Vosges se classe premier d\u2019un concours national, parmi plus de 100 000 participants - Gerardmer Info\",\"isPartOf\":{\"@id\":\"https:\/\/vosgesinfo.fr\/gerardmerinfo\/#website\"},\"primaryImageOfPage\":{\"@id\":\"https:\/\/vosgesinfo.fr\/gerardmerinfo\/2024\/01\/un-collegien-de-saint-die-des-vosges-se-classe-premier-dun-concours-national-parmi-plus-de-100-000-participants\/#primaryimage\"},\"image\":{\"@id\":\"https:\/\/vosgesinfo.fr\/gerardmerinfo\/2024\/01\/un-collegien-de-saint-die-des-vosges-se-classe-premier-dun-concours-national-parmi-plus-de-100-000-participants\/#primaryimage\"},\"thumbnailUrl\":\"https:\/\/vosgesinfo.fr\/app\/uploads\/sites\/6\/2024\/01\/samuel-millot-premier-national-concours-castor1.jpg\",\"datePublished\":\"2024-01-29T14:55:07+00:00\",\"dateModified\":\"2024-01-29T14:55:07+00:00\",\"breadcrumb\":{\"@id\":\"https:\/\/vosgesinfo.fr\/gerardmerinfo\/2024\/01\/un-collegien-de-saint-die-des-vosges-se-classe-premier-dun-concours-national-parmi-plus-de-100-000-participants\/#breadcrumb\"},\"inLanguage\":\"fr-FR\",\"potentialAction\":[{\"@type\":\"ReadAction\",\"target\":[\"https:\/\/vosgesinfo.fr\/gerardmerinfo\/2024\/01\/un-collegien-de-saint-die-des-vosges-se-classe-premier-dun-concours-national-parmi-plus-de-100-000-participants\/\"]}]},{\"@type\":\"ImageObject\",\"inLanguage\":\"fr-FR\",\"@id\":\"https:\/\/vosgesinfo.fr\/gerardmerinfo\/2024\/01\/un-collegien-de-saint-die-des-vosges-se-classe-premier-dun-concours-national-parmi-plus-de-100-000-participants\/#primaryimage\",\"url\":\"https:\/\/vosgesinfo.fr\/app\/uploads\/sites\/6\/2024\/01\/samuel-millot-premier-national-concours-castor1.jpg\",\"contentUrl\":\"https:\/\/vosgesinfo.fr\/app\/uploads\/sites\/6\/2024\/01\/samuel-millot-premier-national-concours-castor1.jpg\",\"width\":2560,\"height\":1920},{\"@type\":\"BreadcrumbList\",\"@id\":\"https:\/\/vosgesinfo.fr\/gerardmerinfo\/2024\/01\/un-collegien-de-saint-die-des-vosges-se-classe-premier-dun-concours-national-parmi-plus-de-100-000-participants\/#breadcrumb\",\"itemListElement\":[{\"@type\":\"ListItem\",\"position\":1,\"name\":\"Home\",\"item\":\"https:\/\/vosgesinfo.fr\/gerardmerinfo\/\"},{\"@type\":\"ListItem\",\"position\":2,\"name\":\"Un coll\u00e9gien de Saint-Di\u00e9-des-Vosges se classe premier d\u2019un concours national, parmi plus de 100 000 participants\"}]},{\"@type\":\"WebSite\",\"@id\":\"https:\/\/vosgesinfo.fr\/gerardmerinfo\/#website\",\"url\":\"https:\/\/vosgesinfo.fr\/gerardmerinfo\/\",\"name\":\"Gerardmer Info\",\"description\":\"Toute l&#039;actualit\u00e9 de G\u00e9rardmer\",\"publisher\":{\"@id\":\"https:\/\/vosgesinfo.fr\/gerardmerinfo\/#organization\"},\"alternateName\":\"Toute l'actualit\u00e9 de G\u00e9rardmer\",\"potentialAction\":[{\"@type\":\"SearchAction\",\"target\":{\"@type\":\"EntryPoint\",\"urlTemplate\":\"https:\/\/vosgesinfo.fr\/gerardmerinfo\/?s={search_term_string}\"},\"query-input\":\"required name=search_term_string\"}],\"inLanguage\":\"fr-FR\"},{\"@type\":\"Organization\",\"@id\":\"https:\/\/vosgesinfo.fr\/gerardmerinfo\/#organization\",\"name\":\"Gerardmer Info\",\"url\":\"https:\/\/vosgesinfo.fr\/gerardmerinfo\/\",\"logo\":{\"@type\":\"ImageObject\",\"inLanguage\":\"fr-FR\",\"@id\":\"https:\/\/vosgesinfo.fr\/gerardmerinfo\/#\/schema\/logo\/image\/\",\"url\":\"https:\/\/vosgesinfo.fr\/app\/uploads\/sites\/6\/2023\/08\/favicon-gerardmerinfo.png\",\"contentUrl\":\"https:\/\/vosgesinfo.fr\/app\/uploads\/sites\/6\/2023\/08\/favicon-gerardmerinfo.png\",\"width\":512,\"height\":512,\"caption\":\"Gerardmer Info\"},\"image\":{\"@id\":\"https:\/\/vosgesinfo.fr\/gerardmerinfo\/#\/schema\/logo\/image\/\"},\"sameAs\":[\"https:\/\/www.facebook.com\/profile.php?id=100049475262660\",\"https:\/\/x.com\/VosgesInfo88\",\"https:\/\/www.youtube.com\/@vosgesinfo\"]},{\"@type\":\"Person\",\"@id\":\"https:\/\/vosgesinfo.fr\/gerardmerinfo\/#\/schema\/person\/bc5d02d71e6932e81b6dadb7386667b1\",\"name\":\"qs_admin\",\"image\":{\"@type\":\"ImageObject\",\"inLanguage\":\"fr-FR\",\"@id\":\"https:\/\/vosgesinfo.fr\/gerardmerinfo\/#\/schema\/person\/image\/\",\"url\":\"https:\/\/secure.gravatar.com\/avatar\/94b18ee0ed79e4a42ea2f2931277b6841a8999fc6fde214600c78057cf1fe1de?s=96&d=mm&r=g\",\"contentUrl\":\"https:\/\/secure.gravatar.com\/avatar\/94b18ee0ed79e4a42ea2f2931277b6841a8999fc6fde214600c78057cf1fe1de?s=96&d=mm&r=g\",\"caption\":\"qs_admin\"},\"sameAs\":[\"https:\/\/vosgesinfo.fr\/wp\"],\"url\":\"https:\/\/vosgesinfo.fr\/gerardmerinfo\/author\/qs_admin\/\"}]}<\/script>\n<!-- \/ Yoast SEO plugin. -->","yoast_head_json":{"title":"Un coll\u00e9gien de Saint-Di\u00e9-des-Vosges se classe premier d\u2019un concours national, parmi plus de 100 000 participants - Gerardmer Info","robots":{"index":"index","follow":"follow","max-snippet":"max-snippet:-1","max-image-preview":"max-image-preview:large","max-video-preview":"max-video-preview:-1"},"canonical":"https:\/\/vosgesinfo.fr\/gerardmerinfo\/2024\/01\/un-collegien-de-saint-die-des-vosges-se-classe-premier-dun-concours-national-parmi-plus-de-100-000-participants\/","twitter_card":"summary_large_image","twitter_title":"Un coll\u00e9gien de Saint-Di\u00e9-des-Vosges se classe premier d\u2019un concours national, parmi plus de 100 000 participants - Gerardmer Info","twitter_description":"Le concours Castor est une comp\u00e9tition annuelle de logique, qui a vu le jour en 2004 en Lituanie. Aujourd\u2019hui, ce [&hellip;]","twitter_image":"https:\/\/vosgesinfo.fr\/app\/uploads\/sites\/6\/2024\/01\/samuel-millot-premier-national-concours-castor1.jpg","twitter_creator":"@VosgesInfo88","twitter_site":"@VosgesInfo88","twitter_misc":{"\u00c9crit par":"qs_admin"},"schema":{"@context":"https:\/\/schema.org","@graph":[{"@type":"Article","@id":"https:\/\/vosgesinfo.fr\/gerardmerinfo\/2024\/01\/un-collegien-de-saint-die-des-vosges-se-classe-premier-dun-concours-national-parmi-plus-de-100-000-participants\/#article","isPartOf":{"@id":"https:\/\/vosgesinfo.fr\/gerardmerinfo\/2024\/01\/un-collegien-de-saint-die-des-vosges-se-classe-premier-dun-concours-national-parmi-plus-de-100-000-participants\/"},"author":{"name":"qs_admin","@id":"https:\/\/vosgesinfo.fr\/gerardmerinfo\/#\/schema\/person\/bc5d02d71e6932e81b6dadb7386667b1"},"headline":"Un coll\u00e9gien de Saint-Di\u00e9-des-Vosges se classe premier d\u2019un concours national, parmi plus de 100 000 participants","datePublished":"2024-01-29T14:55:07+00:00","dateModified":"2024-01-29T14:55:07+00:00","mainEntityOfPage":{"@id":"https:\/\/vosgesinfo.fr\/gerardmerinfo\/2024\/01\/un-collegien-de-saint-die-des-vosges-se-classe-premier-dun-concours-national-parmi-plus-de-100-000-participants\/"},"wordCount":68,"commentCount":0,"publisher":{"@id":"https:\/\/vosgesinfo.fr\/gerardmerinfo\/#organization"},"image":{"@id":"https:\/\/vosgesinfo.fr\/gerardmerinfo\/2024\/01\/un-collegien-de-saint-die-des-vosges-se-classe-premier-dun-concours-national-parmi-plus-de-100-000-participants\/#primaryimage"},"thumbnailUrl":"https:\/\/vosgesinfo.fr\/app\/uploads\/sites\/6\/2024\/01\/samuel-millot-premier-national-concours-castor1.jpg","keywords":["Concours Castor","Samuel Millot"],"articleSection":["A la une","\u00c9ducation","Vosges"],"inLanguage":"fr-FR","potentialAction":[{"@type":"CommentAction","name":"Comment","target":["https:\/\/vosgesinfo.fr\/gerardmerinfo\/2024\/01\/un-collegien-de-saint-die-des-vosges-se-classe-premier-dun-concours-national-parmi-plus-de-100-000-participants\/#respond"]}]},{"@type":"WebPage","@id":"https:\/\/vosgesinfo.fr\/gerardmerinfo\/2024\/01\/un-collegien-de-saint-die-des-vosges-se-classe-premier-dun-concours-national-parmi-plus-de-100-000-participants\/","url":"https:\/\/vosgesinfo.fr\/gerardmerinfo\/2024\/01\/un-collegien-de-saint-die-des-vosges-se-classe-premier-dun-concours-national-parmi-plus-de-100-000-participants\/","name":"Un coll\u00e9gien de Saint-Di\u00e9-des-Vosges se classe premier d\u2019un concours national, parmi plus de 100 000 participants - Gerardmer Info","isPartOf":{"@id":"https:\/\/vosgesinfo.fr\/gerardmerinfo\/#website"},"primaryImageOfPage":{"@id":"https:\/\/vosgesinfo.fr\/gerardmerinfo\/2024\/01\/un-collegien-de-saint-die-des-vosges-se-classe-premier-dun-concours-national-parmi-plus-de-100-000-participants\/#primaryimage"},"image":{"@id":"https:\/\/vosgesinfo.fr\/gerardmerinfo\/2024\/01\/un-collegien-de-saint-die-des-vosges-se-classe-premier-dun-concours-national-parmi-plus-de-100-000-participants\/#primaryimage"},"thumbnailUrl":"https:\/\/vosgesinfo.fr\/app\/uploads\/sites\/6\/2024\/01\/samuel-millot-premier-national-concours-castor1.jpg","datePublished":"2024-01-29T14:55:07+00:00","dateModified":"2024-01-29T14:55:07+00:00","breadcrumb":{"@id":"https:\/\/vosgesinfo.fr\/gerardmerinfo\/2024\/01\/un-collegien-de-saint-die-des-vosges-se-classe-premier-dun-concours-national-parmi-plus-de-100-000-participants\/#breadcrumb"},"inLanguage":"fr-FR","potentialAction":[{"@type":"ReadAction","target":["https:\/\/vosgesinfo.fr\/gerardmerinfo\/2024\/01\/un-collegien-de-saint-die-des-vosges-se-classe-premier-dun-concours-national-parmi-plus-de-100-000-participants\/"]}]},{"@type":"ImageObject","inLanguage":"fr-FR","@id":"https:\/\/vosgesinfo.fr\/gerardmerinfo\/2024\/01\/un-collegien-de-saint-die-des-vosges-se-classe-premier-dun-concours-national-parmi-plus-de-100-000-participants\/#primaryimage","url":"https:\/\/vosgesinfo.fr\/app\/uploads\/sites\/6\/2024\/01\/samuel-millot-premier-national-concours-castor1.jpg","contentUrl":"https:\/\/vosgesinfo.fr\/app\/uploads\/sites\/6\/2024\/01\/samuel-millot-premier-national-concours-castor1.jpg","width":2560,"height":1920},{"@type":"BreadcrumbList","@id":"https:\/\/vosgesinfo.fr\/gerardmerinfo\/2024\/01\/un-collegien-de-saint-die-des-vosges-se-classe-premier-dun-concours-national-parmi-plus-de-100-000-participants\/#breadcrumb","itemListElement":[{"@type":"ListItem","position":1,"name":"Home","item":"https:\/\/vosgesinfo.fr\/gerardmerinfo\/"},{"@type":"ListItem","position":2,"name":"Un coll\u00e9gien de Saint-Di\u00e9-des-Vosges se classe premier d\u2019un concours national, parmi plus de 100 000 participants"}]},{"@type":"WebSite","@id":"https:\/\/vosgesinfo.fr\/gerardmerinfo\/#website","url":"https:\/\/vosgesinfo.fr\/gerardmerinfo\/","name":"Gerardmer Info","description":"Toute l&#039;actualit\u00e9 de G\u00e9rardmer","publisher":{"@id":"https:\/\/vosgesinfo.fr\/gerardmerinfo\/#organization"},"alternateName":"Toute l'actualit\u00e9 de G\u00e9rardmer","potentialAction":[{"@type":"SearchAction","target":{"@type":"EntryPoint","urlTemplate":"https:\/\/vosgesinfo.fr\/gerardmerinfo\/?s={search_term_string}"},"query-input":"required name=search_term_string"}],"inLanguage":"fr-FR"},{"@type":"Organization","@id":"https:\/\/vosgesinfo.fr\/gerardmerinfo\/#organization","name":"Gerardmer Info","url":"https:\/\/vosgesinfo.fr\/gerardmerinfo\/","logo":{"@type":"ImageObject","inLanguage":"fr-FR","@id":"https:\/\/vosgesinfo.fr\/gerardmerinfo\/#\/schema\/logo\/image\/","url":"https:\/\/vosgesinfo.fr\/app\/uploads\/sites\/6\/2023\/08\/favicon-gerardmerinfo.png","contentUrl":"https:\/\/vosgesinfo.fr\/app\/uploads\/sites\/6\/2023\/08\/favicon-gerardmerinfo.png","width":512,"height":512,"caption":"Gerardmer Info"},"image":{"@id":"https:\/\/vosgesinfo.fr\/gerardmerinfo\/#\/schema\/logo\/image\/"},"sameAs":["https:\/\/www.facebook.com\/profile.php?id=100049475262660","https:\/\/x.com\/VosgesInfo88","https:\/\/www.youtube.com\/@vosgesinfo"]},{"@type":"Person","@id":"https:\/\/vosgesinfo.fr\/gerardmerinfo\/#\/schema\/person\/bc5d02d71e6932e81b6dadb7386667b1","name":"qs_admin","image":{"@type":"ImageObject","inLanguage":"fr-FR","@id":"https:\/\/vosgesinfo.fr\/gerardmerinfo\/#\/schema\/person\/image\/","url":"https:\/\/secure.gravatar.com\/avatar\/94b18ee0ed79e4a42ea2f2931277b6841a8999fc6fde214600c78057cf1fe1de?s=96&d=mm&r=g","contentUrl":"https:\/\/secure.gravatar.com\/avatar\/94b18ee0ed79e4a42ea2f2931277b6841a8999fc6fde214600c78057cf1fe1de?s=96&d=mm&r=g","caption":"qs_admin"},"sameAs":["https:\/\/vosgesinfo.fr\/wp"],"url":"https:\/\/vosgesinfo.fr\/gerardmerinfo\/author\/qs_admin\/"}]}},"_links":{"self":[{"href":"https:\/\/vosgesinfo.fr\/gerardmerinfo\/wp-json\/wp\/v2\/posts\/1103","targetHints":{"allow":["GET"]}}],"collection":[{"href":"https:\/\/vosgesinfo.fr\/gerardmerinfo\/wp-json\/wp\/v2\/posts"}],"about":[{"href":"https:\/\/vosgesinfo.fr\/gerardmerinfo\/wp-json\/wp\/v2\/types\/post"}],"author":[{"embeddable":true,"href":"https:\/\/vosgesinfo.fr\/gerardmerinfo\/wp-json\/wp\/v2\/users\/1"}],"replies":[{"embeddable":true,"href":"https:\/\/vosgesinfo.fr\/gerardmerinfo\/wp-json\/wp\/v2\/comments?post=1103"}],"version-history":[{"count":0,"href":"https:\/\/vosgesinfo.fr\/gerardmerinfo\/wp-json\/wp\/v2\/posts\/1103\/revisions"}],"wp:featuredmedia":[{"embeddable":true,"href":"https:\/\/vosgesinfo.fr\/gerardmerinfo\/wp-json\/wp\/v2\/media\/1104"}],"wp:attachment":[{"href":"https:\/\/vosgesinfo.fr\/gerardmerinfo\/wp-json\/wp\/v2\/media?parent=1103"}],"wp:term":[{"taxonomy":"category","embeddable":true,"href":"https:\/\/vosgesinfo.fr\/gerardmerinfo\/wp-json\/wp\/v2\/categories?post=1103"},{"taxonomy":"post_tag","embeddable":true,"href":"https:\/\/vosgesinfo.fr\/gerardmerinfo\/wp-json\/wp\/v2\/tags?post=1103"}],"curies":[{"name":"wp","href":"https:\/\/api.w.org\/{rel}","templated":true}]}}