{"id":11340,"date":"2024-07-11T13:13:48","date_gmt":"2024-07-11T11:13:48","guid":{"rendered":"https:\/\/vosgesinfo.fr\/gerardmerinfo\/2024\/07\/se-former-aux-metiers-du-commerce-par-alternance\/"},"modified":"2024-07-11T13:13:48","modified_gmt":"2024-07-11T11:13:48","slug":"se-former-aux-metiers-du-commerce-par-alternance","status":"publish","type":"post","link":"https:\/\/vosgesinfo.fr\/gerardmerinfo\/2024\/07\/se-former-aux-metiers-du-commerce-par-alternance\/","title":{"rendered":"Se former aux m\u00e9tiers du Commerce par alternance"},"content":{"rendered":"<p><strong><img decoding=\"async\" class=\"aligncenter size-large wp-image-43567\" src=\"https:\/\/vosgesinfo.fr\/app\/uploads\/sites\/3\/2024\/07\/thumbnail-236-1024x681.jpg\" alt=\"\" width=\"1024\" height=\"681\" \/>CMA FORMATION EPINAL pr\u00e9pare le BAC PRO <\/strong><strong>Prospection Client\u00e8le et Valorisation de l&rsquo;Offre Commerciale en apprentissage.<\/strong><\/p>\n<p>Avec plus de 50 ans d&rsquo;exp\u00e9rience dans le domaine de l&rsquo;apprentissage, CMA Formation propose une formation dynamique et professionnalisante qui ouvrir les portes du succ\u00e8s dans\u00a0:<\/p>\n<ul>\n<li><strong>L\u2019\u00e9laboration de projets commerciaux<\/strong> : construire un fichier clients, concevoir des outils d&rsquo;aide \u00e0 la prospection, analyser les r\u00e9sultats et rendre compte aupr\u00e8s de votre \u00e9quipe.<\/li>\n<li><strong>Les techniques de n\u00e9gociation <\/strong>: Pr\u00e9parer ses visites &#8211; clients, mettre en avant ses produits, n\u00e9gocier les prix et conditions de vente.<\/li>\n<li>La <strong>fid\u00e9lisation de la client\u00e8le<\/strong> : Suivre et fid\u00e9liser vos clients, assurer le suivi des commandes, des livraisons et des paiements.<\/li>\n<\/ul>\n<p><strong>Pour qui\u00a0?<\/strong><\/p>\n<p>Le BAC PRO se pr\u00e9pare en 2 ans apr\u00e8s une classe de Seconde. L\u2019apprentissage concerne les personnes de 16 \u00e0 29 ans, voire plus si vous relevez d\u2019une RQTH (reconnaissance de la qualit\u00e9 de travailleur handicap\u00e9).<\/p>\n<p><strong>Comment s\u2019inscrire\u00a0?<\/strong><\/p>\n<p>Contacter CMA FORMATION EPINAL. Plusieurs employeurs ont transmis leurs besoins de recrutement d\u2019apprentis, le CFA met en relation les jeunes et les offres d\u2019apprentissage. Il garantit une expertise reconnue et un accompagnement personnalis\u00e9 pour r\u00e9ussir les diff\u00e9rents parcours professionnels<\/p>\n<p>&nbsp;<\/p>\n<p><strong>Pourquoi CMA FORMATION\u00a0?<\/strong><\/p>\n<p>&nbsp;<\/p>\n<p>Le centre de formation est expert sur la fili\u00e8re Commerce et dispense d\u00e9j\u00e0 le BAC PRO M\u00e9tiers de la Vente et du Commerce option A (animation et gestion de l\u2019espace commercial) ainsi que le CAP Vente (Equipier polyvalent du Commerce).<\/p>\n<p><strong>LIEN\u00a0: https:\/\/cma-grandest.fr\/metiers-du-commerce-et-de-la-vente\/<\/strong><\/p>\n<p>&nbsp;<\/p>\n<p><strong>ENCART taux de r\u00e9ussite 2023<\/strong><\/p>\n<p>CAP Vente 98 % de r\u00e9ussite aux examens<\/p>\n<p>BAC PRO vente 94 % de r\u00e9ussite aux examens<\/p>\n<p><strong>Pourquoi l\u2019apprentissage\u00a0?<\/strong><\/p>\n<p><u>Apprentis\u00a0:<\/u> opter pour l&rsquo;apprentissage c\u2019est b\u00e9n\u00e9ficier d&rsquo;une exp\u00e9rience professionnelle r\u00e9mun\u00e9r\u00e9e tout en \u00e9tudiant. C\u2019est mettre directement en pratique ses comp\u00e9tences et gagner en autonomie et en confiance.<\/p>\n<p><u>Employeurs\u00a0:<\/u> choisir l\u2019alternance c\u2019est recruter des salari\u00e9s apprentis motiv\u00e9s qui apporteront une r\u00e9elle valeur ajout\u00e9e \u00e0 votre entreprise.<\/p>\n<p><strong>Plus de renseignements <\/strong><\/p>\n<p><strong>CMA FORMATION \u2013 CFA d\u2019EPINAL<\/strong><\/p>\n<p>16 Avenue Dutac, 88000 EPINAL<\/p>\n<p>03.29.69.21.88 &#8211; contactcampus88@cma-grandest.fr<\/p>\n<p><strong>\u00a0<\/strong><\/p>\n<p>R\u00e9f\u00e9rent Apprentissage pour la fili\u00e8re Commerce\u00a0: Mme Lola MOUGIN<\/p>\n<p><a href=\"mailto:lmougin@cma-grandest.fr\">lmougin@cma-grandest.fr<\/a> au 06 71 62 52 56<\/p>\n\n\t\t<style type=\"text\/css\">\n\t\t\t#gallery-1 {\n\t\t\t\tmargin: auto;\n\t\t\t}\n\t\t\t#gallery-1 .gallery-item {\n\t\t\t\tfloat: left;\n\t\t\t\tmargin-top: 10px;\n\t\t\t\ttext-align: center;\n\t\t\t\twidth: 33%;\n\t\t\t}\n\t\t\t#gallery-1 img {\n\t\t\t\tborder: 2px solid #cfcfcf;\n\t\t\t}\n\t\t\t#gallery-1 .gallery-caption {\n\t\t\t\tmargin-left: 0;\n\t\t\t}\n\t\t\t\/* see gallery_shortcode() in wp-includes\/media.php *\/\n\t\t<\/style>\n\t\t<div id='gallery-1' class='gallery galleryid-11340 gallery-columns-3 gallery-size-large'><dl class='gallery-item'>\n\t\t\t<dt class='gallery-icon landscape'>\n\t\t\t\t<a href='https:\/\/vosgesinfo.fr\/app\/uploads\/sites\/6\/2024\/07\/201908mariage-liezey.jpg'><img decoding=\"async\" width=\"800\" height=\"533\" src=\"https:\/\/vosgesinfo.fr\/app\/uploads\/sites\/6\/2024\/07\/201908mariage-liezey.jpg\" class=\"attachment-large size-large\" alt=\"\" srcset=\"https:\/\/vosgesinfo.fr\/app\/uploads\/sites\/6\/2024\/07\/201908mariage-liezey.jpg 800w, https:\/\/vosgesinfo.fr\/app\/uploads\/sites\/6\/2024\/07\/201908mariage-liezey-300x200.jpg 300w, https:\/\/vosgesinfo.fr\/app\/uploads\/sites\/6\/2024\/07\/201908mariage-liezey-768x512.jpg 768w\" sizes=\"(max-width: 800px) 100vw, 800px\" \/><\/a>\n\t\t\t<\/dt><\/dl>\n\t\t\t<br style='clear: both' \/>\n\t\t<\/div>\n\n","protected":false},"excerpt":{"rendered":"<p>CMA FORMATION EPINAL pr\u00e9pare le BAC PRO Prospection Client\u00e8le et Valorisation de l&rsquo;Offre Commerciale en apprentissage. Avec plus de 50 [&hellip;]<\/p>\n","protected":false},"author":52,"featured_media":11341,"comment_status":"open","ping_status":"open","sticky":false,"template":"","format":"standard","meta":{"footnotes":""},"categories":[20,878,25,328,11,868,946,18],"tags":[],"class_list":["post-11340","post","type-post","status-publish","format-standard","has-post-thumbnail","hentry","category-a-la-une","category-epinal","category-gerardmer","category-la-plaine-des-vosges","category-publi-reportage","category-remiremont","category-saint-die","category-vosges"],"acf":[],"yoast_head":"<!-- This site is optimized with the Yoast SEO plugin v22.5 - https:\/\/yoast.com\/wordpress\/plugins\/seo\/ -->\n<title>Se former aux m\u00e9tiers du Commerce par alternance - Gerardmer Info<\/title>\n<meta name=\"robots\" content=\"index, follow, max-snippet:-1, max-image-preview:large, max-video-preview:-1\" \/>\n<link rel=\"canonical\" href=\"https:\/\/vosgesinfo.fr\/gerardmerinfo\/2024\/07\/se-former-aux-metiers-du-commerce-par-alternance\/\" \/>\n<meta name=\"twitter:card\" content=\"summary_large_image\" \/>\n<meta name=\"twitter:title\" content=\"Se former aux m\u00e9tiers du Commerce par alternance - Gerardmer Info\" \/>\n<meta name=\"twitter:description\" content=\"CMA FORMATION EPINAL pr\u00e9pare le BAC PRO Prospection Client\u00e8le et Valorisation de l&rsquo;Offre Commerciale en apprentissage. Avec plus de 50 [&hellip;]\" \/>\n<meta name=\"twitter:image\" content=\"https:\/\/vosgesinfo.fr\/app\/uploads\/sites\/6\/2024\/07\/thumbnail-236.jpg\" \/>\n<meta name=\"twitter:creator\" content=\"@VosgesInfo88\" \/>\n<meta name=\"twitter:site\" content=\"@VosgesInfo88\" \/>\n<meta name=\"twitter:label1\" content=\"\u00c9crit par\" \/>\n\t<meta name=\"twitter:data1\" content=\"C.K.\" \/>\n\t<meta name=\"twitter:label2\" content=\"Dur\u00e9e de lecture estim\u00e9e\" \/>\n\t<meta name=\"twitter:data2\" content=\"2 minutes\" \/>\n<script type=\"application\/ld+json\" class=\"yoast-schema-graph\">{\"@context\":\"https:\/\/schema.org\",\"@graph\":[{\"@type\":\"Article\",\"@id\":\"https:\/\/vosgesinfo.fr\/gerardmerinfo\/2024\/07\/se-former-aux-metiers-du-commerce-par-alternance\/#article\",\"isPartOf\":{\"@id\":\"https:\/\/vosgesinfo.fr\/gerardmerinfo\/2024\/07\/se-former-aux-metiers-du-commerce-par-alternance\/\"},\"author\":{\"name\":\"C.K.\",\"@id\":\"https:\/\/vosgesinfo.fr\/gerardmerinfo\/#\/schema\/person\/6f9a650eeea99d969b6c4ab78fccbe81\"},\"headline\":\"Se former aux m\u00e9tiers du Commerce par alternance\",\"datePublished\":\"2024-07-11T11:13:48+00:00\",\"dateModified\":\"2024-07-11T11:13:48+00:00\",\"mainEntityOfPage\":{\"@id\":\"https:\/\/vosgesinfo.fr\/gerardmerinfo\/2024\/07\/se-former-aux-metiers-du-commerce-par-alternance\/\"},\"wordCount\":392,\"commentCount\":0,\"publisher\":{\"@id\":\"https:\/\/vosgesinfo.fr\/gerardmerinfo\/#organization\"},\"image\":{\"@id\":\"https:\/\/vosgesinfo.fr\/gerardmerinfo\/2024\/07\/se-former-aux-metiers-du-commerce-par-alternance\/#primaryimage\"},\"thumbnailUrl\":\"https:\/\/vosgesinfo.fr\/app\/uploads\/sites\/6\/2024\/07\/thumbnail-236.jpg\",\"articleSection\":[\"A la une\",\"Epinal\",\"G\u00e9rardmer\",\"La plaine des vosges\",\"Publi-reportage\",\"Remiremont\",\"Saint-di\u00e9\",\"Vosges\"],\"inLanguage\":\"fr-FR\",\"potentialAction\":[{\"@type\":\"CommentAction\",\"name\":\"Comment\",\"target\":[\"https:\/\/vosgesinfo.fr\/gerardmerinfo\/2024\/07\/se-former-aux-metiers-du-commerce-par-alternance\/#respond\"]}]},{\"@type\":\"WebPage\",\"@id\":\"https:\/\/vosgesinfo.fr\/gerardmerinfo\/2024\/07\/se-former-aux-metiers-du-commerce-par-alternance\/\",\"url\":\"https:\/\/vosgesinfo.fr\/gerardmerinfo\/2024\/07\/se-former-aux-metiers-du-commerce-par-alternance\/\",\"name\":\"Se former aux m\u00e9tiers du Commerce par alternance - Gerardmer Info\",\"isPartOf\":{\"@id\":\"https:\/\/vosgesinfo.fr\/gerardmerinfo\/#website\"},\"primaryImageOfPage\":{\"@id\":\"https:\/\/vosgesinfo.fr\/gerardmerinfo\/2024\/07\/se-former-aux-metiers-du-commerce-par-alternance\/#primaryimage\"},\"image\":{\"@id\":\"https:\/\/vosgesinfo.fr\/gerardmerinfo\/2024\/07\/se-former-aux-metiers-du-commerce-par-alternance\/#primaryimage\"},\"thumbnailUrl\":\"https:\/\/vosgesinfo.fr\/app\/uploads\/sites\/6\/2024\/07\/thumbnail-236.jpg\",\"datePublished\":\"2024-07-11T11:13:48+00:00\",\"dateModified\":\"2024-07-11T11:13:48+00:00\",\"breadcrumb\":{\"@id\":\"https:\/\/vosgesinfo.fr\/gerardmerinfo\/2024\/07\/se-former-aux-metiers-du-commerce-par-alternance\/#breadcrumb\"},\"inLanguage\":\"fr-FR\",\"potentialAction\":[{\"@type\":\"ReadAction\",\"target\":[\"https:\/\/vosgesinfo.fr\/gerardmerinfo\/2024\/07\/se-former-aux-metiers-du-commerce-par-alternance\/\"]}]},{\"@type\":\"ImageObject\",\"inLanguage\":\"fr-FR\",\"@id\":\"https:\/\/vosgesinfo.fr\/gerardmerinfo\/2024\/07\/se-former-aux-metiers-du-commerce-par-alternance\/#primaryimage\",\"url\":\"https:\/\/vosgesinfo.fr\/app\/uploads\/sites\/6\/2024\/07\/thumbnail-236.jpg\",\"contentUrl\":\"https:\/\/vosgesinfo.fr\/app\/uploads\/sites\/6\/2024\/07\/thumbnail-236.jpg\",\"width\":1920,\"height\":1277},{\"@type\":\"BreadcrumbList\",\"@id\":\"https:\/\/vosgesinfo.fr\/gerardmerinfo\/2024\/07\/se-former-aux-metiers-du-commerce-par-alternance\/#breadcrumb\",\"itemListElement\":[{\"@type\":\"ListItem\",\"position\":1,\"name\":\"Home\",\"item\":\"https:\/\/vosgesinfo.fr\/gerardmerinfo\/\"},{\"@type\":\"ListItem\",\"position\":2,\"name\":\"Se former aux m\u00e9tiers du Commerce par alternance\"}]},{\"@type\":\"WebSite\",\"@id\":\"https:\/\/vosgesinfo.fr\/gerardmerinfo\/#website\",\"url\":\"https:\/\/vosgesinfo.fr\/gerardmerinfo\/\",\"name\":\"Gerardmer Info\",\"description\":\"Toute l&#039;actualit\u00e9 de G\u00e9rardmer\",\"publisher\":{\"@id\":\"https:\/\/vosgesinfo.fr\/gerardmerinfo\/#organization\"},\"alternateName\":\"Toute l'actualit\u00e9 de G\u00e9rardmer\",\"potentialAction\":[{\"@type\":\"SearchAction\",\"target\":{\"@type\":\"EntryPoint\",\"urlTemplate\":\"https:\/\/vosgesinfo.fr\/gerardmerinfo\/?s={search_term_string}\"},\"query-input\":\"required name=search_term_string\"}],\"inLanguage\":\"fr-FR\"},{\"@type\":\"Organization\",\"@id\":\"https:\/\/vosgesinfo.fr\/gerardmerinfo\/#organization\",\"name\":\"Gerardmer Info\",\"url\":\"https:\/\/vosgesinfo.fr\/gerardmerinfo\/\",\"logo\":{\"@type\":\"ImageObject\",\"inLanguage\":\"fr-FR\",\"@id\":\"https:\/\/vosgesinfo.fr\/gerardmerinfo\/#\/schema\/logo\/image\/\",\"url\":\"https:\/\/vosgesinfo.fr\/app\/uploads\/sites\/6\/2023\/08\/favicon-gerardmerinfo.png\",\"contentUrl\":\"https:\/\/vosgesinfo.fr\/app\/uploads\/sites\/6\/2023\/08\/favicon-gerardmerinfo.png\",\"width\":512,\"height\":512,\"caption\":\"Gerardmer Info\"},\"image\":{\"@id\":\"https:\/\/vosgesinfo.fr\/gerardmerinfo\/#\/schema\/logo\/image\/\"},\"sameAs\":[\"https:\/\/www.facebook.com\/profile.php?id=100049475262660\",\"https:\/\/x.com\/VosgesInfo88\",\"https:\/\/www.youtube.com\/@vosgesinfo\"]},{\"@type\":\"Person\",\"@id\":\"https:\/\/vosgesinfo.fr\/gerardmerinfo\/#\/schema\/person\/6f9a650eeea99d969b6c4ab78fccbe81\",\"name\":\"C.K.\",\"image\":{\"@type\":\"ImageObject\",\"inLanguage\":\"fr-FR\",\"@id\":\"https:\/\/vosgesinfo.fr\/gerardmerinfo\/#\/schema\/person\/image\/\",\"url\":\"https:\/\/secure.gravatar.com\/avatar\/48e3fc7f8421ba8942be6b74a2b7f014ca39bc00dece156b7a8e098ae7dc87bf?s=96&d=mm&r=g\",\"contentUrl\":\"https:\/\/secure.gravatar.com\/avatar\/48e3fc7f8421ba8942be6b74a2b7f014ca39bc00dece156b7a8e098ae7dc87bf?s=96&d=mm&r=g\",\"caption\":\"C.K.\"},\"url\":\"https:\/\/vosgesinfo.fr\/gerardmerinfo\/author\/celia-k-n\/\"}]}<\/script>\n<!-- \/ Yoast SEO plugin. -->","yoast_head_json":{"title":"Se former aux m\u00e9tiers du Commerce par alternance - Gerardmer Info","robots":{"index":"index","follow":"follow","max-snippet":"max-snippet:-1","max-image-preview":"max-image-preview:large","max-video-preview":"max-video-preview:-1"},"canonical":"https:\/\/vosgesinfo.fr\/gerardmerinfo\/2024\/07\/se-former-aux-metiers-du-commerce-par-alternance\/","twitter_card":"summary_large_image","twitter_title":"Se former aux m\u00e9tiers du Commerce par alternance - Gerardmer Info","twitter_description":"CMA FORMATION EPINAL pr\u00e9pare le BAC PRO Prospection Client\u00e8le et Valorisation de l&rsquo;Offre Commerciale en apprentissage. Avec plus de 50 [&hellip;]","twitter_image":"https:\/\/vosgesinfo.fr\/app\/uploads\/sites\/6\/2024\/07\/thumbnail-236.jpg","twitter_creator":"@VosgesInfo88","twitter_site":"@VosgesInfo88","twitter_misc":{"\u00c9crit par":"C.K.","Dur\u00e9e de lecture estim\u00e9e":"2 minutes"},"schema":{"@context":"https:\/\/schema.org","@graph":[{"@type":"Article","@id":"https:\/\/vosgesinfo.fr\/gerardmerinfo\/2024\/07\/se-former-aux-metiers-du-commerce-par-alternance\/#article","isPartOf":{"@id":"https:\/\/vosgesinfo.fr\/gerardmerinfo\/2024\/07\/se-former-aux-metiers-du-commerce-par-alternance\/"},"author":{"name":"C.K.","@id":"https:\/\/vosgesinfo.fr\/gerardmerinfo\/#\/schema\/person\/6f9a650eeea99d969b6c4ab78fccbe81"},"headline":"Se former aux m\u00e9tiers du Commerce par alternance","datePublished":"2024-07-11T11:13:48+00:00","dateModified":"2024-07-11T11:13:48+00:00","mainEntityOfPage":{"@id":"https:\/\/vosgesinfo.fr\/gerardmerinfo\/2024\/07\/se-former-aux-metiers-du-commerce-par-alternance\/"},"wordCount":392,"commentCount":0,"publisher":{"@id":"https:\/\/vosgesinfo.fr\/gerardmerinfo\/#organization"},"image":{"@id":"https:\/\/vosgesinfo.fr\/gerardmerinfo\/2024\/07\/se-former-aux-metiers-du-commerce-par-alternance\/#primaryimage"},"thumbnailUrl":"https:\/\/vosgesinfo.fr\/app\/uploads\/sites\/6\/2024\/07\/thumbnail-236.jpg","articleSection":["A la une","Epinal","G\u00e9rardmer","La plaine des vosges","Publi-reportage","Remiremont","Saint-di\u00e9","Vosges"],"inLanguage":"fr-FR","potentialAction":[{"@type":"CommentAction","name":"Comment","target":["https:\/\/vosgesinfo.fr\/gerardmerinfo\/2024\/07\/se-former-aux-metiers-du-commerce-par-alternance\/#respond"]}]},{"@type":"WebPage","@id":"https:\/\/vosgesinfo.fr\/gerardmerinfo\/2024\/07\/se-former-aux-metiers-du-commerce-par-alternance\/","url":"https:\/\/vosgesinfo.fr\/gerardmerinfo\/2024\/07\/se-former-aux-metiers-du-commerce-par-alternance\/","name":"Se former aux m\u00e9tiers du Commerce par alternance - Gerardmer Info","isPartOf":{"@id":"https:\/\/vosgesinfo.fr\/gerardmerinfo\/#website"},"primaryImageOfPage":{"@id":"https:\/\/vosgesinfo.fr\/gerardmerinfo\/2024\/07\/se-former-aux-metiers-du-commerce-par-alternance\/#primaryimage"},"image":{"@id":"https:\/\/vosgesinfo.fr\/gerardmerinfo\/2024\/07\/se-former-aux-metiers-du-commerce-par-alternance\/#primaryimage"},"thumbnailUrl":"https:\/\/vosgesinfo.fr\/app\/uploads\/sites\/6\/2024\/07\/thumbnail-236.jpg","datePublished":"2024-07-11T11:13:48+00:00","dateModified":"2024-07-11T11:13:48+00:00","breadcrumb":{"@id":"https:\/\/vosgesinfo.fr\/gerardmerinfo\/2024\/07\/se-former-aux-metiers-du-commerce-par-alternance\/#breadcrumb"},"inLanguage":"fr-FR","potentialAction":[{"@type":"ReadAction","target":["https:\/\/vosgesinfo.fr\/gerardmerinfo\/2024\/07\/se-former-aux-metiers-du-commerce-par-alternance\/"]}]},{"@type":"ImageObject","inLanguage":"fr-FR","@id":"https:\/\/vosgesinfo.fr\/gerardmerinfo\/2024\/07\/se-former-aux-metiers-du-commerce-par-alternance\/#primaryimage","url":"https:\/\/vosgesinfo.fr\/app\/uploads\/sites\/6\/2024\/07\/thumbnail-236.jpg","contentUrl":"https:\/\/vosgesinfo.fr\/app\/uploads\/sites\/6\/2024\/07\/thumbnail-236.jpg","width":1920,"height":1277},{"@type":"BreadcrumbList","@id":"https:\/\/vosgesinfo.fr\/gerardmerinfo\/2024\/07\/se-former-aux-metiers-du-commerce-par-alternance\/#breadcrumb","itemListElement":[{"@type":"ListItem","position":1,"name":"Home","item":"https:\/\/vosgesinfo.fr\/gerardmerinfo\/"},{"@type":"ListItem","position":2,"name":"Se former aux m\u00e9tiers du Commerce par alternance"}]},{"@type":"WebSite","@id":"https:\/\/vosgesinfo.fr\/gerardmerinfo\/#website","url":"https:\/\/vosgesinfo.fr\/gerardmerinfo\/","name":"Gerardmer Info","description":"Toute l&#039;actualit\u00e9 de G\u00e9rardmer","publisher":{"@id":"https:\/\/vosgesinfo.fr\/gerardmerinfo\/#organization"},"alternateName":"Toute l'actualit\u00e9 de G\u00e9rardmer","potentialAction":[{"@type":"SearchAction","target":{"@type":"EntryPoint","urlTemplate":"https:\/\/vosgesinfo.fr\/gerardmerinfo\/?s={search_term_string}"},"query-input":"required name=search_term_string"}],"inLanguage":"fr-FR"},{"@type":"Organization","@id":"https:\/\/vosgesinfo.fr\/gerardmerinfo\/#organization","name":"Gerardmer Info","url":"https:\/\/vosgesinfo.fr\/gerardmerinfo\/","logo":{"@type":"ImageObject","inLanguage":"fr-FR","@id":"https:\/\/vosgesinfo.fr\/gerardmerinfo\/#\/schema\/logo\/image\/","url":"https:\/\/vosgesinfo.fr\/app\/uploads\/sites\/6\/2023\/08\/favicon-gerardmerinfo.png","contentUrl":"https:\/\/vosgesinfo.fr\/app\/uploads\/sites\/6\/2023\/08\/favicon-gerardmerinfo.png","width":512,"height":512,"caption":"Gerardmer Info"},"image":{"@id":"https:\/\/vosgesinfo.fr\/gerardmerinfo\/#\/schema\/logo\/image\/"},"sameAs":["https:\/\/www.facebook.com\/profile.php?id=100049475262660","https:\/\/x.com\/VosgesInfo88","https:\/\/www.youtube.com\/@vosgesinfo"]},{"@type":"Person","@id":"https:\/\/vosgesinfo.fr\/gerardmerinfo\/#\/schema\/person\/6f9a650eeea99d969b6c4ab78fccbe81","name":"C.K.","image":{"@type":"ImageObject","inLanguage":"fr-FR","@id":"https:\/\/vosgesinfo.fr\/gerardmerinfo\/#\/schema\/person\/image\/","url":"https:\/\/secure.gravatar.com\/avatar\/48e3fc7f8421ba8942be6b74a2b7f014ca39bc00dece156b7a8e098ae7dc87bf?s=96&d=mm&r=g","contentUrl":"https:\/\/secure.gravatar.com\/avatar\/48e3fc7f8421ba8942be6b74a2b7f014ca39bc00dece156b7a8e098ae7dc87bf?s=96&d=mm&r=g","caption":"C.K."},"url":"https:\/\/vosgesinfo.fr\/gerardmerinfo\/author\/celia-k-n\/"}]}},"_links":{"self":[{"href":"https:\/\/vosgesinfo.fr\/gerardmerinfo\/wp-json\/wp\/v2\/posts\/11340","targetHints":{"allow":["GET"]}}],"collection":[{"href":"https:\/\/vosgesinfo.fr\/gerardmerinfo\/wp-json\/wp\/v2\/posts"}],"about":[{"href":"https:\/\/vosgesinfo.fr\/gerardmerinfo\/wp-json\/wp\/v2\/types\/post"}],"author":[{"embeddable":true,"href":"https:\/\/vosgesinfo.fr\/gerardmerinfo\/wp-json\/wp\/v2\/users\/52"}],"replies":[{"embeddable":true,"href":"https:\/\/vosgesinfo.fr\/gerardmerinfo\/wp-json\/wp\/v2\/comments?post=11340"}],"version-history":[{"count":0,"href":"https:\/\/vosgesinfo.fr\/gerardmerinfo\/wp-json\/wp\/v2\/posts\/11340\/revisions"}],"wp:featuredmedia":[{"embeddable":true,"href":"https:\/\/vosgesinfo.fr\/gerardmerinfo\/wp-json\/wp\/v2\/media\/11341"}],"wp:attachment":[{"href":"https:\/\/vosgesinfo.fr\/gerardmerinfo\/wp-json\/wp\/v2\/media?parent=11340"}],"wp:term":[{"taxonomy":"category","embeddable":true,"href":"https:\/\/vosgesinfo.fr\/gerardmerinfo\/wp-json\/wp\/v2\/categories?post=11340"},{"taxonomy":"post_tag","embeddable":true,"href":"https:\/\/vosgesinfo.fr\/gerardmerinfo\/wp-json\/wp\/v2\/tags?post=11340"}],"curies":[{"name":"wp","href":"https:\/\/api.w.org\/{rel}","templated":true}]}}