{"id":11440,"date":"2024-07-15T14:37:05","date_gmt":"2024-07-15T12:37:05","guid":{"rendered":"https:\/\/vosgesinfo.fr\/gerardmerinfo\/?p=11440"},"modified":"2024-07-15T15:02:24","modified_gmt":"2024-07-15T13:02:24","slug":"expo-entrelacs-lart-contemporain-se-conjugue-au-singulier-pluriel","status":"publish","type":"post","link":"https:\/\/vosgesinfo.fr\/gerardmerinfo\/2024\/07\/expo-entrelacs-lart-contemporain-se-conjugue-au-singulier-pluriel\/","title":{"rendered":"Expo Entrelacs\u00a0: l\u2019art contemporain se conjugue au singulier pluriel"},"content":{"rendered":"<p><strong><a href=\"https:\/\/vosgesinfo.fr\/app\/uploads\/sites\/6\/2024\/07\/expo-entrelacs-2024-scaled.jpeg\"><img decoding=\"async\" class=\"aligncenter wp-image-11448 size-large\" src=\"https:\/\/vosgesinfo.fr\/app\/uploads\/sites\/6\/2024\/07\/expo-entrelacs-2024-1024x768.jpeg\" alt=\"\" width=\"1024\" height=\"768\" srcset=\"https:\/\/vosgesinfo.fr\/app\/uploads\/sites\/6\/2024\/07\/expo-entrelacs-2024-1024x768.jpeg 1024w, https:\/\/vosgesinfo.fr\/app\/uploads\/sites\/6\/2024\/07\/expo-entrelacs-2024-300x225.jpeg 300w, https:\/\/vosgesinfo.fr\/app\/uploads\/sites\/6\/2024\/07\/expo-entrelacs-2024-768x576.jpeg 768w, https:\/\/vosgesinfo.fr\/app\/uploads\/sites\/6\/2024\/07\/expo-entrelacs-2024-1536x1152.jpeg 1536w, https:\/\/vosgesinfo.fr\/app\/uploads\/sites\/6\/2024\/07\/expo-entrelacs-2024-2048x1536.jpeg 2048w\" sizes=\"(max-width: 1024px) 100vw, 1024px\" \/><\/a>C\u2019est vendredi 12 juillet \u00e0 l\u2019Espace Tilleul qu\u2019Entrelacs a inaugur\u00e9 sa nouvelle exposition \u00ab\u00a0singulier pluriel\u00a0\u00bb en pr\u00e9sence des artistes, de la municipalit\u00e9 et d\u2019un public nombreux.<\/strong><\/p>\n<p>32 artistes et 2 salles d\u2019exposition pour l\u2019\u00e9dition d\u2019Entrelacs 2024. Le groupe d\u2019artistes a choisi de travailler sur le th\u00e8me singulier pluriel, chacun avec sa sensibilit\u00e9 et sa technique\u00a0: 3 graffeurs, des c\u00e9ramistes, des peintres, 2 sculpteurs sur m\u00e9tal, un sculpteur sur bois, une jeune photographe. \u00ab\u00a0Entrelacs, c\u2019est de l\u2019art contemporain, c\u2019est un groupe qui a plus de 30 ans qui est toujours en mouvement. De nouveaux artistes sont arriv\u00e9s, s\u00e9lectionn\u00e9s en fonction de leur ouverture d\u2019esprit, leur art doit aller vers l\u2019\u00e9trange, l\u2019\u00e9tonnant. D\u2019anciens sont revenus\u00a0\u00bb expliquait la pr\u00e9sidente Elisabeth Dumoulin.<\/p>\n<p><a href=\"https:\/\/vosgesinfo.fr\/app\/uploads\/sites\/6\/2024\/07\/expo-entrelacs-2024-13-scaled.jpeg\"><img decoding=\"async\" class=\"alignright size-medium wp-image-11450\" src=\"https:\/\/vosgesinfo.fr\/app\/uploads\/sites\/6\/2024\/07\/expo-entrelacs-2024-13-225x300.jpeg\" alt=\"\" width=\"225\" height=\"300\" srcset=\"https:\/\/vosgesinfo.fr\/app\/uploads\/sites\/6\/2024\/07\/expo-entrelacs-2024-13-225x300.jpeg 225w, https:\/\/vosgesinfo.fr\/app\/uploads\/sites\/6\/2024\/07\/expo-entrelacs-2024-13-768x1024.jpeg 768w, https:\/\/vosgesinfo.fr\/app\/uploads\/sites\/6\/2024\/07\/expo-entrelacs-2024-13-1152x1536.jpeg 1152w, https:\/\/vosgesinfo.fr\/app\/uploads\/sites\/6\/2024\/07\/expo-entrelacs-2024-13-1536x2048.jpeg 1536w, https:\/\/vosgesinfo.fr\/app\/uploads\/sites\/6\/2024\/07\/expo-entrelacs-2024-13-scaled.jpeg 1920w\" sizes=\"(max-width: 225px) 100vw, 225px\" \/><\/a>La pr\u00e9sidente a pr\u00e9sent\u00e9 le th\u00e8me Singulier Pluriel \u00e0 l\u2019assembl\u00e9e et a d\u00e9finit le singulier : qui est unique, particulier, \u00e9trange, original, cr\u00e9atif. Pr\u00e9cisant que certains artistes vivent de leur art, d\u2019autres sont amateurs et travaillent en ateliers collectifs. Et le pluriel : une identit\u00e9 plurielle est compos\u00e9e de tout ce qui nous d\u00e9finit : valeur, go\u00fbt, alt\u00e9rit\u00e9. Et d\u2019ajouter \u00ab Les grands artistes ont toujours \u00e9t\u00e9 visionnaires et pas toujours compris. Une soci\u00e9t\u00e9 qui ne reconna\u00eet pas les arts est une soci\u00e9t\u00e9 qui s\u2019appauvrit \u00bb L\u2019adjointe \u00e0 la culture Anne Chwaliszewski a ensuite pris la parole et exprim\u00e9 son admiration pour les \u0153uvres expos\u00e9es et conclu avec ses mots \u00ab la singularit\u00e9 des artistes rejoint le pluriel \u00bb et ceux de L\u00e9onard de Vinci \u00ab La peinture est une po\u00e9sie qui se voit au lieu de se sentir et la po\u00e9sie est une peinture qui se sent au lieu de se voir \u00bb. L\u2019association est \u00e9galement reconnaissante du cadeau qu\u2019elle a re\u00e7u cette ann\u00e9e : un grand tableau de Robert Georges, son fondateur, intitul\u00e9\u00a0 \u00ab Printemps \u00bb, un bel hommage \u00e0 son \u0153uvre.<\/p>\n<p>Durant l\u2019\u00e9v\u00e8nement, les mercredis et samedis, 4 ateliers seront propos\u00e9s pour petits et grands : une animation pastel sec avec Daniel Caland, un atelier typo graffiti avec Swaper, une animation photo artistique avec Daphn\u00e9 Demange et un atelier arts plastiques avec Florent Meyer. Une table ronde est \u00e9galement pr\u00e9vue le vendredi 26 juillet \u00e0 la m\u00e9diath\u00e8que anim\u00e9e par Pierre Van Tighem, Gis\u00e8le Lorenzotti et Micky Boccara Schmelzer autour de l\u2019art, des artistes, en interaction avec le public.<\/p>\n\n\t\t<style type=\"text\/css\">\n\t\t\t#gallery-1 {\n\t\t\t\tmargin: auto;\n\t\t\t}\n\t\t\t#gallery-1 .gallery-item {\n\t\t\t\tfloat: left;\n\t\t\t\tmargin-top: 10px;\n\t\t\t\ttext-align: center;\n\t\t\t\twidth: 25%;\n\t\t\t}\n\t\t\t#gallery-1 img {\n\t\t\t\tborder: 2px solid #cfcfcf;\n\t\t\t}\n\t\t\t#gallery-1 .gallery-caption {\n\t\t\t\tmargin-left: 0;\n\t\t\t}\n\t\t\t\/* see gallery_shortcode() in wp-includes\/media.php *\/\n\t\t<\/style>\n\t\t<div id='gallery-1' class='gallery galleryid-11440 gallery-columns-4 gallery-size-medium'><dl class='gallery-item'>\n\t\t\t<dt class='gallery-icon landscape'>\n\t\t\t\t<a href='https:\/\/vosgesinfo.fr\/app\/uploads\/sites\/6\/2024\/07\/expo-entrelacs-2024-2-scaled.jpeg'><img decoding=\"async\" width=\"300\" height=\"225\" src=\"https:\/\/vosgesinfo.fr\/app\/uploads\/sites\/6\/2024\/07\/expo-entrelacs-2024-2-300x225.jpeg\" class=\"attachment-medium size-medium\" alt=\"\" srcset=\"https:\/\/vosgesinfo.fr\/app\/uploads\/sites\/6\/2024\/07\/expo-entrelacs-2024-2-300x225.jpeg 300w, https:\/\/vosgesinfo.fr\/app\/uploads\/sites\/6\/2024\/07\/expo-entrelacs-2024-2-1024x768.jpeg 1024w, https:\/\/vosgesinfo.fr\/app\/uploads\/sites\/6\/2024\/07\/expo-entrelacs-2024-2-768x576.jpeg 768w, https:\/\/vosgesinfo.fr\/app\/uploads\/sites\/6\/2024\/07\/expo-entrelacs-2024-2-1536x1152.jpeg 1536w, https:\/\/vosgesinfo.fr\/app\/uploads\/sites\/6\/2024\/07\/expo-entrelacs-2024-2-2048x1536.jpeg 2048w\" sizes=\"(max-width: 300px) 100vw, 300px\" \/><\/a>\n\t\t\t<\/dt><\/dl><dl class='gallery-item'>\n\t\t\t<dt class='gallery-icon landscape'>\n\t\t\t\t<a href='https:\/\/vosgesinfo.fr\/app\/uploads\/sites\/6\/2024\/07\/expo-entrelacs-2024-3-scaled.jpeg'><img decoding=\"async\" width=\"300\" height=\"225\" src=\"https:\/\/vosgesinfo.fr\/app\/uploads\/sites\/6\/2024\/07\/expo-entrelacs-2024-3-300x225.jpeg\" class=\"attachment-medium size-medium\" alt=\"\" srcset=\"https:\/\/vosgesinfo.fr\/app\/uploads\/sites\/6\/2024\/07\/expo-entrelacs-2024-3-300x225.jpeg 300w, https:\/\/vosgesinfo.fr\/app\/uploads\/sites\/6\/2024\/07\/expo-entrelacs-2024-3-1024x768.jpeg 1024w, https:\/\/vosgesinfo.fr\/app\/uploads\/sites\/6\/2024\/07\/expo-entrelacs-2024-3-768x576.jpeg 768w, https:\/\/vosgesinfo.fr\/app\/uploads\/sites\/6\/2024\/07\/expo-entrelacs-2024-3-1536x1152.jpeg 1536w, https:\/\/vosgesinfo.fr\/app\/uploads\/sites\/6\/2024\/07\/expo-entrelacs-2024-3-2048x1536.jpeg 2048w\" sizes=\"(max-width: 300px) 100vw, 300px\" \/><\/a>\n\t\t\t<\/dt><\/dl><dl class='gallery-item'>\n\t\t\t<dt class='gallery-icon landscape'>\n\t\t\t\t<a href='https:\/\/vosgesinfo.fr\/app\/uploads\/sites\/6\/2024\/07\/expo-entrelacs-2024-10-scaled.jpeg'><img decoding=\"async\" width=\"300\" height=\"225\" src=\"https:\/\/vosgesinfo.fr\/app\/uploads\/sites\/6\/2024\/07\/expo-entrelacs-2024-10-300x225.jpeg\" class=\"attachment-medium size-medium\" alt=\"\" srcset=\"https:\/\/vosgesinfo.fr\/app\/uploads\/sites\/6\/2024\/07\/expo-entrelacs-2024-10-300x225.jpeg 300w, https:\/\/vosgesinfo.fr\/app\/uploads\/sites\/6\/2024\/07\/expo-entrelacs-2024-10-1024x768.jpeg 1024w, https:\/\/vosgesinfo.fr\/app\/uploads\/sites\/6\/2024\/07\/expo-entrelacs-2024-10-768x576.jpeg 768w, https:\/\/vosgesinfo.fr\/app\/uploads\/sites\/6\/2024\/07\/expo-entrelacs-2024-10-1536x1152.jpeg 1536w, https:\/\/vosgesinfo.fr\/app\/uploads\/sites\/6\/2024\/07\/expo-entrelacs-2024-10-2048x1536.jpeg 2048w\" sizes=\"(max-width: 300px) 100vw, 300px\" \/><\/a>\n\t\t\t<\/dt><\/dl><dl class='gallery-item'>\n\t\t\t<dt class='gallery-icon landscape'>\n\t\t\t\t<a href='https:\/\/vosgesinfo.fr\/app\/uploads\/sites\/6\/2024\/07\/expo-entrelacs-2024-1-scaled.jpeg'><img decoding=\"async\" width=\"300\" height=\"225\" src=\"https:\/\/vosgesinfo.fr\/app\/uploads\/sites\/6\/2024\/07\/expo-entrelacs-2024-1-300x225.jpeg\" class=\"attachment-medium size-medium\" alt=\"\" srcset=\"https:\/\/vosgesinfo.fr\/app\/uploads\/sites\/6\/2024\/07\/expo-entrelacs-2024-1-300x225.jpeg 300w, https:\/\/vosgesinfo.fr\/app\/uploads\/sites\/6\/2024\/07\/expo-entrelacs-2024-1-1024x768.jpeg 1024w, https:\/\/vosgesinfo.fr\/app\/uploads\/sites\/6\/2024\/07\/expo-entrelacs-2024-1-768x576.jpeg 768w, https:\/\/vosgesinfo.fr\/app\/uploads\/sites\/6\/2024\/07\/expo-entrelacs-2024-1-1536x1152.jpeg 1536w, https:\/\/vosgesinfo.fr\/app\/uploads\/sites\/6\/2024\/07\/expo-entrelacs-2024-1-2048x1536.jpeg 2048w\" sizes=\"(max-width: 300px) 100vw, 300px\" \/><\/a>\n\t\t\t<\/dt><\/dl><br style=\"clear: both\" \/>\n\t\t<\/div>\n\n<p>&nbsp;<\/p>\n<p>&nbsp;<\/p>\n","protected":false},"excerpt":{"rendered":"<p>C\u2019est vendredi 12 juillet \u00e0 l\u2019Espace Tilleul qu\u2019Entrelacs a inaugur\u00e9 sa nouvelle exposition \u00ab\u00a0singulier pluriel\u00a0\u00bb en pr\u00e9sence des artistes, de [&hellip;]<\/p>\n","protected":false},"author":258,"featured_media":11448,"comment_status":"open","ping_status":"open","sticky":false,"template":"","format":"standard","meta":{"footnotes":""},"categories":[20,4,49,25],"tags":[55,354],"class_list":["post-11440","post","type-post","status-publish","format-standard","has-post-thumbnail","hentry","category-a-la-une","category-culture","category-exposition","category-gerardmer","tag-espace-tilleul","tag-exposition-entrelacs"],"acf":[],"yoast_head":"<!-- This site is optimized with the Yoast SEO plugin v22.5 - https:\/\/yoast.com\/wordpress\/plugins\/seo\/ -->\n<title>Expo Entrelacs\u00a0: l\u2019art contemporain se conjugue au singulier pluriel - Gerardmer Info<\/title>\n<meta name=\"robots\" content=\"index, follow, max-snippet:-1, max-image-preview:large, max-video-preview:-1\" \/>\n<link rel=\"canonical\" href=\"https:\/\/vosgesinfo.fr\/gerardmerinfo\/2024\/07\/expo-entrelacs-lart-contemporain-se-conjugue-au-singulier-pluriel\/\" \/>\n<meta name=\"twitter:card\" content=\"summary_large_image\" \/>\n<meta name=\"twitter:title\" content=\"Expo Entrelacs\u00a0: l\u2019art contemporain se conjugue au singulier pluriel - Gerardmer Info\" \/>\n<meta name=\"twitter:description\" content=\"C\u2019est vendredi 12 juillet \u00e0 l\u2019Espace Tilleul qu\u2019Entrelacs a inaugur\u00e9 sa nouvelle exposition \u00ab\u00a0singulier pluriel\u00a0\u00bb en pr\u00e9sence des artistes, de [&hellip;]\" \/>\n<meta name=\"twitter:image\" content=\"https:\/\/vosgesinfo.fr\/app\/uploads\/sites\/6\/2024\/07\/expo-entrelacs-2024-scaled.jpeg\" \/>\n<meta name=\"twitter:creator\" content=\"@VosgesInfo88\" \/>\n<meta name=\"twitter:site\" content=\"@VosgesInfo88\" \/>\n<meta name=\"twitter:label1\" content=\"\u00c9crit par\" \/>\n\t<meta name=\"twitter:data1\" content=\"I.N\" \/>\n\t<meta name=\"twitter:label2\" content=\"Dur\u00e9e de lecture estim\u00e9e\" \/>\n\t<meta name=\"twitter:data2\" content=\"3 minutes\" \/>\n<script type=\"application\/ld+json\" class=\"yoast-schema-graph\">{\"@context\":\"https:\/\/schema.org\",\"@graph\":[{\"@type\":\"Article\",\"@id\":\"https:\/\/vosgesinfo.fr\/gerardmerinfo\/2024\/07\/expo-entrelacs-lart-contemporain-se-conjugue-au-singulier-pluriel\/#article\",\"isPartOf\":{\"@id\":\"https:\/\/vosgesinfo.fr\/gerardmerinfo\/2024\/07\/expo-entrelacs-lart-contemporain-se-conjugue-au-singulier-pluriel\/\"},\"author\":{\"name\":\"I.N\",\"@id\":\"https:\/\/vosgesinfo.fr\/gerardmerinfo\/#\/schema\/person\/bb210d3430e59ff5cd247deaccb63615\"},\"headline\":\"Expo Entrelacs\u00a0: l\u2019art contemporain se conjugue au singulier pluriel\",\"datePublished\":\"2024-07-15T12:37:05+00:00\",\"dateModified\":\"2024-07-15T13:02:24+00:00\",\"mainEntityOfPage\":{\"@id\":\"https:\/\/vosgesinfo.fr\/gerardmerinfo\/2024\/07\/expo-entrelacs-lart-contemporain-se-conjugue-au-singulier-pluriel\/\"},\"wordCount\":430,\"commentCount\":0,\"publisher\":{\"@id\":\"https:\/\/vosgesinfo.fr\/gerardmerinfo\/#organization\"},\"image\":{\"@id\":\"https:\/\/vosgesinfo.fr\/gerardmerinfo\/2024\/07\/expo-entrelacs-lart-contemporain-se-conjugue-au-singulier-pluriel\/#primaryimage\"},\"thumbnailUrl\":\"https:\/\/vosgesinfo.fr\/app\/uploads\/sites\/6\/2024\/07\/expo-entrelacs-2024-scaled.jpeg\",\"keywords\":[\"espace tilleul\",\"Exposition ENTRELACS\"],\"articleSection\":[\"A la une\",\"Culture\",\"exposition\",\"G\u00e9rardmer\"],\"inLanguage\":\"fr-FR\",\"potentialAction\":[{\"@type\":\"CommentAction\",\"name\":\"Comment\",\"target\":[\"https:\/\/vosgesinfo.fr\/gerardmerinfo\/2024\/07\/expo-entrelacs-lart-contemporain-se-conjugue-au-singulier-pluriel\/#respond\"]}]},{\"@type\":\"WebPage\",\"@id\":\"https:\/\/vosgesinfo.fr\/gerardmerinfo\/2024\/07\/expo-entrelacs-lart-contemporain-se-conjugue-au-singulier-pluriel\/\",\"url\":\"https:\/\/vosgesinfo.fr\/gerardmerinfo\/2024\/07\/expo-entrelacs-lart-contemporain-se-conjugue-au-singulier-pluriel\/\",\"name\":\"Expo Entrelacs\u00a0: l\u2019art contemporain se conjugue au singulier pluriel - Gerardmer Info\",\"isPartOf\":{\"@id\":\"https:\/\/vosgesinfo.fr\/gerardmerinfo\/#website\"},\"primaryImageOfPage\":{\"@id\":\"https:\/\/vosgesinfo.fr\/gerardmerinfo\/2024\/07\/expo-entrelacs-lart-contemporain-se-conjugue-au-singulier-pluriel\/#primaryimage\"},\"image\":{\"@id\":\"https:\/\/vosgesinfo.fr\/gerardmerinfo\/2024\/07\/expo-entrelacs-lart-contemporain-se-conjugue-au-singulier-pluriel\/#primaryimage\"},\"thumbnailUrl\":\"https:\/\/vosgesinfo.fr\/app\/uploads\/sites\/6\/2024\/07\/expo-entrelacs-2024-scaled.jpeg\",\"datePublished\":\"2024-07-15T12:37:05+00:00\",\"dateModified\":\"2024-07-15T13:02:24+00:00\",\"breadcrumb\":{\"@id\":\"https:\/\/vosgesinfo.fr\/gerardmerinfo\/2024\/07\/expo-entrelacs-lart-contemporain-se-conjugue-au-singulier-pluriel\/#breadcrumb\"},\"inLanguage\":\"fr-FR\",\"potentialAction\":[{\"@type\":\"ReadAction\",\"target\":[\"https:\/\/vosgesinfo.fr\/gerardmerinfo\/2024\/07\/expo-entrelacs-lart-contemporain-se-conjugue-au-singulier-pluriel\/\"]}]},{\"@type\":\"ImageObject\",\"inLanguage\":\"fr-FR\",\"@id\":\"https:\/\/vosgesinfo.fr\/gerardmerinfo\/2024\/07\/expo-entrelacs-lart-contemporain-se-conjugue-au-singulier-pluriel\/#primaryimage\",\"url\":\"https:\/\/vosgesinfo.fr\/app\/uploads\/sites\/6\/2024\/07\/expo-entrelacs-2024-scaled.jpeg\",\"contentUrl\":\"https:\/\/vosgesinfo.fr\/app\/uploads\/sites\/6\/2024\/07\/expo-entrelacs-2024-scaled.jpeg\",\"width\":2560,\"height\":1920},{\"@type\":\"BreadcrumbList\",\"@id\":\"https:\/\/vosgesinfo.fr\/gerardmerinfo\/2024\/07\/expo-entrelacs-lart-contemporain-se-conjugue-au-singulier-pluriel\/#breadcrumb\",\"itemListElement\":[{\"@type\":\"ListItem\",\"position\":1,\"name\":\"Home\",\"item\":\"https:\/\/vosgesinfo.fr\/gerardmerinfo\/\"},{\"@type\":\"ListItem\",\"position\":2,\"name\":\"Expo Entrelacs\u00a0: l\u2019art contemporain se conjugue au singulier pluriel\"}]},{\"@type\":\"WebSite\",\"@id\":\"https:\/\/vosgesinfo.fr\/gerardmerinfo\/#website\",\"url\":\"https:\/\/vosgesinfo.fr\/gerardmerinfo\/\",\"name\":\"Gerardmer Info\",\"description\":\"Toute l&#039;actualit\u00e9 de G\u00e9rardmer\",\"publisher\":{\"@id\":\"https:\/\/vosgesinfo.fr\/gerardmerinfo\/#organization\"},\"alternateName\":\"Toute l'actualit\u00e9 de G\u00e9rardmer\",\"potentialAction\":[{\"@type\":\"SearchAction\",\"target\":{\"@type\":\"EntryPoint\",\"urlTemplate\":\"https:\/\/vosgesinfo.fr\/gerardmerinfo\/?s={search_term_string}\"},\"query-input\":\"required name=search_term_string\"}],\"inLanguage\":\"fr-FR\"},{\"@type\":\"Organization\",\"@id\":\"https:\/\/vosgesinfo.fr\/gerardmerinfo\/#organization\",\"name\":\"Gerardmer Info\",\"url\":\"https:\/\/vosgesinfo.fr\/gerardmerinfo\/\",\"logo\":{\"@type\":\"ImageObject\",\"inLanguage\":\"fr-FR\",\"@id\":\"https:\/\/vosgesinfo.fr\/gerardmerinfo\/#\/schema\/logo\/image\/\",\"url\":\"https:\/\/vosgesinfo.fr\/app\/uploads\/sites\/6\/2023\/08\/favicon-gerardmerinfo.png\",\"contentUrl\":\"https:\/\/vosgesinfo.fr\/app\/uploads\/sites\/6\/2023\/08\/favicon-gerardmerinfo.png\",\"width\":512,\"height\":512,\"caption\":\"Gerardmer Info\"},\"image\":{\"@id\":\"https:\/\/vosgesinfo.fr\/gerardmerinfo\/#\/schema\/logo\/image\/\"},\"sameAs\":[\"https:\/\/www.facebook.com\/profile.php?id=100049475262660\",\"https:\/\/x.com\/VosgesInfo88\",\"https:\/\/www.youtube.com\/@vosgesinfo\"]},{\"@type\":\"Person\",\"@id\":\"https:\/\/vosgesinfo.fr\/gerardmerinfo\/#\/schema\/person\/bb210d3430e59ff5cd247deaccb63615\",\"name\":\"I.N\",\"image\":{\"@type\":\"ImageObject\",\"inLanguage\":\"fr-FR\",\"@id\":\"https:\/\/vosgesinfo.fr\/gerardmerinfo\/#\/schema\/person\/image\/\",\"url\":\"https:\/\/secure.gravatar.com\/avatar\/612d5c20a39b1c8bc5675cc8e3d99e120730e7d080423fdafec485619845af71?s=96&d=mm&r=g\",\"contentUrl\":\"https:\/\/secure.gravatar.com\/avatar\/612d5c20a39b1c8bc5675cc8e3d99e120730e7d080423fdafec485619845af71?s=96&d=mm&r=g\",\"caption\":\"I.N\"},\"url\":\"https:\/\/vosgesinfo.fr\/gerardmerinfo\/author\/i-ngerardmer\/\"}]}<\/script>\n<!-- \/ Yoast SEO plugin. -->","yoast_head_json":{"title":"Expo Entrelacs\u00a0: l\u2019art contemporain se conjugue au singulier pluriel - Gerardmer Info","robots":{"index":"index","follow":"follow","max-snippet":"max-snippet:-1","max-image-preview":"max-image-preview:large","max-video-preview":"max-video-preview:-1"},"canonical":"https:\/\/vosgesinfo.fr\/gerardmerinfo\/2024\/07\/expo-entrelacs-lart-contemporain-se-conjugue-au-singulier-pluriel\/","twitter_card":"summary_large_image","twitter_title":"Expo Entrelacs\u00a0: l\u2019art contemporain se conjugue au singulier pluriel - Gerardmer Info","twitter_description":"C\u2019est vendredi 12 juillet \u00e0 l\u2019Espace Tilleul qu\u2019Entrelacs a inaugur\u00e9 sa nouvelle exposition \u00ab\u00a0singulier pluriel\u00a0\u00bb en pr\u00e9sence des artistes, de [&hellip;]","twitter_image":"https:\/\/vosgesinfo.fr\/app\/uploads\/sites\/6\/2024\/07\/expo-entrelacs-2024-scaled.jpeg","twitter_creator":"@VosgesInfo88","twitter_site":"@VosgesInfo88","twitter_misc":{"\u00c9crit par":"I.N","Dur\u00e9e de lecture estim\u00e9e":"3 minutes"},"schema":{"@context":"https:\/\/schema.org","@graph":[{"@type":"Article","@id":"https:\/\/vosgesinfo.fr\/gerardmerinfo\/2024\/07\/expo-entrelacs-lart-contemporain-se-conjugue-au-singulier-pluriel\/#article","isPartOf":{"@id":"https:\/\/vosgesinfo.fr\/gerardmerinfo\/2024\/07\/expo-entrelacs-lart-contemporain-se-conjugue-au-singulier-pluriel\/"},"author":{"name":"I.N","@id":"https:\/\/vosgesinfo.fr\/gerardmerinfo\/#\/schema\/person\/bb210d3430e59ff5cd247deaccb63615"},"headline":"Expo Entrelacs\u00a0: l\u2019art contemporain se conjugue au singulier pluriel","datePublished":"2024-07-15T12:37:05+00:00","dateModified":"2024-07-15T13:02:24+00:00","mainEntityOfPage":{"@id":"https:\/\/vosgesinfo.fr\/gerardmerinfo\/2024\/07\/expo-entrelacs-lart-contemporain-se-conjugue-au-singulier-pluriel\/"},"wordCount":430,"commentCount":0,"publisher":{"@id":"https:\/\/vosgesinfo.fr\/gerardmerinfo\/#organization"},"image":{"@id":"https:\/\/vosgesinfo.fr\/gerardmerinfo\/2024\/07\/expo-entrelacs-lart-contemporain-se-conjugue-au-singulier-pluriel\/#primaryimage"},"thumbnailUrl":"https:\/\/vosgesinfo.fr\/app\/uploads\/sites\/6\/2024\/07\/expo-entrelacs-2024-scaled.jpeg","keywords":["espace tilleul","Exposition ENTRELACS"],"articleSection":["A la une","Culture","exposition","G\u00e9rardmer"],"inLanguage":"fr-FR","potentialAction":[{"@type":"CommentAction","name":"Comment","target":["https:\/\/vosgesinfo.fr\/gerardmerinfo\/2024\/07\/expo-entrelacs-lart-contemporain-se-conjugue-au-singulier-pluriel\/#respond"]}]},{"@type":"WebPage","@id":"https:\/\/vosgesinfo.fr\/gerardmerinfo\/2024\/07\/expo-entrelacs-lart-contemporain-se-conjugue-au-singulier-pluriel\/","url":"https:\/\/vosgesinfo.fr\/gerardmerinfo\/2024\/07\/expo-entrelacs-lart-contemporain-se-conjugue-au-singulier-pluriel\/","name":"Expo Entrelacs\u00a0: l\u2019art contemporain se conjugue au singulier pluriel - Gerardmer Info","isPartOf":{"@id":"https:\/\/vosgesinfo.fr\/gerardmerinfo\/#website"},"primaryImageOfPage":{"@id":"https:\/\/vosgesinfo.fr\/gerardmerinfo\/2024\/07\/expo-entrelacs-lart-contemporain-se-conjugue-au-singulier-pluriel\/#primaryimage"},"image":{"@id":"https:\/\/vosgesinfo.fr\/gerardmerinfo\/2024\/07\/expo-entrelacs-lart-contemporain-se-conjugue-au-singulier-pluriel\/#primaryimage"},"thumbnailUrl":"https:\/\/vosgesinfo.fr\/app\/uploads\/sites\/6\/2024\/07\/expo-entrelacs-2024-scaled.jpeg","datePublished":"2024-07-15T12:37:05+00:00","dateModified":"2024-07-15T13:02:24+00:00","breadcrumb":{"@id":"https:\/\/vosgesinfo.fr\/gerardmerinfo\/2024\/07\/expo-entrelacs-lart-contemporain-se-conjugue-au-singulier-pluriel\/#breadcrumb"},"inLanguage":"fr-FR","potentialAction":[{"@type":"ReadAction","target":["https:\/\/vosgesinfo.fr\/gerardmerinfo\/2024\/07\/expo-entrelacs-lart-contemporain-se-conjugue-au-singulier-pluriel\/"]}]},{"@type":"ImageObject","inLanguage":"fr-FR","@id":"https:\/\/vosgesinfo.fr\/gerardmerinfo\/2024\/07\/expo-entrelacs-lart-contemporain-se-conjugue-au-singulier-pluriel\/#primaryimage","url":"https:\/\/vosgesinfo.fr\/app\/uploads\/sites\/6\/2024\/07\/expo-entrelacs-2024-scaled.jpeg","contentUrl":"https:\/\/vosgesinfo.fr\/app\/uploads\/sites\/6\/2024\/07\/expo-entrelacs-2024-scaled.jpeg","width":2560,"height":1920},{"@type":"BreadcrumbList","@id":"https:\/\/vosgesinfo.fr\/gerardmerinfo\/2024\/07\/expo-entrelacs-lart-contemporain-se-conjugue-au-singulier-pluriel\/#breadcrumb","itemListElement":[{"@type":"ListItem","position":1,"name":"Home","item":"https:\/\/vosgesinfo.fr\/gerardmerinfo\/"},{"@type":"ListItem","position":2,"name":"Expo Entrelacs\u00a0: l\u2019art contemporain se conjugue au singulier pluriel"}]},{"@type":"WebSite","@id":"https:\/\/vosgesinfo.fr\/gerardmerinfo\/#website","url":"https:\/\/vosgesinfo.fr\/gerardmerinfo\/","name":"Gerardmer Info","description":"Toute l&#039;actualit\u00e9 de G\u00e9rardmer","publisher":{"@id":"https:\/\/vosgesinfo.fr\/gerardmerinfo\/#organization"},"alternateName":"Toute l'actualit\u00e9 de G\u00e9rardmer","potentialAction":[{"@type":"SearchAction","target":{"@type":"EntryPoint","urlTemplate":"https:\/\/vosgesinfo.fr\/gerardmerinfo\/?s={search_term_string}"},"query-input":"required name=search_term_string"}],"inLanguage":"fr-FR"},{"@type":"Organization","@id":"https:\/\/vosgesinfo.fr\/gerardmerinfo\/#organization","name":"Gerardmer Info","url":"https:\/\/vosgesinfo.fr\/gerardmerinfo\/","logo":{"@type":"ImageObject","inLanguage":"fr-FR","@id":"https:\/\/vosgesinfo.fr\/gerardmerinfo\/#\/schema\/logo\/image\/","url":"https:\/\/vosgesinfo.fr\/app\/uploads\/sites\/6\/2023\/08\/favicon-gerardmerinfo.png","contentUrl":"https:\/\/vosgesinfo.fr\/app\/uploads\/sites\/6\/2023\/08\/favicon-gerardmerinfo.png","width":512,"height":512,"caption":"Gerardmer Info"},"image":{"@id":"https:\/\/vosgesinfo.fr\/gerardmerinfo\/#\/schema\/logo\/image\/"},"sameAs":["https:\/\/www.facebook.com\/profile.php?id=100049475262660","https:\/\/x.com\/VosgesInfo88","https:\/\/www.youtube.com\/@vosgesinfo"]},{"@type":"Person","@id":"https:\/\/vosgesinfo.fr\/gerardmerinfo\/#\/schema\/person\/bb210d3430e59ff5cd247deaccb63615","name":"I.N","image":{"@type":"ImageObject","inLanguage":"fr-FR","@id":"https:\/\/vosgesinfo.fr\/gerardmerinfo\/#\/schema\/person\/image\/","url":"https:\/\/secure.gravatar.com\/avatar\/612d5c20a39b1c8bc5675cc8e3d99e120730e7d080423fdafec485619845af71?s=96&d=mm&r=g","contentUrl":"https:\/\/secure.gravatar.com\/avatar\/612d5c20a39b1c8bc5675cc8e3d99e120730e7d080423fdafec485619845af71?s=96&d=mm&r=g","caption":"I.N"},"url":"https:\/\/vosgesinfo.fr\/gerardmerinfo\/author\/i-ngerardmer\/"}]}},"_links":{"self":[{"href":"https:\/\/vosgesinfo.fr\/gerardmerinfo\/wp-json\/wp\/v2\/posts\/11440","targetHints":{"allow":["GET"]}}],"collection":[{"href":"https:\/\/vosgesinfo.fr\/gerardmerinfo\/wp-json\/wp\/v2\/posts"}],"about":[{"href":"https:\/\/vosgesinfo.fr\/gerardmerinfo\/wp-json\/wp\/v2\/types\/post"}],"author":[{"embeddable":true,"href":"https:\/\/vosgesinfo.fr\/gerardmerinfo\/wp-json\/wp\/v2\/users\/258"}],"replies":[{"embeddable":true,"href":"https:\/\/vosgesinfo.fr\/gerardmerinfo\/wp-json\/wp\/v2\/comments?post=11440"}],"version-history":[{"count":3,"href":"https:\/\/vosgesinfo.fr\/gerardmerinfo\/wp-json\/wp\/v2\/posts\/11440\/revisions"}],"predecessor-version":[{"id":11451,"href":"https:\/\/vosgesinfo.fr\/gerardmerinfo\/wp-json\/wp\/v2\/posts\/11440\/revisions\/11451"}],"wp:featuredmedia":[{"embeddable":true,"href":"https:\/\/vosgesinfo.fr\/gerardmerinfo\/wp-json\/wp\/v2\/media\/11448"}],"wp:attachment":[{"href":"https:\/\/vosgesinfo.fr\/gerardmerinfo\/wp-json\/wp\/v2\/media?parent=11440"}],"wp:term":[{"taxonomy":"category","embeddable":true,"href":"https:\/\/vosgesinfo.fr\/gerardmerinfo\/wp-json\/wp\/v2\/categories?post=11440"},{"taxonomy":"post_tag","embeddable":true,"href":"https:\/\/vosgesinfo.fr\/gerardmerinfo\/wp-json\/wp\/v2\/tags?post=11440"}],"curies":[{"name":"wp","href":"https:\/\/api.w.org\/{rel}","templated":true}]}}