{"id":11600,"date":"2024-07-20T15:25:17","date_gmt":"2024-07-20T13:25:17","guid":{"rendered":"https:\/\/vosgesinfo.fr\/gerardmerinfo\/?p=11600"},"modified":"2024-07-20T14:32:30","modified_gmt":"2024-07-20T12:32:30","slug":"le-massif-des-vosges-sous-haute-protection-pendant-la-periode-estivale","status":"publish","type":"post","link":"https:\/\/vosgesinfo.fr\/gerardmerinfo\/2024\/07\/le-massif-des-vosges-sous-haute-protection-pendant-la-periode-estivale\/","title":{"rendered":"Le massif des Vosges sous haute protection pendant la p\u00e9riode estivale"},"content":{"rendered":"<p><iframe loading=\"lazy\" src=\"\/\/www.youtube.com\/embed\/vnGxt4lPPn0\" width=\"560\" height=\"314\" allowfullscreen=\"allowfullscreen\"><\/iframe><\/p>\n<p>&nbsp;<\/p>\n<p>Tout au long de l\u2019\u00e9t\u00e9, \u00e0 la demande de Josiane Chevalier, pr\u00e9f\u00e8te de la r\u00e9gion Grand Est, de Val\u00e9rie Michel-Moreaux, Pr\u00e9f\u00e8te des Vosges, de Thierry Queff\u00e9lec, Pr\u00e9fet du Haut-Rhin, de Fr\u00e9d\u00e9ric Nahon, Procureur de la R\u00e9publique d\u2019Epinal, et de Jean Richert, Procureur de la R\u00e9publique de Colmar, les services de police environnementale m\u00e8nent des op\u00e9rations de contr\u00f4les coordonn\u00e9s visant la pr\u00e9servation des espaces prot\u00e9g\u00e9s, la circulation des v\u00e9hicules terrestres \u00e0 moteurs dans les espaces naturels, la lutte contre le risque incendie en for\u00eat et la pr\u00e9servation de la ressource en eau.<\/p>\n<div id=\"attachment_13934\" style=\"width: 310px\" class=\"wp-caption alignright\"><a href=\"https:\/\/vosgesinfo.fr\/app\/uploads\/sites\/6\/2024\/07\/schlucht-prevention-controle-protection-ete-2024-pompiers-gendarmes-onf-cen-ofb-4-scaled.jpg\"><img decoding=\"async\" aria-describedby=\"caption-attachment-13934\" class=\"wp-image-13934 size-medium\" src=\"https:\/\/vosgesinfo.fr\/app\/uploads\/sites\/6\/2024\/07\/schlucht-prevention-controle-protection-ete-2024-pompiers-gendarmes-onf-cen-ofb-4-300x169.jpg\" alt=\"Visite men\u00e9e par Carole Dabrigeon, sous-pr\u00e9f\u00e8te de St Di\u00e9-des-Vosges (\u00e0 droite au 1er plan). \" width=\"300\" height=\"169\" srcset=\"https:\/\/vosgesinfo.fr\/app\/uploads\/sites\/6\/2024\/07\/schlucht-prevention-controle-protection-ete-2024-pompiers-gendarmes-onf-cen-ofb-4-300x169.jpg 300w, https:\/\/vosgesinfo.fr\/app\/uploads\/sites\/6\/2024\/07\/schlucht-prevention-controle-protection-ete-2024-pompiers-gendarmes-onf-cen-ofb-4-1024x576.jpg 1024w, https:\/\/vosgesinfo.fr\/app\/uploads\/sites\/6\/2024\/07\/schlucht-prevention-controle-protection-ete-2024-pompiers-gendarmes-onf-cen-ofb-4-768x432.jpg 768w, https:\/\/vosgesinfo.fr\/app\/uploads\/sites\/6\/2024\/07\/schlucht-prevention-controle-protection-ete-2024-pompiers-gendarmes-onf-cen-ofb-4-1536x864.jpg 1536w, https:\/\/vosgesinfo.fr\/app\/uploads\/sites\/6\/2024\/07\/schlucht-prevention-controle-protection-ete-2024-pompiers-gendarmes-onf-cen-ofb-4-2048x1152.jpg 2048w\" sizes=\"(max-width: 300px) 100vw, 300px\" \/><\/a><p id=\"caption-attachment-13934\" class=\"wp-caption-text\">Visite men\u00e9e par Carole Dabrigeon, sous-pr\u00e9f\u00e8te de St Di\u00e9-des-Vosges (\u00e0 droite au 1er plan).<\/p><\/div>\n<p>Comme chaque ann\u00e9e d\u00e9sormais, l&rsquo;ensemble des forces vives \u00e9taient r\u00e9unies au col de la Schlucht pour la pr\u00e9sentation de ces nombreuses op\u00e9rations. Cette fois, le public avait lui aussi la possibilit\u00e9 d&rsquo;aller \u00e0 la rencontre des sapeurs-pompiers (SDIS88 et SDIS68), du PGHM, de la brigade \u00e9questre mixte, de l&rsquo;OFB, de la gendarmerie, du CEN Lorraine, de l&rsquo;ONF ou encore du Parc Naturel R\u00e9gional des Ballons des Vosges etc.<\/p>\n<p><a href=\"https:\/\/vosgesinfo.fr\/app\/uploads\/sites\/6\/2024\/07\/schlucht-prevention-controle-protection-ete-2024-pompiers-gendarmes-onf-cen-ofb-7.jpg\"><img decoding=\"async\" class=\"size-medium wp-image-13937 alignleft\" src=\"https:\/\/vosgesinfo.fr\/app\/uploads\/sites\/6\/2024\/07\/schlucht-prevention-controle-protection-ete-2024-pompiers-gendarmes-onf-cen-ofb-7-300x169.jpg\" alt=\"\" width=\"300\" height=\"169\" srcset=\"https:\/\/vosgesinfo.fr\/app\/uploads\/sites\/6\/2024\/07\/schlucht-prevention-controle-protection-ete-2024-pompiers-gendarmes-onf-cen-ofb-7-300x169.jpg 300w, https:\/\/vosgesinfo.fr\/app\/uploads\/sites\/6\/2024\/07\/schlucht-prevention-controle-protection-ete-2024-pompiers-gendarmes-onf-cen-ofb-7-1024x576.jpg 1024w, https:\/\/vosgesinfo.fr\/app\/uploads\/sites\/6\/2024\/07\/schlucht-prevention-controle-protection-ete-2024-pompiers-gendarmes-onf-cen-ofb-7-768x432.jpg 768w, https:\/\/vosgesinfo.fr\/app\/uploads\/sites\/6\/2024\/07\/schlucht-prevention-controle-protection-ete-2024-pompiers-gendarmes-onf-cen-ofb-7-1536x864.jpg 1536w, https:\/\/vosgesinfo.fr\/app\/uploads\/sites\/6\/2024\/07\/schlucht-prevention-controle-protection-ete-2024-pompiers-gendarmes-onf-cen-ofb-7.jpg 2016w\" sizes=\"(max-width: 300px) 100vw, 300px\" \/><\/a>Les officiels ont donc fait la tourn\u00e9e des stands install\u00e9s au col de la Schlucht, rappelant les objectifs et les missions de chacun et profitant de la pr\u00e9sentation de la brigade mixte \u00e9questre mise en place chaque ann\u00e9e, et des actions de coordinations mises en \u0153uvre dans le cadre d&rsquo;une convention de partenariat avec l\u2019ONF. Pr\u00e9sentation \u00e9galement de la patrouille VTT pour un acc\u00e8s \u00e0 la montagne en toute s\u00e9curit\u00e9 et mise en situation avec l&rsquo;utilisation des sonom\u00e8tres pour les contr\u00f4les des nuisances sonores, notamment des deux roues, par l\u2019Escadron d\u00e9partemental de s\u00e9curit\u00e9 routi\u00e8re.<br \/>\n<a href=\"https:\/\/vosgesinfo.fr\/app\/uploads\/sites\/6\/2024\/07\/schlucht-prevention-controle-protection-ete-2024-pompiers-gendarmes-onf-cen-ofb-5-scaled.jpg\"><img decoding=\"async\" class=\"alignright size-medium wp-image-13935\" src=\"https:\/\/vosgesinfo.fr\/app\/uploads\/sites\/6\/2024\/07\/schlucht-prevention-controle-protection-ete-2024-pompiers-gendarmes-onf-cen-ofb-5-300x169.jpg\" alt=\"\" width=\"300\" height=\"169\" srcset=\"https:\/\/vosgesinfo.fr\/app\/uploads\/sites\/6\/2024\/07\/schlucht-prevention-controle-protection-ete-2024-pompiers-gendarmes-onf-cen-ofb-5-300x169.jpg 300w, https:\/\/vosgesinfo.fr\/app\/uploads\/sites\/6\/2024\/07\/schlucht-prevention-controle-protection-ete-2024-pompiers-gendarmes-onf-cen-ofb-5-1024x576.jpg 1024w, https:\/\/vosgesinfo.fr\/app\/uploads\/sites\/6\/2024\/07\/schlucht-prevention-controle-protection-ete-2024-pompiers-gendarmes-onf-cen-ofb-5-768x432.jpg 768w, https:\/\/vosgesinfo.fr\/app\/uploads\/sites\/6\/2024\/07\/schlucht-prevention-controle-protection-ete-2024-pompiers-gendarmes-onf-cen-ofb-5-1536x864.jpg 1536w, https:\/\/vosgesinfo.fr\/app\/uploads\/sites\/6\/2024\/07\/schlucht-prevention-controle-protection-ete-2024-pompiers-gendarmes-onf-cen-ofb-5-2048x1152.jpg 2048w\" sizes=\"(max-width: 300px) 100vw, 300px\" \/><\/a>Les SDIS88 et SDIS68 ont pour leur part \u00e9voqu\u00e9 la pr\u00e9vention des feux de for\u00eat, usage des drones et secours en montagne-secours routier. L&rsquo;office fran\u00e7ais de biodiversit\u00e9s, l&rsquo;Office nationale des for\u00eats et les Directions d\u00e9partementales des territoires (88 et 68) ont pr\u00e9sent\u00e9 les mesures de pr\u00e9vention et r\u00e9pression, notamment en mati\u00e8re de cueillette myrtilles, circulation des v\u00e9hicules terrestres \u00e0 moteur etc. sans oublier les actions p\u00e9dagogiques \u00e0 l\u2019attention des \u00e9lus, des acteurs du territoire et du grand public.<br \/>\n<a href=\"https:\/\/vosgesinfo.fr\/app\/uploads\/sites\/6\/2024\/07\/schlucht-prevention-controle-protection-ete-2024-pompiers-gendarmes-onf-cen-ofb-8.jpg\"><img decoding=\"async\" class=\"alignright size-medium wp-image-13938\" src=\"https:\/\/vosgesinfo.fr\/app\/uploads\/sites\/6\/2024\/07\/schlucht-prevention-controle-protection-ete-2024-pompiers-gendarmes-onf-cen-ofb-8-300x169.jpg\" alt=\"\" width=\"300\" height=\"169\" srcset=\"https:\/\/vosgesinfo.fr\/app\/uploads\/sites\/6\/2024\/07\/schlucht-prevention-controle-protection-ete-2024-pompiers-gendarmes-onf-cen-ofb-8-300x169.jpg 300w, https:\/\/vosgesinfo.fr\/app\/uploads\/sites\/6\/2024\/07\/schlucht-prevention-controle-protection-ete-2024-pompiers-gendarmes-onf-cen-ofb-8-1024x576.jpg 1024w, https:\/\/vosgesinfo.fr\/app\/uploads\/sites\/6\/2024\/07\/schlucht-prevention-controle-protection-ete-2024-pompiers-gendarmes-onf-cen-ofb-8-768x432.jpg 768w, https:\/\/vosgesinfo.fr\/app\/uploads\/sites\/6\/2024\/07\/schlucht-prevention-controle-protection-ete-2024-pompiers-gendarmes-onf-cen-ofb-8-1536x864.jpg 1536w, https:\/\/vosgesinfo.fr\/app\/uploads\/sites\/6\/2024\/07\/schlucht-prevention-controle-protection-ete-2024-pompiers-gendarmes-onf-cen-ofb-8.jpg 2016w\" sizes=\"(max-width: 300px) 100vw, 300px\" \/><\/a>C\u00f4t\u00e9 sensibilisation, le Parc Naturel R\u00e9gional des Ballons des Vosges a mis en place une exposition temporaire au point d\u2019accueil du b\u00e2timent du Grand T\u00e9tras, ainsi que des missions scientifiques et de m\u00e9diations environnementales. Enfin, le Conservatoire d&rsquo;espaces naturels de Lorraine (CEN) a pu pr\u00e9senter aux officiels et aux promeneurs des missions de protection de l\u2019environnement, ainsi que de sensibilisation \u00e0 la faune et \u00e0 la flore.<\/p>\n\n\t\t<style type=\"text\/css\">\n\t\t\t#gallery-1 {\n\t\t\t\tmargin: auto;\n\t\t\t}\n\t\t\t#gallery-1 .gallery-item {\n\t\t\t\tfloat: left;\n\t\t\t\tmargin-top: 10px;\n\t\t\t\ttext-align: center;\n\t\t\t\twidth: 50%;\n\t\t\t}\n\t\t\t#gallery-1 img {\n\t\t\t\tborder: 2px solid #cfcfcf;\n\t\t\t}\n\t\t\t#gallery-1 .gallery-caption {\n\t\t\t\tmargin-left: 0;\n\t\t\t}\n\t\t\t\/* see gallery_shortcode() in wp-includes\/media.php *\/\n\t\t<\/style>\n\t\t<div id='gallery-1' class='gallery galleryid-11600 gallery-columns-2 gallery-size-medium'><dl class='gallery-item'>\n\t\t\t<dt class='gallery-icon landscape'>\n\t\t\t\t<a href='https:\/\/vosgesinfo.fr\/app\/uploads\/sites\/6\/2024\/07\/schlucht-prevention-controle-protection-ete-2024-pompiers-gendarmes-onf-cen-ofb-6-scaled.jpg'><img decoding=\"async\" width=\"300\" height=\"169\" src=\"https:\/\/vosgesinfo.fr\/app\/uploads\/sites\/6\/2024\/07\/schlucht-prevention-controle-protection-ete-2024-pompiers-gendarmes-onf-cen-ofb-6-300x169.jpg\" class=\"attachment-medium size-medium\" alt=\"\" srcset=\"https:\/\/vosgesinfo.fr\/app\/uploads\/sites\/6\/2024\/07\/schlucht-prevention-controle-protection-ete-2024-pompiers-gendarmes-onf-cen-ofb-6-300x169.jpg 300w, https:\/\/vosgesinfo.fr\/app\/uploads\/sites\/6\/2024\/07\/schlucht-prevention-controle-protection-ete-2024-pompiers-gendarmes-onf-cen-ofb-6-1024x576.jpg 1024w, https:\/\/vosgesinfo.fr\/app\/uploads\/sites\/6\/2024\/07\/schlucht-prevention-controle-protection-ete-2024-pompiers-gendarmes-onf-cen-ofb-6-768x432.jpg 768w, https:\/\/vosgesinfo.fr\/app\/uploads\/sites\/6\/2024\/07\/schlucht-prevention-controle-protection-ete-2024-pompiers-gendarmes-onf-cen-ofb-6-1536x864.jpg 1536w, https:\/\/vosgesinfo.fr\/app\/uploads\/sites\/6\/2024\/07\/schlucht-prevention-controle-protection-ete-2024-pompiers-gendarmes-onf-cen-ofb-6-2048x1152.jpg 2048w\" sizes=\"(max-width: 300px) 100vw, 300px\" \/><\/a>\n\t\t\t<\/dt><\/dl><dl class='gallery-item'>\n\t\t\t<dt class='gallery-icon landscape'>\n\t\t\t\t<a href='https:\/\/vosgesinfo.fr\/app\/uploads\/sites\/6\/2024\/07\/schlucht-prevention-controle-protection-ete-2024-pompiers-gendarmes-onf-cen-ofb-1.jpg'><img decoding=\"async\" width=\"300\" height=\"169\" src=\"https:\/\/vosgesinfo.fr\/app\/uploads\/sites\/6\/2024\/07\/schlucht-prevention-controle-protection-ete-2024-pompiers-gendarmes-onf-cen-ofb-1-300x169.jpg\" class=\"attachment-medium size-medium\" alt=\"\" srcset=\"https:\/\/vosgesinfo.fr\/app\/uploads\/sites\/6\/2024\/07\/schlucht-prevention-controle-protection-ete-2024-pompiers-gendarmes-onf-cen-ofb-1-300x169.jpg 300w, https:\/\/vosgesinfo.fr\/app\/uploads\/sites\/6\/2024\/07\/schlucht-prevention-controle-protection-ete-2024-pompiers-gendarmes-onf-cen-ofb-1-1024x576.jpg 1024w, https:\/\/vosgesinfo.fr\/app\/uploads\/sites\/6\/2024\/07\/schlucht-prevention-controle-protection-ete-2024-pompiers-gendarmes-onf-cen-ofb-1-768x432.jpg 768w, https:\/\/vosgesinfo.fr\/app\/uploads\/sites\/6\/2024\/07\/schlucht-prevention-controle-protection-ete-2024-pompiers-gendarmes-onf-cen-ofb-1-1536x864.jpg 1536w, https:\/\/vosgesinfo.fr\/app\/uploads\/sites\/6\/2024\/07\/schlucht-prevention-controle-protection-ete-2024-pompiers-gendarmes-onf-cen-ofb-1.jpg 2016w\" sizes=\"(max-width: 300px) 100vw, 300px\" \/><\/a>\n\t\t\t<\/dt><\/dl><br style=\"clear: both\" \/><dl class='gallery-item'>\n\t\t\t<dt class='gallery-icon landscape'>\n\t\t\t\t<a href='https:\/\/vosgesinfo.fr\/app\/uploads\/sites\/6\/2024\/07\/schlucht-prevention-controle-protection-ete-2024-pompiers-gendarmes-onf-cen-ofb-2.jpg'><img decoding=\"async\" width=\"300\" height=\"169\" src=\"https:\/\/vosgesinfo.fr\/app\/uploads\/sites\/6\/2024\/07\/schlucht-prevention-controle-protection-ete-2024-pompiers-gendarmes-onf-cen-ofb-2-300x169.jpg\" class=\"attachment-medium size-medium\" alt=\"\" srcset=\"https:\/\/vosgesinfo.fr\/app\/uploads\/sites\/6\/2024\/07\/schlucht-prevention-controle-protection-ete-2024-pompiers-gendarmes-onf-cen-ofb-2-300x169.jpg 300w, https:\/\/vosgesinfo.fr\/app\/uploads\/sites\/6\/2024\/07\/schlucht-prevention-controle-protection-ete-2024-pompiers-gendarmes-onf-cen-ofb-2-1024x576.jpg 1024w, https:\/\/vosgesinfo.fr\/app\/uploads\/sites\/6\/2024\/07\/schlucht-prevention-controle-protection-ete-2024-pompiers-gendarmes-onf-cen-ofb-2-768x432.jpg 768w, https:\/\/vosgesinfo.fr\/app\/uploads\/sites\/6\/2024\/07\/schlucht-prevention-controle-protection-ete-2024-pompiers-gendarmes-onf-cen-ofb-2-1536x864.jpg 1536w, https:\/\/vosgesinfo.fr\/app\/uploads\/sites\/6\/2024\/07\/schlucht-prevention-controle-protection-ete-2024-pompiers-gendarmes-onf-cen-ofb-2.jpg 2016w\" sizes=\"(max-width: 300px) 100vw, 300px\" \/><\/a>\n\t\t\t<\/dt><\/dl><dl class='gallery-item'>\n\t\t\t<dt class='gallery-icon landscape'>\n\t\t\t\t<a href='https:\/\/vosgesinfo.fr\/app\/uploads\/sites\/6\/2024\/07\/schlucht-prevention-controle-protection-ete-2024-pompiers-gendarmes-onf-cen-ofb-3.jpg'><img decoding=\"async\" width=\"300\" height=\"169\" src=\"https:\/\/vosgesinfo.fr\/app\/uploads\/sites\/6\/2024\/07\/schlucht-prevention-controle-protection-ete-2024-pompiers-gendarmes-onf-cen-ofb-3-300x169.jpg\" class=\"attachment-medium size-medium\" alt=\"\" srcset=\"https:\/\/vosgesinfo.fr\/app\/uploads\/sites\/6\/2024\/07\/schlucht-prevention-controle-protection-ete-2024-pompiers-gendarmes-onf-cen-ofb-3-300x169.jpg 300w, https:\/\/vosgesinfo.fr\/app\/uploads\/sites\/6\/2024\/07\/schlucht-prevention-controle-protection-ete-2024-pompiers-gendarmes-onf-cen-ofb-3-1024x576.jpg 1024w, https:\/\/vosgesinfo.fr\/app\/uploads\/sites\/6\/2024\/07\/schlucht-prevention-controle-protection-ete-2024-pompiers-gendarmes-onf-cen-ofb-3-768x432.jpg 768w, https:\/\/vosgesinfo.fr\/app\/uploads\/sites\/6\/2024\/07\/schlucht-prevention-controle-protection-ete-2024-pompiers-gendarmes-onf-cen-ofb-3-1536x864.jpg 1536w, https:\/\/vosgesinfo.fr\/app\/uploads\/sites\/6\/2024\/07\/schlucht-prevention-controle-protection-ete-2024-pompiers-gendarmes-onf-cen-ofb-3.jpg 2016w\" sizes=\"(max-width: 300px) 100vw, 300px\" \/><\/a>\n\t\t\t<\/dt><\/dl><br style=\"clear: both\" \/><dl class='gallery-item'>\n\t\t\t<dt class='gallery-icon landscape'>\n\t\t\t\t<a href='https:\/\/vosgesinfo.fr\/app\/uploads\/sites\/6\/2024\/07\/helitreuillage-pghm-1-scaled.jpg'><img decoding=\"async\" width=\"300\" height=\"169\" src=\"https:\/\/vosgesinfo.fr\/app\/uploads\/sites\/6\/2024\/07\/helitreuillage-pghm-1-300x169.jpg\" class=\"attachment-medium size-medium\" alt=\"\" srcset=\"https:\/\/vosgesinfo.fr\/app\/uploads\/sites\/6\/2024\/07\/helitreuillage-pghm-1-300x169.jpg 300w, https:\/\/vosgesinfo.fr\/app\/uploads\/sites\/6\/2024\/07\/helitreuillage-pghm-1-1024x576.jpg 1024w, https:\/\/vosgesinfo.fr\/app\/uploads\/sites\/6\/2024\/07\/helitreuillage-pghm-1-768x432.jpg 768w, https:\/\/vosgesinfo.fr\/app\/uploads\/sites\/6\/2024\/07\/helitreuillage-pghm-1-1536x864.jpg 1536w, https:\/\/vosgesinfo.fr\/app\/uploads\/sites\/6\/2024\/07\/helitreuillage-pghm-1-2048x1152.jpg 2048w\" sizes=\"(max-width: 300px) 100vw, 300px\" \/><\/a>\n\t\t\t<\/dt><\/dl>\n\t\t\t<br style='clear: both' \/>\n\t\t<\/div>\n\n","protected":false},"excerpt":{"rendered":"<p>&nbsp; Tout au long de l\u2019\u00e9t\u00e9, \u00e0 la demande de Josiane Chevalier, pr\u00e9f\u00e8te de la r\u00e9gion Grand Est, de Val\u00e9rie [&hellip;]<\/p>\n","protected":false},"author":42,"featured_media":13934,"comment_status":"open","ping_status":"open","sticky":false,"template":"","format":"standard","meta":{"footnotes":""},"categories":[20,7,15,18],"tags":[718,251,1455,727],"class_list":["post-11600","post","type-post","status-publish","format-standard","has-post-thumbnail","hentry","category-a-la-une","category-environnement","category-tourisme","category-vosges","tag-col-de-la-schlucht","tag-frederic-nahon","tag-josiane-chevalier","tag-valerie-michel-moreaux"],"acf":[],"yoast_head":"<!-- This site is optimized with the Yoast SEO plugin v22.5 - https:\/\/yoast.com\/wordpress\/plugins\/seo\/ -->\n<title>Le massif des Vosges sous haute protection pendant la p\u00e9riode estivale - Gerardmer Info<\/title>\n<meta name=\"robots\" content=\"index, follow, max-snippet:-1, max-image-preview:large, max-video-preview:-1\" \/>\n<link rel=\"canonical\" href=\"https:\/\/vosgesinfo.fr\/gerardmerinfo\/?p=11600\" \/>\n<meta name=\"twitter:card\" content=\"summary_large_image\" \/>\n<meta name=\"twitter:title\" content=\"Le massif des Vosges sous haute protection pendant la p\u00e9riode estivale - Gerardmer Info\" \/>\n<meta name=\"twitter:description\" content=\"&nbsp; Tout au long de l\u2019\u00e9t\u00e9, \u00e0 la demande de Josiane Chevalier, pr\u00e9f\u00e8te de la r\u00e9gion Grand Est, de Val\u00e9rie [&hellip;]\" \/>\n<meta name=\"twitter:image\" content=\"https:\/\/vosgesinfo.fr\/app\/uploads\/sites\/6\/2024\/07\/schlucht-prevention-controle-protection-ete-2024-pompiers-gendarmes-onf-cen-ofb-4-scaled.jpg\" \/>\n<meta name=\"twitter:creator\" content=\"@VosgesInfo88\" \/>\n<meta name=\"twitter:site\" content=\"@VosgesInfo88\" \/>\n<meta name=\"twitter:label1\" content=\"\u00c9crit par\" \/>\n\t<meta name=\"twitter:data1\" content=\"QG\" \/>\n\t<meta name=\"twitter:label2\" content=\"Dur\u00e9e de lecture estim\u00e9e\" \/>\n\t<meta name=\"twitter:data2\" content=\"4 minutes\" \/>\n<script type=\"application\/ld+json\" class=\"yoast-schema-graph\">{\"@context\":\"https:\/\/schema.org\",\"@graph\":[{\"@type\":\"Article\",\"@id\":\"https:\/\/vosgesinfo.fr\/gerardmerinfo\/?p=11600#article\",\"isPartOf\":{\"@id\":\"https:\/\/vosgesinfo.fr\/gerardmerinfo\/?p=11600\"},\"author\":{\"name\":\"QG\",\"@id\":\"https:\/\/vosgesinfo.fr\/gerardmerinfo\/#\/schema\/person\/db5605779a843dad16b5368f3e7613a5\"},\"headline\":\"Le massif des Vosges sous haute protection pendant la p\u00e9riode estivale\",\"datePublished\":\"2024-07-20T13:25:17+00:00\",\"dateModified\":\"2024-07-20T12:32:30+00:00\",\"mainEntityOfPage\":{\"@id\":\"https:\/\/vosgesinfo.fr\/gerardmerinfo\/?p=11600\"},\"wordCount\":506,\"commentCount\":7,\"publisher\":{\"@id\":\"https:\/\/vosgesinfo.fr\/gerardmerinfo\/#organization\"},\"image\":{\"@id\":\"https:\/\/vosgesinfo.fr\/gerardmerinfo\/?p=11600#primaryimage\"},\"thumbnailUrl\":\"https:\/\/vosgesinfo.fr\/app\/uploads\/sites\/6\/2024\/07\/schlucht-prevention-controle-protection-ete-2024-pompiers-gendarmes-onf-cen-ofb-4-scaled.jpg\",\"keywords\":[\"col de la Schlucht\",\"Frederic Nahon\",\"Josiane Chevalier\",\"Val\u00e9rie Michel-moreaux\"],\"articleSection\":[\"A la une\",\"Environnement\",\"Tourisme\",\"Vosges\"],\"inLanguage\":\"fr-FR\",\"potentialAction\":[{\"@type\":\"CommentAction\",\"name\":\"Comment\",\"target\":[\"https:\/\/vosgesinfo.fr\/gerardmerinfo\/?p=11600#respond\"]}]},{\"@type\":\"WebPage\",\"@id\":\"https:\/\/vosgesinfo.fr\/gerardmerinfo\/?p=11600\",\"url\":\"https:\/\/vosgesinfo.fr\/gerardmerinfo\/?p=11600\",\"name\":\"Le massif des Vosges sous haute protection pendant la p\u00e9riode estivale - Gerardmer Info\",\"isPartOf\":{\"@id\":\"https:\/\/vosgesinfo.fr\/gerardmerinfo\/#website\"},\"primaryImageOfPage\":{\"@id\":\"https:\/\/vosgesinfo.fr\/gerardmerinfo\/?p=11600#primaryimage\"},\"image\":{\"@id\":\"https:\/\/vosgesinfo.fr\/gerardmerinfo\/?p=11600#primaryimage\"},\"thumbnailUrl\":\"https:\/\/vosgesinfo.fr\/app\/uploads\/sites\/6\/2024\/07\/schlucht-prevention-controle-protection-ete-2024-pompiers-gendarmes-onf-cen-ofb-4-scaled.jpg\",\"datePublished\":\"2024-07-20T13:25:17+00:00\",\"dateModified\":\"2024-07-20T12:32:30+00:00\",\"breadcrumb\":{\"@id\":\"https:\/\/vosgesinfo.fr\/gerardmerinfo\/?p=11600#breadcrumb\"},\"inLanguage\":\"fr-FR\",\"potentialAction\":[{\"@type\":\"ReadAction\",\"target\":[\"https:\/\/vosgesinfo.fr\/gerardmerinfo\/?p=11600\"]}]},{\"@type\":\"ImageObject\",\"inLanguage\":\"fr-FR\",\"@id\":\"https:\/\/vosgesinfo.fr\/gerardmerinfo\/?p=11600#primaryimage\",\"url\":\"https:\/\/vosgesinfo.fr\/app\/uploads\/sites\/6\/2024\/07\/schlucht-prevention-controle-protection-ete-2024-pompiers-gendarmes-onf-cen-ofb-4-scaled.jpg\",\"contentUrl\":\"https:\/\/vosgesinfo.fr\/app\/uploads\/sites\/6\/2024\/07\/schlucht-prevention-controle-protection-ete-2024-pompiers-gendarmes-onf-cen-ofb-4-scaled.jpg\",\"width\":2560,\"height\":1440},{\"@type\":\"BreadcrumbList\",\"@id\":\"https:\/\/vosgesinfo.fr\/gerardmerinfo\/?p=11600#breadcrumb\",\"itemListElement\":[{\"@type\":\"ListItem\",\"position\":1,\"name\":\"Home\",\"item\":\"https:\/\/vosgesinfo.fr\/gerardmerinfo\/\"},{\"@type\":\"ListItem\",\"position\":2,\"name\":\"Le massif des Vosges sous haute protection pendant la p\u00e9riode estivale\"}]},{\"@type\":\"WebSite\",\"@id\":\"https:\/\/vosgesinfo.fr\/gerardmerinfo\/#website\",\"url\":\"https:\/\/vosgesinfo.fr\/gerardmerinfo\/\",\"name\":\"Gerardmer Info\",\"description\":\"Toute l&#039;actualit\u00e9 de G\u00e9rardmer\",\"publisher\":{\"@id\":\"https:\/\/vosgesinfo.fr\/gerardmerinfo\/#organization\"},\"alternateName\":\"Toute l'actualit\u00e9 de G\u00e9rardmer\",\"potentialAction\":[{\"@type\":\"SearchAction\",\"target\":{\"@type\":\"EntryPoint\",\"urlTemplate\":\"https:\/\/vosgesinfo.fr\/gerardmerinfo\/?s={search_term_string}\"},\"query-input\":\"required name=search_term_string\"}],\"inLanguage\":\"fr-FR\"},{\"@type\":\"Organization\",\"@id\":\"https:\/\/vosgesinfo.fr\/gerardmerinfo\/#organization\",\"name\":\"Gerardmer Info\",\"url\":\"https:\/\/vosgesinfo.fr\/gerardmerinfo\/\",\"logo\":{\"@type\":\"ImageObject\",\"inLanguage\":\"fr-FR\",\"@id\":\"https:\/\/vosgesinfo.fr\/gerardmerinfo\/#\/schema\/logo\/image\/\",\"url\":\"https:\/\/vosgesinfo.fr\/app\/uploads\/sites\/6\/2023\/08\/favicon-gerardmerinfo.png\",\"contentUrl\":\"https:\/\/vosgesinfo.fr\/app\/uploads\/sites\/6\/2023\/08\/favicon-gerardmerinfo.png\",\"width\":512,\"height\":512,\"caption\":\"Gerardmer Info\"},\"image\":{\"@id\":\"https:\/\/vosgesinfo.fr\/gerardmerinfo\/#\/schema\/logo\/image\/\"},\"sameAs\":[\"https:\/\/www.facebook.com\/profile.php?id=100049475262660\",\"https:\/\/x.com\/VosgesInfo88\",\"https:\/\/www.youtube.com\/@vosgesinfo\"]},{\"@type\":\"Person\",\"@id\":\"https:\/\/vosgesinfo.fr\/gerardmerinfo\/#\/schema\/person\/db5605779a843dad16b5368f3e7613a5\",\"name\":\"QG\",\"image\":{\"@type\":\"ImageObject\",\"inLanguage\":\"fr-FR\",\"@id\":\"https:\/\/vosgesinfo.fr\/gerardmerinfo\/#\/schema\/person\/image\/\",\"url\":\"https:\/\/secure.gravatar.com\/avatar\/ea80c42c204b534408512832fde52504ecabb9706bcb6151cf6175e5b64e6793?s=96&d=mm&r=g\",\"contentUrl\":\"https:\/\/secure.gravatar.com\/avatar\/ea80c42c204b534408512832fde52504ecabb9706bcb6151cf6175e5b64e6793?s=96&d=mm&r=g\",\"caption\":\"QG\"},\"url\":\"https:\/\/vosgesinfo.fr\/gerardmerinfo\/author\/quentin88\/\"}]}<\/script>\n<!-- \/ Yoast SEO plugin. -->","yoast_head_json":{"title":"Le massif des Vosges sous haute protection pendant la p\u00e9riode estivale - Gerardmer Info","robots":{"index":"index","follow":"follow","max-snippet":"max-snippet:-1","max-image-preview":"max-image-preview:large","max-video-preview":"max-video-preview:-1"},"canonical":"https:\/\/vosgesinfo.fr\/gerardmerinfo\/?p=11600","twitter_card":"summary_large_image","twitter_title":"Le massif des Vosges sous haute protection pendant la p\u00e9riode estivale - Gerardmer Info","twitter_description":"&nbsp; Tout au long de l\u2019\u00e9t\u00e9, \u00e0 la demande de Josiane Chevalier, pr\u00e9f\u00e8te de la r\u00e9gion Grand Est, de Val\u00e9rie [&hellip;]","twitter_image":"https:\/\/vosgesinfo.fr\/app\/uploads\/sites\/6\/2024\/07\/schlucht-prevention-controle-protection-ete-2024-pompiers-gendarmes-onf-cen-ofb-4-scaled.jpg","twitter_creator":"@VosgesInfo88","twitter_site":"@VosgesInfo88","twitter_misc":{"\u00c9crit par":"QG","Dur\u00e9e de lecture estim\u00e9e":"4 minutes"},"schema":{"@context":"https:\/\/schema.org","@graph":[{"@type":"Article","@id":"https:\/\/vosgesinfo.fr\/gerardmerinfo\/?p=11600#article","isPartOf":{"@id":"https:\/\/vosgesinfo.fr\/gerardmerinfo\/?p=11600"},"author":{"name":"QG","@id":"https:\/\/vosgesinfo.fr\/gerardmerinfo\/#\/schema\/person\/db5605779a843dad16b5368f3e7613a5"},"headline":"Le massif des Vosges sous haute protection pendant la p\u00e9riode estivale","datePublished":"2024-07-20T13:25:17+00:00","dateModified":"2024-07-20T12:32:30+00:00","mainEntityOfPage":{"@id":"https:\/\/vosgesinfo.fr\/gerardmerinfo\/?p=11600"},"wordCount":506,"commentCount":7,"publisher":{"@id":"https:\/\/vosgesinfo.fr\/gerardmerinfo\/#organization"},"image":{"@id":"https:\/\/vosgesinfo.fr\/gerardmerinfo\/?p=11600#primaryimage"},"thumbnailUrl":"https:\/\/vosgesinfo.fr\/app\/uploads\/sites\/6\/2024\/07\/schlucht-prevention-controle-protection-ete-2024-pompiers-gendarmes-onf-cen-ofb-4-scaled.jpg","keywords":["col de la Schlucht","Frederic Nahon","Josiane Chevalier","Val\u00e9rie Michel-moreaux"],"articleSection":["A la une","Environnement","Tourisme","Vosges"],"inLanguage":"fr-FR","potentialAction":[{"@type":"CommentAction","name":"Comment","target":["https:\/\/vosgesinfo.fr\/gerardmerinfo\/?p=11600#respond"]}]},{"@type":"WebPage","@id":"https:\/\/vosgesinfo.fr\/gerardmerinfo\/?p=11600","url":"https:\/\/vosgesinfo.fr\/gerardmerinfo\/?p=11600","name":"Le massif des Vosges sous haute protection pendant la p\u00e9riode estivale - Gerardmer Info","isPartOf":{"@id":"https:\/\/vosgesinfo.fr\/gerardmerinfo\/#website"},"primaryImageOfPage":{"@id":"https:\/\/vosgesinfo.fr\/gerardmerinfo\/?p=11600#primaryimage"},"image":{"@id":"https:\/\/vosgesinfo.fr\/gerardmerinfo\/?p=11600#primaryimage"},"thumbnailUrl":"https:\/\/vosgesinfo.fr\/app\/uploads\/sites\/6\/2024\/07\/schlucht-prevention-controle-protection-ete-2024-pompiers-gendarmes-onf-cen-ofb-4-scaled.jpg","datePublished":"2024-07-20T13:25:17+00:00","dateModified":"2024-07-20T12:32:30+00:00","breadcrumb":{"@id":"https:\/\/vosgesinfo.fr\/gerardmerinfo\/?p=11600#breadcrumb"},"inLanguage":"fr-FR","potentialAction":[{"@type":"ReadAction","target":["https:\/\/vosgesinfo.fr\/gerardmerinfo\/?p=11600"]}]},{"@type":"ImageObject","inLanguage":"fr-FR","@id":"https:\/\/vosgesinfo.fr\/gerardmerinfo\/?p=11600#primaryimage","url":"https:\/\/vosgesinfo.fr\/app\/uploads\/sites\/6\/2024\/07\/schlucht-prevention-controle-protection-ete-2024-pompiers-gendarmes-onf-cen-ofb-4-scaled.jpg","contentUrl":"https:\/\/vosgesinfo.fr\/app\/uploads\/sites\/6\/2024\/07\/schlucht-prevention-controle-protection-ete-2024-pompiers-gendarmes-onf-cen-ofb-4-scaled.jpg","width":2560,"height":1440},{"@type":"BreadcrumbList","@id":"https:\/\/vosgesinfo.fr\/gerardmerinfo\/?p=11600#breadcrumb","itemListElement":[{"@type":"ListItem","position":1,"name":"Home","item":"https:\/\/vosgesinfo.fr\/gerardmerinfo\/"},{"@type":"ListItem","position":2,"name":"Le massif des Vosges sous haute protection pendant la p\u00e9riode estivale"}]},{"@type":"WebSite","@id":"https:\/\/vosgesinfo.fr\/gerardmerinfo\/#website","url":"https:\/\/vosgesinfo.fr\/gerardmerinfo\/","name":"Gerardmer Info","description":"Toute l&#039;actualit\u00e9 de G\u00e9rardmer","publisher":{"@id":"https:\/\/vosgesinfo.fr\/gerardmerinfo\/#organization"},"alternateName":"Toute l'actualit\u00e9 de G\u00e9rardmer","potentialAction":[{"@type":"SearchAction","target":{"@type":"EntryPoint","urlTemplate":"https:\/\/vosgesinfo.fr\/gerardmerinfo\/?s={search_term_string}"},"query-input":"required name=search_term_string"}],"inLanguage":"fr-FR"},{"@type":"Organization","@id":"https:\/\/vosgesinfo.fr\/gerardmerinfo\/#organization","name":"Gerardmer Info","url":"https:\/\/vosgesinfo.fr\/gerardmerinfo\/","logo":{"@type":"ImageObject","inLanguage":"fr-FR","@id":"https:\/\/vosgesinfo.fr\/gerardmerinfo\/#\/schema\/logo\/image\/","url":"https:\/\/vosgesinfo.fr\/app\/uploads\/sites\/6\/2023\/08\/favicon-gerardmerinfo.png","contentUrl":"https:\/\/vosgesinfo.fr\/app\/uploads\/sites\/6\/2023\/08\/favicon-gerardmerinfo.png","width":512,"height":512,"caption":"Gerardmer Info"},"image":{"@id":"https:\/\/vosgesinfo.fr\/gerardmerinfo\/#\/schema\/logo\/image\/"},"sameAs":["https:\/\/www.facebook.com\/profile.php?id=100049475262660","https:\/\/x.com\/VosgesInfo88","https:\/\/www.youtube.com\/@vosgesinfo"]},{"@type":"Person","@id":"https:\/\/vosgesinfo.fr\/gerardmerinfo\/#\/schema\/person\/db5605779a843dad16b5368f3e7613a5","name":"QG","image":{"@type":"ImageObject","inLanguage":"fr-FR","@id":"https:\/\/vosgesinfo.fr\/gerardmerinfo\/#\/schema\/person\/image\/","url":"https:\/\/secure.gravatar.com\/avatar\/ea80c42c204b534408512832fde52504ecabb9706bcb6151cf6175e5b64e6793?s=96&d=mm&r=g","contentUrl":"https:\/\/secure.gravatar.com\/avatar\/ea80c42c204b534408512832fde52504ecabb9706bcb6151cf6175e5b64e6793?s=96&d=mm&r=g","caption":"QG"},"url":"https:\/\/vosgesinfo.fr\/gerardmerinfo\/author\/quentin88\/"}]}},"_links":{"self":[{"href":"https:\/\/vosgesinfo.fr\/gerardmerinfo\/wp-json\/wp\/v2\/posts\/11600","targetHints":{"allow":["GET"]}}],"collection":[{"href":"https:\/\/vosgesinfo.fr\/gerardmerinfo\/wp-json\/wp\/v2\/posts"}],"about":[{"href":"https:\/\/vosgesinfo.fr\/gerardmerinfo\/wp-json\/wp\/v2\/types\/post"}],"author":[{"embeddable":true,"href":"https:\/\/vosgesinfo.fr\/gerardmerinfo\/wp-json\/wp\/v2\/users\/42"}],"replies":[{"embeddable":true,"href":"https:\/\/vosgesinfo.fr\/gerardmerinfo\/wp-json\/wp\/v2\/comments?post=11600"}],"version-history":[{"count":6,"href":"https:\/\/vosgesinfo.fr\/gerardmerinfo\/wp-json\/wp\/v2\/posts\/11600\/revisions"}],"predecessor-version":[{"id":13942,"href":"https:\/\/vosgesinfo.fr\/gerardmerinfo\/wp-json\/wp\/v2\/posts\/11600\/revisions\/13942"}],"wp:featuredmedia":[{"embeddable":true,"href":"https:\/\/vosgesinfo.fr\/gerardmerinfo\/wp-json\/wp\/v2\/media\/13934"}],"wp:attachment":[{"href":"https:\/\/vosgesinfo.fr\/gerardmerinfo\/wp-json\/wp\/v2\/media?parent=11600"}],"wp:term":[{"taxonomy":"category","embeddable":true,"href":"https:\/\/vosgesinfo.fr\/gerardmerinfo\/wp-json\/wp\/v2\/categories?post=11600"},{"taxonomy":"post_tag","embeddable":true,"href":"https:\/\/vosgesinfo.fr\/gerardmerinfo\/wp-json\/wp\/v2\/tags?post=11600"}],"curies":[{"name":"wp","href":"https:\/\/api.w.org\/{rel}","templated":true}]}}